{"id":1141,"date":"2026-03-05T12:10:51","date_gmt":"2026-03-05T17:10:51","guid":{"rendered":"https:\/\/www.crea.gov.co\/crea-entre-nubes\/?p=1141"},"modified":"2026-03-05T12:13:52","modified_gmt":"2026-03-05T17:13:52","slug":"experiencias-artisticas-para-la-vida","status":"publish","type":"post","link":"https:\/\/www.crea.gov.co\/crea-entre-nubes\/experiencias-artisticas-para-la-vida\/","title":{"rendered":"EXPERIENCIAS ARTISTICAS PARA LA VIDA"},"content":{"rendered":"\n<figure class=\"wp-block-image size-large is-resized\"><img loading=\"lazy\" decoding=\"async\" width=\"681\" height=\"1024\" src=\"https:\/\/www.crea.gov.co\/crea-entre-nubes\/wp-content\/uploads\/sites\/25\/2026\/02\/Crea_afiche-tabloide_compartir-681x1024.jpg\" alt=\"\" class=\"wp-image-1140\" style=\"width:683px;height:auto\" srcset=\"https:\/\/www.crea.gov.co\/crea-entre-nubes\/wp-content\/uploads\/sites\/25\/2026\/02\/Crea_afiche-tabloide_compartir-681x1024.jpg 681w, https:\/\/www.crea.gov.co\/crea-entre-nubes\/wp-content\/uploads\/sites\/25\/2026\/02\/Crea_afiche-tabloide_compartir-200x300.jpg 200w, https:\/\/www.crea.gov.co\/crea-entre-nubes\/wp-content\/uploads\/sites\/25\/2026\/02\/Crea_afiche-tabloide_compartir-768x1155.jpg 768w, https:\/\/www.crea.gov.co\/crea-entre-nubes\/wp-content\/uploads\/sites\/25\/2026\/02\/Crea_afiche-tabloide_compartir-1022x1536.jpg 1022w, https:\/\/www.crea.gov.co\/crea-entre-nubes\/wp-content\/uploads\/sites\/25\/2026\/02\/Crea_afiche-tabloide_compartir-1362x2048.jpg 1362w, https:\/\/www.crea.gov.co\/crea-entre-nubes\/wp-content\/uploads\/sites\/25\/2026\/02\/Crea_afiche-tabloide_compartir-scaled.jpg 1703w\" sizes=\"auto, (max-width: 681px) 100vw, 681px\" \/><\/figure>\n\n\n\n<figure class=\"wp-block-gallery has-nested-images columns-default is-cropped wp-block-gallery-1 is-layout-flex wp-block-gallery-is-layout-flex\">\n<figure class=\"wp-block-image size-large\"><img loading=\"lazy\" decoding=\"async\" width=\"819\" height=\"1024\" data-id=\"1148\" src=\"https:\/\/www.crea.gov.co\/crea-entre-nubes\/wp-content\/uploads\/sites\/25\/2026\/03\/WhatsApp-Image-2026-02-26-at-6.19.35-PM-1-2-819x1024.jpeg\" alt=\"\" class=\"wp-image-1148\" srcset=\"https:\/\/www.crea.gov.co\/crea-entre-nubes\/wp-content\/uploads\/sites\/25\/2026\/03\/WhatsApp-Image-2026-02-26-at-6.19.35-PM-1-2-819x1024.jpeg 819w, https:\/\/www.crea.gov.co\/crea-entre-nubes\/wp-content\/uploads\/sites\/25\/2026\/03\/WhatsApp-Image-2026-02-26-at-6.19.35-PM-1-2-240x300.jpeg 240w, https:\/\/www.crea.gov.co\/crea-entre-nubes\/wp-content\/uploads\/sites\/25\/2026\/03\/WhatsApp-Image-2026-02-26-at-6.19.35-PM-1-2-768x960.jpeg 768w, https:\/\/www.crea.gov.co\/crea-entre-nubes\/wp-content\/uploads\/sites\/25\/2026\/03\/WhatsApp-Image-2026-02-26-at-6.19.35-PM-1-2.jpeg 1080w\" sizes=\"auto, (max-width: 819px) 100vw, 819px\" \/><\/figure>\n\n\n\n<figure class=\"wp-block-image size-large\"><img loading=\"lazy\" decoding=\"async\" width=\"724\" height=\"1024\" data-id=\"1149\" src=\"https:\/\/www.crea.gov.co\/crea-entre-nubes\/wp-content\/uploads\/sites\/25\/2026\/03\/WhatsApp-Image-2026-02-26-at-6.19.41-PM-1-1-724x1024.jpeg\" alt=\"\" class=\"wp-image-1149\" srcset=\"https:\/\/www.crea.gov.co\/crea-entre-nubes\/wp-content\/uploads\/sites\/25\/2026\/03\/WhatsApp-Image-2026-02-26-at-6.19.41-PM-1-1-724x1024.jpeg 724w, https:\/\/www.crea.gov.co\/crea-entre-nubes\/wp-content\/uploads\/sites\/25\/2026\/03\/WhatsApp-Image-2026-02-26-at-6.19.41-PM-1-1-212x300.jpeg 212w, https:\/\/www.crea.gov.co\/crea-entre-nubes\/wp-content\/uploads\/sites\/25\/2026\/03\/WhatsApp-Image-2026-02-26-at-6.19.41-PM-1-1-768x1086.jpeg 768w, https:\/\/www.crea.gov.co\/crea-entre-nubes\/wp-content\/uploads\/sites\/25\/2026\/03\/WhatsApp-Image-2026-02-26-at-6.19.41-PM-1-1-1086x1536.jpeg 1086w, https:\/\/www.crea.gov.co\/crea-entre-nubes\/wp-content\/uploads\/sites\/25\/2026\/03\/WhatsApp-Image-2026-02-26-at-6.19.41-PM-1-1.jpeg 1131w\" sizes=\"auto, (max-width: 724px) 100vw, 724px\" \/><\/figure>\n\n\n\n<figure class=\"wp-block-image size-large\"><img loading=\"lazy\" decoding=\"async\" width=\"724\" height=\"1024\" data-id=\"1150\" src=\"https:\/\/www.crea.gov.co\/crea-entre-nubes\/wp-content\/uploads\/sites\/25\/2026\/03\/WhatsApp-Image-2026-02-26-at-6.19.45-PM-1-1-724x1024.jpeg\" alt=\"\" class=\"wp-image-1150\" srcset=\"https:\/\/www.crea.gov.co\/crea-entre-nubes\/wp-content\/uploads\/sites\/25\/2026\/03\/WhatsApp-Image-2026-02-26-at-6.19.45-PM-1-1-724x1024.jpeg 724w, https:\/\/www.crea.gov.co\/crea-entre-nubes\/wp-content\/uploads\/sites\/25\/2026\/03\/WhatsApp-Image-2026-02-26-at-6.19.45-PM-1-1-212x300.jpeg 212w, https:\/\/www.crea.gov.co\/crea-entre-nubes\/wp-content\/uploads\/sites\/25\/2026\/03\/WhatsApp-Image-2026-02-26-at-6.19.45-PM-1-1-768x1086.jpeg 768w, https:\/\/www.crea.gov.co\/crea-entre-nubes\/wp-content\/uploads\/sites\/25\/2026\/03\/WhatsApp-Image-2026-02-26-at-6.19.45-PM-1-1-1086x1536.jpeg 1086w, https:\/\/www.crea.gov.co\/crea-entre-nubes\/wp-content\/uploads\/sites\/25\/2026\/03\/WhatsApp-Image-2026-02-26-at-6.19.45-PM-1-1.jpeg 1131w\" sizes=\"auto, (max-width: 724px) 100vw, 724px\" \/><\/figure>\n<\/figure>\n\n\n\n<p><em>Dirigido a personas desde los 6 a\u00f1os, con oferta en m\u00fasica, danza, teatro, literatura, artes pl\u00e1sticas, audiovisuales y electr\u00f3nicas.<\/em><\/p>\n\n\n\n<p>El&nbsp;<a href=\"https:\/\/www.idartes.gov.co\/es\"><strong>Instituto Distrital de las Artes \u2013 Idartes<\/strong><\/a>, a trav\u00e9s de su&nbsp;<a href=\"https:\/\/www.crea.gov.co\/\"><strong>Gerencia Crea<\/strong><\/a>, abre inscripciones para sus procesos de formaci\u00f3n art\u00edstica gratuita en Bogot\u00e1. La oferta, dirigida a ni\u00f1as, ni\u00f1os, j\u00f3venes y personas adultas, incluye \u00e1reas como teatro, m\u00fasica, danza, literatura, artes pl\u00e1sticas, audiovisuales y creaci\u00f3n digital.<\/p>\n\n\n\n<p>\u201cEn Idartes creemos que el arte no es solo una expresi\u00f3n, sino una manera de construir futuro. Los Centros de Formaci\u00f3n Crea son escenarios vivos donde las personas desarrollan su creatividad, su pensamiento cr\u00edtico y su capacidad de imaginar nuevas posibilidades para s\u00ed mismas y para la ciudad\u201d, afirm\u00f3 Mar\u00eda Claudia Parias, directora del&nbsp;<strong>Instituto Distrital de las Artes \u2013 Idartes.<\/strong><\/p>\n\n\n\n<p>Los procesos formativos se desarrollan en los Centros de Formaci\u00f3n Crea, una red de espacios culturales activos \u2014distribuidos en 13 localidades de Bogot\u00e1\u2014 que fortalecen el ecosistema art\u00edstico de la ciudad desde los territorios. Con presencia en distintas zonas de la capital, cada centro funciona como un punto de creaci\u00f3n en el que el aprendizaje se entiende como pr\u00e1ctica constante: ensayar, escribir, interpretar, dise\u00f1ar y experimentar son parte del camino formativo.<\/p>\n\n\n\n<p>Las inscripciones ya est\u00e1n abiertas y los cupos son limitados. Las personas interesadas pueden consultar horarios, direcciones y requisitos e inscribirse a trav\u00e9s de la p\u00e1gina web&nbsp;<a href=\"http:\/\/www.crea.gov.co\/\">www.crea.gov.co<\/a>&nbsp;o acerc\u00e1ndose de manera presencial al Centro de Formaci\u00f3n Crea m\u00e1s cercano a su localidad.<\/p>\n","protected":false},"excerpt":{"rendered":"<p>Dirigido a personas desde los 6 a\u00f1os, con oferta en m\u00fasica, danza, teatro, literatura, artes pl\u00e1sticas, audiovisuales y electr\u00f3nicas. El&nbsp;Instituto Distrital de las Artes \u2013 Idartes, a trav\u00e9s de su&nbsp;Gerencia Crea, abre inscripciones para sus procesos de formaci\u00f3n art\u00edstica gratuita en Bogot\u00e1. La oferta, dirigida a ni\u00f1as, ni\u00f1os, j\u00f3venes y personas adultas, incluye \u00e1reas como [&hellip;]<\/p>\n","protected":false},"author":94,"featured_media":1140,"comment_status":"open","ping_status":"open","sticky":false,"template":"","format":"standard","meta":{"footnotes":""},"categories":[1],"tags":[],"class_list":["post-1141","post","type-post","status-publish","format-standard","has-post-thumbnail","hentry","category-sin-categoria"],"yoast_head":"<!-- This site is optimized with the Yoast SEO plugin v24.5 - https:\/\/yoast.com\/wordpress\/plugins\/seo\/ -->\n<title>EXPERIENCIAS ARTISTICAS PARA LA VIDA - Crea Entre Nubes<\/title>\n<meta name=\"robots\" content=\"index, follow, max-snippet:-1, max-image-preview:large, max-video-preview:-1\" \/>\n<link rel=\"canonical\" href=\"https:\/\/www.crea.gov.co\/crea-entre-nubes\/experiencias-artisticas-para-la-vida\/\" \/>\n<meta property=\"og:locale\" content=\"es_ES\" \/>\n<meta property=\"og:type\" content=\"article\" \/>\n<meta property=\"og:title\" content=\"EXPERIENCIAS ARTISTICAS PARA LA VIDA - Crea Entre Nubes\" \/>\n<meta property=\"og:description\" content=\"Dirigido a personas desde los 6 a\u00f1os, con oferta en m\u00fasica, danza, teatro, literatura, artes pl\u00e1sticas, audiovisuales y electr\u00f3nicas. El&nbsp;Instituto Distrital de las Artes \u2013 Idartes, a trav\u00e9s de su&nbsp;Gerencia Crea, abre inscripciones para sus procesos de formaci\u00f3n art\u00edstica gratuita en Bogot\u00e1. La oferta, dirigida a ni\u00f1as, ni\u00f1os, j\u00f3venes y personas adultas, incluye \u00e1reas como [&hellip;]\" \/>\n<meta property=\"og:url\" content=\"https:\/\/www.crea.gov.co\/crea-entre-nubes\/experiencias-artisticas-para-la-vida\/\" \/>\n<meta property=\"og:site_name\" content=\"Crea Entre Nubes\" \/>\n<meta property=\"article:published_time\" content=\"2026-03-05T17:10:51+00:00\" \/>\n<meta property=\"article:modified_time\" content=\"2026-03-05T17:13:52+00:00\" \/>\n<meta property=\"og:image\" content=\"https:\/\/www.crea.gov.co\/crea-entre-nubes\/wp-content\/uploads\/sites\/25\/2026\/02\/Crea_afiche-tabloide_compartir-scaled.jpg\" \/>\n\t<meta property=\"og:image:width\" content=\"1703\" \/>\n\t<meta property=\"og:image:height\" content=\"2560\" \/>\n\t<meta property=\"og:image:type\" content=\"image\/jpeg\" \/>\n<meta name=\"author\" content=\"creaentrenubes\" \/>\n<meta name=\"twitter:card\" content=\"summary_large_image\" \/>\n<meta name=\"twitter:label1\" content=\"Escrito por\" \/>\n\t<meta name=\"twitter:data1\" content=\"creaentrenubes\" \/>\n\t<meta name=\"twitter:label2\" content=\"Tiempo de lectura\" \/>\n\t<meta name=\"twitter:data2\" content=\"3 minutos\" \/>\n<script type=\"application\/ld+json\" class=\"yoast-schema-graph\">{\"@context\":\"https:\/\/schema.org\",\"@graph\":[{\"@type\":\"Article\",\"@id\":\"https:\/\/www.crea.gov.co\/crea-entre-nubes\/experiencias-artisticas-para-la-vida\/#article\",\"isPartOf\":{\"@id\":\"https:\/\/www.crea.gov.co\/crea-entre-nubes\/experiencias-artisticas-para-la-vida\/\"},\"author\":{\"name\":\"creaentrenubes\",\"@id\":\"https:\/\/www.crea.gov.co\/crea-entre-nubes\/#\/schema\/person\/3efe1d884b013f5468a5c0e8bf210fb5\"},\"headline\":\"EXPERIENCIAS ARTISTICAS PARA LA VIDA\",\"datePublished\":\"2026-03-05T17:10:51+00:00\",\"dateModified\":\"2026-03-05T17:13:52+00:00\",\"mainEntityOfPage\":{\"@id\":\"https:\/\/www.crea.gov.co\/crea-entre-nubes\/experiencias-artisticas-para-la-vida\/\"},\"wordCount\":279,\"commentCount\":0,\"publisher\":{\"@id\":\"https:\/\/www.crea.gov.co\/crea-entre-nubes\/#organization\"},\"image\":{\"@id\":\"https:\/\/www.crea.gov.co\/crea-entre-nubes\/experiencias-artisticas-para-la-vida\/#primaryimage\"},\"thumbnailUrl\":\"https:\/\/www.crea.gov.co\/crea-entre-nubes\/wp-content\/uploads\/sites\/25\/2026\/02\/Crea_afiche-tabloide_compartir-scaled.jpg\",\"inLanguage\":\"es-CO\",\"potentialAction\":[{\"@type\":\"CommentAction\",\"name\":\"Comment\",\"target\":[\"https:\/\/www.crea.gov.co\/crea-entre-nubes\/experiencias-artisticas-para-la-vida\/#respond\"]}]},{\"@type\":\"WebPage\",\"@id\":\"https:\/\/www.crea.gov.co\/crea-entre-nubes\/experiencias-artisticas-para-la-vida\/\",\"url\":\"https:\/\/www.crea.gov.co\/crea-entre-nubes\/experiencias-artisticas-para-la-vida\/\",\"name\":\"EXPERIENCIAS ARTISTICAS PARA LA VIDA - Crea Entre Nubes\",\"isPartOf\":{\"@id\":\"https:\/\/www.crea.gov.co\/crea-entre-nubes\/#website\"},\"primaryImageOfPage\":{\"@id\":\"https:\/\/www.crea.gov.co\/crea-entre-nubes\/experiencias-artisticas-para-la-vida\/#primaryimage\"},\"image\":{\"@id\":\"https:\/\/www.crea.gov.co\/crea-entre-nubes\/experiencias-artisticas-para-la-vida\/#primaryimage\"},\"thumbnailUrl\":\"https:\/\/www.crea.gov.co\/crea-entre-nubes\/wp-content\/uploads\/sites\/25\/2026\/02\/Crea_afiche-tabloide_compartir-scaled.jpg\",\"datePublished\":\"2026-03-05T17:10:51+00:00\",\"dateModified\":\"2026-03-05T17:13:52+00:00\",\"breadcrumb\":{\"@id\":\"https:\/\/www.crea.gov.co\/crea-entre-nubes\/experiencias-artisticas-para-la-vida\/#breadcrumb\"},\"inLanguage\":\"es-CO\",\"potentialAction\":[{\"@type\":\"ReadAction\",\"target\":[\"https:\/\/www.crea.gov.co\/crea-entre-nubes\/experiencias-artisticas-para-la-vida\/\"]}]},{\"@type\":\"ImageObject\",\"inLanguage\":\"es-CO\",\"@id\":\"https:\/\/www.crea.gov.co\/crea-entre-nubes\/experiencias-artisticas-para-la-vida\/#primaryimage\",\"url\":\"https:\/\/www.crea.gov.co\/crea-entre-nubes\/wp-content\/uploads\/sites\/25\/2026\/02\/Crea_afiche-tabloide_compartir-scaled.jpg\",\"contentUrl\":\"https:\/\/www.crea.gov.co\/crea-entre-nubes\/wp-content\/uploads\/sites\/25\/2026\/02\/Crea_afiche-tabloide_compartir-scaled.jpg\",\"width\":1703,\"height\":2560},{\"@type\":\"BreadcrumbList\",\"@id\":\"https:\/\/www.crea.gov.co\/crea-entre-nubes\/experiencias-artisticas-para-la-vida\/#breadcrumb\",\"itemListElement\":[{\"@type\":\"ListItem\",\"position\":1,\"name\":\"Inicio\",\"item\":\"https:\/\/www.crea.gov.co\/crea-entre-nubes\/\"},{\"@type\":\"ListItem\",\"position\":2,\"name\":\"EXPERIENCIAS ARTISTICAS PARA LA VIDA\"}]},{\"@type\":\"WebSite\",\"@id\":\"https:\/\/www.crea.gov.co\/crea-entre-nubes\/#website\",\"url\":\"https:\/\/www.crea.gov.co\/crea-entre-nubes\/\",\"name\":\"Crea Entre Nubes\",\"description\":\"Este centro de formaci\u00f3n art\u00edstica lleva los lenguajes del arte a lo alto, a un territorio donde la monta\u00f1a se siente cerca y la bruma acompa\u00f1a los d\u00edas. Entre Nubes no es solo un nombre: es una forma de mirar el mundo desde la tranquilidad y la conexi\u00f3n con la naturaleza, valorando la vida en las laderas como espacio para crear, imaginar y compartir. Aqu\u00ed, las monta\u00f1as se convierten en escenarios para nuevas experiencias y encuentros art\u00edsticos.\",\"publisher\":{\"@id\":\"https:\/\/www.crea.gov.co\/crea-entre-nubes\/#organization\"},\"potentialAction\":[{\"@type\":\"SearchAction\",\"target\":{\"@type\":\"EntryPoint\",\"urlTemplate\":\"https:\/\/www.crea.gov.co\/crea-entre-nubes\/?s={search_term_string}\"},\"query-input\":{\"@type\":\"PropertyValueSpecification\",\"valueRequired\":true,\"valueName\":\"search_term_string\"}}],\"inLanguage\":\"es-CO\"},{\"@type\":\"Organization\",\"@id\":\"https:\/\/www.crea.gov.co\/crea-entre-nubes\/#organization\",\"name\":\"Crea Entre Nubes\",\"url\":\"https:\/\/www.crea.gov.co\/crea-entre-nubes\/\",\"logo\":{\"@type\":\"ImageObject\",\"inLanguage\":\"es-CO\",\"@id\":\"https:\/\/www.crea.gov.co\/crea-entre-nubes\/#\/schema\/logo\/image\/\",\"url\":\"https:\/\/www.crea.gov.co\/crea-entre-nubes\/wp-content\/uploads\/sites\/25\/2024\/08\/Captura-de-pantalla-2024-08-31-a-las-00.22.04.png\",\"contentUrl\":\"https:\/\/www.crea.gov.co\/crea-entre-nubes\/wp-content\/uploads\/sites\/25\/2024\/08\/Captura-de-pantalla-2024-08-31-a-las-00.22.04.png\",\"width\":518,\"height\":302,\"caption\":\"Crea Entre Nubes\"},\"image\":{\"@id\":\"https:\/\/www.crea.gov.co\/crea-entre-nubes\/#\/schema\/logo\/image\/\"}},{\"@type\":\"Person\",\"@id\":\"https:\/\/www.crea.gov.co\/crea-entre-nubes\/#\/schema\/person\/3efe1d884b013f5468a5c0e8bf210fb5\",\"name\":\"creaentrenubes\",\"image\":{\"@type\":\"ImageObject\",\"inLanguage\":\"es-CO\",\"@id\":\"https:\/\/www.crea.gov.co\/crea-entre-nubes\/#\/schema\/person\/image\/\",\"url\":\"https:\/\/secure.gravatar.com\/avatar\/eba2c4e3040233e7af829c3ee688fab6?s=96&d=mm&r=g\",\"contentUrl\":\"https:\/\/secure.gravatar.com\/avatar\/eba2c4e3040233e7af829c3ee688fab6?s=96&d=mm&r=g\",\"caption\":\"creaentrenubes\"},\"url\":\"https:\/\/www.crea.gov.co\/crea-entre-nubes\/author\/creaentrenubes\/\"}]}<\/script>\n<!-- \/ Yoast SEO plugin. -->","yoast_head_json":{"title":"EXPERIENCIAS ARTISTICAS PARA LA VIDA - Crea Entre Nubes","robots":{"index":"index","follow":"follow","max-snippet":"max-snippet:-1","max-image-preview":"max-image-preview:large","max-video-preview":"max-video-preview:-1"},"canonical":"https:\/\/www.crea.gov.co\/crea-entre-nubes\/experiencias-artisticas-para-la-vida\/","og_locale":"es_ES","og_type":"article","og_title":"EXPERIENCIAS ARTISTICAS PARA LA VIDA - Crea Entre Nubes","og_description":"Dirigido a personas desde los 6 a\u00f1os, con oferta en m\u00fasica, danza, teatro, literatura, artes pl\u00e1sticas, audiovisuales y electr\u00f3nicas. El&nbsp;Instituto Distrital de las Artes \u2013 Idartes, a trav\u00e9s de su&nbsp;Gerencia Crea, abre inscripciones para sus procesos de formaci\u00f3n art\u00edstica gratuita en Bogot\u00e1. La oferta, dirigida a ni\u00f1as, ni\u00f1os, j\u00f3venes y personas adultas, incluye \u00e1reas como [&hellip;]","og_url":"https:\/\/www.crea.gov.co\/crea-entre-nubes\/experiencias-artisticas-para-la-vida\/","og_site_name":"Crea Entre Nubes","article_published_time":"2026-03-05T17:10:51+00:00","article_modified_time":"2026-03-05T17:13:52+00:00","og_image":[{"width":1703,"height":2560,"url":"https:\/\/www.crea.gov.co\/crea-entre-nubes\/wp-content\/uploads\/sites\/25\/2026\/02\/Crea_afiche-tabloide_compartir-scaled.jpg","type":"image\/jpeg"}],"author":"creaentrenubes","twitter_card":"summary_large_image","twitter_misc":{"Escrito por":"creaentrenubes","Tiempo de lectura":"3 minutos"},"schema":{"@context":"https:\/\/schema.org","@graph":[{"@type":"Article","@id":"https:\/\/www.crea.gov.co\/crea-entre-nubes\/experiencias-artisticas-para-la-vida\/#article","isPartOf":{"@id":"https:\/\/www.crea.gov.co\/crea-entre-nubes\/experiencias-artisticas-para-la-vida\/"},"author":{"name":"creaentrenubes","@id":"https:\/\/www.crea.gov.co\/crea-entre-nubes\/#\/schema\/person\/3efe1d884b013f5468a5c0e8bf210fb5"},"headline":"EXPERIENCIAS ARTISTICAS PARA LA VIDA","datePublished":"2026-03-05T17:10:51+00:00","dateModified":"2026-03-05T17:13:52+00:00","mainEntityOfPage":{"@id":"https:\/\/www.crea.gov.co\/crea-entre-nubes\/experiencias-artisticas-para-la-vida\/"},"wordCount":279,"commentCount":0,"publisher":{"@id":"https:\/\/www.crea.gov.co\/crea-entre-nubes\/#organization"},"image":{"@id":"https:\/\/www.crea.gov.co\/crea-entre-nubes\/experiencias-artisticas-para-la-vida\/#primaryimage"},"thumbnailUrl":"https:\/\/www.crea.gov.co\/crea-entre-nubes\/wp-content\/uploads\/sites\/25\/2026\/02\/Crea_afiche-tabloide_compartir-scaled.jpg","inLanguage":"es-CO","potentialAction":[{"@type":"CommentAction","name":"Comment","target":["https:\/\/www.crea.gov.co\/crea-entre-nubes\/experiencias-artisticas-para-la-vida\/#respond"]}]},{"@type":"WebPage","@id":"https:\/\/www.crea.gov.co\/crea-entre-nubes\/experiencias-artisticas-para-la-vida\/","url":"https:\/\/www.crea.gov.co\/crea-entre-nubes\/experiencias-artisticas-para-la-vida\/","name":"EXPERIENCIAS ARTISTICAS PARA LA VIDA - Crea Entre Nubes","isPartOf":{"@id":"https:\/\/www.crea.gov.co\/crea-entre-nubes\/#website"},"primaryImageOfPage":{"@id":"https:\/\/www.crea.gov.co\/crea-entre-nubes\/experiencias-artisticas-para-la-vida\/#primaryimage"},"image":{"@id":"https:\/\/www.crea.gov.co\/crea-entre-nubes\/experiencias-artisticas-para-la-vida\/#primaryimage"},"thumbnailUrl":"https:\/\/www.crea.gov.co\/crea-entre-nubes\/wp-content\/uploads\/sites\/25\/2026\/02\/Crea_afiche-tabloide_compartir-scaled.jpg","datePublished":"2026-03-05T17:10:51+00:00","dateModified":"2026-03-05T17:13:52+00:00","breadcrumb":{"@id":"https:\/\/www.crea.gov.co\/crea-entre-nubes\/experiencias-artisticas-para-la-vida\/#breadcrumb"},"inLanguage":"es-CO","potentialAction":[{"@type":"ReadAction","target":["https:\/\/www.crea.gov.co\/crea-entre-nubes\/experiencias-artisticas-para-la-vida\/"]}]},{"@type":"ImageObject","inLanguage":"es-CO","@id":"https:\/\/www.crea.gov.co\/crea-entre-nubes\/experiencias-artisticas-para-la-vida\/#primaryimage","url":"https:\/\/www.crea.gov.co\/crea-entre-nubes\/wp-content\/uploads\/sites\/25\/2026\/02\/Crea_afiche-tabloide_compartir-scaled.jpg","contentUrl":"https:\/\/www.crea.gov.co\/crea-entre-nubes\/wp-content\/uploads\/sites\/25\/2026\/02\/Crea_afiche-tabloide_compartir-scaled.jpg","width":1703,"height":2560},{"@type":"BreadcrumbList","@id":"https:\/\/www.crea.gov.co\/crea-entre-nubes\/experiencias-artisticas-para-la-vida\/#breadcrumb","itemListElement":[{"@type":"ListItem","position":1,"name":"Inicio","item":"https:\/\/www.crea.gov.co\/crea-entre-nubes\/"},{"@type":"ListItem","position":2,"name":"EXPERIENCIAS ARTISTICAS PARA LA VIDA"}]},{"@type":"WebSite","@id":"https:\/\/www.crea.gov.co\/crea-entre-nubes\/#website","url":"https:\/\/www.crea.gov.co\/crea-entre-nubes\/","name":"Crea Entre Nubes","description":"Este centro de formaci\u00f3n art\u00edstica lleva los lenguajes del arte a lo alto, a un territorio donde la monta\u00f1a se siente cerca y la bruma acompa\u00f1a los d\u00edas. Entre Nubes no es solo un nombre: es una forma de mirar el mundo desde la tranquilidad y la conexi\u00f3n con la naturaleza, valorando la vida en las laderas como espacio para crear, imaginar y compartir. Aqu\u00ed, las monta\u00f1as se convierten en escenarios para nuevas experiencias y encuentros art\u00edsticos.","publisher":{"@id":"https:\/\/www.crea.gov.co\/crea-entre-nubes\/#organization"},"potentialAction":[{"@type":"SearchAction","target":{"@type":"EntryPoint","urlTemplate":"https:\/\/www.crea.gov.co\/crea-entre-nubes\/?s={search_term_string}"},"query-input":{"@type":"PropertyValueSpecification","valueRequired":true,"valueName":"search_term_string"}}],"inLanguage":"es-CO"},{"@type":"Organization","@id":"https:\/\/www.crea.gov.co\/crea-entre-nubes\/#organization","name":"Crea Entre Nubes","url":"https:\/\/www.crea.gov.co\/crea-entre-nubes\/","logo":{"@type":"ImageObject","inLanguage":"es-CO","@id":"https:\/\/www.crea.gov.co\/crea-entre-nubes\/#\/schema\/logo\/image\/","url":"https:\/\/www.crea.gov.co\/crea-entre-nubes\/wp-content\/uploads\/sites\/25\/2024\/08\/Captura-de-pantalla-2024-08-31-a-las-00.22.04.png","contentUrl":"https:\/\/www.crea.gov.co\/crea-entre-nubes\/wp-content\/uploads\/sites\/25\/2024\/08\/Captura-de-pantalla-2024-08-31-a-las-00.22.04.png","width":518,"height":302,"caption":"Crea Entre Nubes"},"image":{"@id":"https:\/\/www.crea.gov.co\/crea-entre-nubes\/#\/schema\/logo\/image\/"}},{"@type":"Person","@id":"https:\/\/www.crea.gov.co\/crea-entre-nubes\/#\/schema\/person\/3efe1d884b013f5468a5c0e8bf210fb5","name":"creaentrenubes","image":{"@type":"ImageObject","inLanguage":"es-CO","@id":"https:\/\/www.crea.gov.co\/crea-entre-nubes\/#\/schema\/person\/image\/","url":"https:\/\/secure.gravatar.com\/avatar\/eba2c4e3040233e7af829c3ee688fab6?s=96&d=mm&r=g","contentUrl":"https:\/\/secure.gravatar.com\/avatar\/eba2c4e3040233e7af829c3ee688fab6?s=96&d=mm&r=g","caption":"creaentrenubes"},"url":"https:\/\/www.crea.gov.co\/crea-entre-nubes\/author\/creaentrenubes\/"}]}},"_links":{"self":[{"href":"https:\/\/www.crea.gov.co\/crea-entre-nubes\/wp-json\/wp\/v2\/posts\/1141","targetHints":{"allow":["GET"]}}],"collection":[{"href":"https:\/\/www.crea.gov.co\/crea-entre-nubes\/wp-json\/wp\/v2\/posts"}],"about":[{"href":"https:\/\/www.crea.gov.co\/crea-entre-nubes\/wp-json\/wp\/v2\/types\/post"}],"author":[{"embeddable":true,"href":"https:\/\/www.crea.gov.co\/crea-entre-nubes\/wp-json\/wp\/v2\/users\/94"}],"replies":[{"embeddable":true,"href":"https:\/\/www.crea.gov.co\/crea-entre-nubes\/wp-json\/wp\/v2\/comments?post=1141"}],"version-history":[{"count":2,"href":"https:\/\/www.crea.gov.co\/crea-entre-nubes\/wp-json\/wp\/v2\/posts\/1141\/revisions"}],"predecessor-version":[{"id":1151,"href":"https:\/\/www.crea.gov.co\/crea-entre-nubes\/wp-json\/wp\/v2\/posts\/1141\/revisions\/1151"}],"wp:featuredmedia":[{"embeddable":true,"href":"https:\/\/www.crea.gov.co\/crea-entre-nubes\/wp-json\/wp\/v2\/media\/1140"}],"wp:attachment":[{"href":"https:\/\/www.crea.gov.co\/crea-entre-nubes\/wp-json\/wp\/v2\/media?parent=1141"}],"wp:term":[{"taxonomy":"category","embeddable":true,"href":"https:\/\/www.crea.gov.co\/crea-entre-nubes\/wp-json\/wp\/v2\/categories?post=1141"},{"taxonomy":"post_tag","embeddable":true,"href":"https:\/\/www.crea.gov.co\/crea-entre-nubes\/wp-json\/wp\/v2\/tags?post=1141"}],"curies":[{"name":"wp","href":"https:\/\/api.w.org\/{rel}","templated":true}]}}