{"id":1130,"date":"2026-02-27T20:23:08","date_gmt":"2026-02-28T01:23:08","guid":{"rendered":"https:\/\/www.crea.gov.co\/crea-entre-nubes\/?p=1130"},"modified":"2026-02-27T20:23:28","modified_gmt":"2026-02-28T01:23:28","slug":"bogota-abre-talleres-artisticos-gratuitos-para-mayores-de-60-anos","status":"publish","type":"post","link":"https:\/\/www.crea.gov.co\/crea-entre-nubes\/bogota-abre-talleres-artisticos-gratuitos-para-mayores-de-60-anos\/","title":{"rendered":"Bogot\u00e1 abre talleres art\u00edsticos gratuitos para mayores de 60 a\u00f1os"},"content":{"rendered":"\n<figure class=\"wp-block-image size-large\"><img loading=\"lazy\" decoding=\"async\" width=\"1024\" height=\"768\" src=\"https:\/\/www.crea.gov.co\/crea-entre-nubes\/wp-content\/uploads\/sites\/25\/2025\/10\/IMG_4356-1024x768.jpg\" alt=\"\" class=\"wp-image-1003\" srcset=\"https:\/\/www.crea.gov.co\/crea-entre-nubes\/wp-content\/uploads\/sites\/25\/2025\/10\/IMG_4356-1024x768.jpg 1024w, https:\/\/www.crea.gov.co\/crea-entre-nubes\/wp-content\/uploads\/sites\/25\/2025\/10\/IMG_4356-300x225.jpg 300w, https:\/\/www.crea.gov.co\/crea-entre-nubes\/wp-content\/uploads\/sites\/25\/2025\/10\/IMG_4356-768x576.jpg 768w, https:\/\/www.crea.gov.co\/crea-entre-nubes\/wp-content\/uploads\/sites\/25\/2025\/10\/IMG_4356-1536x1152.jpg 1536w, https:\/\/www.crea.gov.co\/crea-entre-nubes\/wp-content\/uploads\/sites\/25\/2025\/10\/IMG_4356-2048x1536.jpg 2048w\" sizes=\"auto, (max-width: 1024px) 100vw, 1024px\" \/><\/figure>\n\n\n\n<p><em>Idartes y la Secretar\u00eda Distrital de Integraci\u00f3n Social impulsan procesos en siete \u00e1reas creativas con enfoque de derechos culturales.&nbsp;<\/em><\/p>\n\n\n\n<p><br>En Bogot\u00e1, cumplir 60 no es sin\u00f3nimo de retiro, sino de creaci\u00f3n. Gracias a una alianza entre el&nbsp;<a href=\"https:\/\/www.idartes.gov.co\/es\"><strong>Instituto Distrital de las Artes \u2013 Idartes<\/strong><\/a>&nbsp;y la&nbsp;<a href=\"https:\/\/www.integracionsocial.gov.co\/\"><strong>Secretar\u00eda Distrital de Integraci\u00f3n Social<\/strong><\/a>, personas mayores de la ciudad podr\u00e1n participar en talleres gratuitos de formaci\u00f3n art\u00edstica dise\u00f1ados especialmente para ellas.<\/p>\n\n\n\n<p>Esta iniciativa reconoce a las personas mayores como sujetos culturales activos, capaces de producir, reflexionar y experimentar desde el arte. M\u00e1s que ocupar el tiempo libre, los talleres proponen resignificarlo: convertirlo en territorio de expresi\u00f3n, encuentro y memoria compartida.<\/p>\n\n\n\n<p>En cada sesi\u00f3n, las trayectorias de vida se transforman en materia creativa. La danza activa memorias corporales; la literatura abre archivos \u00edntimos; las artes pl\u00e1sticas traducen experiencias en color y forma; la m\u00fasica y el teatro devuelven a la voz su potencia narrativa. Incluso las artes electr\u00f3nicas y audiovisuales se convierten en puentes intergeneracionales, en los que la tecnolog\u00eda deja de ser frontera para volverse herramienta de exploraci\u00f3n.<\/p>\n\n\n\n<p>\u201cEn Idartes creemos que el arte es un derecho a lo largo de toda la vida. Las personas mayores no solo participan, tambi\u00e9n crean, interpretan y transforman. Estos talleres reconocen su experiencia como un valor cultural para la ciudad\u201d, afirma Mar\u00eda Claudia Parias, directora de&nbsp;<strong>Idartes<\/strong>.<\/p>\n\n\n\n<p>La alianza con&nbsp;<strong>la Secretar\u00eda de Integraci\u00f3n Social<\/strong>&nbsp;fortalece as\u00ed una visi\u00f3n del envejecimiento activo que trasciende el bienestar f\u00edsico y se instala en el campo de los derechos culturales. No se trata \u00fanicamente de ofrecer actividades, sino de generar procesos con los que la memoria individual dialogue con la memoria colectiva.<\/p>\n\n\n\n<p>\u201cQueremos que cada persona mayor encuentre en el arte un espacio para narrarse y para seguir imaginando futuros. La creaci\u00f3n no tiene edad: tiene experiencia\u201d, agrega Parias.<\/p>\n\n\n\n<p>Las personas interesadas pueden inscribirse a trav\u00e9s del formulario en l\u00ednea disponible en<a href=\"https:\/\/bit.ly\/Talleres60\">&nbsp;https:\/\/bit.ly\/Talleres60<\/a>.<\/p>\n\n\n\n<p>Para conocer m\u00e1s detalles sobre la oferta, los horarios y los puntos de atenci\u00f3n, pueden consultar la informaci\u00f3n completa en<a href=\"http:\/\/www.crea.gov.co\/\">&nbsp;www.crea.gov.co<\/a>.<\/p>\n","protected":false},"excerpt":{"rendered":"<p>Idartes y la Secretar\u00eda Distrital de Integraci\u00f3n Social impulsan procesos en siete \u00e1reas creativas con enfoque de derechos culturales.&nbsp; En Bogot\u00e1, cumplir 60 no es sin\u00f3nimo de retiro, sino de creaci\u00f3n. Gracias a una alianza entre el&nbsp;Instituto Distrital de las Artes \u2013 Idartes&nbsp;y la&nbsp;Secretar\u00eda Distrital de Integraci\u00f3n Social, personas mayores de la ciudad podr\u00e1n participar [&hellip;]<\/p>\n","protected":false},"author":94,"featured_media":1002,"comment_status":"open","ping_status":"open","sticky":false,"template":"","format":"standard","meta":{"footnotes":""},"categories":[1],"tags":[],"class_list":["post-1130","post","type-post","status-publish","format-standard","has-post-thumbnail","hentry","category-sin-categoria"],"yoast_head":"<!-- This site is optimized with the Yoast SEO plugin v24.5 - https:\/\/yoast.com\/wordpress\/plugins\/seo\/ -->\n<title>Bogot\u00e1 abre talleres art\u00edsticos gratuitos para mayores de 60 a\u00f1os - Crea Entre Nubes<\/title>\n<meta name=\"robots\" content=\"index, follow, max-snippet:-1, max-image-preview:large, max-video-preview:-1\" \/>\n<link rel=\"canonical\" href=\"https:\/\/www.crea.gov.co\/crea-entre-nubes\/bogota-abre-talleres-artisticos-gratuitos-para-mayores-de-60-anos\/\" \/>\n<meta property=\"og:locale\" content=\"es_ES\" \/>\n<meta property=\"og:type\" content=\"article\" \/>\n<meta property=\"og:title\" content=\"Bogot\u00e1 abre talleres art\u00edsticos gratuitos para mayores de 60 a\u00f1os - Crea Entre Nubes\" \/>\n<meta property=\"og:description\" content=\"Idartes y la Secretar\u00eda Distrital de Integraci\u00f3n Social impulsan procesos en siete \u00e1reas creativas con enfoque de derechos culturales.&nbsp; En Bogot\u00e1, cumplir 60 no es sin\u00f3nimo de retiro, sino de creaci\u00f3n. Gracias a una alianza entre el&nbsp;Instituto Distrital de las Artes \u2013 Idartes&nbsp;y la&nbsp;Secretar\u00eda Distrital de Integraci\u00f3n Social, personas mayores de la ciudad podr\u00e1n participar [&hellip;]\" \/>\n<meta property=\"og:url\" content=\"https:\/\/www.crea.gov.co\/crea-entre-nubes\/bogota-abre-talleres-artisticos-gratuitos-para-mayores-de-60-anos\/\" \/>\n<meta property=\"og:site_name\" content=\"Crea Entre Nubes\" \/>\n<meta property=\"article:published_time\" content=\"2026-02-28T01:23:08+00:00\" \/>\n<meta property=\"article:modified_time\" content=\"2026-02-28T01:23:28+00:00\" \/>\n<meta property=\"og:image\" content=\"https:\/\/www.crea.gov.co\/crea-entre-nubes\/wp-content\/uploads\/sites\/25\/2025\/10\/IMG_4358-scaled.jpg\" \/>\n\t<meta property=\"og:image:width\" content=\"2560\" \/>\n\t<meta property=\"og:image:height\" content=\"1920\" \/>\n\t<meta property=\"og:image:type\" content=\"image\/jpeg\" \/>\n<meta name=\"author\" content=\"creaentrenubes\" \/>\n<meta name=\"twitter:card\" content=\"summary_large_image\" \/>\n<meta name=\"twitter:label1\" content=\"Escrito por\" \/>\n\t<meta name=\"twitter:data1\" content=\"creaentrenubes\" \/>\n\t<meta name=\"twitter:label2\" content=\"Tiempo de lectura\" \/>\n\t<meta name=\"twitter:data2\" content=\"2 minutos\" \/>\n<script type=\"application\/ld+json\" class=\"yoast-schema-graph\">{\"@context\":\"https:\/\/schema.org\",\"@graph\":[{\"@type\":\"Article\",\"@id\":\"https:\/\/www.crea.gov.co\/crea-entre-nubes\/bogota-abre-talleres-artisticos-gratuitos-para-mayores-de-60-anos\/#article\",\"isPartOf\":{\"@id\":\"https:\/\/www.crea.gov.co\/crea-entre-nubes\/bogota-abre-talleres-artisticos-gratuitos-para-mayores-de-60-anos\/\"},\"author\":{\"name\":\"creaentrenubes\",\"@id\":\"https:\/\/www.crea.gov.co\/crea-entre-nubes\/#\/schema\/person\/3efe1d884b013f5468a5c0e8bf210fb5\"},\"headline\":\"Bogot\u00e1 abre talleres art\u00edsticos gratuitos para mayores de 60 a\u00f1os\",\"datePublished\":\"2026-02-28T01:23:08+00:00\",\"dateModified\":\"2026-02-28T01:23:28+00:00\",\"mainEntityOfPage\":{\"@id\":\"https:\/\/www.crea.gov.co\/crea-entre-nubes\/bogota-abre-talleres-artisticos-gratuitos-para-mayores-de-60-anos\/\"},\"wordCount\":389,\"commentCount\":0,\"publisher\":{\"@id\":\"https:\/\/www.crea.gov.co\/crea-entre-nubes\/#organization\"},\"image\":{\"@id\":\"https:\/\/www.crea.gov.co\/crea-entre-nubes\/bogota-abre-talleres-artisticos-gratuitos-para-mayores-de-60-anos\/#primaryimage\"},\"thumbnailUrl\":\"https:\/\/www.crea.gov.co\/crea-entre-nubes\/wp-content\/uploads\/sites\/25\/2025\/10\/IMG_4358-scaled.jpg\",\"inLanguage\":\"es-CO\",\"potentialAction\":[{\"@type\":\"CommentAction\",\"name\":\"Comment\",\"target\":[\"https:\/\/www.crea.gov.co\/crea-entre-nubes\/bogota-abre-talleres-artisticos-gratuitos-para-mayores-de-60-anos\/#respond\"]}]},{\"@type\":\"WebPage\",\"@id\":\"https:\/\/www.crea.gov.co\/crea-entre-nubes\/bogota-abre-talleres-artisticos-gratuitos-para-mayores-de-60-anos\/\",\"url\":\"https:\/\/www.crea.gov.co\/crea-entre-nubes\/bogota-abre-talleres-artisticos-gratuitos-para-mayores-de-60-anos\/\",\"name\":\"Bogot\u00e1 abre talleres art\u00edsticos gratuitos para mayores de 60 a\u00f1os - Crea Entre Nubes\",\"isPartOf\":{\"@id\":\"https:\/\/www.crea.gov.co\/crea-entre-nubes\/#website\"},\"primaryImageOfPage\":{\"@id\":\"https:\/\/www.crea.gov.co\/crea-entre-nubes\/bogota-abre-talleres-artisticos-gratuitos-para-mayores-de-60-anos\/#primaryimage\"},\"image\":{\"@id\":\"https:\/\/www.crea.gov.co\/crea-entre-nubes\/bogota-abre-talleres-artisticos-gratuitos-para-mayores-de-60-anos\/#primaryimage\"},\"thumbnailUrl\":\"https:\/\/www.crea.gov.co\/crea-entre-nubes\/wp-content\/uploads\/sites\/25\/2025\/10\/IMG_4358-scaled.jpg\",\"datePublished\":\"2026-02-28T01:23:08+00:00\",\"dateModified\":\"2026-02-28T01:23:28+00:00\",\"breadcrumb\":{\"@id\":\"https:\/\/www.crea.gov.co\/crea-entre-nubes\/bogota-abre-talleres-artisticos-gratuitos-para-mayores-de-60-anos\/#breadcrumb\"},\"inLanguage\":\"es-CO\",\"potentialAction\":[{\"@type\":\"ReadAction\",\"target\":[\"https:\/\/www.crea.gov.co\/crea-entre-nubes\/bogota-abre-talleres-artisticos-gratuitos-para-mayores-de-60-anos\/\"]}]},{\"@type\":\"ImageObject\",\"inLanguage\":\"es-CO\",\"@id\":\"https:\/\/www.crea.gov.co\/crea-entre-nubes\/bogota-abre-talleres-artisticos-gratuitos-para-mayores-de-60-anos\/#primaryimage\",\"url\":\"https:\/\/www.crea.gov.co\/crea-entre-nubes\/wp-content\/uploads\/sites\/25\/2025\/10\/IMG_4358-scaled.jpg\",\"contentUrl\":\"https:\/\/www.crea.gov.co\/crea-entre-nubes\/wp-content\/uploads\/sites\/25\/2025\/10\/IMG_4358-scaled.jpg\",\"width\":2560,\"height\":1920},{\"@type\":\"BreadcrumbList\",\"@id\":\"https:\/\/www.crea.gov.co\/crea-entre-nubes\/bogota-abre-talleres-artisticos-gratuitos-para-mayores-de-60-anos\/#breadcrumb\",\"itemListElement\":[{\"@type\":\"ListItem\",\"position\":1,\"name\":\"Inicio\",\"item\":\"https:\/\/www.crea.gov.co\/crea-entre-nubes\/\"},{\"@type\":\"ListItem\",\"position\":2,\"name\":\"Bogot\u00e1 abre talleres art\u00edsticos gratuitos para mayores de 60 a\u00f1os\"}]},{\"@type\":\"WebSite\",\"@id\":\"https:\/\/www.crea.gov.co\/crea-entre-nubes\/#website\",\"url\":\"https:\/\/www.crea.gov.co\/crea-entre-nubes\/\",\"name\":\"Crea Entre Nubes\",\"description\":\"Este centro de formaci\u00f3n art\u00edstica lleva los lenguajes del arte a lo alto, a un territorio donde la monta\u00f1a se siente cerca y la bruma acompa\u00f1a los d\u00edas. Entre Nubes no es solo un nombre: es una forma de mirar el mundo desde la tranquilidad y la conexi\u00f3n con la naturaleza, valorando la vida en las laderas como espacio para crear, imaginar y compartir. Aqu\u00ed, las monta\u00f1as se convierten en escenarios para nuevas experiencias y encuentros art\u00edsticos.\",\"publisher\":{\"@id\":\"https:\/\/www.crea.gov.co\/crea-entre-nubes\/#organization\"},\"potentialAction\":[{\"@type\":\"SearchAction\",\"target\":{\"@type\":\"EntryPoint\",\"urlTemplate\":\"https:\/\/www.crea.gov.co\/crea-entre-nubes\/?s={search_term_string}\"},\"query-input\":{\"@type\":\"PropertyValueSpecification\",\"valueRequired\":true,\"valueName\":\"search_term_string\"}}],\"inLanguage\":\"es-CO\"},{\"@type\":\"Organization\",\"@id\":\"https:\/\/www.crea.gov.co\/crea-entre-nubes\/#organization\",\"name\":\"Crea Entre Nubes\",\"url\":\"https:\/\/www.crea.gov.co\/crea-entre-nubes\/\",\"logo\":{\"@type\":\"ImageObject\",\"inLanguage\":\"es-CO\",\"@id\":\"https:\/\/www.crea.gov.co\/crea-entre-nubes\/#\/schema\/logo\/image\/\",\"url\":\"https:\/\/www.crea.gov.co\/crea-entre-nubes\/wp-content\/uploads\/sites\/25\/2024\/08\/Captura-de-pantalla-2024-08-31-a-las-00.22.04.png\",\"contentUrl\":\"https:\/\/www.crea.gov.co\/crea-entre-nubes\/wp-content\/uploads\/sites\/25\/2024\/08\/Captura-de-pantalla-2024-08-31-a-las-00.22.04.png\",\"width\":518,\"height\":302,\"caption\":\"Crea Entre Nubes\"},\"image\":{\"@id\":\"https:\/\/www.crea.gov.co\/crea-entre-nubes\/#\/schema\/logo\/image\/\"}},{\"@type\":\"Person\",\"@id\":\"https:\/\/www.crea.gov.co\/crea-entre-nubes\/#\/schema\/person\/3efe1d884b013f5468a5c0e8bf210fb5\",\"name\":\"creaentrenubes\",\"image\":{\"@type\":\"ImageObject\",\"inLanguage\":\"es-CO\",\"@id\":\"https:\/\/www.crea.gov.co\/crea-entre-nubes\/#\/schema\/person\/image\/\",\"url\":\"https:\/\/secure.gravatar.com\/avatar\/eba2c4e3040233e7af829c3ee688fab6?s=96&d=mm&r=g\",\"contentUrl\":\"https:\/\/secure.gravatar.com\/avatar\/eba2c4e3040233e7af829c3ee688fab6?s=96&d=mm&r=g\",\"caption\":\"creaentrenubes\"},\"url\":\"https:\/\/www.crea.gov.co\/crea-entre-nubes\/author\/creaentrenubes\/\"}]}<\/script>\n<!-- \/ Yoast SEO plugin. -->","yoast_head_json":{"title":"Bogot\u00e1 abre talleres art\u00edsticos gratuitos para mayores de 60 a\u00f1os - Crea Entre Nubes","robots":{"index":"index","follow":"follow","max-snippet":"max-snippet:-1","max-image-preview":"max-image-preview:large","max-video-preview":"max-video-preview:-1"},"canonical":"https:\/\/www.crea.gov.co\/crea-entre-nubes\/bogota-abre-talleres-artisticos-gratuitos-para-mayores-de-60-anos\/","og_locale":"es_ES","og_type":"article","og_title":"Bogot\u00e1 abre talleres art\u00edsticos gratuitos para mayores de 60 a\u00f1os - Crea Entre Nubes","og_description":"Idartes y la Secretar\u00eda Distrital de Integraci\u00f3n Social impulsan procesos en siete \u00e1reas creativas con enfoque de derechos culturales.&nbsp; En Bogot\u00e1, cumplir 60 no es sin\u00f3nimo de retiro, sino de creaci\u00f3n. Gracias a una alianza entre el&nbsp;Instituto Distrital de las Artes \u2013 Idartes&nbsp;y la&nbsp;Secretar\u00eda Distrital de Integraci\u00f3n Social, personas mayores de la ciudad podr\u00e1n participar [&hellip;]","og_url":"https:\/\/www.crea.gov.co\/crea-entre-nubes\/bogota-abre-talleres-artisticos-gratuitos-para-mayores-de-60-anos\/","og_site_name":"Crea Entre Nubes","article_published_time":"2026-02-28T01:23:08+00:00","article_modified_time":"2026-02-28T01:23:28+00:00","og_image":[{"width":2560,"height":1920,"url":"https:\/\/www.crea.gov.co\/crea-entre-nubes\/wp-content\/uploads\/sites\/25\/2025\/10\/IMG_4358-scaled.jpg","type":"image\/jpeg"}],"author":"creaentrenubes","twitter_card":"summary_large_image","twitter_misc":{"Escrito por":"creaentrenubes","Tiempo de lectura":"2 minutos"},"schema":{"@context":"https:\/\/schema.org","@graph":[{"@type":"Article","@id":"https:\/\/www.crea.gov.co\/crea-entre-nubes\/bogota-abre-talleres-artisticos-gratuitos-para-mayores-de-60-anos\/#article","isPartOf":{"@id":"https:\/\/www.crea.gov.co\/crea-entre-nubes\/bogota-abre-talleres-artisticos-gratuitos-para-mayores-de-60-anos\/"},"author":{"name":"creaentrenubes","@id":"https:\/\/www.crea.gov.co\/crea-entre-nubes\/#\/schema\/person\/3efe1d884b013f5468a5c0e8bf210fb5"},"headline":"Bogot\u00e1 abre talleres art\u00edsticos gratuitos para mayores de 60 a\u00f1os","datePublished":"2026-02-28T01:23:08+00:00","dateModified":"2026-02-28T01:23:28+00:00","mainEntityOfPage":{"@id":"https:\/\/www.crea.gov.co\/crea-entre-nubes\/bogota-abre-talleres-artisticos-gratuitos-para-mayores-de-60-anos\/"},"wordCount":389,"commentCount":0,"publisher":{"@id":"https:\/\/www.crea.gov.co\/crea-entre-nubes\/#organization"},"image":{"@id":"https:\/\/www.crea.gov.co\/crea-entre-nubes\/bogota-abre-talleres-artisticos-gratuitos-para-mayores-de-60-anos\/#primaryimage"},"thumbnailUrl":"https:\/\/www.crea.gov.co\/crea-entre-nubes\/wp-content\/uploads\/sites\/25\/2025\/10\/IMG_4358-scaled.jpg","inLanguage":"es-CO","potentialAction":[{"@type":"CommentAction","name":"Comment","target":["https:\/\/www.crea.gov.co\/crea-entre-nubes\/bogota-abre-talleres-artisticos-gratuitos-para-mayores-de-60-anos\/#respond"]}]},{"@type":"WebPage","@id":"https:\/\/www.crea.gov.co\/crea-entre-nubes\/bogota-abre-talleres-artisticos-gratuitos-para-mayores-de-60-anos\/","url":"https:\/\/www.crea.gov.co\/crea-entre-nubes\/bogota-abre-talleres-artisticos-gratuitos-para-mayores-de-60-anos\/","name":"Bogot\u00e1 abre talleres art\u00edsticos gratuitos para mayores de 60 a\u00f1os - Crea Entre Nubes","isPartOf":{"@id":"https:\/\/www.crea.gov.co\/crea-entre-nubes\/#website"},"primaryImageOfPage":{"@id":"https:\/\/www.crea.gov.co\/crea-entre-nubes\/bogota-abre-talleres-artisticos-gratuitos-para-mayores-de-60-anos\/#primaryimage"},"image":{"@id":"https:\/\/www.crea.gov.co\/crea-entre-nubes\/bogota-abre-talleres-artisticos-gratuitos-para-mayores-de-60-anos\/#primaryimage"},"thumbnailUrl":"https:\/\/www.crea.gov.co\/crea-entre-nubes\/wp-content\/uploads\/sites\/25\/2025\/10\/IMG_4358-scaled.jpg","datePublished":"2026-02-28T01:23:08+00:00","dateModified":"2026-02-28T01:23:28+00:00","breadcrumb":{"@id":"https:\/\/www.crea.gov.co\/crea-entre-nubes\/bogota-abre-talleres-artisticos-gratuitos-para-mayores-de-60-anos\/#breadcrumb"},"inLanguage":"es-CO","potentialAction":[{"@type":"ReadAction","target":["https:\/\/www.crea.gov.co\/crea-entre-nubes\/bogota-abre-talleres-artisticos-gratuitos-para-mayores-de-60-anos\/"]}]},{"@type":"ImageObject","inLanguage":"es-CO","@id":"https:\/\/www.crea.gov.co\/crea-entre-nubes\/bogota-abre-talleres-artisticos-gratuitos-para-mayores-de-60-anos\/#primaryimage","url":"https:\/\/www.crea.gov.co\/crea-entre-nubes\/wp-content\/uploads\/sites\/25\/2025\/10\/IMG_4358-scaled.jpg","contentUrl":"https:\/\/www.crea.gov.co\/crea-entre-nubes\/wp-content\/uploads\/sites\/25\/2025\/10\/IMG_4358-scaled.jpg","width":2560,"height":1920},{"@type":"BreadcrumbList","@id":"https:\/\/www.crea.gov.co\/crea-entre-nubes\/bogota-abre-talleres-artisticos-gratuitos-para-mayores-de-60-anos\/#breadcrumb","itemListElement":[{"@type":"ListItem","position":1,"name":"Inicio","item":"https:\/\/www.crea.gov.co\/crea-entre-nubes\/"},{"@type":"ListItem","position":2,"name":"Bogot\u00e1 abre talleres art\u00edsticos gratuitos para mayores de 60 a\u00f1os"}]},{"@type":"WebSite","@id":"https:\/\/www.crea.gov.co\/crea-entre-nubes\/#website","url":"https:\/\/www.crea.gov.co\/crea-entre-nubes\/","name":"Crea Entre Nubes","description":"Este centro de formaci\u00f3n art\u00edstica lleva los lenguajes del arte a lo alto, a un territorio donde la monta\u00f1a se siente cerca y la bruma acompa\u00f1a los d\u00edas. Entre Nubes no es solo un nombre: es una forma de mirar el mundo desde la tranquilidad y la conexi\u00f3n con la naturaleza, valorando la vida en las laderas como espacio para crear, imaginar y compartir. Aqu\u00ed, las monta\u00f1as se convierten en escenarios para nuevas experiencias y encuentros art\u00edsticos.","publisher":{"@id":"https:\/\/www.crea.gov.co\/crea-entre-nubes\/#organization"},"potentialAction":[{"@type":"SearchAction","target":{"@type":"EntryPoint","urlTemplate":"https:\/\/www.crea.gov.co\/crea-entre-nubes\/?s={search_term_string}"},"query-input":{"@type":"PropertyValueSpecification","valueRequired":true,"valueName":"search_term_string"}}],"inLanguage":"es-CO"},{"@type":"Organization","@id":"https:\/\/www.crea.gov.co\/crea-entre-nubes\/#organization","name":"Crea Entre Nubes","url":"https:\/\/www.crea.gov.co\/crea-entre-nubes\/","logo":{"@type":"ImageObject","inLanguage":"es-CO","@id":"https:\/\/www.crea.gov.co\/crea-entre-nubes\/#\/schema\/logo\/image\/","url":"https:\/\/www.crea.gov.co\/crea-entre-nubes\/wp-content\/uploads\/sites\/25\/2024\/08\/Captura-de-pantalla-2024-08-31-a-las-00.22.04.png","contentUrl":"https:\/\/www.crea.gov.co\/crea-entre-nubes\/wp-content\/uploads\/sites\/25\/2024\/08\/Captura-de-pantalla-2024-08-31-a-las-00.22.04.png","width":518,"height":302,"caption":"Crea Entre Nubes"},"image":{"@id":"https:\/\/www.crea.gov.co\/crea-entre-nubes\/#\/schema\/logo\/image\/"}},{"@type":"Person","@id":"https:\/\/www.crea.gov.co\/crea-entre-nubes\/#\/schema\/person\/3efe1d884b013f5468a5c0e8bf210fb5","name":"creaentrenubes","image":{"@type":"ImageObject","inLanguage":"es-CO","@id":"https:\/\/www.crea.gov.co\/crea-entre-nubes\/#\/schema\/person\/image\/","url":"https:\/\/secure.gravatar.com\/avatar\/eba2c4e3040233e7af829c3ee688fab6?s=96&d=mm&r=g","contentUrl":"https:\/\/secure.gravatar.com\/avatar\/eba2c4e3040233e7af829c3ee688fab6?s=96&d=mm&r=g","caption":"creaentrenubes"},"url":"https:\/\/www.crea.gov.co\/crea-entre-nubes\/author\/creaentrenubes\/"}]}},"_links":{"self":[{"href":"https:\/\/www.crea.gov.co\/crea-entre-nubes\/wp-json\/wp\/v2\/posts\/1130","targetHints":{"allow":["GET"]}}],"collection":[{"href":"https:\/\/www.crea.gov.co\/crea-entre-nubes\/wp-json\/wp\/v2\/posts"}],"about":[{"href":"https:\/\/www.crea.gov.co\/crea-entre-nubes\/wp-json\/wp\/v2\/types\/post"}],"author":[{"embeddable":true,"href":"https:\/\/www.crea.gov.co\/crea-entre-nubes\/wp-json\/wp\/v2\/users\/94"}],"replies":[{"embeddable":true,"href":"https:\/\/www.crea.gov.co\/crea-entre-nubes\/wp-json\/wp\/v2\/comments?post=1130"}],"version-history":[{"count":1,"href":"https:\/\/www.crea.gov.co\/crea-entre-nubes\/wp-json\/wp\/v2\/posts\/1130\/revisions"}],"predecessor-version":[{"id":1131,"href":"https:\/\/www.crea.gov.co\/crea-entre-nubes\/wp-json\/wp\/v2\/posts\/1130\/revisions\/1131"}],"wp:featuredmedia":[{"embeddable":true,"href":"https:\/\/www.crea.gov.co\/crea-entre-nubes\/wp-json\/wp\/v2\/media\/1002"}],"wp:attachment":[{"href":"https:\/\/www.crea.gov.co\/crea-entre-nubes\/wp-json\/wp\/v2\/media?parent=1130"}],"wp:term":[{"taxonomy":"category","embeddable":true,"href":"https:\/\/www.crea.gov.co\/crea-entre-nubes\/wp-json\/wp\/v2\/categories?post=1130"},{"taxonomy":"post_tag","embeddable":true,"href":"https:\/\/www.crea.gov.co\/crea-entre-nubes\/wp-json\/wp\/v2\/tags?post=1130"}],"curies":[{"name":"wp","href":"https:\/\/api.w.org\/{rel}","templated":true}]}}