{"id":577,"date":"2026-04-20T21:38:34","date_gmt":"2026-04-20T21:38:34","guid":{"rendered":"https:\/\/www.crea.gov.co\/crea-el-parque\/?p=577"},"modified":"2026-04-20T21:47:49","modified_gmt":"2026-04-20T21:47:49","slug":"diego-enrique-cuellar-galeano-gratitud-y-musica","status":"publish","type":"post","link":"https:\/\/www.crea.gov.co\/crea-el-parque\/diego-enrique-cuellar-galeano-gratitud-y-musica\/","title":{"rendered":"Diego Enrique Cu\u00e9llar Galeano:  gratitud y  m\u00fasica"},"content":{"rendered":"\n<p>El Crea El Parque lamenta profundamente el fallecimiento de Diego Enrique Cu\u00e9llar Galeano, participante del grupo de m\u00fasica de adultos, a cargo del artista formador Daniel Sossa, cuya presencia deja hoy un gran vac\u00edo entre compa\u00f1eros y el equipo del Crea.<\/p>\n\n\n<div class=\"wp-block-image\">\n<figure class=\"aligncenter size-full is-resized\"><img loading=\"lazy\" decoding=\"async\" width=\"984\" height=\"692\" src=\"https:\/\/www.crea.gov.co\/crea-el-parque\/wp-content\/uploads\/sites\/3\/2026\/04\/WhatsApp-Image-2026-04-20-at-4.35.30-PM.jpeg\" alt=\"\" class=\"wp-image-580\" style=\"width:615px;height:auto\" srcset=\"https:\/\/www.crea.gov.co\/crea-el-parque\/wp-content\/uploads\/sites\/3\/2026\/04\/WhatsApp-Image-2026-04-20-at-4.35.30-PM.jpeg 984w, https:\/\/www.crea.gov.co\/crea-el-parque\/wp-content\/uploads\/sites\/3\/2026\/04\/WhatsApp-Image-2026-04-20-at-4.35.30-PM-300x211.jpeg 300w, https:\/\/www.crea.gov.co\/crea-el-parque\/wp-content\/uploads\/sites\/3\/2026\/04\/WhatsApp-Image-2026-04-20-at-4.35.30-PM-768x540.jpeg 768w\" sizes=\"auto, (max-width: 984px) 100vw, 984px\" \/><\/figure><\/div>\n\n\n<p>Diego ser\u00e1 recordado por su caballerosidad, su calidez y, sobre todo, por la manera sincera en que expresaba su gratitud hacia Crea, al que siempre reconoci\u00f3 como el espacio que le permiti\u00f3 cumplir el sue\u00f1o de aprender a tocar la guitarra. Su compromiso fue ejemplo constante: llegaba siempre de primero, incluso una hora antes de cada sesi\u00f3n, tiempo que dedicaba con disciplina a ensayar y perfeccionar su pr\u00e1ctica. <\/p>\n\n\n\n<p>Su paso por Crea fue amplio y significativo. Inici\u00f3 su proceso en 2018 en el Crea Gustavo Restrepo; continu\u00f3 entre 2019 y 2020 en el Crea Santa Sof\u00eda; en 2021 y 2022 hizo parte del Crea 12 de Octubre; y recientemente, en 2025 y 2026, integr\u00f3 el Crea El Parque, donde consolid\u00f3 v\u00ednculos y dej\u00f3 una huella imborrable.<\/p>\n\n\n\n<p>Hoy despedimos no solo a un participante, sino a un ser humano que encontr\u00f3 en la m\u00fasica un camino de crecimiento, dedicaci\u00f3n y alegr\u00eda compartida. Su recuerdo permanecer\u00e1 en cada acorde, en cada ensayo temprano y en cada historia que inspira a seguir creyendo en el poder transformador del arte.<\/p>\n\n\n\n<p><\/p>\n\n\n\n<p>Daniel Sossa, artista formador envi\u00f3 hoy un mensaje al grupo, lleno de nostalgia y sabidur\u00eda, comparto unas l\u00edneas: &#8220;En medio de la cotidianidad, a veces nos vemos absorbidos por din\u00e1micas que se vuelven repetitivas y r\u00edgidas, y sin darnos cuenta vamos perdiendo de vista lo esencial: el valor profundo de estar vivos, de compartir, de sentir y de crear. Hoy, m\u00e1s que nunca, se nos recuerda que cada instante es \u00fanico, y que cada encuentro, cada palabra y cada experiencia son parte de algo sagrado.<br>La muerte es una realidad que nos atraviesa como seres humanos. Aunque muchas veces no estamos preparados para afrontarla, tambi\u00e9n puede invitarnos a reflexionar, a resignificar y a transformar nuestra manera de ver la vida. No es sencillo hablar de ello, pero es importante empezar a reconocerla como parte natural de nuestra existencia.  Como comunidad, este momento nos invita a detenernos, a acompa\u00f1arnos, a cuidarnos y a abrir espacios para sentir: tristeza, preguntas, recuerdos. Todo lo que aparece es v\u00e1lido. Tambi\u00e9n es una oportunidad para fortalecer nuestros lazos, valorar a quienes est\u00e1n a nuestro lado y reconocer la importancia de la empat\u00eda y el respeto por el dolor de los dem\u00e1s.&#8221;<\/p>\n\n\n\n<p>A su familia, amigos y compa\u00f1eros, extendemos un mensaje de solidaridad y acompa\u00f1amiento en este momento. Diego vivir\u00e1 en la memoria de la Gerencia Crea y en la m\u00fasica que tanto am\u00f3.<\/p>\n","protected":false},"excerpt":{"rendered":"<p>El Crea El Parque lamenta profundamente el fallecimiento de Diego Enrique Cu\u00e9llar Galeano, participante del grupo de m\u00fasica de adultos, a cargo del artista formador Daniel Sossa, cuya presencia deja hoy un gran vac\u00edo entre compa\u00f1eros y el equipo del Crea. Diego ser\u00e1 recordado por su caballerosidad, su calidez y, sobre todo, por la manera [&hellip;]<\/p>\n","protected":false},"author":84,"featured_media":580,"comment_status":"open","ping_status":"open","sticky":false,"template":"","format":"standard","meta":{"footnotes":""},"categories":[1],"tags":[],"class_list":["post-577","post","type-post","status-publish","format-standard","has-post-thumbnail","hentry","category-sin-categoria"],"yoast_head":"<!-- This site is optimized with the Yoast SEO plugin v24.5 - https:\/\/yoast.com\/wordpress\/plugins\/seo\/ -->\n<title>Diego Enrique Cu\u00e9llar Galeano: gratitud y m\u00fasica - Crea El Parque<\/title>\n<meta name=\"robots\" content=\"index, follow, max-snippet:-1, max-image-preview:large, max-video-preview:-1\" \/>\n<link rel=\"canonical\" href=\"https:\/\/www.crea.gov.co\/crea-el-parque\/diego-enrique-cuellar-galeano-gratitud-y-musica\/\" \/>\n<meta property=\"og:locale\" content=\"es_ES\" \/>\n<meta property=\"og:type\" content=\"article\" \/>\n<meta property=\"og:title\" content=\"Diego Enrique Cu\u00e9llar Galeano: gratitud y m\u00fasica - Crea El Parque\" \/>\n<meta property=\"og:description\" content=\"El Crea El Parque lamenta profundamente el fallecimiento de Diego Enrique Cu\u00e9llar Galeano, participante del grupo de m\u00fasica de adultos, a cargo del artista formador Daniel Sossa, cuya presencia deja hoy un gran vac\u00edo entre compa\u00f1eros y el equipo del Crea. Diego ser\u00e1 recordado por su caballerosidad, su calidez y, sobre todo, por la manera [&hellip;]\" \/>\n<meta property=\"og:url\" content=\"https:\/\/www.crea.gov.co\/crea-el-parque\/diego-enrique-cuellar-galeano-gratitud-y-musica\/\" \/>\n<meta property=\"og:site_name\" content=\"Crea El Parque\" \/>\n<meta property=\"article:published_time\" content=\"2026-04-20T21:38:34+00:00\" \/>\n<meta property=\"article:modified_time\" content=\"2026-04-20T21:47:49+00:00\" \/>\n<meta property=\"og:image\" content=\"https:\/\/www.crea.gov.co\/crea-el-parque\/wp-content\/uploads\/sites\/3\/2026\/04\/WhatsApp-Image-2026-04-20-at-4.35.30-PM.jpeg\" \/>\n\t<meta property=\"og:image:width\" content=\"984\" \/>\n\t<meta property=\"og:image:height\" content=\"692\" \/>\n\t<meta property=\"og:image:type\" content=\"image\/jpeg\" \/>\n<meta name=\"author\" content=\"creaelparque\" \/>\n<meta name=\"twitter:card\" content=\"summary_large_image\" \/>\n<meta name=\"twitter:label1\" content=\"Escrito por\" \/>\n\t<meta name=\"twitter:data1\" content=\"creaelparque\" \/>\n\t<meta name=\"twitter:label2\" content=\"Tiempo de lectura\" \/>\n\t<meta name=\"twitter:data2\" content=\"3 minutos\" \/>\n<script type=\"application\/ld+json\" class=\"yoast-schema-graph\">{\"@context\":\"https:\/\/schema.org\",\"@graph\":[{\"@type\":\"WebPage\",\"@id\":\"https:\/\/www.crea.gov.co\/crea-el-parque\/diego-enrique-cuellar-galeano-gratitud-y-musica\/\",\"url\":\"https:\/\/www.crea.gov.co\/crea-el-parque\/diego-enrique-cuellar-galeano-gratitud-y-musica\/\",\"name\":\"Diego Enrique Cu\u00e9llar Galeano: gratitud y m\u00fasica - Crea El Parque\",\"isPartOf\":{\"@id\":\"https:\/\/www.crea.gov.co\/crea-el-parque\/#website\"},\"primaryImageOfPage\":{\"@id\":\"https:\/\/www.crea.gov.co\/crea-el-parque\/diego-enrique-cuellar-galeano-gratitud-y-musica\/#primaryimage\"},\"image\":{\"@id\":\"https:\/\/www.crea.gov.co\/crea-el-parque\/diego-enrique-cuellar-galeano-gratitud-y-musica\/#primaryimage\"},\"thumbnailUrl\":\"https:\/\/www.crea.gov.co\/crea-el-parque\/wp-content\/uploads\/sites\/3\/2026\/04\/WhatsApp-Image-2026-04-20-at-4.35.30-PM.jpeg\",\"datePublished\":\"2026-04-20T21:38:34+00:00\",\"dateModified\":\"2026-04-20T21:47:49+00:00\",\"author\":{\"@id\":\"https:\/\/www.crea.gov.co\/crea-el-parque\/#\/schema\/person\/6e96d88ea9e6c60ab90e8019d18db1d2\"},\"breadcrumb\":{\"@id\":\"https:\/\/www.crea.gov.co\/crea-el-parque\/diego-enrique-cuellar-galeano-gratitud-y-musica\/#breadcrumb\"},\"inLanguage\":\"es-CO\",\"potentialAction\":[{\"@type\":\"ReadAction\",\"target\":[\"https:\/\/www.crea.gov.co\/crea-el-parque\/diego-enrique-cuellar-galeano-gratitud-y-musica\/\"]}]},{\"@type\":\"ImageObject\",\"inLanguage\":\"es-CO\",\"@id\":\"https:\/\/www.crea.gov.co\/crea-el-parque\/diego-enrique-cuellar-galeano-gratitud-y-musica\/#primaryimage\",\"url\":\"https:\/\/www.crea.gov.co\/crea-el-parque\/wp-content\/uploads\/sites\/3\/2026\/04\/WhatsApp-Image-2026-04-20-at-4.35.30-PM.jpeg\",\"contentUrl\":\"https:\/\/www.crea.gov.co\/crea-el-parque\/wp-content\/uploads\/sites\/3\/2026\/04\/WhatsApp-Image-2026-04-20-at-4.35.30-PM.jpeg\",\"width\":984,\"height\":692},{\"@type\":\"BreadcrumbList\",\"@id\":\"https:\/\/www.crea.gov.co\/crea-el-parque\/diego-enrique-cuellar-galeano-gratitud-y-musica\/#breadcrumb\",\"itemListElement\":[{\"@type\":\"ListItem\",\"position\":1,\"name\":\"Home\",\"item\":\"https:\/\/www.crea.gov.co\/crea-el-parque\/\"},{\"@type\":\"ListItem\",\"position\":2,\"name\":\"Diego Enrique Cu\u00e9llar Galeano: gratitud y m\u00fasica\"}]},{\"@type\":\"WebSite\",\"@id\":\"https:\/\/www.crea.gov.co\/crea-el-parque\/#website\",\"url\":\"https:\/\/www.crea.gov.co\/crea-el-parque\/\",\"name\":\"Crea El Parque\",\"description\":\"En medio del Parque Nacional hay un espacio para hacer arte, respirar distinto y compartir con otros. Hace parte del Bloque Pedag\u00f3gico, un complejo cultural pensado para explorar y encontrarse. All\u00ed, ni\u00f1as, ni\u00f1os, j\u00f3venes y personas adultas encuentran un lugar tranquilo para imaginar, crear y estar rodeados de \u00e1rboles altos y aire fresco, justo en el coraz\u00f3n de la ciudad.\",\"potentialAction\":[{\"@type\":\"SearchAction\",\"target\":{\"@type\":\"EntryPoint\",\"urlTemplate\":\"https:\/\/www.crea.gov.co\/crea-el-parque\/?s={search_term_string}\"},\"query-input\":{\"@type\":\"PropertyValueSpecification\",\"valueRequired\":true,\"valueName\":\"search_term_string\"}}],\"inLanguage\":\"es-CO\"},{\"@type\":\"Person\",\"@id\":\"https:\/\/www.crea.gov.co\/crea-el-parque\/#\/schema\/person\/6e96d88ea9e6c60ab90e8019d18db1d2\",\"name\":\"creaelparque\",\"image\":{\"@type\":\"ImageObject\",\"inLanguage\":\"es-CO\",\"@id\":\"https:\/\/www.crea.gov.co\/crea-el-parque\/#\/schema\/person\/image\/\",\"url\":\"https:\/\/secure.gravatar.com\/avatar\/2e3730814a61080c5ee96e9decb45f91?s=96&d=mm&r=g\",\"contentUrl\":\"https:\/\/secure.gravatar.com\/avatar\/2e3730814a61080c5ee96e9decb45f91?s=96&d=mm&r=g\",\"caption\":\"creaelparque\"},\"url\":\"https:\/\/www.crea.gov.co\/crea-el-parque\/author\/creaelparque\/\"}]}<\/script>\n<!-- \/ Yoast SEO plugin. -->","yoast_head_json":{"title":"Diego Enrique Cu\u00e9llar Galeano: gratitud y m\u00fasica - Crea El Parque","robots":{"index":"index","follow":"follow","max-snippet":"max-snippet:-1","max-image-preview":"max-image-preview:large","max-video-preview":"max-video-preview:-1"},"canonical":"https:\/\/www.crea.gov.co\/crea-el-parque\/diego-enrique-cuellar-galeano-gratitud-y-musica\/","og_locale":"es_ES","og_type":"article","og_title":"Diego Enrique Cu\u00e9llar Galeano: gratitud y m\u00fasica - Crea El Parque","og_description":"El Crea El Parque lamenta profundamente el fallecimiento de Diego Enrique Cu\u00e9llar Galeano, participante del grupo de m\u00fasica de adultos, a cargo del artista formador Daniel Sossa, cuya presencia deja hoy un gran vac\u00edo entre compa\u00f1eros y el equipo del Crea. Diego ser\u00e1 recordado por su caballerosidad, su calidez y, sobre todo, por la manera [&hellip;]","og_url":"https:\/\/www.crea.gov.co\/crea-el-parque\/diego-enrique-cuellar-galeano-gratitud-y-musica\/","og_site_name":"Crea El Parque","article_published_time":"2026-04-20T21:38:34+00:00","article_modified_time":"2026-04-20T21:47:49+00:00","og_image":[{"width":984,"height":692,"url":"https:\/\/www.crea.gov.co\/crea-el-parque\/wp-content\/uploads\/sites\/3\/2026\/04\/WhatsApp-Image-2026-04-20-at-4.35.30-PM.jpeg","type":"image\/jpeg"}],"author":"creaelparque","twitter_card":"summary_large_image","twitter_misc":{"Escrito por":"creaelparque","Tiempo de lectura":"3 minutos"},"schema":{"@context":"https:\/\/schema.org","@graph":[{"@type":"WebPage","@id":"https:\/\/www.crea.gov.co\/crea-el-parque\/diego-enrique-cuellar-galeano-gratitud-y-musica\/","url":"https:\/\/www.crea.gov.co\/crea-el-parque\/diego-enrique-cuellar-galeano-gratitud-y-musica\/","name":"Diego Enrique Cu\u00e9llar Galeano: gratitud y m\u00fasica - Crea El Parque","isPartOf":{"@id":"https:\/\/www.crea.gov.co\/crea-el-parque\/#website"},"primaryImageOfPage":{"@id":"https:\/\/www.crea.gov.co\/crea-el-parque\/diego-enrique-cuellar-galeano-gratitud-y-musica\/#primaryimage"},"image":{"@id":"https:\/\/www.crea.gov.co\/crea-el-parque\/diego-enrique-cuellar-galeano-gratitud-y-musica\/#primaryimage"},"thumbnailUrl":"https:\/\/www.crea.gov.co\/crea-el-parque\/wp-content\/uploads\/sites\/3\/2026\/04\/WhatsApp-Image-2026-04-20-at-4.35.30-PM.jpeg","datePublished":"2026-04-20T21:38:34+00:00","dateModified":"2026-04-20T21:47:49+00:00","author":{"@id":"https:\/\/www.crea.gov.co\/crea-el-parque\/#\/schema\/person\/6e96d88ea9e6c60ab90e8019d18db1d2"},"breadcrumb":{"@id":"https:\/\/www.crea.gov.co\/crea-el-parque\/diego-enrique-cuellar-galeano-gratitud-y-musica\/#breadcrumb"},"inLanguage":"es-CO","potentialAction":[{"@type":"ReadAction","target":["https:\/\/www.crea.gov.co\/crea-el-parque\/diego-enrique-cuellar-galeano-gratitud-y-musica\/"]}]},{"@type":"ImageObject","inLanguage":"es-CO","@id":"https:\/\/www.crea.gov.co\/crea-el-parque\/diego-enrique-cuellar-galeano-gratitud-y-musica\/#primaryimage","url":"https:\/\/www.crea.gov.co\/crea-el-parque\/wp-content\/uploads\/sites\/3\/2026\/04\/WhatsApp-Image-2026-04-20-at-4.35.30-PM.jpeg","contentUrl":"https:\/\/www.crea.gov.co\/crea-el-parque\/wp-content\/uploads\/sites\/3\/2026\/04\/WhatsApp-Image-2026-04-20-at-4.35.30-PM.jpeg","width":984,"height":692},{"@type":"BreadcrumbList","@id":"https:\/\/www.crea.gov.co\/crea-el-parque\/diego-enrique-cuellar-galeano-gratitud-y-musica\/#breadcrumb","itemListElement":[{"@type":"ListItem","position":1,"name":"Home","item":"https:\/\/www.crea.gov.co\/crea-el-parque\/"},{"@type":"ListItem","position":2,"name":"Diego Enrique Cu\u00e9llar Galeano: gratitud y m\u00fasica"}]},{"@type":"WebSite","@id":"https:\/\/www.crea.gov.co\/crea-el-parque\/#website","url":"https:\/\/www.crea.gov.co\/crea-el-parque\/","name":"Crea El Parque","description":"En medio del Parque Nacional hay un espacio para hacer arte, respirar distinto y compartir con otros. Hace parte del Bloque Pedag\u00f3gico, un complejo cultural pensado para explorar y encontrarse. All\u00ed, ni\u00f1as, ni\u00f1os, j\u00f3venes y personas adultas encuentran un lugar tranquilo para imaginar, crear y estar rodeados de \u00e1rboles altos y aire fresco, justo en el coraz\u00f3n de la ciudad.","potentialAction":[{"@type":"SearchAction","target":{"@type":"EntryPoint","urlTemplate":"https:\/\/www.crea.gov.co\/crea-el-parque\/?s={search_term_string}"},"query-input":{"@type":"PropertyValueSpecification","valueRequired":true,"valueName":"search_term_string"}}],"inLanguage":"es-CO"},{"@type":"Person","@id":"https:\/\/www.crea.gov.co\/crea-el-parque\/#\/schema\/person\/6e96d88ea9e6c60ab90e8019d18db1d2","name":"creaelparque","image":{"@type":"ImageObject","inLanguage":"es-CO","@id":"https:\/\/www.crea.gov.co\/crea-el-parque\/#\/schema\/person\/image\/","url":"https:\/\/secure.gravatar.com\/avatar\/2e3730814a61080c5ee96e9decb45f91?s=96&d=mm&r=g","contentUrl":"https:\/\/secure.gravatar.com\/avatar\/2e3730814a61080c5ee96e9decb45f91?s=96&d=mm&r=g","caption":"creaelparque"},"url":"https:\/\/www.crea.gov.co\/crea-el-parque\/author\/creaelparque\/"}]}},"_links":{"self":[{"href":"https:\/\/www.crea.gov.co\/crea-el-parque\/wp-json\/wp\/v2\/posts\/577","targetHints":{"allow":["GET"]}}],"collection":[{"href":"https:\/\/www.crea.gov.co\/crea-el-parque\/wp-json\/wp\/v2\/posts"}],"about":[{"href":"https:\/\/www.crea.gov.co\/crea-el-parque\/wp-json\/wp\/v2\/types\/post"}],"author":[{"embeddable":true,"href":"https:\/\/www.crea.gov.co\/crea-el-parque\/wp-json\/wp\/v2\/users\/84"}],"replies":[{"embeddable":true,"href":"https:\/\/www.crea.gov.co\/crea-el-parque\/wp-json\/wp\/v2\/comments?post=577"}],"version-history":[{"count":2,"href":"https:\/\/www.crea.gov.co\/crea-el-parque\/wp-json\/wp\/v2\/posts\/577\/revisions"}],"predecessor-version":[{"id":582,"href":"https:\/\/www.crea.gov.co\/crea-el-parque\/wp-json\/wp\/v2\/posts\/577\/revisions\/582"}],"wp:featuredmedia":[{"embeddable":true,"href":"https:\/\/www.crea.gov.co\/crea-el-parque\/wp-json\/wp\/v2\/media\/580"}],"wp:attachment":[{"href":"https:\/\/www.crea.gov.co\/crea-el-parque\/wp-json\/wp\/v2\/media?parent=577"}],"wp:term":[{"taxonomy":"category","embeddable":true,"href":"https:\/\/www.crea.gov.co\/crea-el-parque\/wp-json\/wp\/v2\/categories?post=577"},{"taxonomy":"post_tag","embeddable":true,"href":"https:\/\/www.crea.gov.co\/crea-el-parque\/wp-json\/wp\/v2\/tags?post=577"}],"curies":[{"name":"wp","href":"https:\/\/api.w.org\/{rel}","templated":true}]}}