{"id":572,"date":"2026-03-30T20:30:22","date_gmt":"2026-03-30T20:30:22","guid":{"rendered":"https:\/\/www.crea.gov.co\/crea-el-parque\/?p=572"},"modified":"2026-03-30T20:30:22","modified_gmt":"2026-03-30T20:30:22","slug":"%f0%9f%8c%9f%f0%9f%8e%a8-descubre-tu-talento-y-crea-sin-limites-en-el-crea-el-parque-%f0%9f%8e%ad%e2%9c%a8","status":"publish","type":"post","link":"https:\/\/www.crea.gov.co\/crea-el-parque\/%f0%9f%8c%9f%f0%9f%8e%a8-descubre-tu-talento-y-crea-sin-limites-en-el-crea-el-parque-%f0%9f%8e%ad%e2%9c%a8\/","title":{"rendered":"\ud83c\udf1f\ud83c\udfa8 \u00a1Descubre tu talento y crea sin l\u00edmites en el Crea El Parque! \ud83c\udfad\u2728"},"content":{"rendered":"\n<p>En el <strong>Crea El Parque<\/strong>, ubicado en el coraz\u00f3n del Parque Nacional \ud83c\udf33, hay un espacio lleno de arte, aprendizaje y diversi\u00f3n esper\u00e1ndote. \ud83d\udca5<\/p>\n\n\n<div class=\"wp-block-image\">\n<figure class=\"aligncenter size-large is-resized\"><img loading=\"lazy\" decoding=\"async\" width=\"1024\" height=\"692\" src=\"https:\/\/www.crea.gov.co\/crea-el-parque\/wp-content\/uploads\/sites\/3\/2026\/03\/8d6e9826-0dc0-4ed7-8218-d9af5e3871f6-1024x692.jpg\" alt=\"\" class=\"wp-image-574\" style=\"width:538px;height:auto\" srcset=\"https:\/\/www.crea.gov.co\/crea-el-parque\/wp-content\/uploads\/sites\/3\/2026\/03\/8d6e9826-0dc0-4ed7-8218-d9af5e3871f6-1024x692.jpg 1024w, https:\/\/www.crea.gov.co\/crea-el-parque\/wp-content\/uploads\/sites\/3\/2026\/03\/8d6e9826-0dc0-4ed7-8218-d9af5e3871f6-300x203.jpg 300w, https:\/\/www.crea.gov.co\/crea-el-parque\/wp-content\/uploads\/sites\/3\/2026\/03\/8d6e9826-0dc0-4ed7-8218-d9af5e3871f6-768x519.jpg 768w, https:\/\/www.crea.gov.co\/crea-el-parque\/wp-content\/uploads\/sites\/3\/2026\/03\/8d6e9826-0dc0-4ed7-8218-d9af5e3871f6.jpg 1151w\" sizes=\"auto, (max-width: 1024px) 100vw, 1024px\" \/><\/figure><\/div>\n\n\n<p>\ud83d\udc68\u200d\ud83d\udc69\u200d\ud83d\udc67\u200d\ud83d\udc66 Si tienes m\u00e1s de 6 a\u00f1os, \u00a1esta es tu oportunidad! Disfruta de <strong>formaci\u00f3n art\u00edstica gratuita y de alta calidad<\/strong> en diferentes \u00e1reas para explorar tu talento y dejar volar tu imaginaci\u00f3n. \ud83d\ude80<\/p>\n\n\n\n<p>\ud83d\udc83 <strong>Danza para adultos (18 a 59 a\u00f1os)<\/strong><br>\ud83d\uddd3 Lunes y jueves<br>\u23f0 3:00 p.m. a 5:00 p.m.<\/p>\n\n\n\n<p>\ud83c\udfac <strong>Audiovisuales para ni\u00f1os y ni\u00f1as<\/strong><br>\ud83d\uddd3 Mi\u00e9rcoles<br>\u23f0 3:00 p.m. a 5:00 p.m.<br>\ud83d\uddd3 S\u00e1bados<br>\u23f0 10:00 a.m. a 12:00 p.m.<\/p>\n\n\n\n<p>\ud83c\udfa8 <strong>Artes pl\u00e1sticas para ni\u00f1os y ni\u00f1as<\/strong><br>\ud83d\uddd3 Jueves<br>\u23f0 3:00 p.m. a 5:00 p.m.<br>\ud83d\uddd3 S\u00e1bados<br>\u23f0 10:00 a.m. a 12:00 p.m.<\/p>\n\n\n\n<p>\ud83c\udf1f Y esto es solo el comienzo\u2026 hay muchos m\u00e1s talleres que puedes descubrir ingresando a \ud83d\udc49 <a>www.crea.gov.co<\/a><\/p>\n\n\n\n<p>\ud83d\udc9a Ven, aprende, crea y comparte en un espacio pensado para ti. \u00a1El arte transforma vidas y este puede ser tu momento!<\/p>\n\n\n\n<p>\ud83d\udce3 Inscr\u00edbete y haz parte de esta comunidad creativa que no para de crecer.<\/p>\n\n\n<div class=\"wp-block-image\">\n<figure class=\"aligncenter size-large is-resized\"><img loading=\"lazy\" decoding=\"async\" width=\"768\" height=\"1024\" src=\"https:\/\/www.crea.gov.co\/crea-el-parque\/wp-content\/uploads\/sites\/3\/2026\/03\/0143cb73-2457-40d1-9d83-168cd5ae4a77-768x1024.jpg\" alt=\"\" class=\"wp-image-575\" style=\"width:396px;height:auto\" srcset=\"https:\/\/www.crea.gov.co\/crea-el-parque\/wp-content\/uploads\/sites\/3\/2026\/03\/0143cb73-2457-40d1-9d83-168cd5ae4a77-768x1024.jpg 768w, https:\/\/www.crea.gov.co\/crea-el-parque\/wp-content\/uploads\/sites\/3\/2026\/03\/0143cb73-2457-40d1-9d83-168cd5ae4a77-225x300.jpg 225w, https:\/\/www.crea.gov.co\/crea-el-parque\/wp-content\/uploads\/sites\/3\/2026\/03\/0143cb73-2457-40d1-9d83-168cd5ae4a77-1152x1536.jpg 1152w, https:\/\/www.crea.gov.co\/crea-el-parque\/wp-content\/uploads\/sites\/3\/2026\/03\/0143cb73-2457-40d1-9d83-168cd5ae4a77.jpg 1200w\" sizes=\"auto, (max-width: 768px) 100vw, 768px\" \/><\/figure><\/div>","protected":false},"excerpt":{"rendered":"<p>En el Crea El Parque, ubicado en el coraz\u00f3n del Parque Nacional \ud83c\udf33, hay un espacio lleno de arte, aprendizaje y diversi\u00f3n esper\u00e1ndote. \ud83d\udca5 \ud83d\udc68\u200d\ud83d\udc69\u200d\ud83d\udc67\u200d\ud83d\udc66 Si tienes m\u00e1s de 6 a\u00f1os, \u00a1esta es tu oportunidad! Disfruta de formaci\u00f3n art\u00edstica gratuita y de alta calidad en diferentes \u00e1reas para explorar tu talento y dejar volar tu [&hellip;]<\/p>\n","protected":false},"author":84,"featured_media":574,"comment_status":"open","ping_status":"open","sticky":false,"template":"","format":"standard","meta":{"footnotes":""},"categories":[1],"tags":[],"class_list":["post-572","post","type-post","status-publish","format-standard","has-post-thumbnail","hentry","category-sin-categoria"],"yoast_head":"<!-- This site is optimized with the Yoast SEO plugin v24.5 - https:\/\/yoast.com\/wordpress\/plugins\/seo\/ -->\n<title>\ud83c\udf1f\ud83c\udfa8 \u00a1Descubre tu talento y crea sin l\u00edmites en el Crea El Parque! \ud83c\udfad\u2728 - Crea El Parque<\/title>\n<meta name=\"robots\" content=\"index, follow, max-snippet:-1, max-image-preview:large, max-video-preview:-1\" \/>\n<link rel=\"canonical\" href=\"https:\/\/www.crea.gov.co\/crea-el-parque\/\ud83c\udf1f\ud83c\udfa8-descubre-tu-talento-y-crea-sin-limites-en-el-crea-el-parque-\ud83c\udfad\u2728\/\" \/>\n<meta property=\"og:locale\" content=\"es_ES\" \/>\n<meta property=\"og:type\" content=\"article\" \/>\n<meta property=\"og:title\" content=\"\ud83c\udf1f\ud83c\udfa8 \u00a1Descubre tu talento y crea sin l\u00edmites en el Crea El Parque! \ud83c\udfad\u2728 - Crea El Parque\" \/>\n<meta property=\"og:description\" content=\"En el Crea El Parque, ubicado en el coraz\u00f3n del Parque Nacional \ud83c\udf33, hay un espacio lleno de arte, aprendizaje y diversi\u00f3n esper\u00e1ndote. \ud83d\udca5 \ud83d\udc68\u200d\ud83d\udc69\u200d\ud83d\udc67\u200d\ud83d\udc66 Si tienes m\u00e1s de 6 a\u00f1os, \u00a1esta es tu oportunidad! Disfruta de formaci\u00f3n art\u00edstica gratuita y de alta calidad en diferentes \u00e1reas para explorar tu talento y dejar volar tu [&hellip;]\" \/>\n<meta property=\"og:url\" content=\"https:\/\/www.crea.gov.co\/crea-el-parque\/\ud83c\udf1f\ud83c\udfa8-descubre-tu-talento-y-crea-sin-limites-en-el-crea-el-parque-\ud83c\udfad\u2728\/\" \/>\n<meta property=\"og:site_name\" content=\"Crea El Parque\" \/>\n<meta property=\"article:published_time\" content=\"2026-03-30T20:30:22+00:00\" \/>\n<meta property=\"og:image\" content=\"https:\/\/www.crea.gov.co\/crea-el-parque\/wp-content\/uploads\/sites\/3\/2026\/03\/8d6e9826-0dc0-4ed7-8218-d9af5e3871f6.jpg\" \/>\n\t<meta property=\"og:image:width\" content=\"1151\" \/>\n\t<meta property=\"og:image:height\" content=\"778\" \/>\n\t<meta property=\"og:image:type\" content=\"image\/jpeg\" \/>\n<meta name=\"author\" content=\"creaelparque\" \/>\n<meta name=\"twitter:card\" content=\"summary_large_image\" \/>\n<meta name=\"twitter:label1\" content=\"Escrito por\" \/>\n\t<meta name=\"twitter:data1\" content=\"creaelparque\" \/>\n\t<meta name=\"twitter:label2\" content=\"Tiempo de lectura\" \/>\n\t<meta name=\"twitter:data2\" content=\"2 minutos\" \/>\n<script type=\"application\/ld+json\" class=\"yoast-schema-graph\">{\"@context\":\"https:\/\/schema.org\",\"@graph\":[{\"@type\":\"WebPage\",\"@id\":\"https:\/\/www.crea.gov.co\/crea-el-parque\/%f0%9f%8c%9f%f0%9f%8e%a8-descubre-tu-talento-y-crea-sin-limites-en-el-crea-el-parque-%f0%9f%8e%ad%e2%9c%a8\/\",\"url\":\"https:\/\/www.crea.gov.co\/crea-el-parque\/%f0%9f%8c%9f%f0%9f%8e%a8-descubre-tu-talento-y-crea-sin-limites-en-el-crea-el-parque-%f0%9f%8e%ad%e2%9c%a8\/\",\"name\":\"\ud83c\udf1f\ud83c\udfa8 \u00a1Descubre tu talento y crea sin l\u00edmites en el Crea El Parque! \ud83c\udfad\u2728 - Crea El Parque\",\"isPartOf\":{\"@id\":\"https:\/\/www.crea.gov.co\/crea-el-parque\/#website\"},\"primaryImageOfPage\":{\"@id\":\"https:\/\/www.crea.gov.co\/crea-el-parque\/%f0%9f%8c%9f%f0%9f%8e%a8-descubre-tu-talento-y-crea-sin-limites-en-el-crea-el-parque-%f0%9f%8e%ad%e2%9c%a8\/#primaryimage\"},\"image\":{\"@id\":\"https:\/\/www.crea.gov.co\/crea-el-parque\/%f0%9f%8c%9f%f0%9f%8e%a8-descubre-tu-talento-y-crea-sin-limites-en-el-crea-el-parque-%f0%9f%8e%ad%e2%9c%a8\/#primaryimage\"},\"thumbnailUrl\":\"https:\/\/www.crea.gov.co\/crea-el-parque\/wp-content\/uploads\/sites\/3\/2026\/03\/8d6e9826-0dc0-4ed7-8218-d9af5e3871f6.jpg\",\"datePublished\":\"2026-03-30T20:30:22+00:00\",\"author\":{\"@id\":\"https:\/\/www.crea.gov.co\/crea-el-parque\/#\/schema\/person\/6e96d88ea9e6c60ab90e8019d18db1d2\"},\"breadcrumb\":{\"@id\":\"https:\/\/www.crea.gov.co\/crea-el-parque\/%f0%9f%8c%9f%f0%9f%8e%a8-descubre-tu-talento-y-crea-sin-limites-en-el-crea-el-parque-%f0%9f%8e%ad%e2%9c%a8\/#breadcrumb\"},\"inLanguage\":\"es-CO\",\"potentialAction\":[{\"@type\":\"ReadAction\",\"target\":[\"https:\/\/www.crea.gov.co\/crea-el-parque\/%f0%9f%8c%9f%f0%9f%8e%a8-descubre-tu-talento-y-crea-sin-limites-en-el-crea-el-parque-%f0%9f%8e%ad%e2%9c%a8\/\"]}]},{\"@type\":\"ImageObject\",\"inLanguage\":\"es-CO\",\"@id\":\"https:\/\/www.crea.gov.co\/crea-el-parque\/%f0%9f%8c%9f%f0%9f%8e%a8-descubre-tu-talento-y-crea-sin-limites-en-el-crea-el-parque-%f0%9f%8e%ad%e2%9c%a8\/#primaryimage\",\"url\":\"https:\/\/www.crea.gov.co\/crea-el-parque\/wp-content\/uploads\/sites\/3\/2026\/03\/8d6e9826-0dc0-4ed7-8218-d9af5e3871f6.jpg\",\"contentUrl\":\"https:\/\/www.crea.gov.co\/crea-el-parque\/wp-content\/uploads\/sites\/3\/2026\/03\/8d6e9826-0dc0-4ed7-8218-d9af5e3871f6.jpg\",\"width\":1151,\"height\":778},{\"@type\":\"BreadcrumbList\",\"@id\":\"https:\/\/www.crea.gov.co\/crea-el-parque\/%f0%9f%8c%9f%f0%9f%8e%a8-descubre-tu-talento-y-crea-sin-limites-en-el-crea-el-parque-%f0%9f%8e%ad%e2%9c%a8\/#breadcrumb\",\"itemListElement\":[{\"@type\":\"ListItem\",\"position\":1,\"name\":\"Home\",\"item\":\"https:\/\/www.crea.gov.co\/crea-el-parque\/\"},{\"@type\":\"ListItem\",\"position\":2,\"name\":\"\ud83c\udf1f\ud83c\udfa8 \u00a1Descubre tu talento y crea sin l\u00edmites en el Crea El Parque! \ud83c\udfad\u2728\"}]},{\"@type\":\"WebSite\",\"@id\":\"https:\/\/www.crea.gov.co\/crea-el-parque\/#website\",\"url\":\"https:\/\/www.crea.gov.co\/crea-el-parque\/\",\"name\":\"Crea El Parque\",\"description\":\"En medio del Parque Nacional hay un espacio para hacer arte, respirar distinto y compartir con otros. Hace parte del Bloque Pedag\u00f3gico, un complejo cultural pensado para explorar y encontrarse. All\u00ed, ni\u00f1as, ni\u00f1os, j\u00f3venes y personas adultas encuentran un lugar tranquilo para imaginar, crear y estar rodeados de \u00e1rboles altos y aire fresco, justo en el coraz\u00f3n de la ciudad.\",\"potentialAction\":[{\"@type\":\"SearchAction\",\"target\":{\"@type\":\"EntryPoint\",\"urlTemplate\":\"https:\/\/www.crea.gov.co\/crea-el-parque\/?s={search_term_string}\"},\"query-input\":{\"@type\":\"PropertyValueSpecification\",\"valueRequired\":true,\"valueName\":\"search_term_string\"}}],\"inLanguage\":\"es-CO\"},{\"@type\":\"Person\",\"@id\":\"https:\/\/www.crea.gov.co\/crea-el-parque\/#\/schema\/person\/6e96d88ea9e6c60ab90e8019d18db1d2\",\"name\":\"creaelparque\",\"image\":{\"@type\":\"ImageObject\",\"inLanguage\":\"es-CO\",\"@id\":\"https:\/\/www.crea.gov.co\/crea-el-parque\/#\/schema\/person\/image\/\",\"url\":\"https:\/\/secure.gravatar.com\/avatar\/2e3730814a61080c5ee96e9decb45f91?s=96&d=mm&r=g\",\"contentUrl\":\"https:\/\/secure.gravatar.com\/avatar\/2e3730814a61080c5ee96e9decb45f91?s=96&d=mm&r=g\",\"caption\":\"creaelparque\"},\"url\":\"https:\/\/www.crea.gov.co\/crea-el-parque\/author\/creaelparque\/\"}]}<\/script>\n<!-- \/ Yoast SEO plugin. -->","yoast_head_json":{"title":"\ud83c\udf1f\ud83c\udfa8 \u00a1Descubre tu talento y crea sin l\u00edmites en el Crea El Parque! \ud83c\udfad\u2728 - Crea El Parque","robots":{"index":"index","follow":"follow","max-snippet":"max-snippet:-1","max-image-preview":"max-image-preview:large","max-video-preview":"max-video-preview:-1"},"canonical":"https:\/\/www.crea.gov.co\/crea-el-parque\/\ud83c\udf1f\ud83c\udfa8-descubre-tu-talento-y-crea-sin-limites-en-el-crea-el-parque-\ud83c\udfad\u2728\/","og_locale":"es_ES","og_type":"article","og_title":"\ud83c\udf1f\ud83c\udfa8 \u00a1Descubre tu talento y crea sin l\u00edmites en el Crea El Parque! \ud83c\udfad\u2728 - Crea El Parque","og_description":"En el Crea El Parque, ubicado en el coraz\u00f3n del Parque Nacional \ud83c\udf33, hay un espacio lleno de arte, aprendizaje y diversi\u00f3n esper\u00e1ndote. \ud83d\udca5 \ud83d\udc68\u200d\ud83d\udc69\u200d\ud83d\udc67\u200d\ud83d\udc66 Si tienes m\u00e1s de 6 a\u00f1os, \u00a1esta es tu oportunidad! Disfruta de formaci\u00f3n art\u00edstica gratuita y de alta calidad en diferentes \u00e1reas para explorar tu talento y dejar volar tu [&hellip;]","og_url":"https:\/\/www.crea.gov.co\/crea-el-parque\/\ud83c\udf1f\ud83c\udfa8-descubre-tu-talento-y-crea-sin-limites-en-el-crea-el-parque-\ud83c\udfad\u2728\/","og_site_name":"Crea El Parque","article_published_time":"2026-03-30T20:30:22+00:00","og_image":[{"width":1151,"height":778,"url":"https:\/\/www.crea.gov.co\/crea-el-parque\/wp-content\/uploads\/sites\/3\/2026\/03\/8d6e9826-0dc0-4ed7-8218-d9af5e3871f6.jpg","type":"image\/jpeg"}],"author":"creaelparque","twitter_card":"summary_large_image","twitter_misc":{"Escrito por":"creaelparque","Tiempo de lectura":"2 minutos"},"schema":{"@context":"https:\/\/schema.org","@graph":[{"@type":"WebPage","@id":"https:\/\/www.crea.gov.co\/crea-el-parque\/%f0%9f%8c%9f%f0%9f%8e%a8-descubre-tu-talento-y-crea-sin-limites-en-el-crea-el-parque-%f0%9f%8e%ad%e2%9c%a8\/","url":"https:\/\/www.crea.gov.co\/crea-el-parque\/%f0%9f%8c%9f%f0%9f%8e%a8-descubre-tu-talento-y-crea-sin-limites-en-el-crea-el-parque-%f0%9f%8e%ad%e2%9c%a8\/","name":"\ud83c\udf1f\ud83c\udfa8 \u00a1Descubre tu talento y crea sin l\u00edmites en el Crea El Parque! \ud83c\udfad\u2728 - Crea El Parque","isPartOf":{"@id":"https:\/\/www.crea.gov.co\/crea-el-parque\/#website"},"primaryImageOfPage":{"@id":"https:\/\/www.crea.gov.co\/crea-el-parque\/%f0%9f%8c%9f%f0%9f%8e%a8-descubre-tu-talento-y-crea-sin-limites-en-el-crea-el-parque-%f0%9f%8e%ad%e2%9c%a8\/#primaryimage"},"image":{"@id":"https:\/\/www.crea.gov.co\/crea-el-parque\/%f0%9f%8c%9f%f0%9f%8e%a8-descubre-tu-talento-y-crea-sin-limites-en-el-crea-el-parque-%f0%9f%8e%ad%e2%9c%a8\/#primaryimage"},"thumbnailUrl":"https:\/\/www.crea.gov.co\/crea-el-parque\/wp-content\/uploads\/sites\/3\/2026\/03\/8d6e9826-0dc0-4ed7-8218-d9af5e3871f6.jpg","datePublished":"2026-03-30T20:30:22+00:00","author":{"@id":"https:\/\/www.crea.gov.co\/crea-el-parque\/#\/schema\/person\/6e96d88ea9e6c60ab90e8019d18db1d2"},"breadcrumb":{"@id":"https:\/\/www.crea.gov.co\/crea-el-parque\/%f0%9f%8c%9f%f0%9f%8e%a8-descubre-tu-talento-y-crea-sin-limites-en-el-crea-el-parque-%f0%9f%8e%ad%e2%9c%a8\/#breadcrumb"},"inLanguage":"es-CO","potentialAction":[{"@type":"ReadAction","target":["https:\/\/www.crea.gov.co\/crea-el-parque\/%f0%9f%8c%9f%f0%9f%8e%a8-descubre-tu-talento-y-crea-sin-limites-en-el-crea-el-parque-%f0%9f%8e%ad%e2%9c%a8\/"]}]},{"@type":"ImageObject","inLanguage":"es-CO","@id":"https:\/\/www.crea.gov.co\/crea-el-parque\/%f0%9f%8c%9f%f0%9f%8e%a8-descubre-tu-talento-y-crea-sin-limites-en-el-crea-el-parque-%f0%9f%8e%ad%e2%9c%a8\/#primaryimage","url":"https:\/\/www.crea.gov.co\/crea-el-parque\/wp-content\/uploads\/sites\/3\/2026\/03\/8d6e9826-0dc0-4ed7-8218-d9af5e3871f6.jpg","contentUrl":"https:\/\/www.crea.gov.co\/crea-el-parque\/wp-content\/uploads\/sites\/3\/2026\/03\/8d6e9826-0dc0-4ed7-8218-d9af5e3871f6.jpg","width":1151,"height":778},{"@type":"BreadcrumbList","@id":"https:\/\/www.crea.gov.co\/crea-el-parque\/%f0%9f%8c%9f%f0%9f%8e%a8-descubre-tu-talento-y-crea-sin-limites-en-el-crea-el-parque-%f0%9f%8e%ad%e2%9c%a8\/#breadcrumb","itemListElement":[{"@type":"ListItem","position":1,"name":"Home","item":"https:\/\/www.crea.gov.co\/crea-el-parque\/"},{"@type":"ListItem","position":2,"name":"\ud83c\udf1f\ud83c\udfa8 \u00a1Descubre tu talento y crea sin l\u00edmites en el Crea El Parque! \ud83c\udfad\u2728"}]},{"@type":"WebSite","@id":"https:\/\/www.crea.gov.co\/crea-el-parque\/#website","url":"https:\/\/www.crea.gov.co\/crea-el-parque\/","name":"Crea El Parque","description":"En medio del Parque Nacional hay un espacio para hacer arte, respirar distinto y compartir con otros. Hace parte del Bloque Pedag\u00f3gico, un complejo cultural pensado para explorar y encontrarse. All\u00ed, ni\u00f1as, ni\u00f1os, j\u00f3venes y personas adultas encuentran un lugar tranquilo para imaginar, crear y estar rodeados de \u00e1rboles altos y aire fresco, justo en el coraz\u00f3n de la ciudad.","potentialAction":[{"@type":"SearchAction","target":{"@type":"EntryPoint","urlTemplate":"https:\/\/www.crea.gov.co\/crea-el-parque\/?s={search_term_string}"},"query-input":{"@type":"PropertyValueSpecification","valueRequired":true,"valueName":"search_term_string"}}],"inLanguage":"es-CO"},{"@type":"Person","@id":"https:\/\/www.crea.gov.co\/crea-el-parque\/#\/schema\/person\/6e96d88ea9e6c60ab90e8019d18db1d2","name":"creaelparque","image":{"@type":"ImageObject","inLanguage":"es-CO","@id":"https:\/\/www.crea.gov.co\/crea-el-parque\/#\/schema\/person\/image\/","url":"https:\/\/secure.gravatar.com\/avatar\/2e3730814a61080c5ee96e9decb45f91?s=96&d=mm&r=g","contentUrl":"https:\/\/secure.gravatar.com\/avatar\/2e3730814a61080c5ee96e9decb45f91?s=96&d=mm&r=g","caption":"creaelparque"},"url":"https:\/\/www.crea.gov.co\/crea-el-parque\/author\/creaelparque\/"}]}},"_links":{"self":[{"href":"https:\/\/www.crea.gov.co\/crea-el-parque\/wp-json\/wp\/v2\/posts\/572","targetHints":{"allow":["GET"]}}],"collection":[{"href":"https:\/\/www.crea.gov.co\/crea-el-parque\/wp-json\/wp\/v2\/posts"}],"about":[{"href":"https:\/\/www.crea.gov.co\/crea-el-parque\/wp-json\/wp\/v2\/types\/post"}],"author":[{"embeddable":true,"href":"https:\/\/www.crea.gov.co\/crea-el-parque\/wp-json\/wp\/v2\/users\/84"}],"replies":[{"embeddable":true,"href":"https:\/\/www.crea.gov.co\/crea-el-parque\/wp-json\/wp\/v2\/comments?post=572"}],"version-history":[{"count":1,"href":"https:\/\/www.crea.gov.co\/crea-el-parque\/wp-json\/wp\/v2\/posts\/572\/revisions"}],"predecessor-version":[{"id":576,"href":"https:\/\/www.crea.gov.co\/crea-el-parque\/wp-json\/wp\/v2\/posts\/572\/revisions\/576"}],"wp:featuredmedia":[{"embeddable":true,"href":"https:\/\/www.crea.gov.co\/crea-el-parque\/wp-json\/wp\/v2\/media\/574"}],"wp:attachment":[{"href":"https:\/\/www.crea.gov.co\/crea-el-parque\/wp-json\/wp\/v2\/media?parent=572"}],"wp:term":[{"taxonomy":"category","embeddable":true,"href":"https:\/\/www.crea.gov.co\/crea-el-parque\/wp-json\/wp\/v2\/categories?post=572"},{"taxonomy":"post_tag","embeddable":true,"href":"https:\/\/www.crea.gov.co\/crea-el-parque\/wp-json\/wp\/v2\/tags?post=572"}],"curies":[{"name":"wp","href":"https:\/\/api.w.org\/{rel}","templated":true}]}}