{"id":555,"date":"2026-02-03T17:36:02","date_gmt":"2026-02-03T17:36:02","guid":{"rendered":"https:\/\/www.crea.gov.co\/crea-el-parque\/?p=555"},"modified":"2026-02-03T17:36:02","modified_gmt":"2026-02-03T17:36:02","slug":"%f0%9f%8e%a8%e2%9c%a8-el-crea-el-parque-vuelve-a-abrir-sus-puertas-para-toda-la-comunidad-de-bogota","status":"publish","type":"post","link":"https:\/\/www.crea.gov.co\/crea-el-parque\/%f0%9f%8e%a8%e2%9c%a8-el-crea-el-parque-vuelve-a-abrir-sus-puertas-para-toda-la-comunidad-de-bogota\/","title":{"rendered":"\ud83c\udfa8\u2728 El Crea El Parque vuelve a abrir sus puertas para toda la comunidad de Bogot\u00e1"},"content":{"rendered":"<div class=\"wp-block-image\">\n<figure class=\"aligncenter size-large is-resized\"><img loading=\"lazy\" decoding=\"async\" width=\"1024\" height=\"768\" src=\"https:\/\/www.crea.gov.co\/crea-el-parque\/wp-content\/uploads\/sites\/3\/2026\/02\/3e5663cc-dd8b-4fcb-bfc5-0cbad7c82395-1024x768.jpg\" alt=\"\" class=\"wp-image-556\" style=\"width:618px;height:auto\" srcset=\"https:\/\/www.crea.gov.co\/crea-el-parque\/wp-content\/uploads\/sites\/3\/2026\/02\/3e5663cc-dd8b-4fcb-bfc5-0cbad7c82395-1024x768.jpg 1024w, https:\/\/www.crea.gov.co\/crea-el-parque\/wp-content\/uploads\/sites\/3\/2026\/02\/3e5663cc-dd8b-4fcb-bfc5-0cbad7c82395-300x225.jpg 300w, https:\/\/www.crea.gov.co\/crea-el-parque\/wp-content\/uploads\/sites\/3\/2026\/02\/3e5663cc-dd8b-4fcb-bfc5-0cbad7c82395-768x576.jpg 768w, https:\/\/www.crea.gov.co\/crea-el-parque\/wp-content\/uploads\/sites\/3\/2026\/02\/3e5663cc-dd8b-4fcb-bfc5-0cbad7c82395-1536x1152.jpg 1536w, https:\/\/www.crea.gov.co\/crea-el-parque\/wp-content\/uploads\/sites\/3\/2026\/02\/3e5663cc-dd8b-4fcb-bfc5-0cbad7c82395.jpg 1600w\" sizes=\"auto, (max-width: 1024px) 100vw, 1024px\" \/><\/figure><\/div>\n\n\n<p>!Tenemos una noticia que nos llena de alegr\u00eda! El Crea El Parque abre nuevamente sus puertas y quiere recibir a toda la comunidad de Bogot\u00e1 con una incre\u00edble oferta de talleres de formaci\u00f3n art\u00edstica gratuitos y de alta calidad, pensados para ni\u00f1as, ni\u00f1os, j\u00f3venes y personas adultas a partir de los 6 a\u00f1os de edad.<\/p>\n\n\n\n<p>Este centro de formaci\u00f3n es un espacio vivo, en el coraz\u00f3n del Parque Nacional, donde el arte se convierte en una oportunidad para explorar la creatividad, fortalecer habilidades y encontrarse con otras personas a trav\u00e9s de la m\u00fasica, el teatro, la danza, las artes pl\u00e1sticas,  la creaci\u00f3n digital, la literatura, y la creaci\u00f3n audiovisual. No importa si eres principiante o si ya tienes experiencia: aqu\u00ed hay un lugar para ti.<\/p>\n\n\n<div class=\"wp-block-image\">\n<figure class=\"aligncenter size-large is-resized\"><img loading=\"lazy\" decoding=\"async\" width=\"768\" height=\"1024\" src=\"https:\/\/www.crea.gov.co\/crea-el-parque\/wp-content\/uploads\/sites\/3\/2026\/02\/254d38f8-b4c0-4e5e-8547-52702eab4a80-768x1024.jpg\" alt=\"\" class=\"wp-image-557\" style=\"width:532px;height:auto\" srcset=\"https:\/\/www.crea.gov.co\/crea-el-parque\/wp-content\/uploads\/sites\/3\/2026\/02\/254d38f8-b4c0-4e5e-8547-52702eab4a80-768x1024.jpg 768w, https:\/\/www.crea.gov.co\/crea-el-parque\/wp-content\/uploads\/sites\/3\/2026\/02\/254d38f8-b4c0-4e5e-8547-52702eab4a80-225x300.jpg 225w, https:\/\/www.crea.gov.co\/crea-el-parque\/wp-content\/uploads\/sites\/3\/2026\/02\/254d38f8-b4c0-4e5e-8547-52702eab4a80-1152x1536.jpg 1152w, https:\/\/www.crea.gov.co\/crea-el-parque\/wp-content\/uploads\/sites\/3\/2026\/02\/254d38f8-b4c0-4e5e-8547-52702eab4a80.jpg 1200w\" sizes=\"auto, (max-width: 768px) 100vw, 768px\" \/><\/figure><\/div>\n\n\n<p>Nos encuentras en el Crea El Parque, ubicado en la<br>Cra. 5 # 36 \u2013 21, Parque Nacional.<\/p>\n\n\n\n<h3 class=\"wp-block-heading\">\ud83d\udcf2 \u00bfC\u00f3mo obtener m\u00e1s informaci\u00f3n o inscribirte?<\/h3>\n\n\n\n<p>Puedes conocer toda la oferta y resolver tus dudas a trav\u00e9s de los siguientes canales:<\/p>\n\n\n\n<ul class=\"wp-block-list\">\n<li>\ud83c\udf10 P\u00e1gina web: <strong><a>www.crea.gov.co<\/a><\/strong><\/li>\n\n\n\n<li>\u260e\ufe0f Tel\u00e9fonos: (601) 379 57 50 \u2013 Ext. 5110<\/li>\n\n\n\n<li>\ud83d\udce7 Correo electr\u00f3nico: <strong><a>crea.elparque@idartes.gov.co<\/a><\/strong><\/li>\n\n\n\n<li>\ud83c\udfeb O visit\u00e1ndonos directamente en el centro de formaci\u00f3n<\/li>\n<\/ul>\n\n\n\n<h3 class=\"wp-block-heading\">El proceso es muy sencillo. Solo necesitas presentar:<\/h3>\n\n\n\n<ul class=\"wp-block-list\">\n<li>Documento de identidad<\/li>\n\n\n\n<li>Certificado de afiliaci\u00f3n vigente a EPS o Sisb\u00e9n<\/li>\n\n\n\n<li>Un recibo de servicio p\u00fablico<\/li>\n<\/ul>\n\n\n\n<h3 class=\"wp-block-heading\">\ud83d\udc9b \u00a1Te esperamos!<\/h3>\n\n\n\n<p>El arte transforma, conecta y nos ayuda a crecer como personas. La formaci\u00f3n art\u00edstica es una herramienta fundamental para el desarrollo integral del ser humano, porque fortalece la sensibilidad, la creatividad, la expresi\u00f3n emocional y la construcci\u00f3n de comunidad.<\/p>\n\n\n\n<p>\u2728 <strong>Ven, crea, sue\u00f1a y aprende con nosotros. El arte siempre es un buen lugar para comenzar.<\/strong> \u2728<\/p>\n\n\n<div class=\"wp-block-image\">\n<figure class=\"aligncenter size-large is-resized\"><img loading=\"lazy\" decoding=\"async\" width=\"1024\" height=\"768\" src=\"https:\/\/www.crea.gov.co\/crea-el-parque\/wp-content\/uploads\/sites\/3\/2026\/02\/f7a6094d-1132-47f2-a5b5-c548809655b5-1024x768.jpg\" alt=\"\" class=\"wp-image-558\" style=\"width:640px;height:auto\" srcset=\"https:\/\/www.crea.gov.co\/crea-el-parque\/wp-content\/uploads\/sites\/3\/2026\/02\/f7a6094d-1132-47f2-a5b5-c548809655b5-1024x768.jpg 1024w, https:\/\/www.crea.gov.co\/crea-el-parque\/wp-content\/uploads\/sites\/3\/2026\/02\/f7a6094d-1132-47f2-a5b5-c548809655b5-300x225.jpg 300w, https:\/\/www.crea.gov.co\/crea-el-parque\/wp-content\/uploads\/sites\/3\/2026\/02\/f7a6094d-1132-47f2-a5b5-c548809655b5-768x576.jpg 768w, https:\/\/www.crea.gov.co\/crea-el-parque\/wp-content\/uploads\/sites\/3\/2026\/02\/f7a6094d-1132-47f2-a5b5-c548809655b5-1536x1152.jpg 1536w, https:\/\/www.crea.gov.co\/crea-el-parque\/wp-content\/uploads\/sites\/3\/2026\/02\/f7a6094d-1132-47f2-a5b5-c548809655b5.jpg 1600w\" sizes=\"auto, (max-width: 1024px) 100vw, 1024px\" \/><\/figure><\/div>","protected":false},"excerpt":{"rendered":"<p>!Tenemos una noticia que nos llena de alegr\u00eda! El Crea El Parque abre nuevamente sus puertas y quiere recibir a toda la comunidad de Bogot\u00e1 con una incre\u00edble oferta de talleres de formaci\u00f3n art\u00edstica gratuitos y de alta calidad, pensados para ni\u00f1as, ni\u00f1os, j\u00f3venes y personas adultas a partir de los 6 a\u00f1os de edad. [&hellip;]<\/p>\n","protected":false},"author":84,"featured_media":556,"comment_status":"open","ping_status":"open","sticky":false,"template":"","format":"standard","meta":{"footnotes":""},"categories":[1],"tags":[],"class_list":["post-555","post","type-post","status-publish","format-standard","has-post-thumbnail","hentry","category-sin-categoria"],"yoast_head":"<!-- This site is optimized with the Yoast SEO plugin v24.5 - https:\/\/yoast.com\/wordpress\/plugins\/seo\/ -->\n<title>\ud83c\udfa8\u2728 El Crea El Parque vuelve a abrir sus puertas para toda la comunidad de Bogot\u00e1 - Crea El Parque<\/title>\n<meta name=\"robots\" content=\"index, follow, max-snippet:-1, max-image-preview:large, max-video-preview:-1\" \/>\n<link rel=\"canonical\" href=\"https:\/\/www.crea.gov.co\/crea-el-parque\/\ud83c\udfa8\u2728-el-crea-el-parque-vuelve-a-abrir-sus-puertas-para-toda-la-comunidad-de-bogota\/\" \/>\n<meta property=\"og:locale\" content=\"es_ES\" \/>\n<meta property=\"og:type\" content=\"article\" \/>\n<meta property=\"og:title\" content=\"\ud83c\udfa8\u2728 El Crea El Parque vuelve a abrir sus puertas para toda la comunidad de Bogot\u00e1 - Crea El Parque\" \/>\n<meta property=\"og:description\" content=\"!Tenemos una noticia que nos llena de alegr\u00eda! El Crea El Parque abre nuevamente sus puertas y quiere recibir a toda la comunidad de Bogot\u00e1 con una incre\u00edble oferta de talleres de formaci\u00f3n art\u00edstica gratuitos y de alta calidad, pensados para ni\u00f1as, ni\u00f1os, j\u00f3venes y personas adultas a partir de los 6 a\u00f1os de edad. [&hellip;]\" \/>\n<meta property=\"og:url\" content=\"https:\/\/www.crea.gov.co\/crea-el-parque\/\ud83c\udfa8\u2728-el-crea-el-parque-vuelve-a-abrir-sus-puertas-para-toda-la-comunidad-de-bogota\/\" \/>\n<meta property=\"og:site_name\" content=\"Crea El Parque\" \/>\n<meta property=\"article:published_time\" content=\"2026-02-03T17:36:02+00:00\" \/>\n<meta property=\"og:image\" content=\"https:\/\/www.crea.gov.co\/crea-el-parque\/wp-content\/uploads\/sites\/3\/2026\/02\/3e5663cc-dd8b-4fcb-bfc5-0cbad7c82395.jpg\" \/>\n\t<meta property=\"og:image:width\" content=\"1600\" \/>\n\t<meta property=\"og:image:height\" content=\"1200\" \/>\n\t<meta property=\"og:image:type\" content=\"image\/jpeg\" \/>\n<meta name=\"author\" content=\"creaelparque\" \/>\n<meta name=\"twitter:card\" content=\"summary_large_image\" \/>\n<meta name=\"twitter:label1\" content=\"Escrito por\" \/>\n\t<meta name=\"twitter:data1\" content=\"creaelparque\" \/>\n\t<meta name=\"twitter:label2\" content=\"Tiempo de lectura\" \/>\n\t<meta name=\"twitter:data2\" content=\"3 minutos\" \/>\n<script type=\"application\/ld+json\" class=\"yoast-schema-graph\">{\"@context\":\"https:\/\/schema.org\",\"@graph\":[{\"@type\":\"WebPage\",\"@id\":\"https:\/\/www.crea.gov.co\/crea-el-parque\/%f0%9f%8e%a8%e2%9c%a8-el-crea-el-parque-vuelve-a-abrir-sus-puertas-para-toda-la-comunidad-de-bogota\/\",\"url\":\"https:\/\/www.crea.gov.co\/crea-el-parque\/%f0%9f%8e%a8%e2%9c%a8-el-crea-el-parque-vuelve-a-abrir-sus-puertas-para-toda-la-comunidad-de-bogota\/\",\"name\":\"\ud83c\udfa8\u2728 El Crea El Parque vuelve a abrir sus puertas para toda la comunidad de Bogot\u00e1 - Crea El Parque\",\"isPartOf\":{\"@id\":\"https:\/\/www.crea.gov.co\/crea-el-parque\/#website\"},\"primaryImageOfPage\":{\"@id\":\"https:\/\/www.crea.gov.co\/crea-el-parque\/%f0%9f%8e%a8%e2%9c%a8-el-crea-el-parque-vuelve-a-abrir-sus-puertas-para-toda-la-comunidad-de-bogota\/#primaryimage\"},\"image\":{\"@id\":\"https:\/\/www.crea.gov.co\/crea-el-parque\/%f0%9f%8e%a8%e2%9c%a8-el-crea-el-parque-vuelve-a-abrir-sus-puertas-para-toda-la-comunidad-de-bogota\/#primaryimage\"},\"thumbnailUrl\":\"https:\/\/www.crea.gov.co\/crea-el-parque\/wp-content\/uploads\/sites\/3\/2026\/02\/3e5663cc-dd8b-4fcb-bfc5-0cbad7c82395.jpg\",\"datePublished\":\"2026-02-03T17:36:02+00:00\",\"author\":{\"@id\":\"https:\/\/www.crea.gov.co\/crea-el-parque\/#\/schema\/person\/6e96d88ea9e6c60ab90e8019d18db1d2\"},\"breadcrumb\":{\"@id\":\"https:\/\/www.crea.gov.co\/crea-el-parque\/%f0%9f%8e%a8%e2%9c%a8-el-crea-el-parque-vuelve-a-abrir-sus-puertas-para-toda-la-comunidad-de-bogota\/#breadcrumb\"},\"inLanguage\":\"es-CO\",\"potentialAction\":[{\"@type\":\"ReadAction\",\"target\":[\"https:\/\/www.crea.gov.co\/crea-el-parque\/%f0%9f%8e%a8%e2%9c%a8-el-crea-el-parque-vuelve-a-abrir-sus-puertas-para-toda-la-comunidad-de-bogota\/\"]}]},{\"@type\":\"ImageObject\",\"inLanguage\":\"es-CO\",\"@id\":\"https:\/\/www.crea.gov.co\/crea-el-parque\/%f0%9f%8e%a8%e2%9c%a8-el-crea-el-parque-vuelve-a-abrir-sus-puertas-para-toda-la-comunidad-de-bogota\/#primaryimage\",\"url\":\"https:\/\/www.crea.gov.co\/crea-el-parque\/wp-content\/uploads\/sites\/3\/2026\/02\/3e5663cc-dd8b-4fcb-bfc5-0cbad7c82395.jpg\",\"contentUrl\":\"https:\/\/www.crea.gov.co\/crea-el-parque\/wp-content\/uploads\/sites\/3\/2026\/02\/3e5663cc-dd8b-4fcb-bfc5-0cbad7c82395.jpg\",\"width\":1600,\"height\":1200},{\"@type\":\"BreadcrumbList\",\"@id\":\"https:\/\/www.crea.gov.co\/crea-el-parque\/%f0%9f%8e%a8%e2%9c%a8-el-crea-el-parque-vuelve-a-abrir-sus-puertas-para-toda-la-comunidad-de-bogota\/#breadcrumb\",\"itemListElement\":[{\"@type\":\"ListItem\",\"position\":1,\"name\":\"Home\",\"item\":\"https:\/\/www.crea.gov.co\/crea-el-parque\/\"},{\"@type\":\"ListItem\",\"position\":2,\"name\":\"\ud83c\udfa8\u2728 El Crea El Parque vuelve a abrir sus puertas para toda la comunidad de Bogot\u00e1\"}]},{\"@type\":\"WebSite\",\"@id\":\"https:\/\/www.crea.gov.co\/crea-el-parque\/#website\",\"url\":\"https:\/\/www.crea.gov.co\/crea-el-parque\/\",\"name\":\"Crea El Parque\",\"description\":\"En medio del Parque Nacional hay un espacio para hacer arte, respirar distinto y compartir con otros. Hace parte del Bloque Pedag\u00f3gico, un complejo cultural pensado para explorar y encontrarse. All\u00ed, ni\u00f1as, ni\u00f1os, j\u00f3venes y personas adultas encuentran un lugar tranquilo para imaginar, crear y estar rodeados de \u00e1rboles altos y aire fresco, justo en el coraz\u00f3n de la ciudad.\",\"potentialAction\":[{\"@type\":\"SearchAction\",\"target\":{\"@type\":\"EntryPoint\",\"urlTemplate\":\"https:\/\/www.crea.gov.co\/crea-el-parque\/?s={search_term_string}\"},\"query-input\":{\"@type\":\"PropertyValueSpecification\",\"valueRequired\":true,\"valueName\":\"search_term_string\"}}],\"inLanguage\":\"es-CO\"},{\"@type\":\"Person\",\"@id\":\"https:\/\/www.crea.gov.co\/crea-el-parque\/#\/schema\/person\/6e96d88ea9e6c60ab90e8019d18db1d2\",\"name\":\"creaelparque\",\"image\":{\"@type\":\"ImageObject\",\"inLanguage\":\"es-CO\",\"@id\":\"https:\/\/www.crea.gov.co\/crea-el-parque\/#\/schema\/person\/image\/\",\"url\":\"https:\/\/secure.gravatar.com\/avatar\/2e3730814a61080c5ee96e9decb45f91?s=96&d=mm&r=g\",\"contentUrl\":\"https:\/\/secure.gravatar.com\/avatar\/2e3730814a61080c5ee96e9decb45f91?s=96&d=mm&r=g\",\"caption\":\"creaelparque\"},\"url\":\"https:\/\/www.crea.gov.co\/crea-el-parque\/author\/creaelparque\/\"}]}<\/script>\n<!-- \/ Yoast SEO plugin. -->","yoast_head_json":{"title":"\ud83c\udfa8\u2728 El Crea El Parque vuelve a abrir sus puertas para toda la comunidad de Bogot\u00e1 - Crea El Parque","robots":{"index":"index","follow":"follow","max-snippet":"max-snippet:-1","max-image-preview":"max-image-preview:large","max-video-preview":"max-video-preview:-1"},"canonical":"https:\/\/www.crea.gov.co\/crea-el-parque\/\ud83c\udfa8\u2728-el-crea-el-parque-vuelve-a-abrir-sus-puertas-para-toda-la-comunidad-de-bogota\/","og_locale":"es_ES","og_type":"article","og_title":"\ud83c\udfa8\u2728 El Crea El Parque vuelve a abrir sus puertas para toda la comunidad de Bogot\u00e1 - Crea El Parque","og_description":"!Tenemos una noticia que nos llena de alegr\u00eda! El Crea El Parque abre nuevamente sus puertas y quiere recibir a toda la comunidad de Bogot\u00e1 con una incre\u00edble oferta de talleres de formaci\u00f3n art\u00edstica gratuitos y de alta calidad, pensados para ni\u00f1as, ni\u00f1os, j\u00f3venes y personas adultas a partir de los 6 a\u00f1os de edad. [&hellip;]","og_url":"https:\/\/www.crea.gov.co\/crea-el-parque\/\ud83c\udfa8\u2728-el-crea-el-parque-vuelve-a-abrir-sus-puertas-para-toda-la-comunidad-de-bogota\/","og_site_name":"Crea El Parque","article_published_time":"2026-02-03T17:36:02+00:00","og_image":[{"width":1600,"height":1200,"url":"https:\/\/www.crea.gov.co\/crea-el-parque\/wp-content\/uploads\/sites\/3\/2026\/02\/3e5663cc-dd8b-4fcb-bfc5-0cbad7c82395.jpg","type":"image\/jpeg"}],"author":"creaelparque","twitter_card":"summary_large_image","twitter_misc":{"Escrito por":"creaelparque","Tiempo de lectura":"3 minutos"},"schema":{"@context":"https:\/\/schema.org","@graph":[{"@type":"WebPage","@id":"https:\/\/www.crea.gov.co\/crea-el-parque\/%f0%9f%8e%a8%e2%9c%a8-el-crea-el-parque-vuelve-a-abrir-sus-puertas-para-toda-la-comunidad-de-bogota\/","url":"https:\/\/www.crea.gov.co\/crea-el-parque\/%f0%9f%8e%a8%e2%9c%a8-el-crea-el-parque-vuelve-a-abrir-sus-puertas-para-toda-la-comunidad-de-bogota\/","name":"\ud83c\udfa8\u2728 El Crea El Parque vuelve a abrir sus puertas para toda la comunidad de Bogot\u00e1 - Crea El Parque","isPartOf":{"@id":"https:\/\/www.crea.gov.co\/crea-el-parque\/#website"},"primaryImageOfPage":{"@id":"https:\/\/www.crea.gov.co\/crea-el-parque\/%f0%9f%8e%a8%e2%9c%a8-el-crea-el-parque-vuelve-a-abrir-sus-puertas-para-toda-la-comunidad-de-bogota\/#primaryimage"},"image":{"@id":"https:\/\/www.crea.gov.co\/crea-el-parque\/%f0%9f%8e%a8%e2%9c%a8-el-crea-el-parque-vuelve-a-abrir-sus-puertas-para-toda-la-comunidad-de-bogota\/#primaryimage"},"thumbnailUrl":"https:\/\/www.crea.gov.co\/crea-el-parque\/wp-content\/uploads\/sites\/3\/2026\/02\/3e5663cc-dd8b-4fcb-bfc5-0cbad7c82395.jpg","datePublished":"2026-02-03T17:36:02+00:00","author":{"@id":"https:\/\/www.crea.gov.co\/crea-el-parque\/#\/schema\/person\/6e96d88ea9e6c60ab90e8019d18db1d2"},"breadcrumb":{"@id":"https:\/\/www.crea.gov.co\/crea-el-parque\/%f0%9f%8e%a8%e2%9c%a8-el-crea-el-parque-vuelve-a-abrir-sus-puertas-para-toda-la-comunidad-de-bogota\/#breadcrumb"},"inLanguage":"es-CO","potentialAction":[{"@type":"ReadAction","target":["https:\/\/www.crea.gov.co\/crea-el-parque\/%f0%9f%8e%a8%e2%9c%a8-el-crea-el-parque-vuelve-a-abrir-sus-puertas-para-toda-la-comunidad-de-bogota\/"]}]},{"@type":"ImageObject","inLanguage":"es-CO","@id":"https:\/\/www.crea.gov.co\/crea-el-parque\/%f0%9f%8e%a8%e2%9c%a8-el-crea-el-parque-vuelve-a-abrir-sus-puertas-para-toda-la-comunidad-de-bogota\/#primaryimage","url":"https:\/\/www.crea.gov.co\/crea-el-parque\/wp-content\/uploads\/sites\/3\/2026\/02\/3e5663cc-dd8b-4fcb-bfc5-0cbad7c82395.jpg","contentUrl":"https:\/\/www.crea.gov.co\/crea-el-parque\/wp-content\/uploads\/sites\/3\/2026\/02\/3e5663cc-dd8b-4fcb-bfc5-0cbad7c82395.jpg","width":1600,"height":1200},{"@type":"BreadcrumbList","@id":"https:\/\/www.crea.gov.co\/crea-el-parque\/%f0%9f%8e%a8%e2%9c%a8-el-crea-el-parque-vuelve-a-abrir-sus-puertas-para-toda-la-comunidad-de-bogota\/#breadcrumb","itemListElement":[{"@type":"ListItem","position":1,"name":"Home","item":"https:\/\/www.crea.gov.co\/crea-el-parque\/"},{"@type":"ListItem","position":2,"name":"\ud83c\udfa8\u2728 El Crea El Parque vuelve a abrir sus puertas para toda la comunidad de Bogot\u00e1"}]},{"@type":"WebSite","@id":"https:\/\/www.crea.gov.co\/crea-el-parque\/#website","url":"https:\/\/www.crea.gov.co\/crea-el-parque\/","name":"Crea El Parque","description":"En medio del Parque Nacional hay un espacio para hacer arte, respirar distinto y compartir con otros. Hace parte del Bloque Pedag\u00f3gico, un complejo cultural pensado para explorar y encontrarse. All\u00ed, ni\u00f1as, ni\u00f1os, j\u00f3venes y personas adultas encuentran un lugar tranquilo para imaginar, crear y estar rodeados de \u00e1rboles altos y aire fresco, justo en el coraz\u00f3n de la ciudad.","potentialAction":[{"@type":"SearchAction","target":{"@type":"EntryPoint","urlTemplate":"https:\/\/www.crea.gov.co\/crea-el-parque\/?s={search_term_string}"},"query-input":{"@type":"PropertyValueSpecification","valueRequired":true,"valueName":"search_term_string"}}],"inLanguage":"es-CO"},{"@type":"Person","@id":"https:\/\/www.crea.gov.co\/crea-el-parque\/#\/schema\/person\/6e96d88ea9e6c60ab90e8019d18db1d2","name":"creaelparque","image":{"@type":"ImageObject","inLanguage":"es-CO","@id":"https:\/\/www.crea.gov.co\/crea-el-parque\/#\/schema\/person\/image\/","url":"https:\/\/secure.gravatar.com\/avatar\/2e3730814a61080c5ee96e9decb45f91?s=96&d=mm&r=g","contentUrl":"https:\/\/secure.gravatar.com\/avatar\/2e3730814a61080c5ee96e9decb45f91?s=96&d=mm&r=g","caption":"creaelparque"},"url":"https:\/\/www.crea.gov.co\/crea-el-parque\/author\/creaelparque\/"}]}},"_links":{"self":[{"href":"https:\/\/www.crea.gov.co\/crea-el-parque\/wp-json\/wp\/v2\/posts\/555","targetHints":{"allow":["GET"]}}],"collection":[{"href":"https:\/\/www.crea.gov.co\/crea-el-parque\/wp-json\/wp\/v2\/posts"}],"about":[{"href":"https:\/\/www.crea.gov.co\/crea-el-parque\/wp-json\/wp\/v2\/types\/post"}],"author":[{"embeddable":true,"href":"https:\/\/www.crea.gov.co\/crea-el-parque\/wp-json\/wp\/v2\/users\/84"}],"replies":[{"embeddable":true,"href":"https:\/\/www.crea.gov.co\/crea-el-parque\/wp-json\/wp\/v2\/comments?post=555"}],"version-history":[{"count":1,"href":"https:\/\/www.crea.gov.co\/crea-el-parque\/wp-json\/wp\/v2\/posts\/555\/revisions"}],"predecessor-version":[{"id":559,"href":"https:\/\/www.crea.gov.co\/crea-el-parque\/wp-json\/wp\/v2\/posts\/555\/revisions\/559"}],"wp:featuredmedia":[{"embeddable":true,"href":"https:\/\/www.crea.gov.co\/crea-el-parque\/wp-json\/wp\/v2\/media\/556"}],"wp:attachment":[{"href":"https:\/\/www.crea.gov.co\/crea-el-parque\/wp-json\/wp\/v2\/media?parent=555"}],"wp:term":[{"taxonomy":"category","embeddable":true,"href":"https:\/\/www.crea.gov.co\/crea-el-parque\/wp-json\/wp\/v2\/categories?post=555"},{"taxonomy":"post_tag","embeddable":true,"href":"https:\/\/www.crea.gov.co\/crea-el-parque\/wp-json\/wp\/v2\/tags?post=555"}],"curies":[{"name":"wp","href":"https:\/\/api.w.org\/{rel}","templated":true}]}}