{"id":447,"date":"2025-06-10T15:41:21","date_gmt":"2025-06-10T15:41:21","guid":{"rendered":"https:\/\/www.crea.gov.co\/crea-el-parque\/?p=447"},"modified":"2025-06-10T15:54:23","modified_gmt":"2025-06-10T15:54:23","slug":"talleres-gratuitos-de-literatura-y-artes-plasticas-crea-en-el-mambo","status":"publish","type":"post","link":"https:\/\/www.crea.gov.co\/crea-el-parque\/talleres-gratuitos-de-literatura-y-artes-plasticas-crea-en-el-mambo\/","title":{"rendered":"Talleres gratuitos de Literatura y Artes Pl\u00e1sticas &#8211; Crea en el MAMBO"},"content":{"rendered":"\n<p><strong>Un viaje de imaginaci\u00f3n y creatividad para ni\u00f1os y j\u00f3venes<\/strong><\/p>\n\n\n\n<p>Visitar el Museo de Arte Moderno de Bogot\u00e1 (MAMBO) es, sin duda, una experiencia enriquecedora. Su extraordinaria arquitectura, el juego constante de luz y sombra en su recorrido, y sus exposiciones siempre provocadoras convierten cada visita en un nuevo descubrimiento. Del <strong>24 de junio al 24 de julio<\/strong>, el Museo abrir\u00e1 a\u00fan m\u00e1s sus puertas a la imaginaci\u00f3n, la creaci\u00f3n y el aprendizaje con los talleres del <strong>Programa Crea<\/strong>, una invitaci\u00f3n para que los ni\u00f1os, las ni\u00f1as y j\u00f3venes se conecten con el arte desde la experiencia pr\u00e1ctica.<\/p>\n\n\n<div class=\"wp-block-image\">\n<figure class=\"aligncenter size-large is-resized\"><img loading=\"lazy\" decoding=\"async\" width=\"640\" height=\"853\" src=\"https:\/\/www.crea.gov.co\/crea-el-parque\/wp-content\/uploads\/sites\/3\/2025\/06\/28e86c30-f940-455c-99ae-a823033c69f5-1-edited.jpg\" alt=\"\" class=\"wp-image-451\" style=\"width:390px;height:auto\" srcset=\"https:\/\/www.crea.gov.co\/crea-el-parque\/wp-content\/uploads\/sites\/3\/2025\/06\/28e86c30-f940-455c-99ae-a823033c69f5-1-edited.jpg 640w, https:\/\/www.crea.gov.co\/crea-el-parque\/wp-content\/uploads\/sites\/3\/2025\/06\/28e86c30-f940-455c-99ae-a823033c69f5-1-edited-225x300.jpg 225w\" sizes=\"auto, (max-width: 640px) 100vw, 640px\" \/><\/figure><\/div>\n\n\n<p><\/p>\n\n\n\n<h3 class=\"wp-block-heading\">Taller de Objetos de Animaci\u00f3n: La magia del movimiento<\/h3>\n\n\n\n<p>Dirigido a ni\u00f1as y ni\u00f1os entre <strong>6 y 12 a\u00f1os<\/strong>, este taller es una puerta hacia el mundo fascinante de la animaci\u00f3n tradicional. A trav\u00e9s del juego, la exploraci\u00f3n y la experimentaci\u00f3n, los participantes descubrir\u00e1n c\u00f3mo crear la ilusi\u00f3n del movimiento construyendo sus propios dispositivos \u00f3pticos. Ser\u00e1 un espacio para so\u00f1ar con im\u00e1genes en movimiento y aprender los principios b\u00e1sicos detr\u00e1s de la animaci\u00f3n que vemos en pel\u00edculas y series.<\/p>\n\n\n\n<ul class=\"wp-block-list\">\n<li><strong>Horario:<\/strong> martes y jueves de 4:00 p.m. a 6:00 p.m.<\/li>\n<\/ul>\n\n\n\n<h3 class=\"wp-block-heading\">Taller de Literatura \u2013 <em>Pitonisas<\/em>: Voces del futuro<\/h3>\n\n\n\n<p>Para j\u00f3venes entre <strong>13 y 18 a\u00f1os<\/strong>, el taller <em>Pitonisas<\/em> ofrece una aproximaci\u00f3n \u00fanica a la literatura desde la figura de las mujeres visionarias. Inspirado en las antiguas sacerdotisas griegas que predec\u00edan el futuro, este espacio literario se adentra en la obra de autoras como <strong>Mary Shelley<\/strong> y <strong>Margaret Atwood<\/strong>, verdaderas pitonisas de la ciencia ficci\u00f3n y la especulaci\u00f3n literaria. Adem\u00e1s, se explorar\u00e1 el trabajo de escritoras colombianas recopiladas por la artista <strong>Mar\u00eda Isabel Rueda<\/strong>, enriqueciendo la mirada local sobre el g\u00e9nero.<\/p>\n\n\n\n<ul class=\"wp-block-list\">\n<li><strong>Horario:<\/strong> mi\u00e9rcoles de 4:00 p.m. a 6:00 p.m. y s\u00e1bados de 10:00 a.m. a 12:00 p.m.<\/li>\n<\/ul>\n\n\n\n<p><\/p>\n\n\n<div class=\"wp-block-image\">\n<figure class=\"aligncenter size-large is-resized\"><img loading=\"lazy\" decoding=\"async\" width=\"768\" height=\"1024\" src=\"https:\/\/www.crea.gov.co\/crea-el-parque\/wp-content\/uploads\/sites\/3\/2025\/06\/a962bfef-2242-420b-a576-d7a841f5f5f8-768x1024.jpg\" alt=\"\" class=\"wp-image-452\" style=\"width:365px;height:auto\" srcset=\"https:\/\/www.crea.gov.co\/crea-el-parque\/wp-content\/uploads\/sites\/3\/2025\/06\/a962bfef-2242-420b-a576-d7a841f5f5f8-768x1024.jpg 768w, https:\/\/www.crea.gov.co\/crea-el-parque\/wp-content\/uploads\/sites\/3\/2025\/06\/a962bfef-2242-420b-a576-d7a841f5f5f8-225x300.jpg 225w, https:\/\/www.crea.gov.co\/crea-el-parque\/wp-content\/uploads\/sites\/3\/2025\/06\/a962bfef-2242-420b-a576-d7a841f5f5f8.jpg 960w\" sizes=\"auto, (max-width: 768px) 100vw, 768px\" \/><\/figure><\/div>\n\n\n<hr class=\"wp-block-separator has-alpha-channel-opacity\" \/>\n\n\n\n<p><strong>Crea en el Museo<\/strong>, transforma tu manera de ver el arte y descubre lo que puedes construir con tu imaginaci\u00f3n. El MAMBO y el Programa Crea te invitan a ser parte de esta experiencia \u00fanica, donde el arte no solo se contempla: se vive, se toca y se crea.<\/p>\n\n\n\n<p><strong>Inscr\u00edbete y participa: <\/strong> <\/p>\n\n\n\n<p>Los talleres ser\u00e1n presenciales en el MAMBO<\/p>\n\n\n\n<p>Documentos para la inscripci\u00f3n:<\/p>\n\n\n\n<ul class=\"wp-block-list\">\n<li>Una copia de ambas caras del documento de identidad.<\/li>\n\n\n\n<li>Una copia de un recibo p\u00fablico 2025 con direcci\u00f3n y estrato legibles.<\/li>\n\n\n\n<li>Una copia del certificado vigente de afiliaci\u00f3n a salud 2025<\/li>\n<\/ul>\n\n\n\n<p>O lleva tus documentos al <\/p>\n\n\n\n<p>Crea El Parque <br>Bloque Pedag\u00f3gico Parque Nacional <br>(Cra. 5 #36 -21)<br><strong>\u00a1Te esperamos!<\/strong><\/p>\n","protected":false},"excerpt":{"rendered":"<p>Un viaje de imaginaci\u00f3n y creatividad para ni\u00f1os y j\u00f3venes Visitar el Museo de Arte Moderno de Bogot\u00e1 (MAMBO) es, sin duda, una experiencia enriquecedora. Su extraordinaria arquitectura, el juego constante de luz y sombra en su recorrido, y sus exposiciones siempre provocadoras convierten cada visita en un nuevo descubrimiento. Del 24 de junio al [&hellip;]<\/p>\n","protected":false},"author":84,"featured_media":452,"comment_status":"open","ping_status":"open","sticky":false,"template":"","format":"standard","meta":{"footnotes":""},"categories":[1],"tags":[],"class_list":["post-447","post","type-post","status-publish","format-standard","has-post-thumbnail","hentry","category-sin-categoria"],"yoast_head":"<!-- This site is optimized with the Yoast SEO plugin v24.5 - https:\/\/yoast.com\/wordpress\/plugins\/seo\/ -->\n<title>Talleres gratuitos de Literatura y Artes Pl\u00e1sticas - Crea en el MAMBO - Crea El Parque<\/title>\n<meta name=\"robots\" content=\"index, follow, max-snippet:-1, max-image-preview:large, max-video-preview:-1\" \/>\n<link rel=\"canonical\" href=\"https:\/\/www.crea.gov.co\/crea-el-parque\/talleres-gratuitos-de-literatura-y-artes-plasticas-crea-en-el-mambo\/\" \/>\n<meta property=\"og:locale\" content=\"es_ES\" \/>\n<meta property=\"og:type\" content=\"article\" \/>\n<meta property=\"og:title\" content=\"Talleres gratuitos de Literatura y Artes Pl\u00e1sticas - Crea en el MAMBO - Crea El Parque\" \/>\n<meta property=\"og:description\" content=\"Un viaje de imaginaci\u00f3n y creatividad para ni\u00f1os y j\u00f3venes Visitar el Museo de Arte Moderno de Bogot\u00e1 (MAMBO) es, sin duda, una experiencia enriquecedora. Su extraordinaria arquitectura, el juego constante de luz y sombra en su recorrido, y sus exposiciones siempre provocadoras convierten cada visita en un nuevo descubrimiento. Del 24 de junio al [&hellip;]\" \/>\n<meta property=\"og:url\" content=\"https:\/\/www.crea.gov.co\/crea-el-parque\/talleres-gratuitos-de-literatura-y-artes-plasticas-crea-en-el-mambo\/\" \/>\n<meta property=\"og:site_name\" content=\"Crea El Parque\" \/>\n<meta property=\"article:published_time\" content=\"2025-06-10T15:41:21+00:00\" \/>\n<meta property=\"article:modified_time\" content=\"2025-06-10T15:54:23+00:00\" \/>\n<meta property=\"og:image\" content=\"https:\/\/www.crea.gov.co\/crea-el-parque\/wp-content\/uploads\/sites\/3\/2025\/06\/a962bfef-2242-420b-a576-d7a841f5f5f8.jpg\" \/>\n\t<meta property=\"og:image:width\" content=\"960\" \/>\n\t<meta property=\"og:image:height\" content=\"1280\" \/>\n\t<meta property=\"og:image:type\" content=\"image\/jpeg\" \/>\n<meta name=\"author\" content=\"creaelparque\" \/>\n<meta name=\"twitter:card\" content=\"summary_large_image\" \/>\n<meta name=\"twitter:label1\" content=\"Escrito por\" \/>\n\t<meta name=\"twitter:data1\" content=\"creaelparque\" \/>\n\t<meta name=\"twitter:label2\" content=\"Tiempo de lectura\" \/>\n\t<meta name=\"twitter:data2\" content=\"3 minutos\" \/>\n<script type=\"application\/ld+json\" class=\"yoast-schema-graph\">{\"@context\":\"https:\/\/schema.org\",\"@graph\":[{\"@type\":\"WebPage\",\"@id\":\"https:\/\/www.crea.gov.co\/crea-el-parque\/talleres-gratuitos-de-literatura-y-artes-plasticas-crea-en-el-mambo\/\",\"url\":\"https:\/\/www.crea.gov.co\/crea-el-parque\/talleres-gratuitos-de-literatura-y-artes-plasticas-crea-en-el-mambo\/\",\"name\":\"Talleres gratuitos de Literatura y Artes Pl\u00e1sticas - Crea en el MAMBO - Crea El Parque\",\"isPartOf\":{\"@id\":\"https:\/\/www.crea.gov.co\/crea-el-parque\/#website\"},\"primaryImageOfPage\":{\"@id\":\"https:\/\/www.crea.gov.co\/crea-el-parque\/talleres-gratuitos-de-literatura-y-artes-plasticas-crea-en-el-mambo\/#primaryimage\"},\"image\":{\"@id\":\"https:\/\/www.crea.gov.co\/crea-el-parque\/talleres-gratuitos-de-literatura-y-artes-plasticas-crea-en-el-mambo\/#primaryimage\"},\"thumbnailUrl\":\"https:\/\/www.crea.gov.co\/crea-el-parque\/wp-content\/uploads\/sites\/3\/2025\/06\/a962bfef-2242-420b-a576-d7a841f5f5f8.jpg\",\"datePublished\":\"2025-06-10T15:41:21+00:00\",\"dateModified\":\"2025-06-10T15:54:23+00:00\",\"author\":{\"@id\":\"https:\/\/www.crea.gov.co\/crea-el-parque\/#\/schema\/person\/6e96d88ea9e6c60ab90e8019d18db1d2\"},\"breadcrumb\":{\"@id\":\"https:\/\/www.crea.gov.co\/crea-el-parque\/talleres-gratuitos-de-literatura-y-artes-plasticas-crea-en-el-mambo\/#breadcrumb\"},\"inLanguage\":\"es-CO\",\"potentialAction\":[{\"@type\":\"ReadAction\",\"target\":[\"https:\/\/www.crea.gov.co\/crea-el-parque\/talleres-gratuitos-de-literatura-y-artes-plasticas-crea-en-el-mambo\/\"]}]},{\"@type\":\"ImageObject\",\"inLanguage\":\"es-CO\",\"@id\":\"https:\/\/www.crea.gov.co\/crea-el-parque\/talleres-gratuitos-de-literatura-y-artes-plasticas-crea-en-el-mambo\/#primaryimage\",\"url\":\"https:\/\/www.crea.gov.co\/crea-el-parque\/wp-content\/uploads\/sites\/3\/2025\/06\/a962bfef-2242-420b-a576-d7a841f5f5f8.jpg\",\"contentUrl\":\"https:\/\/www.crea.gov.co\/crea-el-parque\/wp-content\/uploads\/sites\/3\/2025\/06\/a962bfef-2242-420b-a576-d7a841f5f5f8.jpg\",\"width\":960,\"height\":1280},{\"@type\":\"BreadcrumbList\",\"@id\":\"https:\/\/www.crea.gov.co\/crea-el-parque\/talleres-gratuitos-de-literatura-y-artes-plasticas-crea-en-el-mambo\/#breadcrumb\",\"itemListElement\":[{\"@type\":\"ListItem\",\"position\":1,\"name\":\"Home\",\"item\":\"https:\/\/www.crea.gov.co\/crea-el-parque\/\"},{\"@type\":\"ListItem\",\"position\":2,\"name\":\"Talleres gratuitos de Literatura y Artes Pl\u00e1sticas &#8211; Crea en el MAMBO\"}]},{\"@type\":\"WebSite\",\"@id\":\"https:\/\/www.crea.gov.co\/crea-el-parque\/#website\",\"url\":\"https:\/\/www.crea.gov.co\/crea-el-parque\/\",\"name\":\"Crea El Parque\",\"description\":\"En medio del Parque Nacional hay un espacio para hacer arte, respirar distinto y compartir con otros. Hace parte del Bloque Pedag\u00f3gico, un complejo cultural pensado para explorar y encontrarse. All\u00ed, ni\u00f1as, ni\u00f1os, j\u00f3venes y personas adultas encuentran un lugar tranquilo para imaginar, crear y estar rodeados de \u00e1rboles altos y aire fresco, justo en el coraz\u00f3n de la ciudad.\",\"potentialAction\":[{\"@type\":\"SearchAction\",\"target\":{\"@type\":\"EntryPoint\",\"urlTemplate\":\"https:\/\/www.crea.gov.co\/crea-el-parque\/?s={search_term_string}\"},\"query-input\":{\"@type\":\"PropertyValueSpecification\",\"valueRequired\":true,\"valueName\":\"search_term_string\"}}],\"inLanguage\":\"es-CO\"},{\"@type\":\"Person\",\"@id\":\"https:\/\/www.crea.gov.co\/crea-el-parque\/#\/schema\/person\/6e96d88ea9e6c60ab90e8019d18db1d2\",\"name\":\"creaelparque\",\"image\":{\"@type\":\"ImageObject\",\"inLanguage\":\"es-CO\",\"@id\":\"https:\/\/www.crea.gov.co\/crea-el-parque\/#\/schema\/person\/image\/\",\"url\":\"https:\/\/secure.gravatar.com\/avatar\/2e3730814a61080c5ee96e9decb45f91?s=96&d=mm&r=g\",\"contentUrl\":\"https:\/\/secure.gravatar.com\/avatar\/2e3730814a61080c5ee96e9decb45f91?s=96&d=mm&r=g\",\"caption\":\"creaelparque\"},\"url\":\"https:\/\/www.crea.gov.co\/crea-el-parque\/author\/creaelparque\/\"}]}<\/script>\n<!-- \/ Yoast SEO plugin. -->","yoast_head_json":{"title":"Talleres gratuitos de Literatura y Artes Pl\u00e1sticas - Crea en el MAMBO - Crea El Parque","robots":{"index":"index","follow":"follow","max-snippet":"max-snippet:-1","max-image-preview":"max-image-preview:large","max-video-preview":"max-video-preview:-1"},"canonical":"https:\/\/www.crea.gov.co\/crea-el-parque\/talleres-gratuitos-de-literatura-y-artes-plasticas-crea-en-el-mambo\/","og_locale":"es_ES","og_type":"article","og_title":"Talleres gratuitos de Literatura y Artes Pl\u00e1sticas - Crea en el MAMBO - Crea El Parque","og_description":"Un viaje de imaginaci\u00f3n y creatividad para ni\u00f1os y j\u00f3venes Visitar el Museo de Arte Moderno de Bogot\u00e1 (MAMBO) es, sin duda, una experiencia enriquecedora. Su extraordinaria arquitectura, el juego constante de luz y sombra en su recorrido, y sus exposiciones siempre provocadoras convierten cada visita en un nuevo descubrimiento. Del 24 de junio al [&hellip;]","og_url":"https:\/\/www.crea.gov.co\/crea-el-parque\/talleres-gratuitos-de-literatura-y-artes-plasticas-crea-en-el-mambo\/","og_site_name":"Crea El Parque","article_published_time":"2025-06-10T15:41:21+00:00","article_modified_time":"2025-06-10T15:54:23+00:00","og_image":[{"width":960,"height":1280,"url":"https:\/\/www.crea.gov.co\/crea-el-parque\/wp-content\/uploads\/sites\/3\/2025\/06\/a962bfef-2242-420b-a576-d7a841f5f5f8.jpg","type":"image\/jpeg"}],"author":"creaelparque","twitter_card":"summary_large_image","twitter_misc":{"Escrito por":"creaelparque","Tiempo de lectura":"3 minutos"},"schema":{"@context":"https:\/\/schema.org","@graph":[{"@type":"WebPage","@id":"https:\/\/www.crea.gov.co\/crea-el-parque\/talleres-gratuitos-de-literatura-y-artes-plasticas-crea-en-el-mambo\/","url":"https:\/\/www.crea.gov.co\/crea-el-parque\/talleres-gratuitos-de-literatura-y-artes-plasticas-crea-en-el-mambo\/","name":"Talleres gratuitos de Literatura y Artes Pl\u00e1sticas - Crea en el MAMBO - Crea El Parque","isPartOf":{"@id":"https:\/\/www.crea.gov.co\/crea-el-parque\/#website"},"primaryImageOfPage":{"@id":"https:\/\/www.crea.gov.co\/crea-el-parque\/talleres-gratuitos-de-literatura-y-artes-plasticas-crea-en-el-mambo\/#primaryimage"},"image":{"@id":"https:\/\/www.crea.gov.co\/crea-el-parque\/talleres-gratuitos-de-literatura-y-artes-plasticas-crea-en-el-mambo\/#primaryimage"},"thumbnailUrl":"https:\/\/www.crea.gov.co\/crea-el-parque\/wp-content\/uploads\/sites\/3\/2025\/06\/a962bfef-2242-420b-a576-d7a841f5f5f8.jpg","datePublished":"2025-06-10T15:41:21+00:00","dateModified":"2025-06-10T15:54:23+00:00","author":{"@id":"https:\/\/www.crea.gov.co\/crea-el-parque\/#\/schema\/person\/6e96d88ea9e6c60ab90e8019d18db1d2"},"breadcrumb":{"@id":"https:\/\/www.crea.gov.co\/crea-el-parque\/talleres-gratuitos-de-literatura-y-artes-plasticas-crea-en-el-mambo\/#breadcrumb"},"inLanguage":"es-CO","potentialAction":[{"@type":"ReadAction","target":["https:\/\/www.crea.gov.co\/crea-el-parque\/talleres-gratuitos-de-literatura-y-artes-plasticas-crea-en-el-mambo\/"]}]},{"@type":"ImageObject","inLanguage":"es-CO","@id":"https:\/\/www.crea.gov.co\/crea-el-parque\/talleres-gratuitos-de-literatura-y-artes-plasticas-crea-en-el-mambo\/#primaryimage","url":"https:\/\/www.crea.gov.co\/crea-el-parque\/wp-content\/uploads\/sites\/3\/2025\/06\/a962bfef-2242-420b-a576-d7a841f5f5f8.jpg","contentUrl":"https:\/\/www.crea.gov.co\/crea-el-parque\/wp-content\/uploads\/sites\/3\/2025\/06\/a962bfef-2242-420b-a576-d7a841f5f5f8.jpg","width":960,"height":1280},{"@type":"BreadcrumbList","@id":"https:\/\/www.crea.gov.co\/crea-el-parque\/talleres-gratuitos-de-literatura-y-artes-plasticas-crea-en-el-mambo\/#breadcrumb","itemListElement":[{"@type":"ListItem","position":1,"name":"Home","item":"https:\/\/www.crea.gov.co\/crea-el-parque\/"},{"@type":"ListItem","position":2,"name":"Talleres gratuitos de Literatura y Artes Pl\u00e1sticas &#8211; Crea en el MAMBO"}]},{"@type":"WebSite","@id":"https:\/\/www.crea.gov.co\/crea-el-parque\/#website","url":"https:\/\/www.crea.gov.co\/crea-el-parque\/","name":"Crea El Parque","description":"En medio del Parque Nacional hay un espacio para hacer arte, respirar distinto y compartir con otros. Hace parte del Bloque Pedag\u00f3gico, un complejo cultural pensado para explorar y encontrarse. All\u00ed, ni\u00f1as, ni\u00f1os, j\u00f3venes y personas adultas encuentran un lugar tranquilo para imaginar, crear y estar rodeados de \u00e1rboles altos y aire fresco, justo en el coraz\u00f3n de la ciudad.","potentialAction":[{"@type":"SearchAction","target":{"@type":"EntryPoint","urlTemplate":"https:\/\/www.crea.gov.co\/crea-el-parque\/?s={search_term_string}"},"query-input":{"@type":"PropertyValueSpecification","valueRequired":true,"valueName":"search_term_string"}}],"inLanguage":"es-CO"},{"@type":"Person","@id":"https:\/\/www.crea.gov.co\/crea-el-parque\/#\/schema\/person\/6e96d88ea9e6c60ab90e8019d18db1d2","name":"creaelparque","image":{"@type":"ImageObject","inLanguage":"es-CO","@id":"https:\/\/www.crea.gov.co\/crea-el-parque\/#\/schema\/person\/image\/","url":"https:\/\/secure.gravatar.com\/avatar\/2e3730814a61080c5ee96e9decb45f91?s=96&d=mm&r=g","contentUrl":"https:\/\/secure.gravatar.com\/avatar\/2e3730814a61080c5ee96e9decb45f91?s=96&d=mm&r=g","caption":"creaelparque"},"url":"https:\/\/www.crea.gov.co\/crea-el-parque\/author\/creaelparque\/"}]}},"_links":{"self":[{"href":"https:\/\/www.crea.gov.co\/crea-el-parque\/wp-json\/wp\/v2\/posts\/447","targetHints":{"allow":["GET"]}}],"collection":[{"href":"https:\/\/www.crea.gov.co\/crea-el-parque\/wp-json\/wp\/v2\/posts"}],"about":[{"href":"https:\/\/www.crea.gov.co\/crea-el-parque\/wp-json\/wp\/v2\/types\/post"}],"author":[{"embeddable":true,"href":"https:\/\/www.crea.gov.co\/crea-el-parque\/wp-json\/wp\/v2\/users\/84"}],"replies":[{"embeddable":true,"href":"https:\/\/www.crea.gov.co\/crea-el-parque\/wp-json\/wp\/v2\/comments?post=447"}],"version-history":[{"count":2,"href":"https:\/\/www.crea.gov.co\/crea-el-parque\/wp-json\/wp\/v2\/posts\/447\/revisions"}],"predecessor-version":[{"id":454,"href":"https:\/\/www.crea.gov.co\/crea-el-parque\/wp-json\/wp\/v2\/posts\/447\/revisions\/454"}],"wp:featuredmedia":[{"embeddable":true,"href":"https:\/\/www.crea.gov.co\/crea-el-parque\/wp-json\/wp\/v2\/media\/452"}],"wp:attachment":[{"href":"https:\/\/www.crea.gov.co\/crea-el-parque\/wp-json\/wp\/v2\/media?parent=447"}],"wp:term":[{"taxonomy":"category","embeddable":true,"href":"https:\/\/www.crea.gov.co\/crea-el-parque\/wp-json\/wp\/v2\/categories?post=447"},{"taxonomy":"post_tag","embeddable":true,"href":"https:\/\/www.crea.gov.co\/crea-el-parque\/wp-json\/wp\/v2\/tags?post=447"}],"curies":[{"name":"wp","href":"https:\/\/api.w.org\/{rel}","templated":true}]}}