{"id":337,"date":"2024-09-04T18:50:25","date_gmt":"2024-09-04T18:50:25","guid":{"rendered":"https:\/\/www.crea.gov.co\/crea-el-parque\/?p=337"},"modified":"2024-09-04T18:50:26","modified_gmt":"2024-09-04T18:50:26","slug":"atencion-especial-4-de-septiembre","status":"publish","type":"post","link":"https:\/\/www.crea.gov.co\/crea-el-parque\/atencion-especial-4-de-septiembre\/","title":{"rendered":"Atenci\u00f3n especial 4 de septiembre!"},"content":{"rendered":"\n<p>Querida comunidad:<\/p>\n\n\n\n<p>Debido a la situaci\u00f3n de movilidad que vive nuestra ciudad, el d\u00eda de hoy les atenderemos de manera virtual por los canales oficiales: <\/p>\n\n\n\n<p>crea.elparque@idartes.gov.co<\/p>\n\n\n\n<p><a href=\"https:\/\/www.crea.gov.co\/crea-el-parque\/\">https:\/\/www.crea.gov.co\/crea-el-parque\/<\/a><\/p>\n\n\n\n<p>Los talleres que se cancelaron por esta eventualidad ser\u00e1n reprogramados y les estaremos atendiendo de manera presencial como siempre. <\/p>\n\n\n\n<p>Gracias por su comprensi\u00f3n. <\/p>\n\n\n\n<p>Equipo Crea El Parque<\/p>\n\n\n\n<p><\/p>\n","protected":false},"excerpt":{"rendered":"<p>Querida comunidad: Debido a la situaci\u00f3n de movilidad que vive nuestra ciudad, el d\u00eda de hoy les atenderemos de manera virtual por los canales oficiales: crea.elparque@idartes.gov.co https:\/\/www.crea.gov.co\/crea-el-parque\/ Los talleres que se cancelaron por esta eventualidad ser\u00e1n reprogramados y les estaremos atendiendo de manera presencial como siempre. Gracias por su comprensi\u00f3n. Equipo Crea El Parque<\/p>\n","protected":false},"author":40,"featured_media":250,"comment_status":"open","ping_status":"open","sticky":false,"template":"","format":"standard","meta":{"footnotes":""},"categories":[1],"tags":[],"class_list":["post-337","post","type-post","status-publish","format-standard","has-post-thumbnail","hentry","category-sin-categoria"],"yoast_head":"<!-- This site is optimized with the Yoast SEO plugin v24.5 - https:\/\/yoast.com\/wordpress\/plugins\/seo\/ -->\n<title>Atenci\u00f3n especial 4 de septiembre! - Crea El Parque<\/title>\n<meta name=\"robots\" content=\"index, follow, max-snippet:-1, max-image-preview:large, max-video-preview:-1\" \/>\n<link rel=\"canonical\" href=\"https:\/\/www.crea.gov.co\/crea-el-parque\/atencion-especial-4-de-septiembre\/\" \/>\n<meta property=\"og:locale\" content=\"es_ES\" \/>\n<meta property=\"og:type\" content=\"article\" \/>\n<meta property=\"og:title\" content=\"Atenci\u00f3n especial 4 de septiembre! - Crea El Parque\" \/>\n<meta property=\"og:description\" content=\"Querida comunidad: Debido a la situaci\u00f3n de movilidad que vive nuestra ciudad, el d\u00eda de hoy les atenderemos de manera virtual por los canales oficiales: crea.elparque@idartes.gov.co https:\/\/www.crea.gov.co\/crea-el-parque\/ Los talleres que se cancelaron por esta eventualidad ser\u00e1n reprogramados y les estaremos atendiendo de manera presencial como siempre. Gracias por su comprensi\u00f3n. Equipo Crea El Parque\" \/>\n<meta property=\"og:url\" content=\"https:\/\/www.crea.gov.co\/crea-el-parque\/atencion-especial-4-de-septiembre\/\" \/>\n<meta property=\"og:site_name\" content=\"Crea El Parque\" \/>\n<meta property=\"article:published_time\" content=\"2024-09-04T18:50:25+00:00\" \/>\n<meta property=\"article:modified_time\" content=\"2024-09-04T18:50:26+00:00\" \/>\n<meta property=\"og:image\" content=\"https:\/\/www.crea.gov.co\/crea-el-parque\/wp-content\/uploads\/sites\/3\/2024\/01\/3da000a6-0dcf-4eff-959b-fe33d0d4736e.jpg\" \/>\n\t<meta property=\"og:image:width\" content=\"1200\" \/>\n\t<meta property=\"og:image:height\" content=\"1600\" \/>\n\t<meta property=\"og:image:type\" content=\"image\/jpeg\" \/>\n<meta name=\"author\" content=\"melinasojo\" \/>\n<meta name=\"twitter:card\" content=\"summary_large_image\" \/>\n<meta name=\"twitter:label1\" content=\"Escrito por\" \/>\n\t<meta name=\"twitter:data1\" content=\"melinasojo\" \/>\n\t<meta name=\"twitter:label2\" content=\"Tiempo de lectura\" \/>\n\t<meta name=\"twitter:data2\" content=\"1 minuto\" \/>\n<script type=\"application\/ld+json\" class=\"yoast-schema-graph\">{\"@context\":\"https:\/\/schema.org\",\"@graph\":[{\"@type\":\"WebPage\",\"@id\":\"https:\/\/www.crea.gov.co\/crea-el-parque\/atencion-especial-4-de-septiembre\/\",\"url\":\"https:\/\/www.crea.gov.co\/crea-el-parque\/atencion-especial-4-de-septiembre\/\",\"name\":\"Atenci\u00f3n especial 4 de septiembre! - Crea El Parque\",\"isPartOf\":{\"@id\":\"https:\/\/www.crea.gov.co\/crea-el-parque\/#website\"},\"primaryImageOfPage\":{\"@id\":\"https:\/\/www.crea.gov.co\/crea-el-parque\/atencion-especial-4-de-septiembre\/#primaryimage\"},\"image\":{\"@id\":\"https:\/\/www.crea.gov.co\/crea-el-parque\/atencion-especial-4-de-septiembre\/#primaryimage\"},\"thumbnailUrl\":\"https:\/\/www.crea.gov.co\/crea-el-parque\/wp-content\/uploads\/sites\/3\/2024\/01\/3da000a6-0dcf-4eff-959b-fe33d0d4736e.jpg\",\"datePublished\":\"2024-09-04T18:50:25+00:00\",\"dateModified\":\"2024-09-04T18:50:26+00:00\",\"author\":{\"@id\":\"https:\/\/www.crea.gov.co\/crea-el-parque\/#\/schema\/person\/df47eed4e3c049a17d9398dbbebe28fd\"},\"breadcrumb\":{\"@id\":\"https:\/\/www.crea.gov.co\/crea-el-parque\/atencion-especial-4-de-septiembre\/#breadcrumb\"},\"inLanguage\":\"es-CO\",\"potentialAction\":[{\"@type\":\"ReadAction\",\"target\":[\"https:\/\/www.crea.gov.co\/crea-el-parque\/atencion-especial-4-de-septiembre\/\"]}]},{\"@type\":\"ImageObject\",\"inLanguage\":\"es-CO\",\"@id\":\"https:\/\/www.crea.gov.co\/crea-el-parque\/atencion-especial-4-de-septiembre\/#primaryimage\",\"url\":\"https:\/\/www.crea.gov.co\/crea-el-parque\/wp-content\/uploads\/sites\/3\/2024\/01\/3da000a6-0dcf-4eff-959b-fe33d0d4736e.jpg\",\"contentUrl\":\"https:\/\/www.crea.gov.co\/crea-el-parque\/wp-content\/uploads\/sites\/3\/2024\/01\/3da000a6-0dcf-4eff-959b-fe33d0d4736e.jpg\",\"width\":1200,\"height\":1600},{\"@type\":\"BreadcrumbList\",\"@id\":\"https:\/\/www.crea.gov.co\/crea-el-parque\/atencion-especial-4-de-septiembre\/#breadcrumb\",\"itemListElement\":[{\"@type\":\"ListItem\",\"position\":1,\"name\":\"Home\",\"item\":\"https:\/\/www.crea.gov.co\/crea-el-parque\/\"},{\"@type\":\"ListItem\",\"position\":2,\"name\":\"Atenci\u00f3n especial 4 de septiembre!\"}]},{\"@type\":\"WebSite\",\"@id\":\"https:\/\/www.crea.gov.co\/crea-el-parque\/#website\",\"url\":\"https:\/\/www.crea.gov.co\/crea-el-parque\/\",\"name\":\"Crea El Parque\",\"description\":\"En medio del Parque Nacional hay un espacio para hacer arte, respirar distinto y compartir con otros. Hace parte del Bloque Pedag\u00f3gico, un complejo cultural pensado para explorar y encontrarse. All\u00ed, ni\u00f1as, ni\u00f1os, j\u00f3venes y personas adultas encuentran un lugar tranquilo para imaginar, crear y estar rodeados de \u00e1rboles altos y aire fresco, justo en el coraz\u00f3n de la ciudad.\",\"potentialAction\":[{\"@type\":\"SearchAction\",\"target\":{\"@type\":\"EntryPoint\",\"urlTemplate\":\"https:\/\/www.crea.gov.co\/crea-el-parque\/?s={search_term_string}\"},\"query-input\":{\"@type\":\"PropertyValueSpecification\",\"valueRequired\":true,\"valueName\":\"search_term_string\"}}],\"inLanguage\":\"es-CO\"},{\"@type\":\"Person\",\"@id\":\"https:\/\/www.crea.gov.co\/crea-el-parque\/#\/schema\/person\/df47eed4e3c049a17d9398dbbebe28fd\",\"name\":\"melinasojo\",\"image\":{\"@type\":\"ImageObject\",\"inLanguage\":\"es-CO\",\"@id\":\"https:\/\/www.crea.gov.co\/crea-el-parque\/#\/schema\/person\/image\/\",\"url\":\"https:\/\/secure.gravatar.com\/avatar\/5d54094d3cad156c09fa59918eb0e867?s=96&d=mm&r=g\",\"contentUrl\":\"https:\/\/secure.gravatar.com\/avatar\/5d54094d3cad156c09fa59918eb0e867?s=96&d=mm&r=g\",\"caption\":\"melinasojo\"},\"url\":\"https:\/\/www.crea.gov.co\/crea-el-parque\/author\/melinasojo\/\"}]}<\/script>\n<!-- \/ Yoast SEO plugin. -->","yoast_head_json":{"title":"Atenci\u00f3n especial 4 de septiembre! - Crea El Parque","robots":{"index":"index","follow":"follow","max-snippet":"max-snippet:-1","max-image-preview":"max-image-preview:large","max-video-preview":"max-video-preview:-1"},"canonical":"https:\/\/www.crea.gov.co\/crea-el-parque\/atencion-especial-4-de-septiembre\/","og_locale":"es_ES","og_type":"article","og_title":"Atenci\u00f3n especial 4 de septiembre! - Crea El Parque","og_description":"Querida comunidad: Debido a la situaci\u00f3n de movilidad que vive nuestra ciudad, el d\u00eda de hoy les atenderemos de manera virtual por los canales oficiales: crea.elparque@idartes.gov.co https:\/\/www.crea.gov.co\/crea-el-parque\/ Los talleres que se cancelaron por esta eventualidad ser\u00e1n reprogramados y les estaremos atendiendo de manera presencial como siempre. Gracias por su comprensi\u00f3n. Equipo Crea El Parque","og_url":"https:\/\/www.crea.gov.co\/crea-el-parque\/atencion-especial-4-de-septiembre\/","og_site_name":"Crea El Parque","article_published_time":"2024-09-04T18:50:25+00:00","article_modified_time":"2024-09-04T18:50:26+00:00","og_image":[{"width":1200,"height":1600,"url":"https:\/\/www.crea.gov.co\/crea-el-parque\/wp-content\/uploads\/sites\/3\/2024\/01\/3da000a6-0dcf-4eff-959b-fe33d0d4736e.jpg","type":"image\/jpeg"}],"author":"melinasojo","twitter_card":"summary_large_image","twitter_misc":{"Escrito por":"melinasojo","Tiempo de lectura":"1 minuto"},"schema":{"@context":"https:\/\/schema.org","@graph":[{"@type":"WebPage","@id":"https:\/\/www.crea.gov.co\/crea-el-parque\/atencion-especial-4-de-septiembre\/","url":"https:\/\/www.crea.gov.co\/crea-el-parque\/atencion-especial-4-de-septiembre\/","name":"Atenci\u00f3n especial 4 de septiembre! - Crea El Parque","isPartOf":{"@id":"https:\/\/www.crea.gov.co\/crea-el-parque\/#website"},"primaryImageOfPage":{"@id":"https:\/\/www.crea.gov.co\/crea-el-parque\/atencion-especial-4-de-septiembre\/#primaryimage"},"image":{"@id":"https:\/\/www.crea.gov.co\/crea-el-parque\/atencion-especial-4-de-septiembre\/#primaryimage"},"thumbnailUrl":"https:\/\/www.crea.gov.co\/crea-el-parque\/wp-content\/uploads\/sites\/3\/2024\/01\/3da000a6-0dcf-4eff-959b-fe33d0d4736e.jpg","datePublished":"2024-09-04T18:50:25+00:00","dateModified":"2024-09-04T18:50:26+00:00","author":{"@id":"https:\/\/www.crea.gov.co\/crea-el-parque\/#\/schema\/person\/df47eed4e3c049a17d9398dbbebe28fd"},"breadcrumb":{"@id":"https:\/\/www.crea.gov.co\/crea-el-parque\/atencion-especial-4-de-septiembre\/#breadcrumb"},"inLanguage":"es-CO","potentialAction":[{"@type":"ReadAction","target":["https:\/\/www.crea.gov.co\/crea-el-parque\/atencion-especial-4-de-septiembre\/"]}]},{"@type":"ImageObject","inLanguage":"es-CO","@id":"https:\/\/www.crea.gov.co\/crea-el-parque\/atencion-especial-4-de-septiembre\/#primaryimage","url":"https:\/\/www.crea.gov.co\/crea-el-parque\/wp-content\/uploads\/sites\/3\/2024\/01\/3da000a6-0dcf-4eff-959b-fe33d0d4736e.jpg","contentUrl":"https:\/\/www.crea.gov.co\/crea-el-parque\/wp-content\/uploads\/sites\/3\/2024\/01\/3da000a6-0dcf-4eff-959b-fe33d0d4736e.jpg","width":1200,"height":1600},{"@type":"BreadcrumbList","@id":"https:\/\/www.crea.gov.co\/crea-el-parque\/atencion-especial-4-de-septiembre\/#breadcrumb","itemListElement":[{"@type":"ListItem","position":1,"name":"Home","item":"https:\/\/www.crea.gov.co\/crea-el-parque\/"},{"@type":"ListItem","position":2,"name":"Atenci\u00f3n especial 4 de septiembre!"}]},{"@type":"WebSite","@id":"https:\/\/www.crea.gov.co\/crea-el-parque\/#website","url":"https:\/\/www.crea.gov.co\/crea-el-parque\/","name":"Crea El Parque","description":"En medio del Parque Nacional hay un espacio para hacer arte, respirar distinto y compartir con otros. Hace parte del Bloque Pedag\u00f3gico, un complejo cultural pensado para explorar y encontrarse. All\u00ed, ni\u00f1as, ni\u00f1os, j\u00f3venes y personas adultas encuentran un lugar tranquilo para imaginar, crear y estar rodeados de \u00e1rboles altos y aire fresco, justo en el coraz\u00f3n de la ciudad.","potentialAction":[{"@type":"SearchAction","target":{"@type":"EntryPoint","urlTemplate":"https:\/\/www.crea.gov.co\/crea-el-parque\/?s={search_term_string}"},"query-input":{"@type":"PropertyValueSpecification","valueRequired":true,"valueName":"search_term_string"}}],"inLanguage":"es-CO"},{"@type":"Person","@id":"https:\/\/www.crea.gov.co\/crea-el-parque\/#\/schema\/person\/df47eed4e3c049a17d9398dbbebe28fd","name":"melinasojo","image":{"@type":"ImageObject","inLanguage":"es-CO","@id":"https:\/\/www.crea.gov.co\/crea-el-parque\/#\/schema\/person\/image\/","url":"https:\/\/secure.gravatar.com\/avatar\/5d54094d3cad156c09fa59918eb0e867?s=96&d=mm&r=g","contentUrl":"https:\/\/secure.gravatar.com\/avatar\/5d54094d3cad156c09fa59918eb0e867?s=96&d=mm&r=g","caption":"melinasojo"},"url":"https:\/\/www.crea.gov.co\/crea-el-parque\/author\/melinasojo\/"}]}},"_links":{"self":[{"href":"https:\/\/www.crea.gov.co\/crea-el-parque\/wp-json\/wp\/v2\/posts\/337","targetHints":{"allow":["GET"]}}],"collection":[{"href":"https:\/\/www.crea.gov.co\/crea-el-parque\/wp-json\/wp\/v2\/posts"}],"about":[{"href":"https:\/\/www.crea.gov.co\/crea-el-parque\/wp-json\/wp\/v2\/types\/post"}],"author":[{"embeddable":true,"href":"https:\/\/www.crea.gov.co\/crea-el-parque\/wp-json\/wp\/v2\/users\/40"}],"replies":[{"embeddable":true,"href":"https:\/\/www.crea.gov.co\/crea-el-parque\/wp-json\/wp\/v2\/comments?post=337"}],"version-history":[{"count":1,"href":"https:\/\/www.crea.gov.co\/crea-el-parque\/wp-json\/wp\/v2\/posts\/337\/revisions"}],"predecessor-version":[{"id":338,"href":"https:\/\/www.crea.gov.co\/crea-el-parque\/wp-json\/wp\/v2\/posts\/337\/revisions\/338"}],"wp:featuredmedia":[{"embeddable":true,"href":"https:\/\/www.crea.gov.co\/crea-el-parque\/wp-json\/wp\/v2\/media\/250"}],"wp:attachment":[{"href":"https:\/\/www.crea.gov.co\/crea-el-parque\/wp-json\/wp\/v2\/media?parent=337"}],"wp:term":[{"taxonomy":"category","embeddable":true,"href":"https:\/\/www.crea.gov.co\/crea-el-parque\/wp-json\/wp\/v2\/categories?post=337"},{"taxonomy":"post_tag","embeddable":true,"href":"https:\/\/www.crea.gov.co\/crea-el-parque\/wp-json\/wp\/v2\/tags?post=337"}],"curies":[{"name":"wp","href":"https:\/\/api.w.org\/{rel}","templated":true}]}}