{"id":811,"date":"2025-04-25T23:32:16","date_gmt":"2025-04-25T23:32:16","guid":{"rendered":"https:\/\/www.crea.gov.co\/crea-castilla\/?p=811"},"modified":"2025-04-25T23:32:53","modified_gmt":"2025-04-25T23:32:53","slug":"dia-de-la-ninez-en-crea-castilla","status":"publish","type":"post","link":"https:\/\/www.crea.gov.co\/crea-castilla\/dia-de-la-ninez-en-crea-castilla\/","title":{"rendered":"D\u00eda de la ni\u00f1ez en Crea Castilla"},"content":{"rendered":"<div class=\"wp-block-image\">\n<figure class=\"aligncenter size-full\"><img loading=\"lazy\" decoding=\"async\" width=\"641\" height=\"801\" src=\"https:\/\/www.crea.gov.co\/crea-castilla\/wp-content\/uploads\/sites\/8\/2025\/04\/dia-de-la-ninez.png\" alt=\"\" class=\"wp-image-812\" srcset=\"https:\/\/www.crea.gov.co\/crea-castilla\/wp-content\/uploads\/sites\/8\/2025\/04\/dia-de-la-ninez.png 641w, https:\/\/www.crea.gov.co\/crea-castilla\/wp-content\/uploads\/sites\/8\/2025\/04\/dia-de-la-ninez-240x300.png 240w\" sizes=\"auto, (max-width: 641px) 100vw, 641px\" \/><\/figure><\/div>\n\n\n<p>Este viernes 25 de abril se celebr\u00f3 el d\u00eda de la ni\u00f1ez en el Crea Castilla, desde la 1:00 de la tarde el Crea se dispuso para recibir las reflexiones en torno a la ni\u00f1ez de los diferentes grupo con atenci\u00f3n en el Crea. Con la actividad &#8220;<em>La vida en una hoja, la infancia en una hoja<\/em>&#8221; muchos de los participantes nutrieron el follaje de un \u00e1rbol que naci\u00f3 en medio del crea, colocando sus reflexiones que entraron a hacer parte de este \u00e1rbol.<\/p>\n\n\n\n<p>Esta celebraci\u00f3n tiene como prop\u00f3sito de resaltar el papel de la infancia en la ciudad a trav\u00e9s de espacios de interacci\u00f3n en los equipamientos Crea que permitan la reflexi\u00f3n acerca del bienestar de la ni\u00f1ez. Esto en consonancia con los objetivos del programa CREA, que busca fortalecer la identidad, autoestima, seguridad y confianza de los participantes mediante interacciones significativas con su entorno.<\/p>\n\n\n\n<p>En la actividad har\u00e1n parte los participantes de las tres l\u00edneas del Programa. En el caso de arte en la escuela, los grupos de los tres colegios: Paulo VI, SaludCoop Sur y Hernando Dur\u00e1n Duss\u00e1n. Para las l\u00edneas de impulso colectivo y arte y salud, con el prop\u00f3sito es reflexionar en torno de las ni\u00f1ez, desde el momento vital que se encuentran.<\/p>\n\n\n\n<figure class=\"wp-block-video aligncenter\"><video controls src=\"https:\/\/www.crea.gov.co\/crea-castilla\/wp-content\/uploads\/sites\/8\/2025\/04\/WhatsApp-Video-2025-04-25-at-6.28.14-PM.mp4\"><\/video><\/figure>\n\n\n\n<p><\/p>\n","protected":false},"excerpt":{"rendered":"<p>Este viernes 25 de abril se celebr\u00f3 el d\u00eda de la ni\u00f1ez en el Crea Castilla, desde la 1:00 de la tarde el Crea se dispuso para recibir las reflexiones en torno a la ni\u00f1ez de los diferentes grupo con atenci\u00f3n en el Crea. Con la actividad &#8220;La vida en una hoja, la infancia en [&hellip;]<\/p>\n","protected":false},"author":91,"featured_media":813,"comment_status":"open","ping_status":"open","sticky":false,"template":"","format":"standard","meta":{"footnotes":""},"categories":[1],"tags":[],"class_list":["post-811","post","type-post","status-publish","format-standard","has-post-thumbnail","hentry","category-sin-categoria"],"yoast_head":"<!-- This site is optimized with the Yoast SEO plugin v24.5 - https:\/\/yoast.com\/wordpress\/plugins\/seo\/ -->\n<title>D\u00eda de la ni\u00f1ez en Crea Castilla - Crea Castilla<\/title>\n<meta name=\"robots\" content=\"index, follow, max-snippet:-1, max-image-preview:large, max-video-preview:-1\" \/>\n<link rel=\"canonical\" href=\"https:\/\/www.crea.gov.co\/crea-castilla\/dia-de-la-ninez-en-crea-castilla\/\" \/>\n<meta property=\"og:locale\" content=\"es_ES\" \/>\n<meta property=\"og:type\" content=\"article\" \/>\n<meta property=\"og:title\" content=\"D\u00eda de la ni\u00f1ez en Crea Castilla - Crea Castilla\" \/>\n<meta property=\"og:description\" content=\"Este viernes 25 de abril se celebr\u00f3 el d\u00eda de la ni\u00f1ez en el Crea Castilla, desde la 1:00 de la tarde el Crea se dispuso para recibir las reflexiones en torno a la ni\u00f1ez de los diferentes grupo con atenci\u00f3n en el Crea. Con la actividad &#8220;La vida en una hoja, la infancia en [&hellip;]\" \/>\n<meta property=\"og:url\" content=\"https:\/\/www.crea.gov.co\/crea-castilla\/dia-de-la-ninez-en-crea-castilla\/\" \/>\n<meta property=\"og:site_name\" content=\"Crea Castilla\" \/>\n<meta property=\"article:published_time\" content=\"2025-04-25T23:32:16+00:00\" \/>\n<meta property=\"article:modified_time\" content=\"2025-04-25T23:32:53+00:00\" \/>\n<meta property=\"og:image\" content=\"https:\/\/www.crea.gov.co\/crea-castilla\/wp-content\/uploads\/sites\/8\/2025\/04\/Captura-de-pantalla-2025-04-25-180856.png\" \/>\n\t<meta property=\"og:image:width\" content=\"635\" \/>\n\t<meta property=\"og:image:height\" content=\"340\" \/>\n\t<meta property=\"og:image:type\" content=\"image\/png\" \/>\n<meta name=\"author\" content=\"creacastilla\" \/>\n<meta name=\"twitter:card\" content=\"summary_large_image\" \/>\n<meta name=\"twitter:label1\" content=\"Escrito por\" \/>\n\t<meta name=\"twitter:data1\" content=\"creacastilla\" \/>\n\t<meta name=\"twitter:label2\" content=\"Tiempo de lectura\" \/>\n\t<meta name=\"twitter:data2\" content=\"2 minutos\" \/>\n<script type=\"application\/ld+json\" class=\"yoast-schema-graph\">{\"@context\":\"https:\/\/schema.org\",\"@graph\":[{\"@type\":\"WebPage\",\"@id\":\"https:\/\/www.crea.gov.co\/crea-castilla\/dia-de-la-ninez-en-crea-castilla\/\",\"url\":\"https:\/\/www.crea.gov.co\/crea-castilla\/dia-de-la-ninez-en-crea-castilla\/\",\"name\":\"D\u00eda de la ni\u00f1ez en Crea Castilla - Crea Castilla\",\"isPartOf\":{\"@id\":\"https:\/\/www.crea.gov.co\/crea-castilla\/#website\"},\"primaryImageOfPage\":{\"@id\":\"https:\/\/www.crea.gov.co\/crea-castilla\/dia-de-la-ninez-en-crea-castilla\/#primaryimage\"},\"image\":{\"@id\":\"https:\/\/www.crea.gov.co\/crea-castilla\/dia-de-la-ninez-en-crea-castilla\/#primaryimage\"},\"thumbnailUrl\":\"https:\/\/www.crea.gov.co\/crea-castilla\/wp-content\/uploads\/sites\/8\/2025\/04\/Captura-de-pantalla-2025-04-25-180856.png\",\"datePublished\":\"2025-04-25T23:32:16+00:00\",\"dateModified\":\"2025-04-25T23:32:53+00:00\",\"author\":{\"@id\":\"https:\/\/www.crea.gov.co\/crea-castilla\/#\/schema\/person\/2e3f1cb6c6afcbf603765cb3a2caf89f\"},\"breadcrumb\":{\"@id\":\"https:\/\/www.crea.gov.co\/crea-castilla\/dia-de-la-ninez-en-crea-castilla\/#breadcrumb\"},\"inLanguage\":\"es-CO\",\"potentialAction\":[{\"@type\":\"ReadAction\",\"target\":[\"https:\/\/www.crea.gov.co\/crea-castilla\/dia-de-la-ninez-en-crea-castilla\/\"]}]},{\"@type\":\"ImageObject\",\"inLanguage\":\"es-CO\",\"@id\":\"https:\/\/www.crea.gov.co\/crea-castilla\/dia-de-la-ninez-en-crea-castilla\/#primaryimage\",\"url\":\"https:\/\/www.crea.gov.co\/crea-castilla\/wp-content\/uploads\/sites\/8\/2025\/04\/Captura-de-pantalla-2025-04-25-180856.png\",\"contentUrl\":\"https:\/\/www.crea.gov.co\/crea-castilla\/wp-content\/uploads\/sites\/8\/2025\/04\/Captura-de-pantalla-2025-04-25-180856.png\",\"width\":635,\"height\":340},{\"@type\":\"BreadcrumbList\",\"@id\":\"https:\/\/www.crea.gov.co\/crea-castilla\/dia-de-la-ninez-en-crea-castilla\/#breadcrumb\",\"itemListElement\":[{\"@type\":\"ListItem\",\"position\":1,\"name\":\"Home\",\"item\":\"https:\/\/www.crea.gov.co\/crea-castilla\/\"},{\"@type\":\"ListItem\",\"position\":2,\"name\":\"D\u00eda de la ni\u00f1ez en Crea Castilla\"}]},{\"@type\":\"WebSite\",\"@id\":\"https:\/\/www.crea.gov.co\/crea-castilla\/#website\",\"url\":\"https:\/\/www.crea.gov.co\/crea-castilla\/\",\"name\":\"Crea Castilla\",\"description\":\"En uno de los barrios m\u00e1s tradicionales de Kennedy, el arte florece entre zonas verdes que envuelven el d\u00eda a d\u00eda. Aqu\u00ed, ni\u00f1as, ni\u00f1os, j\u00f3venes y adultos se encuentran para crear, compartir saberes y transformar su entorno con la fuerza de la expresi\u00f3n art\u00edstica. Este espacio abierto y cercano vibra con la energ\u00eda de la comunidad, donde cada rinc\u00f3n inspira nuevos sue\u00f1os y posibilidades.\",\"potentialAction\":[{\"@type\":\"SearchAction\",\"target\":{\"@type\":\"EntryPoint\",\"urlTemplate\":\"https:\/\/www.crea.gov.co\/crea-castilla\/?s={search_term_string}\"},\"query-input\":{\"@type\":\"PropertyValueSpecification\",\"valueRequired\":true,\"valueName\":\"search_term_string\"}}],\"inLanguage\":\"es-CO\"},{\"@type\":\"Person\",\"@id\":\"https:\/\/www.crea.gov.co\/crea-castilla\/#\/schema\/person\/2e3f1cb6c6afcbf603765cb3a2caf89f\",\"name\":\"creacastilla\",\"image\":{\"@type\":\"ImageObject\",\"inLanguage\":\"es-CO\",\"@id\":\"https:\/\/www.crea.gov.co\/crea-castilla\/#\/schema\/person\/image\/\",\"url\":\"https:\/\/secure.gravatar.com\/avatar\/fa66155cb238595a2bdff8fb540238f3?s=96&d=mm&r=g\",\"contentUrl\":\"https:\/\/secure.gravatar.com\/avatar\/fa66155cb238595a2bdff8fb540238f3?s=96&d=mm&r=g\",\"caption\":\"creacastilla\"},\"url\":\"https:\/\/www.crea.gov.co\/crea-castilla\/author\/creacastilla\/\"}]}<\/script>\n<!-- \/ Yoast SEO plugin. -->","yoast_head_json":{"title":"D\u00eda de la ni\u00f1ez en Crea Castilla - Crea Castilla","robots":{"index":"index","follow":"follow","max-snippet":"max-snippet:-1","max-image-preview":"max-image-preview:large","max-video-preview":"max-video-preview:-1"},"canonical":"https:\/\/www.crea.gov.co\/crea-castilla\/dia-de-la-ninez-en-crea-castilla\/","og_locale":"es_ES","og_type":"article","og_title":"D\u00eda de la ni\u00f1ez en Crea Castilla - Crea Castilla","og_description":"Este viernes 25 de abril se celebr\u00f3 el d\u00eda de la ni\u00f1ez en el Crea Castilla, desde la 1:00 de la tarde el Crea se dispuso para recibir las reflexiones en torno a la ni\u00f1ez de los diferentes grupo con atenci\u00f3n en el Crea. Con la actividad &#8220;La vida en una hoja, la infancia en [&hellip;]","og_url":"https:\/\/www.crea.gov.co\/crea-castilla\/dia-de-la-ninez-en-crea-castilla\/","og_site_name":"Crea Castilla","article_published_time":"2025-04-25T23:32:16+00:00","article_modified_time":"2025-04-25T23:32:53+00:00","og_image":[{"width":635,"height":340,"url":"https:\/\/www.crea.gov.co\/crea-castilla\/wp-content\/uploads\/sites\/8\/2025\/04\/Captura-de-pantalla-2025-04-25-180856.png","type":"image\/png"}],"author":"creacastilla","twitter_card":"summary_large_image","twitter_misc":{"Escrito por":"creacastilla","Tiempo de lectura":"2 minutos"},"schema":{"@context":"https:\/\/schema.org","@graph":[{"@type":"WebPage","@id":"https:\/\/www.crea.gov.co\/crea-castilla\/dia-de-la-ninez-en-crea-castilla\/","url":"https:\/\/www.crea.gov.co\/crea-castilla\/dia-de-la-ninez-en-crea-castilla\/","name":"D\u00eda de la ni\u00f1ez en Crea Castilla - Crea Castilla","isPartOf":{"@id":"https:\/\/www.crea.gov.co\/crea-castilla\/#website"},"primaryImageOfPage":{"@id":"https:\/\/www.crea.gov.co\/crea-castilla\/dia-de-la-ninez-en-crea-castilla\/#primaryimage"},"image":{"@id":"https:\/\/www.crea.gov.co\/crea-castilla\/dia-de-la-ninez-en-crea-castilla\/#primaryimage"},"thumbnailUrl":"https:\/\/www.crea.gov.co\/crea-castilla\/wp-content\/uploads\/sites\/8\/2025\/04\/Captura-de-pantalla-2025-04-25-180856.png","datePublished":"2025-04-25T23:32:16+00:00","dateModified":"2025-04-25T23:32:53+00:00","author":{"@id":"https:\/\/www.crea.gov.co\/crea-castilla\/#\/schema\/person\/2e3f1cb6c6afcbf603765cb3a2caf89f"},"breadcrumb":{"@id":"https:\/\/www.crea.gov.co\/crea-castilla\/dia-de-la-ninez-en-crea-castilla\/#breadcrumb"},"inLanguage":"es-CO","potentialAction":[{"@type":"ReadAction","target":["https:\/\/www.crea.gov.co\/crea-castilla\/dia-de-la-ninez-en-crea-castilla\/"]}]},{"@type":"ImageObject","inLanguage":"es-CO","@id":"https:\/\/www.crea.gov.co\/crea-castilla\/dia-de-la-ninez-en-crea-castilla\/#primaryimage","url":"https:\/\/www.crea.gov.co\/crea-castilla\/wp-content\/uploads\/sites\/8\/2025\/04\/Captura-de-pantalla-2025-04-25-180856.png","contentUrl":"https:\/\/www.crea.gov.co\/crea-castilla\/wp-content\/uploads\/sites\/8\/2025\/04\/Captura-de-pantalla-2025-04-25-180856.png","width":635,"height":340},{"@type":"BreadcrumbList","@id":"https:\/\/www.crea.gov.co\/crea-castilla\/dia-de-la-ninez-en-crea-castilla\/#breadcrumb","itemListElement":[{"@type":"ListItem","position":1,"name":"Home","item":"https:\/\/www.crea.gov.co\/crea-castilla\/"},{"@type":"ListItem","position":2,"name":"D\u00eda de la ni\u00f1ez en Crea Castilla"}]},{"@type":"WebSite","@id":"https:\/\/www.crea.gov.co\/crea-castilla\/#website","url":"https:\/\/www.crea.gov.co\/crea-castilla\/","name":"Crea Castilla","description":"En uno de los barrios m\u00e1s tradicionales de Kennedy, el arte florece entre zonas verdes que envuelven el d\u00eda a d\u00eda. Aqu\u00ed, ni\u00f1as, ni\u00f1os, j\u00f3venes y adultos se encuentran para crear, compartir saberes y transformar su entorno con la fuerza de la expresi\u00f3n art\u00edstica. Este espacio abierto y cercano vibra con la energ\u00eda de la comunidad, donde cada rinc\u00f3n inspira nuevos sue\u00f1os y posibilidades.","potentialAction":[{"@type":"SearchAction","target":{"@type":"EntryPoint","urlTemplate":"https:\/\/www.crea.gov.co\/crea-castilla\/?s={search_term_string}"},"query-input":{"@type":"PropertyValueSpecification","valueRequired":true,"valueName":"search_term_string"}}],"inLanguage":"es-CO"},{"@type":"Person","@id":"https:\/\/www.crea.gov.co\/crea-castilla\/#\/schema\/person\/2e3f1cb6c6afcbf603765cb3a2caf89f","name":"creacastilla","image":{"@type":"ImageObject","inLanguage":"es-CO","@id":"https:\/\/www.crea.gov.co\/crea-castilla\/#\/schema\/person\/image\/","url":"https:\/\/secure.gravatar.com\/avatar\/fa66155cb238595a2bdff8fb540238f3?s=96&d=mm&r=g","contentUrl":"https:\/\/secure.gravatar.com\/avatar\/fa66155cb238595a2bdff8fb540238f3?s=96&d=mm&r=g","caption":"creacastilla"},"url":"https:\/\/www.crea.gov.co\/crea-castilla\/author\/creacastilla\/"}]}},"_links":{"self":[{"href":"https:\/\/www.crea.gov.co\/crea-castilla\/wp-json\/wp\/v2\/posts\/811","targetHints":{"allow":["GET"]}}],"collection":[{"href":"https:\/\/www.crea.gov.co\/crea-castilla\/wp-json\/wp\/v2\/posts"}],"about":[{"href":"https:\/\/www.crea.gov.co\/crea-castilla\/wp-json\/wp\/v2\/types\/post"}],"author":[{"embeddable":true,"href":"https:\/\/www.crea.gov.co\/crea-castilla\/wp-json\/wp\/v2\/users\/91"}],"replies":[{"embeddable":true,"href":"https:\/\/www.crea.gov.co\/crea-castilla\/wp-json\/wp\/v2\/comments?post=811"}],"version-history":[{"count":2,"href":"https:\/\/www.crea.gov.co\/crea-castilla\/wp-json\/wp\/v2\/posts\/811\/revisions"}],"predecessor-version":[{"id":816,"href":"https:\/\/www.crea.gov.co\/crea-castilla\/wp-json\/wp\/v2\/posts\/811\/revisions\/816"}],"wp:featuredmedia":[{"embeddable":true,"href":"https:\/\/www.crea.gov.co\/crea-castilla\/wp-json\/wp\/v2\/media\/813"}],"wp:attachment":[{"href":"https:\/\/www.crea.gov.co\/crea-castilla\/wp-json\/wp\/v2\/media?parent=811"}],"wp:term":[{"taxonomy":"category","embeddable":true,"href":"https:\/\/www.crea.gov.co\/crea-castilla\/wp-json\/wp\/v2\/categories?post=811"},{"taxonomy":"post_tag","embeddable":true,"href":"https:\/\/www.crea.gov.co\/crea-castilla\/wp-json\/wp\/v2\/tags?post=811"}],"curies":[{"name":"wp","href":"https:\/\/api.w.org\/{rel}","templated":true}]}}