{"id":79,"date":"2022-07-13T00:33:52","date_gmt":"2022-07-13T00:33:52","guid":{"rendered":"https:\/\/www.crea.gov.co\/crea-castilla\/?p=79"},"modified":"2022-07-13T00:33:52","modified_gmt":"2022-07-13T00:33:52","slug":"talleres-permanentes","status":"publish","type":"post","link":"https:\/\/www.crea.gov.co\/crea-castilla\/talleres-permanentes\/","title":{"rendered":"Talleres permanentes"},"content":{"rendered":"\n<p>Crea Castilla para este 2do semestre del a\u00f1o continua ofertando  talleres art\u00edsticos para la comunidad, las y los invitamos a inscribirse. <\/p>\n\n\n\n<p>Los talleres son en las \u00e1reas de: <\/p>\n\n\n\n<p>Teatro: Los procesos en esta \u00e1rea son  realizados por 3 artistas formadores, y se encuentran dirigidos a ni\u00f1os, j\u00f3venes y adultos. <\/p>\n\n\n\n<p>M\u00fasica: Los procesos en esta \u00e1rea se dividen en dos talleres diferentes, uno en  iniciaci\u00f3n musical, y otro en coro, y se encuentran dirigidos a ni\u00f1os. <\/p>\n\n\n\n<p>Literatura: Los procesos en esta \u00e1rea est\u00e1n dirigidos a ni\u00f1os.<\/p>\n\n\n\n<p>Artes electr\u00f3nicas: Los procesos en esta \u00e1rea est\u00e1n dirigidos a j\u00f3venes. <\/p>\n\n\n\n<p>Artes pl\u00e1sticas: Los procesos en esta \u00e1rea est\u00e1n dirigidos a j\u00f3venes y adolescentes.   <\/p>\n\n\n\n<p>Audiovisuales: Los procesos en esta \u00e1rea est\u00e1n dirigidos a j\u00f3venes, adultos, y beneficiarios en condici\u00f3n de discapacidad. <\/p>\n\n\n\n<p> Ven, te esperamos.<\/p>\n\n\n\n<div class=\"wp-block-columns is-layout-flex wp-container-core-columns-is-layout-1 wp-block-columns-is-layout-flex\">\n<div class=\"wp-block-column is-layout-flow wp-block-column-is-layout-flow\" style=\"flex-basis:100%\">\n<figure class=\"wp-block-gallery has-nested-images columns-default is-cropped wp-block-gallery-1 is-layout-flex wp-block-gallery-is-layout-flex\">\n<figure class=\"wp-block-image size-large\"><img loading=\"lazy\" decoding=\"async\" width=\"1024\" height=\"643\" src=\"https:\/\/www.crea.gov.co\/crea-castilla\/wp-content\/uploads\/sites\/8\/2022\/07\/WhatsApp-Image-2022-07-12-at-7.18.45-PM-1-1024x643.jpeg\" alt=\"\" class=\"wp-image-80\" srcset=\"https:\/\/www.crea.gov.co\/crea-castilla\/wp-content\/uploads\/sites\/8\/2022\/07\/WhatsApp-Image-2022-07-12-at-7.18.45-PM-1-1024x643.jpeg 1024w, https:\/\/www.crea.gov.co\/crea-castilla\/wp-content\/uploads\/sites\/8\/2022\/07\/WhatsApp-Image-2022-07-12-at-7.18.45-PM-1-300x188.jpeg 300w, https:\/\/www.crea.gov.co\/crea-castilla\/wp-content\/uploads\/sites\/8\/2022\/07\/WhatsApp-Image-2022-07-12-at-7.18.45-PM-1-768x482.jpeg 768w, https:\/\/www.crea.gov.co\/crea-castilla\/wp-content\/uploads\/sites\/8\/2022\/07\/WhatsApp-Image-2022-07-12-at-7.18.45-PM-1.jpeg 1280w\" sizes=\"auto, (max-width: 1024px) 100vw, 1024px\" \/><\/figure>\n<\/figure>\n<\/div>\n<\/div>\n\n\n\n<div class=\"wp-block-group\"><div class=\"wp-block-group__inner-container is-layout-flow wp-block-group-is-layout-flow\">\n<div class=\"wp-block-columns is-layout-flex wp-container-core-columns-is-layout-2 wp-block-columns-is-layout-flex\">\n<div class=\"wp-block-column is-layout-flow wp-block-column-is-layout-flow\" style=\"flex-basis:100%\">\n<figure class=\"wp-block-image size-large\"><img loading=\"lazy\" decoding=\"async\" width=\"1024\" height=\"768\" src=\"https:\/\/www.crea.gov.co\/crea-castilla\/wp-content\/uploads\/sites\/8\/2022\/07\/WhatsApp-Image-2022-07-12-at-7.27.48-PM-1024x768.jpeg\" alt=\"\" class=\"wp-image-81\" srcset=\"https:\/\/www.crea.gov.co\/crea-castilla\/wp-content\/uploads\/sites\/8\/2022\/07\/WhatsApp-Image-2022-07-12-at-7.27.48-PM-1024x768.jpeg 1024w, https:\/\/www.crea.gov.co\/crea-castilla\/wp-content\/uploads\/sites\/8\/2022\/07\/WhatsApp-Image-2022-07-12-at-7.27.48-PM-300x225.jpeg 300w, https:\/\/www.crea.gov.co\/crea-castilla\/wp-content\/uploads\/sites\/8\/2022\/07\/WhatsApp-Image-2022-07-12-at-7.27.48-PM-768x576.jpeg 768w, https:\/\/www.crea.gov.co\/crea-castilla\/wp-content\/uploads\/sites\/8\/2022\/07\/WhatsApp-Image-2022-07-12-at-7.27.48-PM-1536x1152.jpeg 1536w, https:\/\/www.crea.gov.co\/crea-castilla\/wp-content\/uploads\/sites\/8\/2022\/07\/WhatsApp-Image-2022-07-12-at-7.27.48-PM.jpeg 1600w\" sizes=\"auto, (max-width: 1024px) 100vw, 1024px\" \/><\/figure>\n<\/div>\n<\/div>\n<\/div><\/div>\n\n\n\n<div class=\"wp-block-columns is-layout-flex wp-container-core-columns-is-layout-3 wp-block-columns-is-layout-flex\">\n<div class=\"wp-block-column is-layout-flow wp-block-column-is-layout-flow\" style=\"flex-basis:100%\">\n<div class=\"wp-block-group\"><div class=\"wp-block-group__inner-container is-layout-flow wp-block-group-is-layout-flow\">\n<figure class=\"wp-block-image size-large\"><img loading=\"lazy\" decoding=\"async\" width=\"1024\" height=\"576\" src=\"https:\/\/www.crea.gov.co\/crea-castilla\/wp-content\/uploads\/sites\/8\/2022\/07\/WhatsApp-Image-2022-07-12-at-7.17.53-PM-1-1024x576.jpeg\" alt=\"\" class=\"wp-image-82\" srcset=\"https:\/\/www.crea.gov.co\/crea-castilla\/wp-content\/uploads\/sites\/8\/2022\/07\/WhatsApp-Image-2022-07-12-at-7.17.53-PM-1-1024x576.jpeg 1024w, https:\/\/www.crea.gov.co\/crea-castilla\/wp-content\/uploads\/sites\/8\/2022\/07\/WhatsApp-Image-2022-07-12-at-7.17.53-PM-1-300x169.jpeg 300w, https:\/\/www.crea.gov.co\/crea-castilla\/wp-content\/uploads\/sites\/8\/2022\/07\/WhatsApp-Image-2022-07-12-at-7.17.53-PM-1-768x432.jpeg 768w, https:\/\/www.crea.gov.co\/crea-castilla\/wp-content\/uploads\/sites\/8\/2022\/07\/WhatsApp-Image-2022-07-12-at-7.17.53-PM-1-1536x864.jpeg 1536w, https:\/\/www.crea.gov.co\/crea-castilla\/wp-content\/uploads\/sites\/8\/2022\/07\/WhatsApp-Image-2022-07-12-at-7.17.53-PM-1.jpeg 1600w\" sizes=\"auto, (max-width: 1024px) 100vw, 1024px\" \/><\/figure>\n<\/div><\/div>\n<\/div>\n<\/div>\n","protected":false},"excerpt":{"rendered":"<p>Crea Castilla para este 2do semestre del a\u00f1o continua ofertando talleres art\u00edsticos para la comunidad, las y los invitamos a inscribirse. Los talleres son en las \u00e1reas de: Teatro: Los procesos en esta \u00e1rea son realizados por 3 artistas formadores, y se encuentran dirigidos a ni\u00f1os, j\u00f3venes y adultos. M\u00fasica: Los procesos en esta \u00e1rea [&hellip;]<\/p>\n","protected":false},"author":37,"featured_media":0,"comment_status":"open","ping_status":"open","sticky":false,"template":"","format":"standard","meta":{"footnotes":""},"categories":[1],"tags":[],"class_list":["post-79","post","type-post","status-publish","format-standard","hentry","category-sin-categoria"],"yoast_head":"<!-- This site is optimized with the Yoast SEO plugin v24.5 - https:\/\/yoast.com\/wordpress\/plugins\/seo\/ -->\n<title>Talleres permanentes - Crea Castilla<\/title>\n<meta name=\"robots\" content=\"index, follow, max-snippet:-1, max-image-preview:large, max-video-preview:-1\" \/>\n<link rel=\"canonical\" href=\"https:\/\/www.crea.gov.co\/crea-castilla\/talleres-permanentes\/\" \/>\n<meta property=\"og:locale\" content=\"es_ES\" \/>\n<meta property=\"og:type\" content=\"article\" \/>\n<meta property=\"og:title\" content=\"Talleres permanentes - Crea Castilla\" \/>\n<meta property=\"og:description\" content=\"Crea Castilla para este 2do semestre del a\u00f1o continua ofertando talleres art\u00edsticos para la comunidad, las y los invitamos a inscribirse. Los talleres son en las \u00e1reas de: Teatro: Los procesos en esta \u00e1rea son realizados por 3 artistas formadores, y se encuentran dirigidos a ni\u00f1os, j\u00f3venes y adultos. M\u00fasica: Los procesos en esta \u00e1rea [&hellip;]\" \/>\n<meta property=\"og:url\" content=\"https:\/\/www.crea.gov.co\/crea-castilla\/talleres-permanentes\/\" \/>\n<meta property=\"og:site_name\" content=\"Crea Castilla\" \/>\n<meta property=\"article:published_time\" content=\"2022-07-13T00:33:52+00:00\" \/>\n<meta property=\"og:image\" content=\"https:\/\/www.crea.gov.co\/crea-castilla\/wp-content\/uploads\/sites\/8\/2022\/07\/WhatsApp-Image-2022-07-12-at-7.18.45-PM-1-1024x643.jpeg\" \/>\n<meta name=\"author\" content=\"soniacadavid\" \/>\n<meta name=\"twitter:card\" content=\"summary_large_image\" \/>\n<meta name=\"twitter:label1\" content=\"Escrito por\" \/>\n\t<meta name=\"twitter:data1\" content=\"soniacadavid\" \/>\n\t<meta name=\"twitter:label2\" content=\"Tiempo de lectura\" \/>\n\t<meta name=\"twitter:data2\" content=\"2 minutos\" \/>\n<script type=\"application\/ld+json\" class=\"yoast-schema-graph\">{\"@context\":\"https:\/\/schema.org\",\"@graph\":[{\"@type\":\"WebPage\",\"@id\":\"https:\/\/www.crea.gov.co\/crea-castilla\/talleres-permanentes\/\",\"url\":\"https:\/\/www.crea.gov.co\/crea-castilla\/talleres-permanentes\/\",\"name\":\"Talleres permanentes - Crea Castilla\",\"isPartOf\":{\"@id\":\"https:\/\/www.crea.gov.co\/crea-castilla\/#website\"},\"primaryImageOfPage\":{\"@id\":\"https:\/\/www.crea.gov.co\/crea-castilla\/talleres-permanentes\/#primaryimage\"},\"image\":{\"@id\":\"https:\/\/www.crea.gov.co\/crea-castilla\/talleres-permanentes\/#primaryimage\"},\"thumbnailUrl\":\"https:\/\/www.crea.gov.co\/crea-castilla\/wp-content\/uploads\/sites\/8\/2022\/07\/WhatsApp-Image-2022-07-12-at-7.18.45-PM-1-1024x643.jpeg\",\"datePublished\":\"2022-07-13T00:33:52+00:00\",\"author\":{\"@id\":\"https:\/\/www.crea.gov.co\/crea-castilla\/#\/schema\/person\/cd765bdccd9368ea881a69684ef4d9d6\"},\"breadcrumb\":{\"@id\":\"https:\/\/www.crea.gov.co\/crea-castilla\/talleres-permanentes\/#breadcrumb\"},\"inLanguage\":\"es-CO\",\"potentialAction\":[{\"@type\":\"ReadAction\",\"target\":[\"https:\/\/www.crea.gov.co\/crea-castilla\/talleres-permanentes\/\"]}]},{\"@type\":\"ImageObject\",\"inLanguage\":\"es-CO\",\"@id\":\"https:\/\/www.crea.gov.co\/crea-castilla\/talleres-permanentes\/#primaryimage\",\"url\":\"https:\/\/www.crea.gov.co\/crea-castilla\/wp-content\/uploads\/sites\/8\/2022\/07\/WhatsApp-Image-2022-07-12-at-7.18.45-PM-1.jpeg\",\"contentUrl\":\"https:\/\/www.crea.gov.co\/crea-castilla\/wp-content\/uploads\/sites\/8\/2022\/07\/WhatsApp-Image-2022-07-12-at-7.18.45-PM-1.jpeg\",\"width\":1280,\"height\":804},{\"@type\":\"BreadcrumbList\",\"@id\":\"https:\/\/www.crea.gov.co\/crea-castilla\/talleres-permanentes\/#breadcrumb\",\"itemListElement\":[{\"@type\":\"ListItem\",\"position\":1,\"name\":\"Home\",\"item\":\"https:\/\/www.crea.gov.co\/crea-castilla\/\"},{\"@type\":\"ListItem\",\"position\":2,\"name\":\"Talleres permanentes\"}]},{\"@type\":\"WebSite\",\"@id\":\"https:\/\/www.crea.gov.co\/crea-castilla\/#website\",\"url\":\"https:\/\/www.crea.gov.co\/crea-castilla\/\",\"name\":\"Crea Castilla\",\"description\":\"En uno de los barrios m\u00e1s tradicionales de Kennedy, el arte florece entre zonas verdes que envuelven el d\u00eda a d\u00eda. Aqu\u00ed, ni\u00f1as, ni\u00f1os, j\u00f3venes y adultos se encuentran para crear, compartir saberes y transformar su entorno con la fuerza de la expresi\u00f3n art\u00edstica. Este espacio abierto y cercano vibra con la energ\u00eda de la comunidad, donde cada rinc\u00f3n inspira nuevos sue\u00f1os y posibilidades.\",\"potentialAction\":[{\"@type\":\"SearchAction\",\"target\":{\"@type\":\"EntryPoint\",\"urlTemplate\":\"https:\/\/www.crea.gov.co\/crea-castilla\/?s={search_term_string}\"},\"query-input\":{\"@type\":\"PropertyValueSpecification\",\"valueRequired\":true,\"valueName\":\"search_term_string\"}}],\"inLanguage\":\"es-CO\"},{\"@type\":\"Person\",\"@id\":\"https:\/\/www.crea.gov.co\/crea-castilla\/#\/schema\/person\/cd765bdccd9368ea881a69684ef4d9d6\",\"name\":\"soniacadavid\",\"image\":{\"@type\":\"ImageObject\",\"inLanguage\":\"es-CO\",\"@id\":\"https:\/\/www.crea.gov.co\/crea-castilla\/#\/schema\/person\/image\/\",\"url\":\"https:\/\/secure.gravatar.com\/avatar\/716804de0758f5afd8bea50a9ab754bf?s=96&d=mm&r=g\",\"contentUrl\":\"https:\/\/secure.gravatar.com\/avatar\/716804de0758f5afd8bea50a9ab754bf?s=96&d=mm&r=g\",\"caption\":\"soniacadavid\"},\"url\":\"https:\/\/www.crea.gov.co\/crea-castilla\/author\/soniacadavid\/\"}]}<\/script>\n<!-- \/ Yoast SEO plugin. -->","yoast_head_json":{"title":"Talleres permanentes - Crea Castilla","robots":{"index":"index","follow":"follow","max-snippet":"max-snippet:-1","max-image-preview":"max-image-preview:large","max-video-preview":"max-video-preview:-1"},"canonical":"https:\/\/www.crea.gov.co\/crea-castilla\/talleres-permanentes\/","og_locale":"es_ES","og_type":"article","og_title":"Talleres permanentes - Crea Castilla","og_description":"Crea Castilla para este 2do semestre del a\u00f1o continua ofertando talleres art\u00edsticos para la comunidad, las y los invitamos a inscribirse. Los talleres son en las \u00e1reas de: Teatro: Los procesos en esta \u00e1rea son realizados por 3 artistas formadores, y se encuentran dirigidos a ni\u00f1os, j\u00f3venes y adultos. M\u00fasica: Los procesos en esta \u00e1rea [&hellip;]","og_url":"https:\/\/www.crea.gov.co\/crea-castilla\/talleres-permanentes\/","og_site_name":"Crea Castilla","article_published_time":"2022-07-13T00:33:52+00:00","og_image":[{"url":"https:\/\/www.crea.gov.co\/crea-castilla\/wp-content\/uploads\/sites\/8\/2022\/07\/WhatsApp-Image-2022-07-12-at-7.18.45-PM-1-1024x643.jpeg","type":"","width":"","height":""}],"author":"soniacadavid","twitter_card":"summary_large_image","twitter_misc":{"Escrito por":"soniacadavid","Tiempo de lectura":"2 minutos"},"schema":{"@context":"https:\/\/schema.org","@graph":[{"@type":"WebPage","@id":"https:\/\/www.crea.gov.co\/crea-castilla\/talleres-permanentes\/","url":"https:\/\/www.crea.gov.co\/crea-castilla\/talleres-permanentes\/","name":"Talleres permanentes - Crea Castilla","isPartOf":{"@id":"https:\/\/www.crea.gov.co\/crea-castilla\/#website"},"primaryImageOfPage":{"@id":"https:\/\/www.crea.gov.co\/crea-castilla\/talleres-permanentes\/#primaryimage"},"image":{"@id":"https:\/\/www.crea.gov.co\/crea-castilla\/talleres-permanentes\/#primaryimage"},"thumbnailUrl":"https:\/\/www.crea.gov.co\/crea-castilla\/wp-content\/uploads\/sites\/8\/2022\/07\/WhatsApp-Image-2022-07-12-at-7.18.45-PM-1-1024x643.jpeg","datePublished":"2022-07-13T00:33:52+00:00","author":{"@id":"https:\/\/www.crea.gov.co\/crea-castilla\/#\/schema\/person\/cd765bdccd9368ea881a69684ef4d9d6"},"breadcrumb":{"@id":"https:\/\/www.crea.gov.co\/crea-castilla\/talleres-permanentes\/#breadcrumb"},"inLanguage":"es-CO","potentialAction":[{"@type":"ReadAction","target":["https:\/\/www.crea.gov.co\/crea-castilla\/talleres-permanentes\/"]}]},{"@type":"ImageObject","inLanguage":"es-CO","@id":"https:\/\/www.crea.gov.co\/crea-castilla\/talleres-permanentes\/#primaryimage","url":"https:\/\/www.crea.gov.co\/crea-castilla\/wp-content\/uploads\/sites\/8\/2022\/07\/WhatsApp-Image-2022-07-12-at-7.18.45-PM-1.jpeg","contentUrl":"https:\/\/www.crea.gov.co\/crea-castilla\/wp-content\/uploads\/sites\/8\/2022\/07\/WhatsApp-Image-2022-07-12-at-7.18.45-PM-1.jpeg","width":1280,"height":804},{"@type":"BreadcrumbList","@id":"https:\/\/www.crea.gov.co\/crea-castilla\/talleres-permanentes\/#breadcrumb","itemListElement":[{"@type":"ListItem","position":1,"name":"Home","item":"https:\/\/www.crea.gov.co\/crea-castilla\/"},{"@type":"ListItem","position":2,"name":"Talleres permanentes"}]},{"@type":"WebSite","@id":"https:\/\/www.crea.gov.co\/crea-castilla\/#website","url":"https:\/\/www.crea.gov.co\/crea-castilla\/","name":"Crea Castilla","description":"En uno de los barrios m\u00e1s tradicionales de Kennedy, el arte florece entre zonas verdes que envuelven el d\u00eda a d\u00eda. Aqu\u00ed, ni\u00f1as, ni\u00f1os, j\u00f3venes y adultos se encuentran para crear, compartir saberes y transformar su entorno con la fuerza de la expresi\u00f3n art\u00edstica. Este espacio abierto y cercano vibra con la energ\u00eda de la comunidad, donde cada rinc\u00f3n inspira nuevos sue\u00f1os y posibilidades.","potentialAction":[{"@type":"SearchAction","target":{"@type":"EntryPoint","urlTemplate":"https:\/\/www.crea.gov.co\/crea-castilla\/?s={search_term_string}"},"query-input":{"@type":"PropertyValueSpecification","valueRequired":true,"valueName":"search_term_string"}}],"inLanguage":"es-CO"},{"@type":"Person","@id":"https:\/\/www.crea.gov.co\/crea-castilla\/#\/schema\/person\/cd765bdccd9368ea881a69684ef4d9d6","name":"soniacadavid","image":{"@type":"ImageObject","inLanguage":"es-CO","@id":"https:\/\/www.crea.gov.co\/crea-castilla\/#\/schema\/person\/image\/","url":"https:\/\/secure.gravatar.com\/avatar\/716804de0758f5afd8bea50a9ab754bf?s=96&d=mm&r=g","contentUrl":"https:\/\/secure.gravatar.com\/avatar\/716804de0758f5afd8bea50a9ab754bf?s=96&d=mm&r=g","caption":"soniacadavid"},"url":"https:\/\/www.crea.gov.co\/crea-castilla\/author\/soniacadavid\/"}]}},"_links":{"self":[{"href":"https:\/\/www.crea.gov.co\/crea-castilla\/wp-json\/wp\/v2\/posts\/79","targetHints":{"allow":["GET"]}}],"collection":[{"href":"https:\/\/www.crea.gov.co\/crea-castilla\/wp-json\/wp\/v2\/posts"}],"about":[{"href":"https:\/\/www.crea.gov.co\/crea-castilla\/wp-json\/wp\/v2\/types\/post"}],"author":[{"embeddable":true,"href":"https:\/\/www.crea.gov.co\/crea-castilla\/wp-json\/wp\/v2\/users\/37"}],"replies":[{"embeddable":true,"href":"https:\/\/www.crea.gov.co\/crea-castilla\/wp-json\/wp\/v2\/comments?post=79"}],"version-history":[{"count":3,"href":"https:\/\/www.crea.gov.co\/crea-castilla\/wp-json\/wp\/v2\/posts\/79\/revisions"}],"predecessor-version":[{"id":91,"href":"https:\/\/www.crea.gov.co\/crea-castilla\/wp-json\/wp\/v2\/posts\/79\/revisions\/91"}],"wp:attachment":[{"href":"https:\/\/www.crea.gov.co\/crea-castilla\/wp-json\/wp\/v2\/media?parent=79"}],"wp:term":[{"taxonomy":"category","embeddable":true,"href":"https:\/\/www.crea.gov.co\/crea-castilla\/wp-json\/wp\/v2\/categories?post=79"},{"taxonomy":"post_tag","embeddable":true,"href":"https:\/\/www.crea.gov.co\/crea-castilla\/wp-json\/wp\/v2\/tags?post=79"}],"curies":[{"name":"wp","href":"https:\/\/api.w.org\/{rel}","templated":true}]}}