{"id":706,"date":"2024-09-24T22:58:39","date_gmt":"2024-09-24T22:58:39","guid":{"rendered":"https:\/\/www.crea.gov.co\/crea-castilla\/?p=706"},"modified":"2024-09-24T23:13:38","modified_gmt":"2024-09-24T23:13:38","slug":"aun-tenemos-cupos-en-nuestros-talleres-ven-al-crea-castilla-y-enterate","status":"publish","type":"post","link":"https:\/\/www.crea.gov.co\/crea-castilla\/aun-tenemos-cupos-en-nuestros-talleres-ven-al-crea-castilla-y-enterate\/","title":{"rendered":"\u00a1A\u00fan tenemos cupos en nuestros talleres!\u00a0Ven al Crea Castilla y ent\u00e9rate."},"content":{"rendered":"\n<h4 class=\"wp-block-heading\"><em><strong>Si est\u00e1s interesado en los talleres de m\u00fasica, danza, literatura, \u00a0y creaci\u00f3n digital puedes acercarte al Crea Castilla para inscripciones presenciales. Los talleres se\u00a0ir\u00e1n hasta el <\/strong>15 de noviembre<mark class=\"has-inline-color has-luminous-vivid-amber-color\"><strong> <\/strong><\/mark><strong>y no tienen costo alguno.<\/strong><\/em><\/h4>\n\n\n\n<p>\u00bf<strong>Qui\u00e9nes pueden participar?&nbsp;<\/strong>\u00a1Todos! No hay l\u00edmite de edad, desde ni\u00f1os mayores de seis a\u00f1os hasta adultos con una pasi\u00f3n latente por las artes.<\/p>\n\n\n\n<p><strong>\u00bfCu\u00e1les son los horarios?<\/strong>&nbsp;La flexibilidad reina, ya que tenemos una variada oferta de cursos y horarios.<\/p>\n\n\n\n<p><strong>\u00bfD\u00f3nde y c\u00f3mo inscribirse?<\/strong>&nbsp;Es f\u00e1cil. Puedes visitar el Centro de Formaci\u00f3n Crea Castilla.<\/p>\n\n\n<div class=\"wp-block-image\">\n<figure class=\"aligncenter size-large is-resized\"><img loading=\"lazy\" decoding=\"async\" width=\"1024\" height=\"791\" src=\"https:\/\/www.crea.gov.co\/crea-castilla\/wp-content\/uploads\/sites\/8\/2024\/02\/convocatoria_Mesa-de-trabajo-1-1-1024x791.png\" alt=\"\" class=\"wp-image-521\" style=\"width:467px;height:auto\" srcset=\"https:\/\/www.crea.gov.co\/crea-castilla\/wp-content\/uploads\/sites\/8\/2024\/02\/convocatoria_Mesa-de-trabajo-1-1-1024x791.png 1024w, https:\/\/www.crea.gov.co\/crea-castilla\/wp-content\/uploads\/sites\/8\/2024\/02\/convocatoria_Mesa-de-trabajo-1-1-300x232.png 300w, https:\/\/www.crea.gov.co\/crea-castilla\/wp-content\/uploads\/sites\/8\/2024\/02\/convocatoria_Mesa-de-trabajo-1-1-768x593.png 768w, https:\/\/www.crea.gov.co\/crea-castilla\/wp-content\/uploads\/sites\/8\/2024\/02\/convocatoria_Mesa-de-trabajo-1-1-1536x1187.png 1536w, https:\/\/www.crea.gov.co\/crea-castilla\/wp-content\/uploads\/sites\/8\/2024\/02\/convocatoria_Mesa-de-trabajo-1-1-2048x1583.png 2048w\" sizes=\"auto, (max-width: 1024px) 100vw, 1024px\" \/><\/figure><\/div>\n\n\n<p>Tambi\u00e9n te invitamos a chequear nuestra oferta de talleres para que te inscribas:<\/p>\n\n\n\n<hr class=\"wp-block-separator has-alpha-channel-opacity\" \/>\n\n\n\n<div class=\"wp-block-buttons is-content-justification-center is-layout-flex wp-container-core-buttons-is-layout-1 wp-block-buttons-is-layout-flex\">\n<div class=\"wp-block-button is-style-outline is-style-outline--1\"><a class=\"wp-block-button__link wp-element-button\" href=\"https:\/\/sif.idartes.gov.co\/sif\/framework\/crea\/territorial\/oferta\/oferta-disponible\" target=\"_blank\" rel=\"noreferrer noopener\"><mark style=\"background-color:#00d084\" class=\"has-inline-color\">Aqu\u00ed puedes consultar toda nuestra oferta<\/mark><\/a><\/div>\n<\/div>\n\n\n\n<hr class=\"wp-block-separator has-alpha-channel-opacity\" \/>\n\n\n<div class=\"wp-block-image\">\n<figure class=\"aligncenter size-large\"><a href=\"https:\/\/sif.idartes.gov.co\/sif\/framework\/crea\/territorial\/oferta\/oferta-disponible\"><img loading=\"lazy\" decoding=\"async\" width=\"1024\" height=\"648\" src=\"https:\/\/www.crea.gov.co\/crea-castilla\/wp-content\/uploads\/sites\/8\/2024\/09\/Captura-1-1024x648.png\" alt=\"\" class=\"wp-image-720\" srcset=\"https:\/\/www.crea.gov.co\/crea-castilla\/wp-content\/uploads\/sites\/8\/2024\/09\/Captura-1-1024x648.png 1024w, https:\/\/www.crea.gov.co\/crea-castilla\/wp-content\/uploads\/sites\/8\/2024\/09\/Captura-1-300x190.png 300w, https:\/\/www.crea.gov.co\/crea-castilla\/wp-content\/uploads\/sites\/8\/2024\/09\/Captura-1-768x486.png 768w, https:\/\/www.crea.gov.co\/crea-castilla\/wp-content\/uploads\/sites\/8\/2024\/09\/Captura-1.png 1184w\" sizes=\"auto, (max-width: 1024px) 100vw, 1024px\" \/><\/a><\/figure><\/div>\n\n\n<figure class=\"wp-block-gallery has-nested-images columns-default is-cropped wp-block-gallery-2 is-layout-flex wp-block-gallery-is-layout-flex\">\n<figure class=\"wp-block-image size-large\"><img loading=\"lazy\" decoding=\"async\" width=\"1024\" height=\"1024\" data-id=\"709\" src=\"https:\/\/www.crea.gov.co\/crea-castilla\/wp-content\/uploads\/sites\/8\/2024\/09\/WhatsApp-Image-2024-09-10-at-10.44.37-PM-1024x1024.jpeg\" alt=\"\" class=\"wp-image-709\" srcset=\"https:\/\/www.crea.gov.co\/crea-castilla\/wp-content\/uploads\/sites\/8\/2024\/09\/WhatsApp-Image-2024-09-10-at-10.44.37-PM-1024x1024.jpeg 1024w, https:\/\/www.crea.gov.co\/crea-castilla\/wp-content\/uploads\/sites\/8\/2024\/09\/WhatsApp-Image-2024-09-10-at-10.44.37-PM-300x300.jpeg 300w, https:\/\/www.crea.gov.co\/crea-castilla\/wp-content\/uploads\/sites\/8\/2024\/09\/WhatsApp-Image-2024-09-10-at-10.44.37-PM-150x150.jpeg 150w, https:\/\/www.crea.gov.co\/crea-castilla\/wp-content\/uploads\/sites\/8\/2024\/09\/WhatsApp-Image-2024-09-10-at-10.44.37-PM-768x768.jpeg 768w, https:\/\/www.crea.gov.co\/crea-castilla\/wp-content\/uploads\/sites\/8\/2024\/09\/WhatsApp-Image-2024-09-10-at-10.44.37-PM.jpeg 1477w\" sizes=\"auto, (max-width: 1024px) 100vw, 1024px\" \/><figcaption class=\"wp-element-caption\">10 cupos<\/figcaption><\/figure>\n\n\n\n<figure class=\"wp-block-image size-large\"><img loading=\"lazy\" decoding=\"async\" width=\"945\" height=\"945\" data-id=\"708\" src=\"https:\/\/www.crea.gov.co\/crea-castilla\/wp-content\/uploads\/sites\/8\/2024\/09\/plantilla-convocatoria-CREA_DANZA-1.png\" alt=\"\" class=\"wp-image-708\" srcset=\"https:\/\/www.crea.gov.co\/crea-castilla\/wp-content\/uploads\/sites\/8\/2024\/09\/plantilla-convocatoria-CREA_DANZA-1.png 945w, https:\/\/www.crea.gov.co\/crea-castilla\/wp-content\/uploads\/sites\/8\/2024\/09\/plantilla-convocatoria-CREA_DANZA-1-300x300.png 300w, https:\/\/www.crea.gov.co\/crea-castilla\/wp-content\/uploads\/sites\/8\/2024\/09\/plantilla-convocatoria-CREA_DANZA-1-150x150.png 150w, https:\/\/www.crea.gov.co\/crea-castilla\/wp-content\/uploads\/sites\/8\/2024\/09\/plantilla-convocatoria-CREA_DANZA-1-768x768.png 768w\" sizes=\"auto, (max-width: 945px) 100vw, 945px\" \/><figcaption class=\"wp-element-caption\">10 cupos<\/figcaption><\/figure>\n<\/figure>\n\n\n\n<figure class=\"wp-block-gallery has-nested-images columns-default is-cropped wp-block-gallery-3 is-layout-flex wp-block-gallery-is-layout-flex\">\n<figure class=\"wp-block-image size-large\"><img loading=\"lazy\" decoding=\"async\" width=\"945\" height=\"945\" data-id=\"712\" src=\"https:\/\/www.crea.gov.co\/crea-castilla\/wp-content\/uploads\/sites\/8\/2024\/09\/plantilla-convocatoria-CREA_AUDIOVISUALES.png\" alt=\"\" class=\"wp-image-712\" srcset=\"https:\/\/www.crea.gov.co\/crea-castilla\/wp-content\/uploads\/sites\/8\/2024\/09\/plantilla-convocatoria-CREA_AUDIOVISUALES.png 945w, https:\/\/www.crea.gov.co\/crea-castilla\/wp-content\/uploads\/sites\/8\/2024\/09\/plantilla-convocatoria-CREA_AUDIOVISUALES-300x300.png 300w, https:\/\/www.crea.gov.co\/crea-castilla\/wp-content\/uploads\/sites\/8\/2024\/09\/plantilla-convocatoria-CREA_AUDIOVISUALES-150x150.png 150w, https:\/\/www.crea.gov.co\/crea-castilla\/wp-content\/uploads\/sites\/8\/2024\/09\/plantilla-convocatoria-CREA_AUDIOVISUALES-768x768.png 768w\" sizes=\"auto, (max-width: 945px) 100vw, 945px\" \/><figcaption class=\"wp-element-caption\">2 cupos<\/figcaption><\/figure>\n\n\n\n<figure class=\"wp-block-image size-large\"><img loading=\"lazy\" decoding=\"async\" width=\"945\" height=\"945\" data-id=\"713\" src=\"https:\/\/www.crea.gov.co\/crea-castilla\/wp-content\/uploads\/sites\/8\/2024\/09\/plantilla-convocatoria-CREA_DANZA-2-1.png\" alt=\"\" class=\"wp-image-713\" srcset=\"https:\/\/www.crea.gov.co\/crea-castilla\/wp-content\/uploads\/sites\/8\/2024\/09\/plantilla-convocatoria-CREA_DANZA-2-1.png 945w, https:\/\/www.crea.gov.co\/crea-castilla\/wp-content\/uploads\/sites\/8\/2024\/09\/plantilla-convocatoria-CREA_DANZA-2-1-300x300.png 300w, https:\/\/www.crea.gov.co\/crea-castilla\/wp-content\/uploads\/sites\/8\/2024\/09\/plantilla-convocatoria-CREA_DANZA-2-1-150x150.png 150w, https:\/\/www.crea.gov.co\/crea-castilla\/wp-content\/uploads\/sites\/8\/2024\/09\/plantilla-convocatoria-CREA_DANZA-2-1-768x768.png 768w\" sizes=\"auto, (max-width: 945px) 100vw, 945px\" \/><figcaption class=\"wp-element-caption\">7 cupos<\/figcaption><\/figure>\n<\/figure>\n\n\n\n<figure class=\"wp-block-gallery has-nested-images columns-default is-cropped wp-block-gallery-4 is-layout-flex wp-block-gallery-is-layout-flex\">\n<figure class=\"wp-block-image size-large\"><img loading=\"lazy\" decoding=\"async\" width=\"944\" height=\"944\" data-id=\"707\" src=\"https:\/\/www.crea.gov.co\/crea-castilla\/wp-content\/uploads\/sites\/8\/2024\/09\/Creacion-Digital-Crea-Castilla.png\" alt=\"\" class=\"wp-image-707\" srcset=\"https:\/\/www.crea.gov.co\/crea-castilla\/wp-content\/uploads\/sites\/8\/2024\/09\/Creacion-Digital-Crea-Castilla.png 944w, https:\/\/www.crea.gov.co\/crea-castilla\/wp-content\/uploads\/sites\/8\/2024\/09\/Creacion-Digital-Crea-Castilla-300x300.png 300w, https:\/\/www.crea.gov.co\/crea-castilla\/wp-content\/uploads\/sites\/8\/2024\/09\/Creacion-Digital-Crea-Castilla-150x150.png 150w, https:\/\/www.crea.gov.co\/crea-castilla\/wp-content\/uploads\/sites\/8\/2024\/09\/Creacion-Digital-Crea-Castilla-768x768.png 768w\" sizes=\"auto, (max-width: 944px) 100vw, 944px\" \/><figcaption class=\"wp-element-caption\">10 cupos<\/figcaption><\/figure>\n\n\n\n<figure class=\"wp-block-image size-large\"><img loading=\"lazy\" decoding=\"async\" width=\"945\" height=\"945\" data-id=\"710\" src=\"https:\/\/www.crea.gov.co\/crea-castilla\/wp-content\/uploads\/sites\/8\/2024\/09\/plantilla-convocatoria-CREA_muSICA-1.png\" alt=\"\" class=\"wp-image-710\" srcset=\"https:\/\/www.crea.gov.co\/crea-castilla\/wp-content\/uploads\/sites\/8\/2024\/09\/plantilla-convocatoria-CREA_muSICA-1.png 945w, https:\/\/www.crea.gov.co\/crea-castilla\/wp-content\/uploads\/sites\/8\/2024\/09\/plantilla-convocatoria-CREA_muSICA-1-300x300.png 300w, https:\/\/www.crea.gov.co\/crea-castilla\/wp-content\/uploads\/sites\/8\/2024\/09\/plantilla-convocatoria-CREA_muSICA-1-150x150.png 150w, https:\/\/www.crea.gov.co\/crea-castilla\/wp-content\/uploads\/sites\/8\/2024\/09\/plantilla-convocatoria-CREA_muSICA-1-768x768.png 768w\" sizes=\"auto, (max-width: 945px) 100vw, 945px\" \/><figcaption class=\"wp-element-caption\">10 cupos<\/figcaption><\/figure>\n<\/figure>\n","protected":false},"excerpt":{"rendered":"<p>Si est\u00e1s interesado en los talleres de m\u00fasica, danza, literatura, \u00a0y creaci\u00f3n digital puedes acercarte al Crea Castilla para inscripciones presenciales. Los talleres se\u00a0ir\u00e1n hasta el 15 de noviembre y no tienen costo alguno. \u00bfQui\u00e9nes pueden participar?&nbsp;\u00a1Todos! No hay l\u00edmite de edad, desde ni\u00f1os mayores de seis a\u00f1os hasta adultos con una pasi\u00f3n latente por [&hellip;]<\/p>\n","protected":false},"author":76,"featured_media":709,"comment_status":"open","ping_status":"open","sticky":false,"template":"","format":"standard","meta":{"footnotes":""},"categories":[1],"tags":[],"class_list":["post-706","post","type-post","status-publish","format-standard","has-post-thumbnail","hentry","category-sin-categoria"],"yoast_head":"<!-- This site is optimized with the Yoast SEO plugin v24.5 - https:\/\/yoast.com\/wordpress\/plugins\/seo\/ -->\n<title>\u00a1A\u00fan tenemos cupos en nuestros talleres!\u00a0Ven al Crea Castilla y ent\u00e9rate. - Crea Castilla<\/title>\n<meta name=\"robots\" content=\"index, follow, max-snippet:-1, max-image-preview:large, max-video-preview:-1\" \/>\n<link rel=\"canonical\" href=\"https:\/\/www.crea.gov.co\/crea-castilla\/aun-tenemos-cupos-en-nuestros-talleres-ven-al-crea-castilla-y-enterate\/\" \/>\n<meta property=\"og:locale\" content=\"es_ES\" \/>\n<meta property=\"og:type\" content=\"article\" \/>\n<meta property=\"og:title\" content=\"\u00a1A\u00fan tenemos cupos en nuestros talleres!\u00a0Ven al Crea Castilla y ent\u00e9rate. - Crea Castilla\" \/>\n<meta property=\"og:description\" content=\"Si est\u00e1s interesado en los talleres de m\u00fasica, danza, literatura, \u00a0y creaci\u00f3n digital puedes acercarte al Crea Castilla para inscripciones presenciales. Los talleres se\u00a0ir\u00e1n hasta el 15 de noviembre y no tienen costo alguno. \u00bfQui\u00e9nes pueden participar?&nbsp;\u00a1Todos! No hay l\u00edmite de edad, desde ni\u00f1os mayores de seis a\u00f1os hasta adultos con una pasi\u00f3n latente por [&hellip;]\" \/>\n<meta property=\"og:url\" content=\"https:\/\/www.crea.gov.co\/crea-castilla\/aun-tenemos-cupos-en-nuestros-talleres-ven-al-crea-castilla-y-enterate\/\" \/>\n<meta property=\"og:site_name\" content=\"Crea Castilla\" \/>\n<meta property=\"article:published_time\" content=\"2024-09-24T22:58:39+00:00\" \/>\n<meta property=\"article:modified_time\" content=\"2024-09-24T23:13:38+00:00\" \/>\n<meta property=\"og:image\" content=\"https:\/\/www.crea.gov.co\/crea-castilla\/wp-content\/uploads\/sites\/8\/2024\/09\/WhatsApp-Image-2024-09-10-at-10.44.37-PM.jpeg\" \/>\n\t<meta property=\"og:image:width\" content=\"1477\" \/>\n\t<meta property=\"og:image:height\" content=\"1477\" \/>\n\t<meta property=\"og:image:type\" content=\"image\/jpeg\" \/>\n<meta name=\"author\" content=\"yullymartin\" \/>\n<meta name=\"twitter:card\" content=\"summary_large_image\" \/>\n<meta name=\"twitter:label1\" content=\"Escrito por\" \/>\n\t<meta name=\"twitter:data1\" content=\"yullymartin\" \/>\n\t<meta name=\"twitter:label2\" content=\"Tiempo de lectura\" \/>\n\t<meta name=\"twitter:data2\" content=\"3 minutos\" \/>\n<script type=\"application\/ld+json\" class=\"yoast-schema-graph\">{\"@context\":\"https:\/\/schema.org\",\"@graph\":[{\"@type\":\"WebPage\",\"@id\":\"https:\/\/www.crea.gov.co\/crea-castilla\/aun-tenemos-cupos-en-nuestros-talleres-ven-al-crea-castilla-y-enterate\/\",\"url\":\"https:\/\/www.crea.gov.co\/crea-castilla\/aun-tenemos-cupos-en-nuestros-talleres-ven-al-crea-castilla-y-enterate\/\",\"name\":\"\u00a1A\u00fan tenemos cupos en nuestros talleres!\u00a0Ven al Crea Castilla y ent\u00e9rate. - Crea Castilla\",\"isPartOf\":{\"@id\":\"https:\/\/www.crea.gov.co\/crea-castilla\/#website\"},\"primaryImageOfPage\":{\"@id\":\"https:\/\/www.crea.gov.co\/crea-castilla\/aun-tenemos-cupos-en-nuestros-talleres-ven-al-crea-castilla-y-enterate\/#primaryimage\"},\"image\":{\"@id\":\"https:\/\/www.crea.gov.co\/crea-castilla\/aun-tenemos-cupos-en-nuestros-talleres-ven-al-crea-castilla-y-enterate\/#primaryimage\"},\"thumbnailUrl\":\"https:\/\/www.crea.gov.co\/crea-castilla\/wp-content\/uploads\/sites\/8\/2024\/09\/WhatsApp-Image-2024-09-10-at-10.44.37-PM.jpeg\",\"datePublished\":\"2024-09-24T22:58:39+00:00\",\"dateModified\":\"2024-09-24T23:13:38+00:00\",\"author\":{\"@id\":\"https:\/\/www.crea.gov.co\/crea-castilla\/#\/schema\/person\/72ef8d4d2462a695e005bff6aed55e70\"},\"breadcrumb\":{\"@id\":\"https:\/\/www.crea.gov.co\/crea-castilla\/aun-tenemos-cupos-en-nuestros-talleres-ven-al-crea-castilla-y-enterate\/#breadcrumb\"},\"inLanguage\":\"es-CO\",\"potentialAction\":[{\"@type\":\"ReadAction\",\"target\":[\"https:\/\/www.crea.gov.co\/crea-castilla\/aun-tenemos-cupos-en-nuestros-talleres-ven-al-crea-castilla-y-enterate\/\"]}]},{\"@type\":\"ImageObject\",\"inLanguage\":\"es-CO\",\"@id\":\"https:\/\/www.crea.gov.co\/crea-castilla\/aun-tenemos-cupos-en-nuestros-talleres-ven-al-crea-castilla-y-enterate\/#primaryimage\",\"url\":\"https:\/\/www.crea.gov.co\/crea-castilla\/wp-content\/uploads\/sites\/8\/2024\/09\/WhatsApp-Image-2024-09-10-at-10.44.37-PM.jpeg\",\"contentUrl\":\"https:\/\/www.crea.gov.co\/crea-castilla\/wp-content\/uploads\/sites\/8\/2024\/09\/WhatsApp-Image-2024-09-10-at-10.44.37-PM.jpeg\",\"width\":1477,\"height\":1477},{\"@type\":\"BreadcrumbList\",\"@id\":\"https:\/\/www.crea.gov.co\/crea-castilla\/aun-tenemos-cupos-en-nuestros-talleres-ven-al-crea-castilla-y-enterate\/#breadcrumb\",\"itemListElement\":[{\"@type\":\"ListItem\",\"position\":1,\"name\":\"Home\",\"item\":\"https:\/\/www.crea.gov.co\/crea-castilla\/\"},{\"@type\":\"ListItem\",\"position\":2,\"name\":\"\u00a1A\u00fan tenemos cupos en nuestros talleres!\u00a0Ven al Crea Castilla y ent\u00e9rate.\"}]},{\"@type\":\"WebSite\",\"@id\":\"https:\/\/www.crea.gov.co\/crea-castilla\/#website\",\"url\":\"https:\/\/www.crea.gov.co\/crea-castilla\/\",\"name\":\"Crea Castilla\",\"description\":\"En uno de los barrios m\u00e1s tradicionales de Kennedy, el arte florece entre zonas verdes que envuelven el d\u00eda a d\u00eda. Aqu\u00ed, ni\u00f1as, ni\u00f1os, j\u00f3venes y adultos se encuentran para crear, compartir saberes y transformar su entorno con la fuerza de la expresi\u00f3n art\u00edstica. Este espacio abierto y cercano vibra con la energ\u00eda de la comunidad, donde cada rinc\u00f3n inspira nuevos sue\u00f1os y posibilidades.\",\"potentialAction\":[{\"@type\":\"SearchAction\",\"target\":{\"@type\":\"EntryPoint\",\"urlTemplate\":\"https:\/\/www.crea.gov.co\/crea-castilla\/?s={search_term_string}\"},\"query-input\":{\"@type\":\"PropertyValueSpecification\",\"valueRequired\":true,\"valueName\":\"search_term_string\"}}],\"inLanguage\":\"es-CO\"},{\"@type\":\"Person\",\"@id\":\"https:\/\/www.crea.gov.co\/crea-castilla\/#\/schema\/person\/72ef8d4d2462a695e005bff6aed55e70\",\"name\":\"yullymartin\",\"image\":{\"@type\":\"ImageObject\",\"inLanguage\":\"es-CO\",\"@id\":\"https:\/\/www.crea.gov.co\/crea-castilla\/#\/schema\/person\/image\/\",\"url\":\"https:\/\/secure.gravatar.com\/avatar\/eac0622839b60dacc57369f44c14cfde?s=96&d=mm&r=g\",\"contentUrl\":\"https:\/\/secure.gravatar.com\/avatar\/eac0622839b60dacc57369f44c14cfde?s=96&d=mm&r=g\",\"caption\":\"yullymartin\"},\"url\":\"https:\/\/www.crea.gov.co\/crea-castilla\/author\/yullymartin\/\"}]}<\/script>\n<!-- \/ Yoast SEO plugin. -->","yoast_head_json":{"title":"\u00a1A\u00fan tenemos cupos en nuestros talleres!\u00a0Ven al Crea Castilla y ent\u00e9rate. - Crea Castilla","robots":{"index":"index","follow":"follow","max-snippet":"max-snippet:-1","max-image-preview":"max-image-preview:large","max-video-preview":"max-video-preview:-1"},"canonical":"https:\/\/www.crea.gov.co\/crea-castilla\/aun-tenemos-cupos-en-nuestros-talleres-ven-al-crea-castilla-y-enterate\/","og_locale":"es_ES","og_type":"article","og_title":"\u00a1A\u00fan tenemos cupos en nuestros talleres!\u00a0Ven al Crea Castilla y ent\u00e9rate. - Crea Castilla","og_description":"Si est\u00e1s interesado en los talleres de m\u00fasica, danza, literatura, \u00a0y creaci\u00f3n digital puedes acercarte al Crea Castilla para inscripciones presenciales. Los talleres se\u00a0ir\u00e1n hasta el 15 de noviembre y no tienen costo alguno. \u00bfQui\u00e9nes pueden participar?&nbsp;\u00a1Todos! No hay l\u00edmite de edad, desde ni\u00f1os mayores de seis a\u00f1os hasta adultos con una pasi\u00f3n latente por [&hellip;]","og_url":"https:\/\/www.crea.gov.co\/crea-castilla\/aun-tenemos-cupos-en-nuestros-talleres-ven-al-crea-castilla-y-enterate\/","og_site_name":"Crea Castilla","article_published_time":"2024-09-24T22:58:39+00:00","article_modified_time":"2024-09-24T23:13:38+00:00","og_image":[{"width":1477,"height":1477,"url":"https:\/\/www.crea.gov.co\/crea-castilla\/wp-content\/uploads\/sites\/8\/2024\/09\/WhatsApp-Image-2024-09-10-at-10.44.37-PM.jpeg","type":"image\/jpeg"}],"author":"yullymartin","twitter_card":"summary_large_image","twitter_misc":{"Escrito por":"yullymartin","Tiempo de lectura":"3 minutos"},"schema":{"@context":"https:\/\/schema.org","@graph":[{"@type":"WebPage","@id":"https:\/\/www.crea.gov.co\/crea-castilla\/aun-tenemos-cupos-en-nuestros-talleres-ven-al-crea-castilla-y-enterate\/","url":"https:\/\/www.crea.gov.co\/crea-castilla\/aun-tenemos-cupos-en-nuestros-talleres-ven-al-crea-castilla-y-enterate\/","name":"\u00a1A\u00fan tenemos cupos en nuestros talleres!\u00a0Ven al Crea Castilla y ent\u00e9rate. - Crea Castilla","isPartOf":{"@id":"https:\/\/www.crea.gov.co\/crea-castilla\/#website"},"primaryImageOfPage":{"@id":"https:\/\/www.crea.gov.co\/crea-castilla\/aun-tenemos-cupos-en-nuestros-talleres-ven-al-crea-castilla-y-enterate\/#primaryimage"},"image":{"@id":"https:\/\/www.crea.gov.co\/crea-castilla\/aun-tenemos-cupos-en-nuestros-talleres-ven-al-crea-castilla-y-enterate\/#primaryimage"},"thumbnailUrl":"https:\/\/www.crea.gov.co\/crea-castilla\/wp-content\/uploads\/sites\/8\/2024\/09\/WhatsApp-Image-2024-09-10-at-10.44.37-PM.jpeg","datePublished":"2024-09-24T22:58:39+00:00","dateModified":"2024-09-24T23:13:38+00:00","author":{"@id":"https:\/\/www.crea.gov.co\/crea-castilla\/#\/schema\/person\/72ef8d4d2462a695e005bff6aed55e70"},"breadcrumb":{"@id":"https:\/\/www.crea.gov.co\/crea-castilla\/aun-tenemos-cupos-en-nuestros-talleres-ven-al-crea-castilla-y-enterate\/#breadcrumb"},"inLanguage":"es-CO","potentialAction":[{"@type":"ReadAction","target":["https:\/\/www.crea.gov.co\/crea-castilla\/aun-tenemos-cupos-en-nuestros-talleres-ven-al-crea-castilla-y-enterate\/"]}]},{"@type":"ImageObject","inLanguage":"es-CO","@id":"https:\/\/www.crea.gov.co\/crea-castilla\/aun-tenemos-cupos-en-nuestros-talleres-ven-al-crea-castilla-y-enterate\/#primaryimage","url":"https:\/\/www.crea.gov.co\/crea-castilla\/wp-content\/uploads\/sites\/8\/2024\/09\/WhatsApp-Image-2024-09-10-at-10.44.37-PM.jpeg","contentUrl":"https:\/\/www.crea.gov.co\/crea-castilla\/wp-content\/uploads\/sites\/8\/2024\/09\/WhatsApp-Image-2024-09-10-at-10.44.37-PM.jpeg","width":1477,"height":1477},{"@type":"BreadcrumbList","@id":"https:\/\/www.crea.gov.co\/crea-castilla\/aun-tenemos-cupos-en-nuestros-talleres-ven-al-crea-castilla-y-enterate\/#breadcrumb","itemListElement":[{"@type":"ListItem","position":1,"name":"Home","item":"https:\/\/www.crea.gov.co\/crea-castilla\/"},{"@type":"ListItem","position":2,"name":"\u00a1A\u00fan tenemos cupos en nuestros talleres!\u00a0Ven al Crea Castilla y ent\u00e9rate."}]},{"@type":"WebSite","@id":"https:\/\/www.crea.gov.co\/crea-castilla\/#website","url":"https:\/\/www.crea.gov.co\/crea-castilla\/","name":"Crea Castilla","description":"En uno de los barrios m\u00e1s tradicionales de Kennedy, el arte florece entre zonas verdes que envuelven el d\u00eda a d\u00eda. Aqu\u00ed, ni\u00f1as, ni\u00f1os, j\u00f3venes y adultos se encuentran para crear, compartir saberes y transformar su entorno con la fuerza de la expresi\u00f3n art\u00edstica. Este espacio abierto y cercano vibra con la energ\u00eda de la comunidad, donde cada rinc\u00f3n inspira nuevos sue\u00f1os y posibilidades.","potentialAction":[{"@type":"SearchAction","target":{"@type":"EntryPoint","urlTemplate":"https:\/\/www.crea.gov.co\/crea-castilla\/?s={search_term_string}"},"query-input":{"@type":"PropertyValueSpecification","valueRequired":true,"valueName":"search_term_string"}}],"inLanguage":"es-CO"},{"@type":"Person","@id":"https:\/\/www.crea.gov.co\/crea-castilla\/#\/schema\/person\/72ef8d4d2462a695e005bff6aed55e70","name":"yullymartin","image":{"@type":"ImageObject","inLanguage":"es-CO","@id":"https:\/\/www.crea.gov.co\/crea-castilla\/#\/schema\/person\/image\/","url":"https:\/\/secure.gravatar.com\/avatar\/eac0622839b60dacc57369f44c14cfde?s=96&d=mm&r=g","contentUrl":"https:\/\/secure.gravatar.com\/avatar\/eac0622839b60dacc57369f44c14cfde?s=96&d=mm&r=g","caption":"yullymartin"},"url":"https:\/\/www.crea.gov.co\/crea-castilla\/author\/yullymartin\/"}]}},"_links":{"self":[{"href":"https:\/\/www.crea.gov.co\/crea-castilla\/wp-json\/wp\/v2\/posts\/706","targetHints":{"allow":["GET"]}}],"collection":[{"href":"https:\/\/www.crea.gov.co\/crea-castilla\/wp-json\/wp\/v2\/posts"}],"about":[{"href":"https:\/\/www.crea.gov.co\/crea-castilla\/wp-json\/wp\/v2\/types\/post"}],"author":[{"embeddable":true,"href":"https:\/\/www.crea.gov.co\/crea-castilla\/wp-json\/wp\/v2\/users\/76"}],"replies":[{"embeddable":true,"href":"https:\/\/www.crea.gov.co\/crea-castilla\/wp-json\/wp\/v2\/comments?post=706"}],"version-history":[{"count":9,"href":"https:\/\/www.crea.gov.co\/crea-castilla\/wp-json\/wp\/v2\/posts\/706\/revisions"}],"predecessor-version":[{"id":728,"href":"https:\/\/www.crea.gov.co\/crea-castilla\/wp-json\/wp\/v2\/posts\/706\/revisions\/728"}],"wp:featuredmedia":[{"embeddable":true,"href":"https:\/\/www.crea.gov.co\/crea-castilla\/wp-json\/wp\/v2\/media\/709"}],"wp:attachment":[{"href":"https:\/\/www.crea.gov.co\/crea-castilla\/wp-json\/wp\/v2\/media?parent=706"}],"wp:term":[{"taxonomy":"category","embeddable":true,"href":"https:\/\/www.crea.gov.co\/crea-castilla\/wp-json\/wp\/v2\/categories?post=706"},{"taxonomy":"post_tag","embeddable":true,"href":"https:\/\/www.crea.gov.co\/crea-castilla\/wp-json\/wp\/v2\/tags?post=706"}],"curies":[{"name":"wp","href":"https:\/\/api.w.org\/{rel}","templated":true}]}}