{"id":675,"date":"2024-09-10T23:17:13","date_gmt":"2024-09-10T23:17:13","guid":{"rendered":"https:\/\/www.crea.gov.co\/crea-castilla\/?p=675"},"modified":"2024-09-10T23:18:03","modified_gmt":"2024-09-10T23:18:03","slug":"crea-en-movimiento-en-la-localidades-de-bosa-y-kennedy","status":"publish","type":"post","link":"https:\/\/www.crea.gov.co\/crea-castilla\/crea-en-movimiento-en-la-localidades-de-bosa-y-kennedy\/","title":{"rendered":"Crea en movimiento en las localidades de Bosa y Kennedy"},"content":{"rendered":"\n<figure class=\"wp-block-image size-large is-resized\"><img loading=\"lazy\" decoding=\"async\" width=\"682\" height=\"1024\" src=\"https:\/\/www.crea.gov.co\/crea-castilla\/wp-content\/uploads\/sites\/8\/2024\/09\/WhatsApp-Image-2024-09-10-at-7.43.33-PM-682x1024.jpeg\" alt=\"\" class=\"wp-image-676\" style=\"width:471px;height:auto\" srcset=\"https:\/\/www.crea.gov.co\/crea-castilla\/wp-content\/uploads\/sites\/8\/2024\/09\/WhatsApp-Image-2024-09-10-at-7.43.33-PM-682x1024.jpeg 682w, https:\/\/www.crea.gov.co\/crea-castilla\/wp-content\/uploads\/sites\/8\/2024\/09\/WhatsApp-Image-2024-09-10-at-7.43.33-PM-200x300.jpeg 200w, https:\/\/www.crea.gov.co\/crea-castilla\/wp-content\/uploads\/sites\/8\/2024\/09\/WhatsApp-Image-2024-09-10-at-7.43.33-PM-768x1152.jpeg 768w, https:\/\/www.crea.gov.co\/crea-castilla\/wp-content\/uploads\/sites\/8\/2024\/09\/WhatsApp-Image-2024-09-10-at-7.43.33-PM.jpeg 853w\" sizes=\"auto, (max-width: 682px) 100vw, 682px\" \/><\/figure>\n\n\n\n<p>Este 2024, el&nbsp;<a href=\"https:\/\/www.idartes.gov.co\/es\"><strong>Instituto Distrital de las Artes \u2013 Idartes<\/strong><\/a>&nbsp;a trav\u00e9s de su&nbsp;<a href=\"https:\/\/www.crea.gov.co\/\"><strong>Programa Crea<\/strong><\/a>, regresa con una nueva edici\u00f3n de&nbsp;<strong>Crea en Movimiento<\/strong>, un evento que ofrece a la ciudadan\u00eda espacios para la creatividad y la participaci\u00f3n comunitaria. Desde el 14 de septiembre hasta el 5 de octubre, Bogot\u00e1 se convertir\u00e1 nuevamente en un escenario art\u00edstico en movimiento, donde ni\u00f1os, j\u00f3venes, adultos y personas mayores podr\u00e1n disfrutar de m\u00e1s de 50 actividades en distintas disciplinas como m\u00fasica, teatro, danza, literatura, audiovisuales, creaci\u00f3n digital y artes pl\u00e1sticas.<\/p>\n\n\n\n<p>El recorrido de este a\u00f1o comenzar\u00e1 el\u00a0<strong>14 de septiembre en el Parque Timiza<\/strong>, un espacio para el arte con actividades en las siete \u00e1reas art\u00edsticas mencionadas, integrando diversos lenguajes art\u00edsticos que invitan a la exploraci\u00f3n y participaci\u00f3n activa.\u00a0Con grupos de los Creas San Pablo, Naranjos, Delicias, Roma y Castilla haremos un espacio para construir en colectivo, donde las presentaciones y talleres dirigidos a la comunidad nos llevar\u00e1n a crear la Ciudad Imaginada. Te invitamos a consultar nuestra programaci\u00f3n para que nos acompa\u00f1es con tu familia.<\/p>\n\n\n\n<figure class=\"wp-block-image size-large is-resized\"><img loading=\"lazy\" decoding=\"async\" width=\"682\" height=\"1024\" src=\"https:\/\/www.crea.gov.co\/crea-castilla\/wp-content\/uploads\/sites\/8\/2024\/09\/WhatsApp-Image-2024-09-10-at-7.43.33-PM-1-682x1024.jpeg\" alt=\"\" class=\"wp-image-677\" style=\"width:705px;height:auto\" srcset=\"https:\/\/www.crea.gov.co\/crea-castilla\/wp-content\/uploads\/sites\/8\/2024\/09\/WhatsApp-Image-2024-09-10-at-7.43.33-PM-1-682x1024.jpeg 682w, https:\/\/www.crea.gov.co\/crea-castilla\/wp-content\/uploads\/sites\/8\/2024\/09\/WhatsApp-Image-2024-09-10-at-7.43.33-PM-1-200x300.jpeg 200w, https:\/\/www.crea.gov.co\/crea-castilla\/wp-content\/uploads\/sites\/8\/2024\/09\/WhatsApp-Image-2024-09-10-at-7.43.33-PM-1-768x1152.jpeg 768w, https:\/\/www.crea.gov.co\/crea-castilla\/wp-content\/uploads\/sites\/8\/2024\/09\/WhatsApp-Image-2024-09-10-at-7.43.33-PM-1.jpeg 853w\" sizes=\"auto, (max-width: 682px) 100vw, 682px\" \/><\/figure>\n\n\n\n<p>Edwin Acero, l\u00edder del&nbsp;<a href=\"https:\/\/www.crea.gov.co\/\"><strong>Programa Crea<\/strong><\/a><strong>,<\/strong>&nbsp;subraya la importancia de este evento dentro del Ecosistema Crea, un lugar de coexistencia tanto de las \u00e1reas art\u00edsticas, como un lugar de encuentro y respeto por las diferencias: \u201cCrea en Movimiento tiene como objetivo principal que la comunidad aprecie y reflexione sobre el territorio desde una perspectiva creativa y art\u00edstica. El enfoque local y comunitario del Programa Crea se articula a trav\u00e9s de experiencias vivenciales y est\u00e9ticas, generando ejercicios significativos para la apropiaci\u00f3n, resignificaci\u00f3n y transformaci\u00f3n del espacio que habitamos\u201d.<\/p>\n\n\n\n<p>Crea en Movimiento sigue apostando por llevar el arte a los espacios cotidianos de Bogot\u00e1, transformando lugares comunes en escenarios de creatividad y expresi\u00f3n art\u00edstica. Todas las actividades son gratuitas y abiertas a la comunidad, invitando a los ciudadanos a ser parte de esta experiencia que conecta, transforma y resignifica los espacios urbanos, reafirmando el compromiso del&nbsp;<a href=\"https:\/\/www.idartes.gov.co\/es\"><strong>Instituto Distrital de las Artes \u2013 Idartes<\/strong><\/a>&nbsp;con el desarrollo cultural de la ciudad.<\/p>\n","protected":false},"excerpt":{"rendered":"<p>Este 2024, el&nbsp;Instituto Distrital de las Artes \u2013 Idartes&nbsp;a trav\u00e9s de su&nbsp;Programa Crea, regresa con una nueva edici\u00f3n de&nbsp;Crea en Movimiento, un evento que ofrece a la ciudadan\u00eda espacios para la creatividad y la participaci\u00f3n comunitaria. Desde el 14 de septiembre hasta el 5 de octubre, Bogot\u00e1 se convertir\u00e1 nuevamente en un escenario art\u00edstico en [&hellip;]<\/p>\n","protected":false},"author":76,"featured_media":677,"comment_status":"open","ping_status":"open","sticky":false,"template":"","format":"standard","meta":{"footnotes":""},"categories":[1],"tags":[],"class_list":["post-675","post","type-post","status-publish","format-standard","has-post-thumbnail","hentry","category-sin-categoria"],"yoast_head":"<!-- This site is optimized with the Yoast SEO plugin v24.5 - https:\/\/yoast.com\/wordpress\/plugins\/seo\/ -->\n<title>Crea en movimiento en las localidades de Bosa y Kennedy - Crea Castilla<\/title>\n<meta name=\"robots\" content=\"index, follow, max-snippet:-1, max-image-preview:large, max-video-preview:-1\" \/>\n<link rel=\"canonical\" href=\"https:\/\/www.crea.gov.co\/crea-castilla\/crea-en-movimiento-en-la-localidades-de-bosa-y-kennedy\/\" \/>\n<meta property=\"og:locale\" content=\"es_ES\" \/>\n<meta property=\"og:type\" content=\"article\" \/>\n<meta property=\"og:title\" content=\"Crea en movimiento en las localidades de Bosa y Kennedy - Crea Castilla\" \/>\n<meta property=\"og:description\" content=\"Este 2024, el&nbsp;Instituto Distrital de las Artes \u2013 Idartes&nbsp;a trav\u00e9s de su&nbsp;Programa Crea, regresa con una nueva edici\u00f3n de&nbsp;Crea en Movimiento, un evento que ofrece a la ciudadan\u00eda espacios para la creatividad y la participaci\u00f3n comunitaria. Desde el 14 de septiembre hasta el 5 de octubre, Bogot\u00e1 se convertir\u00e1 nuevamente en un escenario art\u00edstico en [&hellip;]\" \/>\n<meta property=\"og:url\" content=\"https:\/\/www.crea.gov.co\/crea-castilla\/crea-en-movimiento-en-la-localidades-de-bosa-y-kennedy\/\" \/>\n<meta property=\"og:site_name\" content=\"Crea Castilla\" \/>\n<meta property=\"article:published_time\" content=\"2024-09-10T23:17:13+00:00\" \/>\n<meta property=\"article:modified_time\" content=\"2024-09-10T23:18:03+00:00\" \/>\n<meta property=\"og:image\" content=\"https:\/\/www.crea.gov.co\/crea-castilla\/wp-content\/uploads\/sites\/8\/2024\/09\/WhatsApp-Image-2024-09-10-at-7.43.33-PM-1.jpeg\" \/>\n\t<meta property=\"og:image:width\" content=\"853\" \/>\n\t<meta property=\"og:image:height\" content=\"1280\" \/>\n\t<meta property=\"og:image:type\" content=\"image\/jpeg\" \/>\n<meta name=\"author\" content=\"yullymartin\" \/>\n<meta name=\"twitter:card\" content=\"summary_large_image\" \/>\n<meta name=\"twitter:label1\" content=\"Escrito por\" \/>\n\t<meta name=\"twitter:data1\" content=\"yullymartin\" \/>\n\t<meta name=\"twitter:label2\" content=\"Tiempo de lectura\" \/>\n\t<meta name=\"twitter:data2\" content=\"3 minutos\" \/>\n<script type=\"application\/ld+json\" class=\"yoast-schema-graph\">{\"@context\":\"https:\/\/schema.org\",\"@graph\":[{\"@type\":\"WebPage\",\"@id\":\"https:\/\/www.crea.gov.co\/crea-castilla\/crea-en-movimiento-en-la-localidades-de-bosa-y-kennedy\/\",\"url\":\"https:\/\/www.crea.gov.co\/crea-castilla\/crea-en-movimiento-en-la-localidades-de-bosa-y-kennedy\/\",\"name\":\"Crea en movimiento en las localidades de Bosa y Kennedy - Crea Castilla\",\"isPartOf\":{\"@id\":\"https:\/\/www.crea.gov.co\/crea-castilla\/#website\"},\"primaryImageOfPage\":{\"@id\":\"https:\/\/www.crea.gov.co\/crea-castilla\/crea-en-movimiento-en-la-localidades-de-bosa-y-kennedy\/#primaryimage\"},\"image\":{\"@id\":\"https:\/\/www.crea.gov.co\/crea-castilla\/crea-en-movimiento-en-la-localidades-de-bosa-y-kennedy\/#primaryimage\"},\"thumbnailUrl\":\"https:\/\/www.crea.gov.co\/crea-castilla\/wp-content\/uploads\/sites\/8\/2024\/09\/WhatsApp-Image-2024-09-10-at-7.43.33-PM-1.jpeg\",\"datePublished\":\"2024-09-10T23:17:13+00:00\",\"dateModified\":\"2024-09-10T23:18:03+00:00\",\"author\":{\"@id\":\"https:\/\/www.crea.gov.co\/crea-castilla\/#\/schema\/person\/72ef8d4d2462a695e005bff6aed55e70\"},\"breadcrumb\":{\"@id\":\"https:\/\/www.crea.gov.co\/crea-castilla\/crea-en-movimiento-en-la-localidades-de-bosa-y-kennedy\/#breadcrumb\"},\"inLanguage\":\"es-CO\",\"potentialAction\":[{\"@type\":\"ReadAction\",\"target\":[\"https:\/\/www.crea.gov.co\/crea-castilla\/crea-en-movimiento-en-la-localidades-de-bosa-y-kennedy\/\"]}]},{\"@type\":\"ImageObject\",\"inLanguage\":\"es-CO\",\"@id\":\"https:\/\/www.crea.gov.co\/crea-castilla\/crea-en-movimiento-en-la-localidades-de-bosa-y-kennedy\/#primaryimage\",\"url\":\"https:\/\/www.crea.gov.co\/crea-castilla\/wp-content\/uploads\/sites\/8\/2024\/09\/WhatsApp-Image-2024-09-10-at-7.43.33-PM-1.jpeg\",\"contentUrl\":\"https:\/\/www.crea.gov.co\/crea-castilla\/wp-content\/uploads\/sites\/8\/2024\/09\/WhatsApp-Image-2024-09-10-at-7.43.33-PM-1.jpeg\",\"width\":853,\"height\":1280},{\"@type\":\"BreadcrumbList\",\"@id\":\"https:\/\/www.crea.gov.co\/crea-castilla\/crea-en-movimiento-en-la-localidades-de-bosa-y-kennedy\/#breadcrumb\",\"itemListElement\":[{\"@type\":\"ListItem\",\"position\":1,\"name\":\"Home\",\"item\":\"https:\/\/www.crea.gov.co\/crea-castilla\/\"},{\"@type\":\"ListItem\",\"position\":2,\"name\":\"Crea en movimiento en las localidades de Bosa y Kennedy\"}]},{\"@type\":\"WebSite\",\"@id\":\"https:\/\/www.crea.gov.co\/crea-castilla\/#website\",\"url\":\"https:\/\/www.crea.gov.co\/crea-castilla\/\",\"name\":\"Crea Castilla\",\"description\":\"En uno de los barrios m\u00e1s tradicionales de Kennedy, el arte florece entre zonas verdes que envuelven el d\u00eda a d\u00eda. Aqu\u00ed, ni\u00f1as, ni\u00f1os, j\u00f3venes y adultos se encuentran para crear, compartir saberes y transformar su entorno con la fuerza de la expresi\u00f3n art\u00edstica. Este espacio abierto y cercano vibra con la energ\u00eda de la comunidad, donde cada rinc\u00f3n inspira nuevos sue\u00f1os y posibilidades.\",\"potentialAction\":[{\"@type\":\"SearchAction\",\"target\":{\"@type\":\"EntryPoint\",\"urlTemplate\":\"https:\/\/www.crea.gov.co\/crea-castilla\/?s={search_term_string}\"},\"query-input\":{\"@type\":\"PropertyValueSpecification\",\"valueRequired\":true,\"valueName\":\"search_term_string\"}}],\"inLanguage\":\"es-CO\"},{\"@type\":\"Person\",\"@id\":\"https:\/\/www.crea.gov.co\/crea-castilla\/#\/schema\/person\/72ef8d4d2462a695e005bff6aed55e70\",\"name\":\"yullymartin\",\"image\":{\"@type\":\"ImageObject\",\"inLanguage\":\"es-CO\",\"@id\":\"https:\/\/www.crea.gov.co\/crea-castilla\/#\/schema\/person\/image\/\",\"url\":\"https:\/\/secure.gravatar.com\/avatar\/eac0622839b60dacc57369f44c14cfde?s=96&d=mm&r=g\",\"contentUrl\":\"https:\/\/secure.gravatar.com\/avatar\/eac0622839b60dacc57369f44c14cfde?s=96&d=mm&r=g\",\"caption\":\"yullymartin\"},\"url\":\"https:\/\/www.crea.gov.co\/crea-castilla\/author\/yullymartin\/\"}]}<\/script>\n<!-- \/ Yoast SEO plugin. -->","yoast_head_json":{"title":"Crea en movimiento en las localidades de Bosa y Kennedy - Crea Castilla","robots":{"index":"index","follow":"follow","max-snippet":"max-snippet:-1","max-image-preview":"max-image-preview:large","max-video-preview":"max-video-preview:-1"},"canonical":"https:\/\/www.crea.gov.co\/crea-castilla\/crea-en-movimiento-en-la-localidades-de-bosa-y-kennedy\/","og_locale":"es_ES","og_type":"article","og_title":"Crea en movimiento en las localidades de Bosa y Kennedy - Crea Castilla","og_description":"Este 2024, el&nbsp;Instituto Distrital de las Artes \u2013 Idartes&nbsp;a trav\u00e9s de su&nbsp;Programa Crea, regresa con una nueva edici\u00f3n de&nbsp;Crea en Movimiento, un evento que ofrece a la ciudadan\u00eda espacios para la creatividad y la participaci\u00f3n comunitaria. Desde el 14 de septiembre hasta el 5 de octubre, Bogot\u00e1 se convertir\u00e1 nuevamente en un escenario art\u00edstico en [&hellip;]","og_url":"https:\/\/www.crea.gov.co\/crea-castilla\/crea-en-movimiento-en-la-localidades-de-bosa-y-kennedy\/","og_site_name":"Crea Castilla","article_published_time":"2024-09-10T23:17:13+00:00","article_modified_time":"2024-09-10T23:18:03+00:00","og_image":[{"width":853,"height":1280,"url":"https:\/\/www.crea.gov.co\/crea-castilla\/wp-content\/uploads\/sites\/8\/2024\/09\/WhatsApp-Image-2024-09-10-at-7.43.33-PM-1.jpeg","type":"image\/jpeg"}],"author":"yullymartin","twitter_card":"summary_large_image","twitter_misc":{"Escrito por":"yullymartin","Tiempo de lectura":"3 minutos"},"schema":{"@context":"https:\/\/schema.org","@graph":[{"@type":"WebPage","@id":"https:\/\/www.crea.gov.co\/crea-castilla\/crea-en-movimiento-en-la-localidades-de-bosa-y-kennedy\/","url":"https:\/\/www.crea.gov.co\/crea-castilla\/crea-en-movimiento-en-la-localidades-de-bosa-y-kennedy\/","name":"Crea en movimiento en las localidades de Bosa y Kennedy - Crea Castilla","isPartOf":{"@id":"https:\/\/www.crea.gov.co\/crea-castilla\/#website"},"primaryImageOfPage":{"@id":"https:\/\/www.crea.gov.co\/crea-castilla\/crea-en-movimiento-en-la-localidades-de-bosa-y-kennedy\/#primaryimage"},"image":{"@id":"https:\/\/www.crea.gov.co\/crea-castilla\/crea-en-movimiento-en-la-localidades-de-bosa-y-kennedy\/#primaryimage"},"thumbnailUrl":"https:\/\/www.crea.gov.co\/crea-castilla\/wp-content\/uploads\/sites\/8\/2024\/09\/WhatsApp-Image-2024-09-10-at-7.43.33-PM-1.jpeg","datePublished":"2024-09-10T23:17:13+00:00","dateModified":"2024-09-10T23:18:03+00:00","author":{"@id":"https:\/\/www.crea.gov.co\/crea-castilla\/#\/schema\/person\/72ef8d4d2462a695e005bff6aed55e70"},"breadcrumb":{"@id":"https:\/\/www.crea.gov.co\/crea-castilla\/crea-en-movimiento-en-la-localidades-de-bosa-y-kennedy\/#breadcrumb"},"inLanguage":"es-CO","potentialAction":[{"@type":"ReadAction","target":["https:\/\/www.crea.gov.co\/crea-castilla\/crea-en-movimiento-en-la-localidades-de-bosa-y-kennedy\/"]}]},{"@type":"ImageObject","inLanguage":"es-CO","@id":"https:\/\/www.crea.gov.co\/crea-castilla\/crea-en-movimiento-en-la-localidades-de-bosa-y-kennedy\/#primaryimage","url":"https:\/\/www.crea.gov.co\/crea-castilla\/wp-content\/uploads\/sites\/8\/2024\/09\/WhatsApp-Image-2024-09-10-at-7.43.33-PM-1.jpeg","contentUrl":"https:\/\/www.crea.gov.co\/crea-castilla\/wp-content\/uploads\/sites\/8\/2024\/09\/WhatsApp-Image-2024-09-10-at-7.43.33-PM-1.jpeg","width":853,"height":1280},{"@type":"BreadcrumbList","@id":"https:\/\/www.crea.gov.co\/crea-castilla\/crea-en-movimiento-en-la-localidades-de-bosa-y-kennedy\/#breadcrumb","itemListElement":[{"@type":"ListItem","position":1,"name":"Home","item":"https:\/\/www.crea.gov.co\/crea-castilla\/"},{"@type":"ListItem","position":2,"name":"Crea en movimiento en las localidades de Bosa y Kennedy"}]},{"@type":"WebSite","@id":"https:\/\/www.crea.gov.co\/crea-castilla\/#website","url":"https:\/\/www.crea.gov.co\/crea-castilla\/","name":"Crea Castilla","description":"En uno de los barrios m\u00e1s tradicionales de Kennedy, el arte florece entre zonas verdes que envuelven el d\u00eda a d\u00eda. Aqu\u00ed, ni\u00f1as, ni\u00f1os, j\u00f3venes y adultos se encuentran para crear, compartir saberes y transformar su entorno con la fuerza de la expresi\u00f3n art\u00edstica. Este espacio abierto y cercano vibra con la energ\u00eda de la comunidad, donde cada rinc\u00f3n inspira nuevos sue\u00f1os y posibilidades.","potentialAction":[{"@type":"SearchAction","target":{"@type":"EntryPoint","urlTemplate":"https:\/\/www.crea.gov.co\/crea-castilla\/?s={search_term_string}"},"query-input":{"@type":"PropertyValueSpecification","valueRequired":true,"valueName":"search_term_string"}}],"inLanguage":"es-CO"},{"@type":"Person","@id":"https:\/\/www.crea.gov.co\/crea-castilla\/#\/schema\/person\/72ef8d4d2462a695e005bff6aed55e70","name":"yullymartin","image":{"@type":"ImageObject","inLanguage":"es-CO","@id":"https:\/\/www.crea.gov.co\/crea-castilla\/#\/schema\/person\/image\/","url":"https:\/\/secure.gravatar.com\/avatar\/eac0622839b60dacc57369f44c14cfde?s=96&d=mm&r=g","contentUrl":"https:\/\/secure.gravatar.com\/avatar\/eac0622839b60dacc57369f44c14cfde?s=96&d=mm&r=g","caption":"yullymartin"},"url":"https:\/\/www.crea.gov.co\/crea-castilla\/author\/yullymartin\/"}]}},"_links":{"self":[{"href":"https:\/\/www.crea.gov.co\/crea-castilla\/wp-json\/wp\/v2\/posts\/675","targetHints":{"allow":["GET"]}}],"collection":[{"href":"https:\/\/www.crea.gov.co\/crea-castilla\/wp-json\/wp\/v2\/posts"}],"about":[{"href":"https:\/\/www.crea.gov.co\/crea-castilla\/wp-json\/wp\/v2\/types\/post"}],"author":[{"embeddable":true,"href":"https:\/\/www.crea.gov.co\/crea-castilla\/wp-json\/wp\/v2\/users\/76"}],"replies":[{"embeddable":true,"href":"https:\/\/www.crea.gov.co\/crea-castilla\/wp-json\/wp\/v2\/comments?post=675"}],"version-history":[{"count":3,"href":"https:\/\/www.crea.gov.co\/crea-castilla\/wp-json\/wp\/v2\/posts\/675\/revisions"}],"predecessor-version":[{"id":680,"href":"https:\/\/www.crea.gov.co\/crea-castilla\/wp-json\/wp\/v2\/posts\/675\/revisions\/680"}],"wp:featuredmedia":[{"embeddable":true,"href":"https:\/\/www.crea.gov.co\/crea-castilla\/wp-json\/wp\/v2\/media\/677"}],"wp:attachment":[{"href":"https:\/\/www.crea.gov.co\/crea-castilla\/wp-json\/wp\/v2\/media?parent=675"}],"wp:term":[{"taxonomy":"category","embeddable":true,"href":"https:\/\/www.crea.gov.co\/crea-castilla\/wp-json\/wp\/v2\/categories?post=675"},{"taxonomy":"post_tag","embeddable":true,"href":"https:\/\/www.crea.gov.co\/crea-castilla\/wp-json\/wp\/v2\/tags?post=675"}],"curies":[{"name":"wp","href":"https:\/\/api.w.org\/{rel}","templated":true}]}}