{"id":560,"date":"2024-04-24T18:27:56","date_gmt":"2024-04-24T18:27:56","guid":{"rendered":"https:\/\/www.crea.gov.co\/crea-castilla\/?p=560"},"modified":"2024-04-24T18:28:12","modified_gmt":"2024-04-24T18:28:12","slug":"dia-de-los-ninos-y-las-ninas-en-crea-castilla","status":"publish","type":"post","link":"https:\/\/www.crea.gov.co\/crea-castilla\/dia-de-los-ninos-y-las-ninas-en-crea-castilla\/","title":{"rendered":"D\u00eda de los ni\u00f1os y las ni\u00f1as en Crea Castilla"},"content":{"rendered":"\n<figure class=\"wp-block-image size-large\"><img loading=\"lazy\" decoding=\"async\" width=\"1024\" height=\"576\" src=\"https:\/\/www.crea.gov.co\/crea-castilla\/wp-content\/uploads\/sites\/8\/2024\/04\/P1100753-1024x576.jpg\" alt=\"\" class=\"wp-image-561\" srcset=\"https:\/\/www.crea.gov.co\/crea-castilla\/wp-content\/uploads\/sites\/8\/2024\/04\/P1100753-1024x576.jpg 1024w, https:\/\/www.crea.gov.co\/crea-castilla\/wp-content\/uploads\/sites\/8\/2024\/04\/P1100753-300x169.jpg 300w, https:\/\/www.crea.gov.co\/crea-castilla\/wp-content\/uploads\/sites\/8\/2024\/04\/P1100753-768x432.jpg 768w, https:\/\/www.crea.gov.co\/crea-castilla\/wp-content\/uploads\/sites\/8\/2024\/04\/P1100753-1536x864.jpg 1536w, https:\/\/www.crea.gov.co\/crea-castilla\/wp-content\/uploads\/sites\/8\/2024\/04\/P1100753-2048x1152.jpg 2048w\" sizes=\"auto, (max-width: 1024px) 100vw, 1024px\" \/><\/figure>\n\n\n\n<p>El d\u00eda 18 de abril se vivi\u00f3 la celebraci\u00f3n del d\u00eda de los ni\u00f1os y las ni\u00f1as en el Crea Castilla, este encuentro giro en torno a la tem\u00e1tica de los sue\u00f1os, partiendo de la premisa que la ni\u00f1ez es el momento de construcci\u00f3n de muchos de los sue\u00f1os y que se evoc\u00f3 estos en los ni\u00f1os y ni\u00f1as participantes, as\u00ed como para los adultos haciendo un llamado al ni\u00f1o interior que tiene la capacidad de so\u00f1ar.<\/p>\n\n\n\n<p>Para esto se va a cre\u00f3 un rinc\u00f3n donde se llevar\u00e1n parte de estas reflexiones , donde se ubic\u00f3 un atrapasue\u00f1os y se fabric\u00f3 un &#8220;cambuche&#8221; como los que arm\u00e1bamos en nuestra ni\u00f1ez para jugar, espacio que a la vez evoc\u00f3 la cama, lugar por excelencia de los sue\u00f1os.  En torno a este se colocaron m\u00faltiples aviones y barquitos de papel que conten\u00edan los sue\u00f1os de nuestros participantes para ser le\u00eddos y compartidos.<\/p>\n\n\n\n<figure class=\"wp-block-video\"><video controls src=\"https:\/\/www.crea.gov.co\/crea-castilla\/wp-content\/uploads\/sites\/8\/2024\/04\/WhatsApp-Video-2024-04-24-at-3.00.48-PM.mp4\"><\/video><\/figure>\n\n\n\n<p>Para este d\u00eda se pact\u00f3 un trabajo por duplas de los grupos de la l\u00ednea impulso colectivo, en la primera parte de la sesi\u00f3n se desarrollaron actividades l\u00fadicas en torno a los juegos, esto con el prop\u00f3sito de generar un acercamiento entre los participantes. Despu\u00e9s del ejercicio l\u00fadico se realiz\u00f3 un intercambio entre grupos en torno a la reflexi\u00f3n de los sue\u00f1os, con las preguntas gu\u00eda \u00bfcu\u00e1l es tu sue\u00f1o?\u00bfqu\u00e9 consejo le dar\u00edas a un ni\u00f1o para que cumpla sus sue\u00f1os? \u00bfqu\u00e9 le dir\u00edas a un adulto para que no olvide sus sue\u00f1os?<\/p>\n\n\n\n<p>Estos ejercicios fueron documentados por los participantes de los grupos de audiovisuales del Crea, te compartimos la galer\u00eda fotogr\u00e1fica tomada por los integrantes de esta \u00e1rea.<\/p>\n\n\n\n<figure class=\"wp-block-gallery has-nested-images columns-default is-cropped wp-block-gallery-1 is-layout-flex wp-block-gallery-is-layout-flex\">\n<figure class=\"wp-block-image size-large\"><img loading=\"lazy\" decoding=\"async\" width=\"1024\" height=\"576\" data-id=\"563\" src=\"https:\/\/www.crea.gov.co\/crea-castilla\/wp-content\/uploads\/sites\/8\/2024\/04\/P1100719-1024x576.jpg\" alt=\"\" class=\"wp-image-563\" srcset=\"https:\/\/www.crea.gov.co\/crea-castilla\/wp-content\/uploads\/sites\/8\/2024\/04\/P1100719-1024x576.jpg 1024w, https:\/\/www.crea.gov.co\/crea-castilla\/wp-content\/uploads\/sites\/8\/2024\/04\/P1100719-300x169.jpg 300w, https:\/\/www.crea.gov.co\/crea-castilla\/wp-content\/uploads\/sites\/8\/2024\/04\/P1100719-768x432.jpg 768w, https:\/\/www.crea.gov.co\/crea-castilla\/wp-content\/uploads\/sites\/8\/2024\/04\/P1100719-1536x864.jpg 1536w, https:\/\/www.crea.gov.co\/crea-castilla\/wp-content\/uploads\/sites\/8\/2024\/04\/P1100719.jpg 1920w\" sizes=\"auto, (max-width: 1024px) 100vw, 1024px\" \/><\/figure>\n\n\n\n<figure class=\"wp-block-image size-large\"><img loading=\"lazy\" decoding=\"async\" width=\"1024\" height=\"576\" data-id=\"564\" src=\"https:\/\/www.crea.gov.co\/crea-castilla\/wp-content\/uploads\/sites\/8\/2024\/04\/P1100731-1024x576.jpg\" alt=\"\" class=\"wp-image-564\" srcset=\"https:\/\/www.crea.gov.co\/crea-castilla\/wp-content\/uploads\/sites\/8\/2024\/04\/P1100731-1024x576.jpg 1024w, https:\/\/www.crea.gov.co\/crea-castilla\/wp-content\/uploads\/sites\/8\/2024\/04\/P1100731-300x169.jpg 300w, https:\/\/www.crea.gov.co\/crea-castilla\/wp-content\/uploads\/sites\/8\/2024\/04\/P1100731-768x432.jpg 768w, https:\/\/www.crea.gov.co\/crea-castilla\/wp-content\/uploads\/sites\/8\/2024\/04\/P1100731-1536x864.jpg 1536w, https:\/\/www.crea.gov.co\/crea-castilla\/wp-content\/uploads\/sites\/8\/2024\/04\/P1100731-2048x1152.jpg 2048w\" sizes=\"auto, (max-width: 1024px) 100vw, 1024px\" \/><\/figure>\n\n\n\n<figure class=\"wp-block-image size-large\"><img loading=\"lazy\" decoding=\"async\" width=\"1024\" height=\"576\" data-id=\"565\" src=\"https:\/\/www.crea.gov.co\/crea-castilla\/wp-content\/uploads\/sites\/8\/2024\/04\/P1100747-1024x576.jpg\" alt=\"\" class=\"wp-image-565\" srcset=\"https:\/\/www.crea.gov.co\/crea-castilla\/wp-content\/uploads\/sites\/8\/2024\/04\/P1100747-1024x576.jpg 1024w, https:\/\/www.crea.gov.co\/crea-castilla\/wp-content\/uploads\/sites\/8\/2024\/04\/P1100747-300x169.jpg 300w, https:\/\/www.crea.gov.co\/crea-castilla\/wp-content\/uploads\/sites\/8\/2024\/04\/P1100747-768x432.jpg 768w, https:\/\/www.crea.gov.co\/crea-castilla\/wp-content\/uploads\/sites\/8\/2024\/04\/P1100747-1536x864.jpg 1536w, https:\/\/www.crea.gov.co\/crea-castilla\/wp-content\/uploads\/sites\/8\/2024\/04\/P1100747-2048x1152.jpg 2048w\" sizes=\"auto, (max-width: 1024px) 100vw, 1024px\" \/><\/figure>\n\n\n\n<figure class=\"wp-block-image size-large\"><img loading=\"lazy\" decoding=\"async\" width=\"1024\" height=\"576\" data-id=\"567\" src=\"https:\/\/www.crea.gov.co\/crea-castilla\/wp-content\/uploads\/sites\/8\/2024\/04\/P1100754-1-1024x576.jpg\" alt=\"\" class=\"wp-image-567\" srcset=\"https:\/\/www.crea.gov.co\/crea-castilla\/wp-content\/uploads\/sites\/8\/2024\/04\/P1100754-1-1024x576.jpg 1024w, https:\/\/www.crea.gov.co\/crea-castilla\/wp-content\/uploads\/sites\/8\/2024\/04\/P1100754-1-300x169.jpg 300w, https:\/\/www.crea.gov.co\/crea-castilla\/wp-content\/uploads\/sites\/8\/2024\/04\/P1100754-1-768x432.jpg 768w, https:\/\/www.crea.gov.co\/crea-castilla\/wp-content\/uploads\/sites\/8\/2024\/04\/P1100754-1-1536x864.jpg 1536w, https:\/\/www.crea.gov.co\/crea-castilla\/wp-content\/uploads\/sites\/8\/2024\/04\/P1100754-1-2048x1152.jpg 2048w\" sizes=\"auto, (max-width: 1024px) 100vw, 1024px\" \/><\/figure>\n\n\n\n<figure class=\"wp-block-image size-large\"><img loading=\"lazy\" decoding=\"async\" width=\"1024\" height=\"576\" data-id=\"568\" src=\"https:\/\/www.crea.gov.co\/crea-castilla\/wp-content\/uploads\/sites\/8\/2024\/04\/P1100733-1024x576.jpg\" alt=\"\" class=\"wp-image-568\" srcset=\"https:\/\/www.crea.gov.co\/crea-castilla\/wp-content\/uploads\/sites\/8\/2024\/04\/P1100733-1024x576.jpg 1024w, https:\/\/www.crea.gov.co\/crea-castilla\/wp-content\/uploads\/sites\/8\/2024\/04\/P1100733-300x169.jpg 300w, https:\/\/www.crea.gov.co\/crea-castilla\/wp-content\/uploads\/sites\/8\/2024\/04\/P1100733-768x432.jpg 768w, https:\/\/www.crea.gov.co\/crea-castilla\/wp-content\/uploads\/sites\/8\/2024\/04\/P1100733-1536x864.jpg 1536w, https:\/\/www.crea.gov.co\/crea-castilla\/wp-content\/uploads\/sites\/8\/2024\/04\/P1100733-2048x1152.jpg 2048w\" sizes=\"auto, (max-width: 1024px) 100vw, 1024px\" \/><\/figure>\n\n\n\n<figure class=\"wp-block-image size-large\"><img loading=\"lazy\" decoding=\"async\" width=\"1024\" height=\"576\" data-id=\"570\" src=\"https:\/\/www.crea.gov.co\/crea-castilla\/wp-content\/uploads\/sites\/8\/2024\/04\/P1100714-1024x576.jpg\" alt=\"\" class=\"wp-image-570\" srcset=\"https:\/\/www.crea.gov.co\/crea-castilla\/wp-content\/uploads\/sites\/8\/2024\/04\/P1100714-1024x576.jpg 1024w, https:\/\/www.crea.gov.co\/crea-castilla\/wp-content\/uploads\/sites\/8\/2024\/04\/P1100714-300x169.jpg 300w, https:\/\/www.crea.gov.co\/crea-castilla\/wp-content\/uploads\/sites\/8\/2024\/04\/P1100714-768x432.jpg 768w, https:\/\/www.crea.gov.co\/crea-castilla\/wp-content\/uploads\/sites\/8\/2024\/04\/P1100714-1536x864.jpg 1536w, https:\/\/www.crea.gov.co\/crea-castilla\/wp-content\/uploads\/sites\/8\/2024\/04\/P1100714-2048x1152.jpg 2048w\" sizes=\"auto, (max-width: 1024px) 100vw, 1024px\" \/><\/figure>\n\n\n\n<figure class=\"wp-block-image size-large\"><img loading=\"lazy\" decoding=\"async\" width=\"1024\" height=\"576\" data-id=\"571\" src=\"https:\/\/www.crea.gov.co\/crea-castilla\/wp-content\/uploads\/sites\/8\/2024\/04\/P1100709-1024x576.jpg\" alt=\"\" class=\"wp-image-571\" srcset=\"https:\/\/www.crea.gov.co\/crea-castilla\/wp-content\/uploads\/sites\/8\/2024\/04\/P1100709-1024x576.jpg 1024w, https:\/\/www.crea.gov.co\/crea-castilla\/wp-content\/uploads\/sites\/8\/2024\/04\/P1100709-300x169.jpg 300w, https:\/\/www.crea.gov.co\/crea-castilla\/wp-content\/uploads\/sites\/8\/2024\/04\/P1100709-768x432.jpg 768w, https:\/\/www.crea.gov.co\/crea-castilla\/wp-content\/uploads\/sites\/8\/2024\/04\/P1100709-1536x864.jpg 1536w, https:\/\/www.crea.gov.co\/crea-castilla\/wp-content\/uploads\/sites\/8\/2024\/04\/P1100709-2048x1152.jpg 2048w\" sizes=\"auto, (max-width: 1024px) 100vw, 1024px\" \/><\/figure>\n\n\n\n<figure class=\"wp-block-image size-large\"><img loading=\"lazy\" decoding=\"async\" width=\"1024\" height=\"576\" data-id=\"572\" src=\"https:\/\/www.crea.gov.co\/crea-castilla\/wp-content\/uploads\/sites\/8\/2024\/04\/P1100708-1024x576.jpg\" alt=\"\" class=\"wp-image-572\" srcset=\"https:\/\/www.crea.gov.co\/crea-castilla\/wp-content\/uploads\/sites\/8\/2024\/04\/P1100708-1024x576.jpg 1024w, https:\/\/www.crea.gov.co\/crea-castilla\/wp-content\/uploads\/sites\/8\/2024\/04\/P1100708-300x169.jpg 300w, https:\/\/www.crea.gov.co\/crea-castilla\/wp-content\/uploads\/sites\/8\/2024\/04\/P1100708-768x432.jpg 768w, https:\/\/www.crea.gov.co\/crea-castilla\/wp-content\/uploads\/sites\/8\/2024\/04\/P1100708-1536x864.jpg 1536w, https:\/\/www.crea.gov.co\/crea-castilla\/wp-content\/uploads\/sites\/8\/2024\/04\/P1100708-2048x1152.jpg 2048w\" sizes=\"auto, (max-width: 1024px) 100vw, 1024px\" \/><\/figure>\n\n\n\n<figure class=\"wp-block-image size-large\"><img loading=\"lazy\" decoding=\"async\" width=\"1024\" height=\"768\" data-id=\"573\" src=\"https:\/\/www.crea.gov.co\/crea-castilla\/wp-content\/uploads\/sites\/8\/2024\/04\/WhatsApp-Image-2024-04-24-at-3.16.45-PM-1024x768.jpeg\" alt=\"\" class=\"wp-image-573\" srcset=\"https:\/\/www.crea.gov.co\/crea-castilla\/wp-content\/uploads\/sites\/8\/2024\/04\/WhatsApp-Image-2024-04-24-at-3.16.45-PM-1024x768.jpeg 1024w, https:\/\/www.crea.gov.co\/crea-castilla\/wp-content\/uploads\/sites\/8\/2024\/04\/WhatsApp-Image-2024-04-24-at-3.16.45-PM-300x225.jpeg 300w, https:\/\/www.crea.gov.co\/crea-castilla\/wp-content\/uploads\/sites\/8\/2024\/04\/WhatsApp-Image-2024-04-24-at-3.16.45-PM-768x576.jpeg 768w, https:\/\/www.crea.gov.co\/crea-castilla\/wp-content\/uploads\/sites\/8\/2024\/04\/WhatsApp-Image-2024-04-24-at-3.16.45-PM-1536x1152.jpeg 1536w, https:\/\/www.crea.gov.co\/crea-castilla\/wp-content\/uploads\/sites\/8\/2024\/04\/WhatsApp-Image-2024-04-24-at-3.16.45-PM.jpeg 1600w\" sizes=\"auto, (max-width: 1024px) 100vw, 1024px\" \/><\/figure>\n<\/figure>\n\n\n\n<p>Tambi\u00e9n de audiovisuales se tomaron audios donde muchos hablaron de sus sue\u00f1os, te regalamos un poquito de lo escuchado de los sue\u00f1os que muchos tenemos.<\/p>\n\n\n\n<figure class=\"wp-block-audio\"><audio controls src=\"https:\/\/www.crea.gov.co\/crea-castilla\/wp-content\/uploads\/sites\/8\/2024\/04\/WhatsApp-Audio-2024-04-24-at-12.49.47-PM.mp3\"><\/audio><\/figure>\n\n\n\n<p>El cierre de esta bella jornada estuvo a cargo de uno de los participantes de nuestro Crea, quien nos comparti\u00f3 un maravilloso show de magia con el cual divirti\u00f3 a ni\u00f1os y grandes.<\/p>\n","protected":false},"excerpt":{"rendered":"<p>El d\u00eda 18 de abril se vivi\u00f3 la celebraci\u00f3n del d\u00eda de los ni\u00f1os y las ni\u00f1as en el Crea Castilla, este encuentro giro en torno a la tem\u00e1tica de los sue\u00f1os, partiendo de la premisa que la ni\u00f1ez es el momento de construcci\u00f3n de muchos de los sue\u00f1os y que se evoc\u00f3 estos en [&hellip;]<\/p>\n","protected":false},"author":76,"featured_media":561,"comment_status":"open","ping_status":"open","sticky":false,"template":"","format":"standard","meta":{"footnotes":""},"categories":[1],"tags":[],"class_list":["post-560","post","type-post","status-publish","format-standard","has-post-thumbnail","hentry","category-sin-categoria"],"yoast_head":"<!-- This site is optimized with the Yoast SEO plugin v24.5 - https:\/\/yoast.com\/wordpress\/plugins\/seo\/ -->\n<title>D\u00eda de los ni\u00f1os y las ni\u00f1as en Crea Castilla - Crea Castilla<\/title>\n<meta name=\"robots\" content=\"index, follow, max-snippet:-1, max-image-preview:large, max-video-preview:-1\" \/>\n<link rel=\"canonical\" href=\"https:\/\/www.crea.gov.co\/crea-castilla\/dia-de-los-ninos-y-las-ninas-en-crea-castilla\/\" \/>\n<meta property=\"og:locale\" content=\"es_ES\" \/>\n<meta property=\"og:type\" content=\"article\" \/>\n<meta property=\"og:title\" content=\"D\u00eda de los ni\u00f1os y las ni\u00f1as en Crea Castilla - Crea Castilla\" \/>\n<meta property=\"og:description\" content=\"El d\u00eda 18 de abril se vivi\u00f3 la celebraci\u00f3n del d\u00eda de los ni\u00f1os y las ni\u00f1as en el Crea Castilla, este encuentro giro en torno a la tem\u00e1tica de los sue\u00f1os, partiendo de la premisa que la ni\u00f1ez es el momento de construcci\u00f3n de muchos de los sue\u00f1os y que se evoc\u00f3 estos en [&hellip;]\" \/>\n<meta property=\"og:url\" content=\"https:\/\/www.crea.gov.co\/crea-castilla\/dia-de-los-ninos-y-las-ninas-en-crea-castilla\/\" \/>\n<meta property=\"og:site_name\" content=\"Crea Castilla\" \/>\n<meta property=\"article:published_time\" content=\"2024-04-24T18:27:56+00:00\" \/>\n<meta property=\"article:modified_time\" content=\"2024-04-24T18:28:12+00:00\" \/>\n<meta property=\"og:image\" content=\"https:\/\/www.crea.gov.co\/crea-castilla\/wp-content\/uploads\/sites\/8\/2024\/04\/P1100753-scaled.jpg\" \/>\n\t<meta property=\"og:image:width\" content=\"2560\" \/>\n\t<meta property=\"og:image:height\" content=\"1440\" \/>\n\t<meta property=\"og:image:type\" content=\"image\/jpeg\" \/>\n<meta name=\"author\" content=\"yullymartin\" \/>\n<meta name=\"twitter:card\" content=\"summary_large_image\" \/>\n<meta name=\"twitter:label1\" content=\"Escrito por\" \/>\n\t<meta name=\"twitter:data1\" content=\"yullymartin\" \/>\n\t<meta name=\"twitter:label2\" content=\"Tiempo de lectura\" \/>\n\t<meta name=\"twitter:data2\" content=\"4 minutos\" \/>\n<script type=\"application\/ld+json\" class=\"yoast-schema-graph\">{\"@context\":\"https:\/\/schema.org\",\"@graph\":[{\"@type\":\"WebPage\",\"@id\":\"https:\/\/www.crea.gov.co\/crea-castilla\/dia-de-los-ninos-y-las-ninas-en-crea-castilla\/\",\"url\":\"https:\/\/www.crea.gov.co\/crea-castilla\/dia-de-los-ninos-y-las-ninas-en-crea-castilla\/\",\"name\":\"D\u00eda de los ni\u00f1os y las ni\u00f1as en Crea Castilla - Crea Castilla\",\"isPartOf\":{\"@id\":\"https:\/\/www.crea.gov.co\/crea-castilla\/#website\"},\"primaryImageOfPage\":{\"@id\":\"https:\/\/www.crea.gov.co\/crea-castilla\/dia-de-los-ninos-y-las-ninas-en-crea-castilla\/#primaryimage\"},\"image\":{\"@id\":\"https:\/\/www.crea.gov.co\/crea-castilla\/dia-de-los-ninos-y-las-ninas-en-crea-castilla\/#primaryimage\"},\"thumbnailUrl\":\"https:\/\/www.crea.gov.co\/crea-castilla\/wp-content\/uploads\/sites\/8\/2024\/04\/P1100753-scaled.jpg\",\"datePublished\":\"2024-04-24T18:27:56+00:00\",\"dateModified\":\"2024-04-24T18:28:12+00:00\",\"author\":{\"@id\":\"https:\/\/www.crea.gov.co\/crea-castilla\/#\/schema\/person\/72ef8d4d2462a695e005bff6aed55e70\"},\"breadcrumb\":{\"@id\":\"https:\/\/www.crea.gov.co\/crea-castilla\/dia-de-los-ninos-y-las-ninas-en-crea-castilla\/#breadcrumb\"},\"inLanguage\":\"es-CO\",\"potentialAction\":[{\"@type\":\"ReadAction\",\"target\":[\"https:\/\/www.crea.gov.co\/crea-castilla\/dia-de-los-ninos-y-las-ninas-en-crea-castilla\/\"]}]},{\"@type\":\"ImageObject\",\"inLanguage\":\"es-CO\",\"@id\":\"https:\/\/www.crea.gov.co\/crea-castilla\/dia-de-los-ninos-y-las-ninas-en-crea-castilla\/#primaryimage\",\"url\":\"https:\/\/www.crea.gov.co\/crea-castilla\/wp-content\/uploads\/sites\/8\/2024\/04\/P1100753-scaled.jpg\",\"contentUrl\":\"https:\/\/www.crea.gov.co\/crea-castilla\/wp-content\/uploads\/sites\/8\/2024\/04\/P1100753-scaled.jpg\",\"width\":2560,\"height\":1440},{\"@type\":\"BreadcrumbList\",\"@id\":\"https:\/\/www.crea.gov.co\/crea-castilla\/dia-de-los-ninos-y-las-ninas-en-crea-castilla\/#breadcrumb\",\"itemListElement\":[{\"@type\":\"ListItem\",\"position\":1,\"name\":\"Home\",\"item\":\"https:\/\/www.crea.gov.co\/crea-castilla\/\"},{\"@type\":\"ListItem\",\"position\":2,\"name\":\"D\u00eda de los ni\u00f1os y las ni\u00f1as en Crea Castilla\"}]},{\"@type\":\"WebSite\",\"@id\":\"https:\/\/www.crea.gov.co\/crea-castilla\/#website\",\"url\":\"https:\/\/www.crea.gov.co\/crea-castilla\/\",\"name\":\"Crea Castilla\",\"description\":\"En uno de los barrios m\u00e1s tradicionales de Kennedy, el arte florece entre zonas verdes que envuelven el d\u00eda a d\u00eda. Aqu\u00ed, ni\u00f1as, ni\u00f1os, j\u00f3venes y adultos se encuentran para crear, compartir saberes y transformar su entorno con la fuerza de la expresi\u00f3n art\u00edstica. Este espacio abierto y cercano vibra con la energ\u00eda de la comunidad, donde cada rinc\u00f3n inspira nuevos sue\u00f1os y posibilidades.\",\"potentialAction\":[{\"@type\":\"SearchAction\",\"target\":{\"@type\":\"EntryPoint\",\"urlTemplate\":\"https:\/\/www.crea.gov.co\/crea-castilla\/?s={search_term_string}\"},\"query-input\":{\"@type\":\"PropertyValueSpecification\",\"valueRequired\":true,\"valueName\":\"search_term_string\"}}],\"inLanguage\":\"es-CO\"},{\"@type\":\"Person\",\"@id\":\"https:\/\/www.crea.gov.co\/crea-castilla\/#\/schema\/person\/72ef8d4d2462a695e005bff6aed55e70\",\"name\":\"yullymartin\",\"image\":{\"@type\":\"ImageObject\",\"inLanguage\":\"es-CO\",\"@id\":\"https:\/\/www.crea.gov.co\/crea-castilla\/#\/schema\/person\/image\/\",\"url\":\"https:\/\/secure.gravatar.com\/avatar\/eac0622839b60dacc57369f44c14cfde?s=96&d=mm&r=g\",\"contentUrl\":\"https:\/\/secure.gravatar.com\/avatar\/eac0622839b60dacc57369f44c14cfde?s=96&d=mm&r=g\",\"caption\":\"yullymartin\"},\"url\":\"https:\/\/www.crea.gov.co\/crea-castilla\/author\/yullymartin\/\"}]}<\/script>\n<!-- \/ Yoast SEO plugin. -->","yoast_head_json":{"title":"D\u00eda de los ni\u00f1os y las ni\u00f1as en Crea Castilla - Crea Castilla","robots":{"index":"index","follow":"follow","max-snippet":"max-snippet:-1","max-image-preview":"max-image-preview:large","max-video-preview":"max-video-preview:-1"},"canonical":"https:\/\/www.crea.gov.co\/crea-castilla\/dia-de-los-ninos-y-las-ninas-en-crea-castilla\/","og_locale":"es_ES","og_type":"article","og_title":"D\u00eda de los ni\u00f1os y las ni\u00f1as en Crea Castilla - Crea Castilla","og_description":"El d\u00eda 18 de abril se vivi\u00f3 la celebraci\u00f3n del d\u00eda de los ni\u00f1os y las ni\u00f1as en el Crea Castilla, este encuentro giro en torno a la tem\u00e1tica de los sue\u00f1os, partiendo de la premisa que la ni\u00f1ez es el momento de construcci\u00f3n de muchos de los sue\u00f1os y que se evoc\u00f3 estos en [&hellip;]","og_url":"https:\/\/www.crea.gov.co\/crea-castilla\/dia-de-los-ninos-y-las-ninas-en-crea-castilla\/","og_site_name":"Crea Castilla","article_published_time":"2024-04-24T18:27:56+00:00","article_modified_time":"2024-04-24T18:28:12+00:00","og_image":[{"width":2560,"height":1440,"url":"https:\/\/www.crea.gov.co\/crea-castilla\/wp-content\/uploads\/sites\/8\/2024\/04\/P1100753-scaled.jpg","type":"image\/jpeg"}],"author":"yullymartin","twitter_card":"summary_large_image","twitter_misc":{"Escrito por":"yullymartin","Tiempo de lectura":"4 minutos"},"schema":{"@context":"https:\/\/schema.org","@graph":[{"@type":"WebPage","@id":"https:\/\/www.crea.gov.co\/crea-castilla\/dia-de-los-ninos-y-las-ninas-en-crea-castilla\/","url":"https:\/\/www.crea.gov.co\/crea-castilla\/dia-de-los-ninos-y-las-ninas-en-crea-castilla\/","name":"D\u00eda de los ni\u00f1os y las ni\u00f1as en Crea Castilla - Crea Castilla","isPartOf":{"@id":"https:\/\/www.crea.gov.co\/crea-castilla\/#website"},"primaryImageOfPage":{"@id":"https:\/\/www.crea.gov.co\/crea-castilla\/dia-de-los-ninos-y-las-ninas-en-crea-castilla\/#primaryimage"},"image":{"@id":"https:\/\/www.crea.gov.co\/crea-castilla\/dia-de-los-ninos-y-las-ninas-en-crea-castilla\/#primaryimage"},"thumbnailUrl":"https:\/\/www.crea.gov.co\/crea-castilla\/wp-content\/uploads\/sites\/8\/2024\/04\/P1100753-scaled.jpg","datePublished":"2024-04-24T18:27:56+00:00","dateModified":"2024-04-24T18:28:12+00:00","author":{"@id":"https:\/\/www.crea.gov.co\/crea-castilla\/#\/schema\/person\/72ef8d4d2462a695e005bff6aed55e70"},"breadcrumb":{"@id":"https:\/\/www.crea.gov.co\/crea-castilla\/dia-de-los-ninos-y-las-ninas-en-crea-castilla\/#breadcrumb"},"inLanguage":"es-CO","potentialAction":[{"@type":"ReadAction","target":["https:\/\/www.crea.gov.co\/crea-castilla\/dia-de-los-ninos-y-las-ninas-en-crea-castilla\/"]}]},{"@type":"ImageObject","inLanguage":"es-CO","@id":"https:\/\/www.crea.gov.co\/crea-castilla\/dia-de-los-ninos-y-las-ninas-en-crea-castilla\/#primaryimage","url":"https:\/\/www.crea.gov.co\/crea-castilla\/wp-content\/uploads\/sites\/8\/2024\/04\/P1100753-scaled.jpg","contentUrl":"https:\/\/www.crea.gov.co\/crea-castilla\/wp-content\/uploads\/sites\/8\/2024\/04\/P1100753-scaled.jpg","width":2560,"height":1440},{"@type":"BreadcrumbList","@id":"https:\/\/www.crea.gov.co\/crea-castilla\/dia-de-los-ninos-y-las-ninas-en-crea-castilla\/#breadcrumb","itemListElement":[{"@type":"ListItem","position":1,"name":"Home","item":"https:\/\/www.crea.gov.co\/crea-castilla\/"},{"@type":"ListItem","position":2,"name":"D\u00eda de los ni\u00f1os y las ni\u00f1as en Crea Castilla"}]},{"@type":"WebSite","@id":"https:\/\/www.crea.gov.co\/crea-castilla\/#website","url":"https:\/\/www.crea.gov.co\/crea-castilla\/","name":"Crea Castilla","description":"En uno de los barrios m\u00e1s tradicionales de Kennedy, el arte florece entre zonas verdes que envuelven el d\u00eda a d\u00eda. Aqu\u00ed, ni\u00f1as, ni\u00f1os, j\u00f3venes y adultos se encuentran para crear, compartir saberes y transformar su entorno con la fuerza de la expresi\u00f3n art\u00edstica. Este espacio abierto y cercano vibra con la energ\u00eda de la comunidad, donde cada rinc\u00f3n inspira nuevos sue\u00f1os y posibilidades.","potentialAction":[{"@type":"SearchAction","target":{"@type":"EntryPoint","urlTemplate":"https:\/\/www.crea.gov.co\/crea-castilla\/?s={search_term_string}"},"query-input":{"@type":"PropertyValueSpecification","valueRequired":true,"valueName":"search_term_string"}}],"inLanguage":"es-CO"},{"@type":"Person","@id":"https:\/\/www.crea.gov.co\/crea-castilla\/#\/schema\/person\/72ef8d4d2462a695e005bff6aed55e70","name":"yullymartin","image":{"@type":"ImageObject","inLanguage":"es-CO","@id":"https:\/\/www.crea.gov.co\/crea-castilla\/#\/schema\/person\/image\/","url":"https:\/\/secure.gravatar.com\/avatar\/eac0622839b60dacc57369f44c14cfde?s=96&d=mm&r=g","contentUrl":"https:\/\/secure.gravatar.com\/avatar\/eac0622839b60dacc57369f44c14cfde?s=96&d=mm&r=g","caption":"yullymartin"},"url":"https:\/\/www.crea.gov.co\/crea-castilla\/author\/yullymartin\/"}]}},"_links":{"self":[{"href":"https:\/\/www.crea.gov.co\/crea-castilla\/wp-json\/wp\/v2\/posts\/560","targetHints":{"allow":["GET"]}}],"collection":[{"href":"https:\/\/www.crea.gov.co\/crea-castilla\/wp-json\/wp\/v2\/posts"}],"about":[{"href":"https:\/\/www.crea.gov.co\/crea-castilla\/wp-json\/wp\/v2\/types\/post"}],"author":[{"embeddable":true,"href":"https:\/\/www.crea.gov.co\/crea-castilla\/wp-json\/wp\/v2\/users\/76"}],"replies":[{"embeddable":true,"href":"https:\/\/www.crea.gov.co\/crea-castilla\/wp-json\/wp\/v2\/comments?post=560"}],"version-history":[{"count":1,"href":"https:\/\/www.crea.gov.co\/crea-castilla\/wp-json\/wp\/v2\/posts\/560\/revisions"}],"predecessor-version":[{"id":575,"href":"https:\/\/www.crea.gov.co\/crea-castilla\/wp-json\/wp\/v2\/posts\/560\/revisions\/575"}],"wp:featuredmedia":[{"embeddable":true,"href":"https:\/\/www.crea.gov.co\/crea-castilla\/wp-json\/wp\/v2\/media\/561"}],"wp:attachment":[{"href":"https:\/\/www.crea.gov.co\/crea-castilla\/wp-json\/wp\/v2\/media?parent=560"}],"wp:term":[{"taxonomy":"category","embeddable":true,"href":"https:\/\/www.crea.gov.co\/crea-castilla\/wp-json\/wp\/v2\/categories?post=560"},{"taxonomy":"post_tag","embeddable":true,"href":"https:\/\/www.crea.gov.co\/crea-castilla\/wp-json\/wp\/v2\/tags?post=560"}],"curies":[{"name":"wp","href":"https:\/\/api.w.org\/{rel}","templated":true}]}}