{"id":292,"date":"2023-09-27T15:45:31","date_gmt":"2023-09-27T15:45:31","guid":{"rendered":"https:\/\/www.crea.gov.co\/crea-castilla\/?p=292"},"modified":"2023-09-27T16:29:54","modified_gmt":"2023-09-27T16:29:54","slug":"feliz-cumpleanos-ied-general-gustavo-rojas-pinilla","status":"publish","type":"post","link":"https:\/\/www.crea.gov.co\/crea-castilla\/feliz-cumpleanos-ied-general-gustavo-rojas-pinilla\/","title":{"rendered":"Fel\u00edz cumplea\u00f1os IED General Gustavo Rojas Pinilla"},"content":{"rendered":"\n<p>En la semana del 18 al 22 de septiembre se celebraron los 15 a\u00f1os de la IED General Gustavo Rojas Pinilla, instituci\u00f3n que en sus inicios era conocida como la sede C del Colegio Isabel II con el el nombre de LA PAMPA LA MONTA\u00d1A y que luego en el a\u00f1o 2008, y ya con su nueva infraestructura, fue conocido con el nombre del expresidente de Colombia, General Gustavo Rojas Pinilla.<\/p>\n\n\n\n<figure class=\"wp-block-gallery has-nested-images columns-default is-cropped wp-block-gallery-1 is-layout-flex wp-block-gallery-is-layout-flex\">\n<figure class=\"wp-block-image size-large\"><img loading=\"lazy\" decoding=\"async\" width=\"1024\" height=\"293\" data-id=\"293\" src=\"https:\/\/www.crea.gov.co\/crea-castilla\/wp-content\/uploads\/sites\/8\/2023\/09\/001-1024x293.jpeg\" alt=\"\" class=\"wp-image-293\" srcset=\"https:\/\/www.crea.gov.co\/crea-castilla\/wp-content\/uploads\/sites\/8\/2023\/09\/001-1024x293.jpeg 1024w, https:\/\/www.crea.gov.co\/crea-castilla\/wp-content\/uploads\/sites\/8\/2023\/09\/001-300x86.jpeg 300w, https:\/\/www.crea.gov.co\/crea-castilla\/wp-content\/uploads\/sites\/8\/2023\/09\/001-768x220.jpeg 768w, https:\/\/www.crea.gov.co\/crea-castilla\/wp-content\/uploads\/sites\/8\/2023\/09\/001.jpeg 1458w\" sizes=\"auto, (max-width: 1024px) 100vw, 1024px\" \/><\/figure>\n<\/figure>\n\n\n\n<p>Esta celebraci\u00f3n fue el espacio propicio para mostrar y evidenciar los procesos que se adelantan desde   programa Crea en su l\u00ednea de Arte en la Escuela desde el \u00e1rea de danza, en los grados segundo de la jornada ma\u00f1ana y tarde.<\/p>\n\n\n\n<figure class=\"wp-block-gallery has-nested-images columns-default is-cropped wp-block-gallery-2 is-layout-flex wp-block-gallery-is-layout-flex\">\n<figure class=\"wp-block-image size-large\"><img loading=\"lazy\" decoding=\"async\" width=\"1024\" height=\"768\" data-id=\"298\" src=\"https:\/\/www.crea.gov.co\/crea-castilla\/wp-content\/uploads\/sites\/8\/2023\/09\/WhatsApp-Image-2023-09-27-at-12.14.10-PM-1-1024x768.jpeg\" alt=\"\" class=\"wp-image-298\" srcset=\"https:\/\/www.crea.gov.co\/crea-castilla\/wp-content\/uploads\/sites\/8\/2023\/09\/WhatsApp-Image-2023-09-27-at-12.14.10-PM-1-1024x768.jpeg 1024w, https:\/\/www.crea.gov.co\/crea-castilla\/wp-content\/uploads\/sites\/8\/2023\/09\/WhatsApp-Image-2023-09-27-at-12.14.10-PM-1-300x225.jpeg 300w, https:\/\/www.crea.gov.co\/crea-castilla\/wp-content\/uploads\/sites\/8\/2023\/09\/WhatsApp-Image-2023-09-27-at-12.14.10-PM-1-768x576.jpeg 768w, https:\/\/www.crea.gov.co\/crea-castilla\/wp-content\/uploads\/sites\/8\/2023\/09\/WhatsApp-Image-2023-09-27-at-12.14.10-PM-1-1536x1152.jpeg 1536w, https:\/\/www.crea.gov.co\/crea-castilla\/wp-content\/uploads\/sites\/8\/2023\/09\/WhatsApp-Image-2023-09-27-at-12.14.10-PM-1.jpeg 1600w\" sizes=\"auto, (max-width: 1024px) 100vw, 1024px\" \/><\/figure>\n\n\n\n<figure class=\"wp-block-image size-large\"><img loading=\"lazy\" decoding=\"async\" width=\"1024\" height=\"768\" data-id=\"299\" src=\"https:\/\/www.crea.gov.co\/crea-castilla\/wp-content\/uploads\/sites\/8\/2023\/09\/WhatsApp-Image-2023-09-27-at-12.14.15-PM-1-1-1024x768.jpeg\" alt=\"\" class=\"wp-image-299\" srcset=\"https:\/\/www.crea.gov.co\/crea-castilla\/wp-content\/uploads\/sites\/8\/2023\/09\/WhatsApp-Image-2023-09-27-at-12.14.15-PM-1-1-1024x768.jpeg 1024w, https:\/\/www.crea.gov.co\/crea-castilla\/wp-content\/uploads\/sites\/8\/2023\/09\/WhatsApp-Image-2023-09-27-at-12.14.15-PM-1-1-300x225.jpeg 300w, https:\/\/www.crea.gov.co\/crea-castilla\/wp-content\/uploads\/sites\/8\/2023\/09\/WhatsApp-Image-2023-09-27-at-12.14.15-PM-1-1-768x576.jpeg 768w, https:\/\/www.crea.gov.co\/crea-castilla\/wp-content\/uploads\/sites\/8\/2023\/09\/WhatsApp-Image-2023-09-27-at-12.14.15-PM-1-1-1536x1152.jpeg 1536w, https:\/\/www.crea.gov.co\/crea-castilla\/wp-content\/uploads\/sites\/8\/2023\/09\/WhatsApp-Image-2023-09-27-at-12.14.15-PM-1-1.jpeg 1600w\" sizes=\"auto, (max-width: 1024px) 100vw, 1024px\" \/><\/figure>\n\n\n\n<figure class=\"wp-block-image size-large\"><img loading=\"lazy\" decoding=\"async\" width=\"768\" height=\"1024\" data-id=\"303\" src=\"https:\/\/www.crea.gov.co\/crea-castilla\/wp-content\/uploads\/sites\/8\/2023\/09\/WhatsApp-Image-2023-09-27-at-12.14.16-PM-2-768x1024.jpeg\" alt=\"\" class=\"wp-image-303\" srcset=\"https:\/\/www.crea.gov.co\/crea-castilla\/wp-content\/uploads\/sites\/8\/2023\/09\/WhatsApp-Image-2023-09-27-at-12.14.16-PM-2-768x1024.jpeg 768w, https:\/\/www.crea.gov.co\/crea-castilla\/wp-content\/uploads\/sites\/8\/2023\/09\/WhatsApp-Image-2023-09-27-at-12.14.16-PM-2-225x300.jpeg 225w, https:\/\/www.crea.gov.co\/crea-castilla\/wp-content\/uploads\/sites\/8\/2023\/09\/WhatsApp-Image-2023-09-27-at-12.14.16-PM-2-1152x1536.jpeg 1152w, https:\/\/www.crea.gov.co\/crea-castilla\/wp-content\/uploads\/sites\/8\/2023\/09\/WhatsApp-Image-2023-09-27-at-12.14.16-PM-2.jpeg 1200w\" sizes=\"auto, (max-width: 768px) 100vw, 768px\" \/><\/figure>\n\n\n\n<figure class=\"wp-block-image size-large\"><img loading=\"lazy\" decoding=\"async\" width=\"1024\" height=\"768\" data-id=\"302\" src=\"https:\/\/www.crea.gov.co\/crea-castilla\/wp-content\/uploads\/sites\/8\/2023\/09\/WhatsApp-Image-2023-09-27-at-12.14.15-PM-3-1024x768.jpeg\" alt=\"\" class=\"wp-image-302\" srcset=\"https:\/\/www.crea.gov.co\/crea-castilla\/wp-content\/uploads\/sites\/8\/2023\/09\/WhatsApp-Image-2023-09-27-at-12.14.15-PM-3-1024x768.jpeg 1024w, https:\/\/www.crea.gov.co\/crea-castilla\/wp-content\/uploads\/sites\/8\/2023\/09\/WhatsApp-Image-2023-09-27-at-12.14.15-PM-3-300x225.jpeg 300w, https:\/\/www.crea.gov.co\/crea-castilla\/wp-content\/uploads\/sites\/8\/2023\/09\/WhatsApp-Image-2023-09-27-at-12.14.15-PM-3-768x576.jpeg 768w, https:\/\/www.crea.gov.co\/crea-castilla\/wp-content\/uploads\/sites\/8\/2023\/09\/WhatsApp-Image-2023-09-27-at-12.14.15-PM-3-1536x1152.jpeg 1536w, https:\/\/www.crea.gov.co\/crea-castilla\/wp-content\/uploads\/sites\/8\/2023\/09\/WhatsApp-Image-2023-09-27-at-12.14.15-PM-3.jpeg 1600w\" sizes=\"auto, (max-width: 1024px) 100vw, 1024px\" \/><\/figure>\n<\/figure>\n\n\n\n<p class=\"has-text-align-right\"><strong>Bambuco Sandon\u00e1 (Nari\u00f1o) Grupo 201 Artista formador Arturo Prado<\/strong><\/p>\n\n\n\n<figure class=\"wp-block-gallery has-nested-images columns-default is-cropped wp-block-gallery-3 is-layout-flex wp-block-gallery-is-layout-flex\">\n<figure class=\"wp-block-image size-large\"><img loading=\"lazy\" decoding=\"async\" width=\"768\" height=\"1024\" data-id=\"304\" src=\"https:\/\/www.crea.gov.co\/crea-castilla\/wp-content\/uploads\/sites\/8\/2023\/09\/WhatsApp-Image-2023-09-27-at-12.14.15-PM-3-1-768x1024.jpeg\" alt=\"\" class=\"wp-image-304\" srcset=\"https:\/\/www.crea.gov.co\/crea-castilla\/wp-content\/uploads\/sites\/8\/2023\/09\/WhatsApp-Image-2023-09-27-at-12.14.15-PM-3-1-768x1024.jpeg 768w, https:\/\/www.crea.gov.co\/crea-castilla\/wp-content\/uploads\/sites\/8\/2023\/09\/WhatsApp-Image-2023-09-27-at-12.14.15-PM-3-1-225x300.jpeg 225w, https:\/\/www.crea.gov.co\/crea-castilla\/wp-content\/uploads\/sites\/8\/2023\/09\/WhatsApp-Image-2023-09-27-at-12.14.15-PM-3-1-1152x1536.jpeg 1152w, https:\/\/www.crea.gov.co\/crea-castilla\/wp-content\/uploads\/sites\/8\/2023\/09\/WhatsApp-Image-2023-09-27-at-12.14.15-PM-3-1.jpeg 1200w\" sizes=\"auto, (max-width: 768px) 100vw, 768px\" \/><\/figure>\n\n\n\n<figure class=\"wp-block-image size-large\"><img loading=\"lazy\" decoding=\"async\" width=\"768\" height=\"1024\" data-id=\"305\" src=\"https:\/\/www.crea.gov.co\/crea-castilla\/wp-content\/uploads\/sites\/8\/2023\/09\/WhatsApp-Image-2023-09-27-at-12.14.15-PM-2-1-768x1024.jpeg\" alt=\"\" class=\"wp-image-305\" srcset=\"https:\/\/www.crea.gov.co\/crea-castilla\/wp-content\/uploads\/sites\/8\/2023\/09\/WhatsApp-Image-2023-09-27-at-12.14.15-PM-2-1-768x1024.jpeg 768w, https:\/\/www.crea.gov.co\/crea-castilla\/wp-content\/uploads\/sites\/8\/2023\/09\/WhatsApp-Image-2023-09-27-at-12.14.15-PM-2-1-225x300.jpeg 225w, https:\/\/www.crea.gov.co\/crea-castilla\/wp-content\/uploads\/sites\/8\/2023\/09\/WhatsApp-Image-2023-09-27-at-12.14.15-PM-2-1-1152x1536.jpeg 1152w, https:\/\/www.crea.gov.co\/crea-castilla\/wp-content\/uploads\/sites\/8\/2023\/09\/WhatsApp-Image-2023-09-27-at-12.14.15-PM-2-1.jpeg 1200w\" sizes=\"auto, (max-width: 768px) 100vw, 768px\" \/><\/figure>\n\n\n\n<figure class=\"wp-block-image size-large\"><img loading=\"lazy\" decoding=\"async\" width=\"1024\" height=\"768\" data-id=\"306\" src=\"https:\/\/www.crea.gov.co\/crea-castilla\/wp-content\/uploads\/sites\/8\/2023\/09\/WhatsApp-Image-2023-09-27-at-12.14.14-PM-1-1024x768.jpeg\" alt=\"\" class=\"wp-image-306\" srcset=\"https:\/\/www.crea.gov.co\/crea-castilla\/wp-content\/uploads\/sites\/8\/2023\/09\/WhatsApp-Image-2023-09-27-at-12.14.14-PM-1-1024x768.jpeg 1024w, https:\/\/www.crea.gov.co\/crea-castilla\/wp-content\/uploads\/sites\/8\/2023\/09\/WhatsApp-Image-2023-09-27-at-12.14.14-PM-1-300x225.jpeg 300w, https:\/\/www.crea.gov.co\/crea-castilla\/wp-content\/uploads\/sites\/8\/2023\/09\/WhatsApp-Image-2023-09-27-at-12.14.14-PM-1-768x576.jpeg 768w, https:\/\/www.crea.gov.co\/crea-castilla\/wp-content\/uploads\/sites\/8\/2023\/09\/WhatsApp-Image-2023-09-27-at-12.14.14-PM-1-1536x1152.jpeg 1536w, https:\/\/www.crea.gov.co\/crea-castilla\/wp-content\/uploads\/sites\/8\/2023\/09\/WhatsApp-Image-2023-09-27-at-12.14.14-PM-1.jpeg 1600w\" sizes=\"auto, (max-width: 1024px) 100vw, 1024px\" \/><\/figure>\n\n\n\n<figure class=\"wp-block-image size-large\"><img loading=\"lazy\" decoding=\"async\" width=\"1024\" height=\"768\" data-id=\"307\" src=\"https:\/\/www.crea.gov.co\/crea-castilla\/wp-content\/uploads\/sites\/8\/2023\/09\/WhatsApp-Image-2023-09-27-at-12.14.14-PM-1024x768.jpeg\" alt=\"\" class=\"wp-image-307\" srcset=\"https:\/\/www.crea.gov.co\/crea-castilla\/wp-content\/uploads\/sites\/8\/2023\/09\/WhatsApp-Image-2023-09-27-at-12.14.14-PM-1024x768.jpeg 1024w, https:\/\/www.crea.gov.co\/crea-castilla\/wp-content\/uploads\/sites\/8\/2023\/09\/WhatsApp-Image-2023-09-27-at-12.14.14-PM-300x225.jpeg 300w, https:\/\/www.crea.gov.co\/crea-castilla\/wp-content\/uploads\/sites\/8\/2023\/09\/WhatsApp-Image-2023-09-27-at-12.14.14-PM-768x576.jpeg 768w, https:\/\/www.crea.gov.co\/crea-castilla\/wp-content\/uploads\/sites\/8\/2023\/09\/WhatsApp-Image-2023-09-27-at-12.14.14-PM-1536x1152.jpeg 1536w, https:\/\/www.crea.gov.co\/crea-castilla\/wp-content\/uploads\/sites\/8\/2023\/09\/WhatsApp-Image-2023-09-27-at-12.14.14-PM.jpeg 1600w\" sizes=\"auto, (max-width: 1024px) 100vw, 1024px\" \/><\/figure>\n<\/figure>\n\n\n\n<p class=\"has-text-align-right\"><strong>Cumbia (Costa Caribe) Grupo 203 Artista formador <\/strong> <strong>Patricia Pe\u00f1a<\/strong><\/p>\n\n\n\n<figure class=\"wp-block-gallery has-nested-images columns-default is-cropped wp-block-gallery-4 is-layout-flex wp-block-gallery-is-layout-flex\">\n<figure class=\"wp-block-image size-large\"><img loading=\"lazy\" decoding=\"async\" width=\"1024\" height=\"768\" data-id=\"308\" src=\"https:\/\/www.crea.gov.co\/crea-castilla\/wp-content\/uploads\/sites\/8\/2023\/09\/WhatsApp-Image-2023-09-27-at-12.14.13-PM-1024x768.jpeg\" alt=\"\" class=\"wp-image-308\" srcset=\"https:\/\/www.crea.gov.co\/crea-castilla\/wp-content\/uploads\/sites\/8\/2023\/09\/WhatsApp-Image-2023-09-27-at-12.14.13-PM-1024x768.jpeg 1024w, https:\/\/www.crea.gov.co\/crea-castilla\/wp-content\/uploads\/sites\/8\/2023\/09\/WhatsApp-Image-2023-09-27-at-12.14.13-PM-300x225.jpeg 300w, https:\/\/www.crea.gov.co\/crea-castilla\/wp-content\/uploads\/sites\/8\/2023\/09\/WhatsApp-Image-2023-09-27-at-12.14.13-PM-768x576.jpeg 768w, https:\/\/www.crea.gov.co\/crea-castilla\/wp-content\/uploads\/sites\/8\/2023\/09\/WhatsApp-Image-2023-09-27-at-12.14.13-PM-1536x1152.jpeg 1536w, https:\/\/www.crea.gov.co\/crea-castilla\/wp-content\/uploads\/sites\/8\/2023\/09\/WhatsApp-Image-2023-09-27-at-12.14.13-PM.jpeg 1600w\" sizes=\"auto, (max-width: 1024px) 100vw, 1024px\" \/><\/figure>\n\n\n\n<figure class=\"wp-block-image size-large\"><img loading=\"lazy\" decoding=\"async\" width=\"1024\" height=\"768\" data-id=\"310\" src=\"https:\/\/www.crea.gov.co\/crea-castilla\/wp-content\/uploads\/sites\/8\/2023\/09\/WhatsApp-Image-2023-09-27-at-12.14.12-PM-1-1024x768.jpeg\" alt=\"\" class=\"wp-image-310\" srcset=\"https:\/\/www.crea.gov.co\/crea-castilla\/wp-content\/uploads\/sites\/8\/2023\/09\/WhatsApp-Image-2023-09-27-at-12.14.12-PM-1-1024x768.jpeg 1024w, https:\/\/www.crea.gov.co\/crea-castilla\/wp-content\/uploads\/sites\/8\/2023\/09\/WhatsApp-Image-2023-09-27-at-12.14.12-PM-1-300x225.jpeg 300w, https:\/\/www.crea.gov.co\/crea-castilla\/wp-content\/uploads\/sites\/8\/2023\/09\/WhatsApp-Image-2023-09-27-at-12.14.12-PM-1-768x576.jpeg 768w, https:\/\/www.crea.gov.co\/crea-castilla\/wp-content\/uploads\/sites\/8\/2023\/09\/WhatsApp-Image-2023-09-27-at-12.14.12-PM-1-1536x1152.jpeg 1536w, https:\/\/www.crea.gov.co\/crea-castilla\/wp-content\/uploads\/sites\/8\/2023\/09\/WhatsApp-Image-2023-09-27-at-12.14.12-PM-1.jpeg 1600w\" sizes=\"auto, (max-width: 1024px) 100vw, 1024px\" \/><\/figure>\n\n\n\n<figure class=\"wp-block-image size-large\"><img loading=\"lazy\" decoding=\"async\" width=\"1024\" height=\"768\" data-id=\"309\" src=\"https:\/\/www.crea.gov.co\/crea-castilla\/wp-content\/uploads\/sites\/8\/2023\/09\/WhatsApp-Image-2023-09-27-at-12.14.12-PM-1024x768.jpeg\" alt=\"\" class=\"wp-image-309\" srcset=\"https:\/\/www.crea.gov.co\/crea-castilla\/wp-content\/uploads\/sites\/8\/2023\/09\/WhatsApp-Image-2023-09-27-at-12.14.12-PM-1024x768.jpeg 1024w, https:\/\/www.crea.gov.co\/crea-castilla\/wp-content\/uploads\/sites\/8\/2023\/09\/WhatsApp-Image-2023-09-27-at-12.14.12-PM-300x225.jpeg 300w, https:\/\/www.crea.gov.co\/crea-castilla\/wp-content\/uploads\/sites\/8\/2023\/09\/WhatsApp-Image-2023-09-27-at-12.14.12-PM-768x576.jpeg 768w, https:\/\/www.crea.gov.co\/crea-castilla\/wp-content\/uploads\/sites\/8\/2023\/09\/WhatsApp-Image-2023-09-27-at-12.14.12-PM-1536x1152.jpeg 1536w, https:\/\/www.crea.gov.co\/crea-castilla\/wp-content\/uploads\/sites\/8\/2023\/09\/WhatsApp-Image-2023-09-27-at-12.14.12-PM.jpeg 1600w\" sizes=\"auto, (max-width: 1024px) 100vw, 1024px\" \/><\/figure>\n\n\n\n<figure class=\"wp-block-image size-large\"><img loading=\"lazy\" decoding=\"async\" width=\"1024\" height=\"768\" data-id=\"311\" src=\"https:\/\/www.crea.gov.co\/crea-castilla\/wp-content\/uploads\/sites\/8\/2023\/09\/WhatsApp-Image-2023-09-27-at-12.14.11-PM-1-1024x768.jpeg\" alt=\"\" class=\"wp-image-311\" srcset=\"https:\/\/www.crea.gov.co\/crea-castilla\/wp-content\/uploads\/sites\/8\/2023\/09\/WhatsApp-Image-2023-09-27-at-12.14.11-PM-1-1024x768.jpeg 1024w, https:\/\/www.crea.gov.co\/crea-castilla\/wp-content\/uploads\/sites\/8\/2023\/09\/WhatsApp-Image-2023-09-27-at-12.14.11-PM-1-300x225.jpeg 300w, https:\/\/www.crea.gov.co\/crea-castilla\/wp-content\/uploads\/sites\/8\/2023\/09\/WhatsApp-Image-2023-09-27-at-12.14.11-PM-1-768x576.jpeg 768w, https:\/\/www.crea.gov.co\/crea-castilla\/wp-content\/uploads\/sites\/8\/2023\/09\/WhatsApp-Image-2023-09-27-at-12.14.11-PM-1-1536x1152.jpeg 1536w, https:\/\/www.crea.gov.co\/crea-castilla\/wp-content\/uploads\/sites\/8\/2023\/09\/WhatsApp-Image-2023-09-27-at-12.14.11-PM-1.jpeg 1600w\" sizes=\"auto, (max-width: 1024px) 100vw, 1024px\" \/><\/figure>\n<\/figure>\n\n\n\n<p class=\"has-text-align-right\"><strong>Danza Contempor\u00e1nea (Inicio al movimiento) Grupo 201 Artista formador Oscar Rinc\u00f3n<\/strong><\/p>\n","protected":false},"excerpt":{"rendered":"<p>En la semana del 18 al 22 de septiembre se celebraron los 15 a\u00f1os de la IED General Gustavo Rojas Pinilla, instituci\u00f3n que en sus inicios era conocida como la sede C del Colegio Isabel II con el el nombre de LA PAMPA LA MONTA\u00d1A y que luego en el a\u00f1o 2008, y ya con [&hellip;]<\/p>\n","protected":false},"author":70,"featured_media":313,"comment_status":"open","ping_status":"open","sticky":false,"template":"","format":"standard","meta":{"footnotes":""},"categories":[1],"tags":[],"class_list":["post-292","post","type-post","status-publish","format-standard","has-post-thumbnail","hentry","category-sin-categoria"],"yoast_head":"<!-- This site is optimized with the Yoast SEO plugin v24.5 - https:\/\/yoast.com\/wordpress\/plugins\/seo\/ -->\n<title>Fel\u00edz cumplea\u00f1os IED General Gustavo Rojas Pinilla - Crea Castilla<\/title>\n<meta name=\"robots\" content=\"index, follow, max-snippet:-1, max-image-preview:large, max-video-preview:-1\" \/>\n<link rel=\"canonical\" href=\"https:\/\/www.crea.gov.co\/crea-castilla\/feliz-cumpleanos-ied-general-gustavo-rojas-pinilla\/\" \/>\n<meta property=\"og:locale\" content=\"es_ES\" \/>\n<meta property=\"og:type\" content=\"article\" \/>\n<meta property=\"og:title\" content=\"Fel\u00edz cumplea\u00f1os IED General Gustavo Rojas Pinilla - Crea Castilla\" \/>\n<meta property=\"og:description\" content=\"En la semana del 18 al 22 de septiembre se celebraron los 15 a\u00f1os de la IED General Gustavo Rojas Pinilla, instituci\u00f3n que en sus inicios era conocida como la sede C del Colegio Isabel II con el el nombre de LA PAMPA LA MONTA\u00d1A y que luego en el a\u00f1o 2008, y ya con [&hellip;]\" \/>\n<meta property=\"og:url\" content=\"https:\/\/www.crea.gov.co\/crea-castilla\/feliz-cumpleanos-ied-general-gustavo-rojas-pinilla\/\" \/>\n<meta property=\"og:site_name\" content=\"Crea Castilla\" \/>\n<meta property=\"article:published_time\" content=\"2023-09-27T15:45:31+00:00\" \/>\n<meta property=\"article:modified_time\" content=\"2023-09-27T16:29:54+00:00\" \/>\n<meta property=\"og:image\" content=\"https:\/\/www.crea.gov.co\/crea-castilla\/wp-content\/uploads\/sites\/8\/2023\/09\/WhatsApp-Image-2023-09-27-at-12.14.11-PM.jpeg\" \/>\n\t<meta property=\"og:image:width\" content=\"1200\" \/>\n\t<meta property=\"og:image:height\" content=\"1600\" \/>\n\t<meta property=\"og:image:type\" content=\"image\/jpeg\" \/>\n<meta name=\"author\" content=\"jairofonseca\" \/>\n<meta name=\"twitter:card\" content=\"summary_large_image\" \/>\n<meta name=\"twitter:label1\" content=\"Escrito por\" \/>\n\t<meta name=\"twitter:data1\" content=\"jairofonseca\" \/>\n\t<meta name=\"twitter:label2\" content=\"Tiempo de lectura\" \/>\n\t<meta name=\"twitter:data2\" content=\"4 minutos\" \/>\n<script type=\"application\/ld+json\" class=\"yoast-schema-graph\">{\"@context\":\"https:\/\/schema.org\",\"@graph\":[{\"@type\":\"WebPage\",\"@id\":\"https:\/\/www.crea.gov.co\/crea-castilla\/feliz-cumpleanos-ied-general-gustavo-rojas-pinilla\/\",\"url\":\"https:\/\/www.crea.gov.co\/crea-castilla\/feliz-cumpleanos-ied-general-gustavo-rojas-pinilla\/\",\"name\":\"Fel\u00edz cumplea\u00f1os IED General Gustavo Rojas Pinilla - Crea Castilla\",\"isPartOf\":{\"@id\":\"https:\/\/www.crea.gov.co\/crea-castilla\/#website\"},\"primaryImageOfPage\":{\"@id\":\"https:\/\/www.crea.gov.co\/crea-castilla\/feliz-cumpleanos-ied-general-gustavo-rojas-pinilla\/#primaryimage\"},\"image\":{\"@id\":\"https:\/\/www.crea.gov.co\/crea-castilla\/feliz-cumpleanos-ied-general-gustavo-rojas-pinilla\/#primaryimage\"},\"thumbnailUrl\":\"https:\/\/www.crea.gov.co\/crea-castilla\/wp-content\/uploads\/sites\/8\/2023\/09\/WhatsApp-Image-2023-09-27-at-12.14.11-PM.jpeg\",\"datePublished\":\"2023-09-27T15:45:31+00:00\",\"dateModified\":\"2023-09-27T16:29:54+00:00\",\"author\":{\"@id\":\"https:\/\/www.crea.gov.co\/crea-castilla\/#\/schema\/person\/06d98b3270f40b3709cd47ffaaddf489\"},\"breadcrumb\":{\"@id\":\"https:\/\/www.crea.gov.co\/crea-castilla\/feliz-cumpleanos-ied-general-gustavo-rojas-pinilla\/#breadcrumb\"},\"inLanguage\":\"es-CO\",\"potentialAction\":[{\"@type\":\"ReadAction\",\"target\":[\"https:\/\/www.crea.gov.co\/crea-castilla\/feliz-cumpleanos-ied-general-gustavo-rojas-pinilla\/\"]}]},{\"@type\":\"ImageObject\",\"inLanguage\":\"es-CO\",\"@id\":\"https:\/\/www.crea.gov.co\/crea-castilla\/feliz-cumpleanos-ied-general-gustavo-rojas-pinilla\/#primaryimage\",\"url\":\"https:\/\/www.crea.gov.co\/crea-castilla\/wp-content\/uploads\/sites\/8\/2023\/09\/WhatsApp-Image-2023-09-27-at-12.14.11-PM.jpeg\",\"contentUrl\":\"https:\/\/www.crea.gov.co\/crea-castilla\/wp-content\/uploads\/sites\/8\/2023\/09\/WhatsApp-Image-2023-09-27-at-12.14.11-PM.jpeg\",\"width\":1200,\"height\":1600,\"caption\":\"Cumplea\u00f1os IED General Gustavo Rojas Pinilla\"},{\"@type\":\"BreadcrumbList\",\"@id\":\"https:\/\/www.crea.gov.co\/crea-castilla\/feliz-cumpleanos-ied-general-gustavo-rojas-pinilla\/#breadcrumb\",\"itemListElement\":[{\"@type\":\"ListItem\",\"position\":1,\"name\":\"Home\",\"item\":\"https:\/\/www.crea.gov.co\/crea-castilla\/\"},{\"@type\":\"ListItem\",\"position\":2,\"name\":\"Fel\u00edz cumplea\u00f1os IED General Gustavo Rojas Pinilla\"}]},{\"@type\":\"WebSite\",\"@id\":\"https:\/\/www.crea.gov.co\/crea-castilla\/#website\",\"url\":\"https:\/\/www.crea.gov.co\/crea-castilla\/\",\"name\":\"Crea Castilla\",\"description\":\"En uno de los barrios m\u00e1s tradicionales de Kennedy, el arte florece entre zonas verdes que envuelven el d\u00eda a d\u00eda. Aqu\u00ed, ni\u00f1as, ni\u00f1os, j\u00f3venes y adultos se encuentran para crear, compartir saberes y transformar su entorno con la fuerza de la expresi\u00f3n art\u00edstica. Este espacio abierto y cercano vibra con la energ\u00eda de la comunidad, donde cada rinc\u00f3n inspira nuevos sue\u00f1os y posibilidades.\",\"potentialAction\":[{\"@type\":\"SearchAction\",\"target\":{\"@type\":\"EntryPoint\",\"urlTemplate\":\"https:\/\/www.crea.gov.co\/crea-castilla\/?s={search_term_string}\"},\"query-input\":{\"@type\":\"PropertyValueSpecification\",\"valueRequired\":true,\"valueName\":\"search_term_string\"}}],\"inLanguage\":\"es-CO\"},{\"@type\":\"Person\",\"@id\":\"https:\/\/www.crea.gov.co\/crea-castilla\/#\/schema\/person\/06d98b3270f40b3709cd47ffaaddf489\",\"name\":\"jairofonseca\",\"image\":{\"@type\":\"ImageObject\",\"inLanguage\":\"es-CO\",\"@id\":\"https:\/\/www.crea.gov.co\/crea-castilla\/#\/schema\/person\/image\/\",\"url\":\"https:\/\/secure.gravatar.com\/avatar\/372796c0782bb1c588780f06f28e01f6?s=96&d=mm&r=g\",\"contentUrl\":\"https:\/\/secure.gravatar.com\/avatar\/372796c0782bb1c588780f06f28e01f6?s=96&d=mm&r=g\",\"caption\":\"jairofonseca\"},\"url\":\"https:\/\/www.crea.gov.co\/crea-castilla\/author\/jairofonseca\/\"}]}<\/script>\n<!-- \/ Yoast SEO plugin. -->","yoast_head_json":{"title":"Fel\u00edz cumplea\u00f1os IED General Gustavo Rojas Pinilla - Crea Castilla","robots":{"index":"index","follow":"follow","max-snippet":"max-snippet:-1","max-image-preview":"max-image-preview:large","max-video-preview":"max-video-preview:-1"},"canonical":"https:\/\/www.crea.gov.co\/crea-castilla\/feliz-cumpleanos-ied-general-gustavo-rojas-pinilla\/","og_locale":"es_ES","og_type":"article","og_title":"Fel\u00edz cumplea\u00f1os IED General Gustavo Rojas Pinilla - Crea Castilla","og_description":"En la semana del 18 al 22 de septiembre se celebraron los 15 a\u00f1os de la IED General Gustavo Rojas Pinilla, instituci\u00f3n que en sus inicios era conocida como la sede C del Colegio Isabel II con el el nombre de LA PAMPA LA MONTA\u00d1A y que luego en el a\u00f1o 2008, y ya con [&hellip;]","og_url":"https:\/\/www.crea.gov.co\/crea-castilla\/feliz-cumpleanos-ied-general-gustavo-rojas-pinilla\/","og_site_name":"Crea Castilla","article_published_time":"2023-09-27T15:45:31+00:00","article_modified_time":"2023-09-27T16:29:54+00:00","og_image":[{"width":1200,"height":1600,"url":"https:\/\/www.crea.gov.co\/crea-castilla\/wp-content\/uploads\/sites\/8\/2023\/09\/WhatsApp-Image-2023-09-27-at-12.14.11-PM.jpeg","type":"image\/jpeg"}],"author":"jairofonseca","twitter_card":"summary_large_image","twitter_misc":{"Escrito por":"jairofonseca","Tiempo de lectura":"4 minutos"},"schema":{"@context":"https:\/\/schema.org","@graph":[{"@type":"WebPage","@id":"https:\/\/www.crea.gov.co\/crea-castilla\/feliz-cumpleanos-ied-general-gustavo-rojas-pinilla\/","url":"https:\/\/www.crea.gov.co\/crea-castilla\/feliz-cumpleanos-ied-general-gustavo-rojas-pinilla\/","name":"Fel\u00edz cumplea\u00f1os IED General Gustavo Rojas Pinilla - Crea Castilla","isPartOf":{"@id":"https:\/\/www.crea.gov.co\/crea-castilla\/#website"},"primaryImageOfPage":{"@id":"https:\/\/www.crea.gov.co\/crea-castilla\/feliz-cumpleanos-ied-general-gustavo-rojas-pinilla\/#primaryimage"},"image":{"@id":"https:\/\/www.crea.gov.co\/crea-castilla\/feliz-cumpleanos-ied-general-gustavo-rojas-pinilla\/#primaryimage"},"thumbnailUrl":"https:\/\/www.crea.gov.co\/crea-castilla\/wp-content\/uploads\/sites\/8\/2023\/09\/WhatsApp-Image-2023-09-27-at-12.14.11-PM.jpeg","datePublished":"2023-09-27T15:45:31+00:00","dateModified":"2023-09-27T16:29:54+00:00","author":{"@id":"https:\/\/www.crea.gov.co\/crea-castilla\/#\/schema\/person\/06d98b3270f40b3709cd47ffaaddf489"},"breadcrumb":{"@id":"https:\/\/www.crea.gov.co\/crea-castilla\/feliz-cumpleanos-ied-general-gustavo-rojas-pinilla\/#breadcrumb"},"inLanguage":"es-CO","potentialAction":[{"@type":"ReadAction","target":["https:\/\/www.crea.gov.co\/crea-castilla\/feliz-cumpleanos-ied-general-gustavo-rojas-pinilla\/"]}]},{"@type":"ImageObject","inLanguage":"es-CO","@id":"https:\/\/www.crea.gov.co\/crea-castilla\/feliz-cumpleanos-ied-general-gustavo-rojas-pinilla\/#primaryimage","url":"https:\/\/www.crea.gov.co\/crea-castilla\/wp-content\/uploads\/sites\/8\/2023\/09\/WhatsApp-Image-2023-09-27-at-12.14.11-PM.jpeg","contentUrl":"https:\/\/www.crea.gov.co\/crea-castilla\/wp-content\/uploads\/sites\/8\/2023\/09\/WhatsApp-Image-2023-09-27-at-12.14.11-PM.jpeg","width":1200,"height":1600,"caption":"Cumplea\u00f1os IED General Gustavo Rojas Pinilla"},{"@type":"BreadcrumbList","@id":"https:\/\/www.crea.gov.co\/crea-castilla\/feliz-cumpleanos-ied-general-gustavo-rojas-pinilla\/#breadcrumb","itemListElement":[{"@type":"ListItem","position":1,"name":"Home","item":"https:\/\/www.crea.gov.co\/crea-castilla\/"},{"@type":"ListItem","position":2,"name":"Fel\u00edz cumplea\u00f1os IED General Gustavo Rojas Pinilla"}]},{"@type":"WebSite","@id":"https:\/\/www.crea.gov.co\/crea-castilla\/#website","url":"https:\/\/www.crea.gov.co\/crea-castilla\/","name":"Crea Castilla","description":"En uno de los barrios m\u00e1s tradicionales de Kennedy, el arte florece entre zonas verdes que envuelven el d\u00eda a d\u00eda. Aqu\u00ed, ni\u00f1as, ni\u00f1os, j\u00f3venes y adultos se encuentran para crear, compartir saberes y transformar su entorno con la fuerza de la expresi\u00f3n art\u00edstica. Este espacio abierto y cercano vibra con la energ\u00eda de la comunidad, donde cada rinc\u00f3n inspira nuevos sue\u00f1os y posibilidades.","potentialAction":[{"@type":"SearchAction","target":{"@type":"EntryPoint","urlTemplate":"https:\/\/www.crea.gov.co\/crea-castilla\/?s={search_term_string}"},"query-input":{"@type":"PropertyValueSpecification","valueRequired":true,"valueName":"search_term_string"}}],"inLanguage":"es-CO"},{"@type":"Person","@id":"https:\/\/www.crea.gov.co\/crea-castilla\/#\/schema\/person\/06d98b3270f40b3709cd47ffaaddf489","name":"jairofonseca","image":{"@type":"ImageObject","inLanguage":"es-CO","@id":"https:\/\/www.crea.gov.co\/crea-castilla\/#\/schema\/person\/image\/","url":"https:\/\/secure.gravatar.com\/avatar\/372796c0782bb1c588780f06f28e01f6?s=96&d=mm&r=g","contentUrl":"https:\/\/secure.gravatar.com\/avatar\/372796c0782bb1c588780f06f28e01f6?s=96&d=mm&r=g","caption":"jairofonseca"},"url":"https:\/\/www.crea.gov.co\/crea-castilla\/author\/jairofonseca\/"}]}},"_links":{"self":[{"href":"https:\/\/www.crea.gov.co\/crea-castilla\/wp-json\/wp\/v2\/posts\/292","targetHints":{"allow":["GET"]}}],"collection":[{"href":"https:\/\/www.crea.gov.co\/crea-castilla\/wp-json\/wp\/v2\/posts"}],"about":[{"href":"https:\/\/www.crea.gov.co\/crea-castilla\/wp-json\/wp\/v2\/types\/post"}],"author":[{"embeddable":true,"href":"https:\/\/www.crea.gov.co\/crea-castilla\/wp-json\/wp\/v2\/users\/70"}],"replies":[{"embeddable":true,"href":"https:\/\/www.crea.gov.co\/crea-castilla\/wp-json\/wp\/v2\/comments?post=292"}],"version-history":[{"count":4,"href":"https:\/\/www.crea.gov.co\/crea-castilla\/wp-json\/wp\/v2\/posts\/292\/revisions"}],"predecessor-version":[{"id":318,"href":"https:\/\/www.crea.gov.co\/crea-castilla\/wp-json\/wp\/v2\/posts\/292\/revisions\/318"}],"wp:featuredmedia":[{"embeddable":true,"href":"https:\/\/www.crea.gov.co\/crea-castilla\/wp-json\/wp\/v2\/media\/313"}],"wp:attachment":[{"href":"https:\/\/www.crea.gov.co\/crea-castilla\/wp-json\/wp\/v2\/media?parent=292"}],"wp:term":[{"taxonomy":"category","embeddable":true,"href":"https:\/\/www.crea.gov.co\/crea-castilla\/wp-json\/wp\/v2\/categories?post=292"},{"taxonomy":"post_tag","embeddable":true,"href":"https:\/\/www.crea.gov.co\/crea-castilla\/wp-json\/wp\/v2\/tags?post=292"}],"curies":[{"name":"wp","href":"https:\/\/api.w.org\/{rel}","templated":true}]}}