{"id":1090,"date":"2026-02-27T22:52:11","date_gmt":"2026-02-27T22:52:11","guid":{"rendered":"https:\/\/www.crea.gov.co\/crea-castilla\/?p=1090"},"modified":"2026-02-28T15:40:36","modified_gmt":"2026-02-28T15:40:36","slug":"los-cursos-que-iniciamos-en-febrero","status":"publish","type":"post","link":"https:\/\/www.crea.gov.co\/crea-castilla\/los-cursos-que-iniciamos-en-febrero\/","title":{"rendered":"LOS CURSOS QUE INICIAMOS EN FEBRERO"},"content":{"rendered":"\n<p class=\"has-medium-font-size\">As\u00ed vamos avanzando con nuestros cursos de formaci\u00f3n art\u00edstica para este a\u00f1o, estos son los cursos que ya iniciaron; si estas inscrito y no te hab\u00edas enterado, aun estas a tiempo de iniciar tu curso.<\/p>\n\n\n\n<div class=\"wp-block-columns is-layout-flex wp-container-core-columns-is-layout-1 wp-block-columns-is-layout-flex\">\n<div class=\"wp-block-column is-layout-flow wp-block-column-is-layout-flow\" style=\"flex-basis:100%\">\n<figure class=\"wp-block-table is-style-regular\" style=\"font-size:16px;font-style:italic;font-weight:600;text-decoration:underline\"><table class=\"has-black-color has-luminous-vivid-amber-background-color has-text-color has-background has-link-color\"><thead><tr><th>AREA<\/th><th>MODALIDAD<\/th><th>EDAD<\/th><th>HORARIO<\/th><\/tr><\/thead><tbody><tr><td>M\u00daSICA M\u00fasica <\/td><td>Tradicional Colombiana: Costa caribe<\/td><td>15 A 30<\/td><td>Lunes -Jueves 15:30:00 a 17:30:00<\/td><\/tr><tr><td>M\u00daSICA  <\/td><td>Rock\/Pop\/Jazz<\/td><td>15 A 24<\/td><td>Mi\u00e9rcoles -Viernes 16:00 a 18:00<\/td><\/tr><tr><td>M\u00daSICA<\/td><td>Producci\u00f3n Musical<\/td><td>18 a 59<\/td><td>Martes-Jueves 7:30 a 09:30<\/td><\/tr><tr><td>ARTES PL\u00c1STICAS<\/td><td>T\u00e9cnicas Mixtas<\/td><td>13 A 18<\/td><td>Martes -Jueves 15:30 a 17:30<\/td><\/tr><tr><td>ARTES PL\u00c1STICAS<\/td><td>T\u00e9cnicas Mixtas<\/td><td>6 A 12<\/td><td>Mi\u00e9rcoles -Viernes 15:30 a 17:30<\/td><\/tr><tr><td>ARTES PL\u00c1STICAS<\/td><td>T\u00e9cnicas Mixtas<\/td><td>6 A 12<\/td><td>Lunes-Jueves 15:30 a 17:30<\/td><\/tr><tr><td>CREACI\u00d3N DIGITAL<\/td><td>Arte digital<\/td><td>9 A 14<\/td><td>Lunes -Mi\u00e9rcoles 15:30 a 17:30<\/td><\/tr><tr><td>DANZA<\/td><td>Break Dance<\/td><td>10 A 17<\/td><td>Mi\u00e9rcoles-Viernes 08:00 a 10:00<\/td><\/tr><tr><td>DANZA<\/td><td>Folclor<\/td><td>18 a 59<\/td><td>Mi\u00e9rcoles-Viernes 08:00 a 10:00<\/td><\/tr><tr><td>DANZA<\/td><td>Salsa<\/td><td>6 A 12<\/td><td>Lunes-Jueves 15:30 a 17:30<\/td><\/tr><tr><td>LITERATURA<\/td><td>G\u00e9neros Literarios &#8211; Narrativa<\/td><td>7 a 13<\/td><td>Martes-Jueves 15:30a 17:30<\/td><\/tr><\/tbody><\/table><\/figure>\n<\/div>\n<\/div>\n\n\n\n<p class=\"has-medium-font-size\">Y para nuestros adultos mayores, tambi\u00e9n han empezado algunos cursos:<\/p>\n\n\n\n<figure style=\"font-size:16px;font-style:normal;font-weight:600;letter-spacing:em;text-decoration:underline\" class=\"wp-block-table\"><table class=\"has-pale-cyan-blue-background-color has-background\"><thead><tr><th><mark style=\"background-color:#ffffff\" class=\"has-inline-color has-black-color\">\u00c1REA<\/mark><\/th><th><mark style=\"background-color:#ffffff\" class=\"has-inline-color\">MODALIDAD<\/mark><\/th><th><mark style=\"background-color:#ffffff\" class=\"has-inline-color\">EDAD<\/mark><\/th><th><mark style=\"background-color:#ffffff\" class=\"has-inline-color\">HORARIO<\/mark><\/th><\/tr><\/thead><tbody><tr><td><em>D<\/em>ANZA<\/td><td>Ritmos Latinos<\/td><td>60 Y M\u00c1S<\/td><td>Mi\u00e9rcoles 09:00 a 12:00<\/td><\/tr><tr><td>DANZA<\/td><td>Folclor<\/td><td>60 Y M\u00c1S<\/td><td>Mi\u00e9rcoles -Viernes 10:00a 12:00<\/td><\/tr><tr><td>DANZA<\/td><td>Ritmos Latinos<\/td><td>60 Y M\u00c1S<\/td><td>Viernes 08:00 a 11:00<\/td><\/tr><tr><td>LITERATURA<\/td><td>Narrativa<\/td><td>60 Y M\u00c1S<\/td><td>Lunes 15:30:00 a 17:30,Sabado 09:00:00 a 11:00<\/td><\/tr><tr><td>M\u00daSICA<\/td><td>Ensamble<\/td><td><strong>60 Y M\u00c1S<\/strong><\/td><td>Martes -Jueves 8:00 a 10:00<\/td><\/tr><tr><td>DANZA<\/td><td>Folclor<\/td><td>60 Y M\u00c1S<\/td><td>Jueves 9:00 a 11:00<\/td><\/tr><tr><td>CREACI\u00d3N DIGITAL<\/td><td>Arte Digital<\/td><td>60 Y M\u00c1S<\/td><td>S\u00e1bados 9:00 a 12:00<\/td><\/tr><\/tbody><\/table><\/figure>\n\n\n\n<p class=\"has-medium-font-size\">Finalmente para poblaci\u00f3n con discapacidad:<\/p>\n\n\n\n<figure style=\"font-size:15px;font-style:normal;font-weight:600;text-decoration:underline\" class=\"wp-block-table\"><table class=\"has-black-color has-vivid-green-cyan-background-color has-text-color has-background has-link-color\"><thead><tr><th><\/th><th>MODALIDAD<\/th><th>EDAS<\/th><th>HORARIO<\/th><\/tr><\/thead><tbody><tr><td>AUDIOVISUALES<\/td><td>Producci\u00f3n<\/td><td>N\/A<\/td><td>S\u00e1bados 9:00 a 12:00<\/td><\/tr><\/tbody><\/table><\/figure>\n\n\n\n<p class=\"has-medium-font-size\"><strong><em>SI AUN NO TE HAS INSCRITO, CONSULTA TODA NUESTRA OFERTA \ud83c\udfac\ud83d\udea8\ud83c\udfbc\ud83d\udc83\ud83c\udffe\ud83d\udd7a\ud83c\udffc<\/em><\/strong><\/p>\n\n\n\n<p class=\"has-medium-font-size\"><a href=\"https:\/\/sif.idartes.gov.co\/sif\/framework\/crea\/territorial\/oferta\/oferta-disponible\">https:\/\/sif.idartes.gov.co\/sif\/framework\/crea\/territorial\/oferta\/oferta-disponible<\/a><\/p>\n\n\n\n<p><\/p>\n","protected":false},"excerpt":{"rendered":"<p>As\u00ed vamos avanzando con nuestros cursos de formaci\u00f3n art\u00edstica para este a\u00f1o, estos son los cursos que ya iniciaron; si estas inscrito y no te hab\u00edas enterado, aun estas a tiempo de iniciar tu curso. AREA MODALIDAD EDAD HORARIO M\u00daSICA M\u00fasica Tradicional Colombiana: Costa caribe 15 A 30 Lunes -Jueves 15:30:00 a 17:30:00 M\u00daSICA Rock\/Pop\/Jazz [&hellip;]<\/p>\n","protected":false},"author":91,"featured_media":985,"comment_status":"open","ping_status":"open","sticky":false,"template":"","format":"standard","meta":{"footnotes":""},"categories":[1],"tags":[],"class_list":["post-1090","post","type-post","status-publish","format-standard","has-post-thumbnail","hentry","category-sin-categoria"],"yoast_head":"<!-- This site is optimized with the Yoast SEO plugin v24.5 - https:\/\/yoast.com\/wordpress\/plugins\/seo\/ -->\n<title>LOS CURSOS QUE INICIAMOS EN FEBRERO - Crea Castilla<\/title>\n<meta name=\"robots\" content=\"index, follow, max-snippet:-1, max-image-preview:large, max-video-preview:-1\" \/>\n<link rel=\"canonical\" href=\"https:\/\/www.crea.gov.co\/crea-castilla\/los-cursos-que-iniciamos-en-febrero\/\" \/>\n<meta property=\"og:locale\" content=\"es_ES\" \/>\n<meta property=\"og:type\" content=\"article\" \/>\n<meta property=\"og:title\" content=\"LOS CURSOS QUE INICIAMOS EN FEBRERO - Crea Castilla\" \/>\n<meta property=\"og:description\" content=\"As\u00ed vamos avanzando con nuestros cursos de formaci\u00f3n art\u00edstica para este a\u00f1o, estos son los cursos que ya iniciaron; si estas inscrito y no te hab\u00edas enterado, aun estas a tiempo de iniciar tu curso. AREA MODALIDAD EDAD HORARIO M\u00daSICA M\u00fasica Tradicional Colombiana: Costa caribe 15 A 30 Lunes -Jueves 15:30:00 a 17:30:00 M\u00daSICA Rock\/Pop\/Jazz [&hellip;]\" \/>\n<meta property=\"og:url\" content=\"https:\/\/www.crea.gov.co\/crea-castilla\/los-cursos-que-iniciamos-en-febrero\/\" \/>\n<meta property=\"og:site_name\" content=\"Crea Castilla\" \/>\n<meta property=\"article:published_time\" content=\"2026-02-27T22:52:11+00:00\" \/>\n<meta property=\"article:modified_time\" content=\"2026-02-28T15:40:36+00:00\" \/>\n<meta property=\"og:image\" content=\"https:\/\/www.crea.gov.co\/crea-castilla\/wp-content\/uploads\/sites\/8\/2025\/09\/540664166_1216272410535910_8424314400412334517_n.jpg\" \/>\n\t<meta property=\"og:image:width\" content=\"1638\" \/>\n\t<meta property=\"og:image:height\" content=\"2048\" \/>\n\t<meta property=\"og:image:type\" content=\"image\/jpeg\" \/>\n<meta name=\"author\" content=\"creacastilla\" \/>\n<meta name=\"twitter:card\" content=\"summary_large_image\" \/>\n<meta name=\"twitter:label1\" content=\"Escrito por\" \/>\n\t<meta name=\"twitter:data1\" content=\"creacastilla\" \/>\n\t<meta name=\"twitter:label2\" content=\"Tiempo de lectura\" \/>\n\t<meta name=\"twitter:data2\" content=\"2 minutos\" \/>\n<script type=\"application\/ld+json\" class=\"yoast-schema-graph\">{\"@context\":\"https:\/\/schema.org\",\"@graph\":[{\"@type\":\"WebPage\",\"@id\":\"https:\/\/www.crea.gov.co\/crea-castilla\/los-cursos-que-iniciamos-en-febrero\/\",\"url\":\"https:\/\/www.crea.gov.co\/crea-castilla\/los-cursos-que-iniciamos-en-febrero\/\",\"name\":\"LOS CURSOS QUE INICIAMOS EN FEBRERO - Crea Castilla\",\"isPartOf\":{\"@id\":\"https:\/\/www.crea.gov.co\/crea-castilla\/#website\"},\"primaryImageOfPage\":{\"@id\":\"https:\/\/www.crea.gov.co\/crea-castilla\/los-cursos-que-iniciamos-en-febrero\/#primaryimage\"},\"image\":{\"@id\":\"https:\/\/www.crea.gov.co\/crea-castilla\/los-cursos-que-iniciamos-en-febrero\/#primaryimage\"},\"thumbnailUrl\":\"https:\/\/www.crea.gov.co\/crea-castilla\/wp-content\/uploads\/sites\/8\/2025\/09\/540664166_1216272410535910_8424314400412334517_n.jpg\",\"datePublished\":\"2026-02-27T22:52:11+00:00\",\"dateModified\":\"2026-02-28T15:40:36+00:00\",\"author\":{\"@id\":\"https:\/\/www.crea.gov.co\/crea-castilla\/#\/schema\/person\/2e3f1cb6c6afcbf603765cb3a2caf89f\"},\"breadcrumb\":{\"@id\":\"https:\/\/www.crea.gov.co\/crea-castilla\/los-cursos-que-iniciamos-en-febrero\/#breadcrumb\"},\"inLanguage\":\"es-CO\",\"potentialAction\":[{\"@type\":\"ReadAction\",\"target\":[\"https:\/\/www.crea.gov.co\/crea-castilla\/los-cursos-que-iniciamos-en-febrero\/\"]}]},{\"@type\":\"ImageObject\",\"inLanguage\":\"es-CO\",\"@id\":\"https:\/\/www.crea.gov.co\/crea-castilla\/los-cursos-que-iniciamos-en-febrero\/#primaryimage\",\"url\":\"https:\/\/www.crea.gov.co\/crea-castilla\/wp-content\/uploads\/sites\/8\/2025\/09\/540664166_1216272410535910_8424314400412334517_n.jpg\",\"contentUrl\":\"https:\/\/www.crea.gov.co\/crea-castilla\/wp-content\/uploads\/sites\/8\/2025\/09\/540664166_1216272410535910_8424314400412334517_n.jpg\",\"width\":1638,\"height\":2048},{\"@type\":\"BreadcrumbList\",\"@id\":\"https:\/\/www.crea.gov.co\/crea-castilla\/los-cursos-que-iniciamos-en-febrero\/#breadcrumb\",\"itemListElement\":[{\"@type\":\"ListItem\",\"position\":1,\"name\":\"Home\",\"item\":\"https:\/\/www.crea.gov.co\/crea-castilla\/\"},{\"@type\":\"ListItem\",\"position\":2,\"name\":\"LOS CURSOS QUE INICIAMOS EN FEBRERO\"}]},{\"@type\":\"WebSite\",\"@id\":\"https:\/\/www.crea.gov.co\/crea-castilla\/#website\",\"url\":\"https:\/\/www.crea.gov.co\/crea-castilla\/\",\"name\":\"Crea Castilla\",\"description\":\"En uno de los barrios m\u00e1s tradicionales de Kennedy, el arte florece entre zonas verdes que envuelven el d\u00eda a d\u00eda. Aqu\u00ed, ni\u00f1as, ni\u00f1os, j\u00f3venes y adultos se encuentran para crear, compartir saberes y transformar su entorno con la fuerza de la expresi\u00f3n art\u00edstica. Este espacio abierto y cercano vibra con la energ\u00eda de la comunidad, donde cada rinc\u00f3n inspira nuevos sue\u00f1os y posibilidades.\",\"potentialAction\":[{\"@type\":\"SearchAction\",\"target\":{\"@type\":\"EntryPoint\",\"urlTemplate\":\"https:\/\/www.crea.gov.co\/crea-castilla\/?s={search_term_string}\"},\"query-input\":{\"@type\":\"PropertyValueSpecification\",\"valueRequired\":true,\"valueName\":\"search_term_string\"}}],\"inLanguage\":\"es-CO\"},{\"@type\":\"Person\",\"@id\":\"https:\/\/www.crea.gov.co\/crea-castilla\/#\/schema\/person\/2e3f1cb6c6afcbf603765cb3a2caf89f\",\"name\":\"creacastilla\",\"image\":{\"@type\":\"ImageObject\",\"inLanguage\":\"es-CO\",\"@id\":\"https:\/\/www.crea.gov.co\/crea-castilla\/#\/schema\/person\/image\/\",\"url\":\"https:\/\/secure.gravatar.com\/avatar\/fa66155cb238595a2bdff8fb540238f3?s=96&d=mm&r=g\",\"contentUrl\":\"https:\/\/secure.gravatar.com\/avatar\/fa66155cb238595a2bdff8fb540238f3?s=96&d=mm&r=g\",\"caption\":\"creacastilla\"},\"url\":\"https:\/\/www.crea.gov.co\/crea-castilla\/author\/creacastilla\/\"}]}<\/script>\n<!-- \/ Yoast SEO plugin. -->","yoast_head_json":{"title":"LOS CURSOS QUE INICIAMOS EN FEBRERO - Crea Castilla","robots":{"index":"index","follow":"follow","max-snippet":"max-snippet:-1","max-image-preview":"max-image-preview:large","max-video-preview":"max-video-preview:-1"},"canonical":"https:\/\/www.crea.gov.co\/crea-castilla\/los-cursos-que-iniciamos-en-febrero\/","og_locale":"es_ES","og_type":"article","og_title":"LOS CURSOS QUE INICIAMOS EN FEBRERO - Crea Castilla","og_description":"As\u00ed vamos avanzando con nuestros cursos de formaci\u00f3n art\u00edstica para este a\u00f1o, estos son los cursos que ya iniciaron; si estas inscrito y no te hab\u00edas enterado, aun estas a tiempo de iniciar tu curso. AREA MODALIDAD EDAD HORARIO M\u00daSICA M\u00fasica Tradicional Colombiana: Costa caribe 15 A 30 Lunes -Jueves 15:30:00 a 17:30:00 M\u00daSICA Rock\/Pop\/Jazz [&hellip;]","og_url":"https:\/\/www.crea.gov.co\/crea-castilla\/los-cursos-que-iniciamos-en-febrero\/","og_site_name":"Crea Castilla","article_published_time":"2026-02-27T22:52:11+00:00","article_modified_time":"2026-02-28T15:40:36+00:00","og_image":[{"width":1638,"height":2048,"url":"https:\/\/www.crea.gov.co\/crea-castilla\/wp-content\/uploads\/sites\/8\/2025\/09\/540664166_1216272410535910_8424314400412334517_n.jpg","type":"image\/jpeg"}],"author":"creacastilla","twitter_card":"summary_large_image","twitter_misc":{"Escrito por":"creacastilla","Tiempo de lectura":"2 minutos"},"schema":{"@context":"https:\/\/schema.org","@graph":[{"@type":"WebPage","@id":"https:\/\/www.crea.gov.co\/crea-castilla\/los-cursos-que-iniciamos-en-febrero\/","url":"https:\/\/www.crea.gov.co\/crea-castilla\/los-cursos-que-iniciamos-en-febrero\/","name":"LOS CURSOS QUE INICIAMOS EN FEBRERO - Crea Castilla","isPartOf":{"@id":"https:\/\/www.crea.gov.co\/crea-castilla\/#website"},"primaryImageOfPage":{"@id":"https:\/\/www.crea.gov.co\/crea-castilla\/los-cursos-que-iniciamos-en-febrero\/#primaryimage"},"image":{"@id":"https:\/\/www.crea.gov.co\/crea-castilla\/los-cursos-que-iniciamos-en-febrero\/#primaryimage"},"thumbnailUrl":"https:\/\/www.crea.gov.co\/crea-castilla\/wp-content\/uploads\/sites\/8\/2025\/09\/540664166_1216272410535910_8424314400412334517_n.jpg","datePublished":"2026-02-27T22:52:11+00:00","dateModified":"2026-02-28T15:40:36+00:00","author":{"@id":"https:\/\/www.crea.gov.co\/crea-castilla\/#\/schema\/person\/2e3f1cb6c6afcbf603765cb3a2caf89f"},"breadcrumb":{"@id":"https:\/\/www.crea.gov.co\/crea-castilla\/los-cursos-que-iniciamos-en-febrero\/#breadcrumb"},"inLanguage":"es-CO","potentialAction":[{"@type":"ReadAction","target":["https:\/\/www.crea.gov.co\/crea-castilla\/los-cursos-que-iniciamos-en-febrero\/"]}]},{"@type":"ImageObject","inLanguage":"es-CO","@id":"https:\/\/www.crea.gov.co\/crea-castilla\/los-cursos-que-iniciamos-en-febrero\/#primaryimage","url":"https:\/\/www.crea.gov.co\/crea-castilla\/wp-content\/uploads\/sites\/8\/2025\/09\/540664166_1216272410535910_8424314400412334517_n.jpg","contentUrl":"https:\/\/www.crea.gov.co\/crea-castilla\/wp-content\/uploads\/sites\/8\/2025\/09\/540664166_1216272410535910_8424314400412334517_n.jpg","width":1638,"height":2048},{"@type":"BreadcrumbList","@id":"https:\/\/www.crea.gov.co\/crea-castilla\/los-cursos-que-iniciamos-en-febrero\/#breadcrumb","itemListElement":[{"@type":"ListItem","position":1,"name":"Home","item":"https:\/\/www.crea.gov.co\/crea-castilla\/"},{"@type":"ListItem","position":2,"name":"LOS CURSOS QUE INICIAMOS EN FEBRERO"}]},{"@type":"WebSite","@id":"https:\/\/www.crea.gov.co\/crea-castilla\/#website","url":"https:\/\/www.crea.gov.co\/crea-castilla\/","name":"Crea Castilla","description":"En uno de los barrios m\u00e1s tradicionales de Kennedy, el arte florece entre zonas verdes que envuelven el d\u00eda a d\u00eda. Aqu\u00ed, ni\u00f1as, ni\u00f1os, j\u00f3venes y adultos se encuentran para crear, compartir saberes y transformar su entorno con la fuerza de la expresi\u00f3n art\u00edstica. Este espacio abierto y cercano vibra con la energ\u00eda de la comunidad, donde cada rinc\u00f3n inspira nuevos sue\u00f1os y posibilidades.","potentialAction":[{"@type":"SearchAction","target":{"@type":"EntryPoint","urlTemplate":"https:\/\/www.crea.gov.co\/crea-castilla\/?s={search_term_string}"},"query-input":{"@type":"PropertyValueSpecification","valueRequired":true,"valueName":"search_term_string"}}],"inLanguage":"es-CO"},{"@type":"Person","@id":"https:\/\/www.crea.gov.co\/crea-castilla\/#\/schema\/person\/2e3f1cb6c6afcbf603765cb3a2caf89f","name":"creacastilla","image":{"@type":"ImageObject","inLanguage":"es-CO","@id":"https:\/\/www.crea.gov.co\/crea-castilla\/#\/schema\/person\/image\/","url":"https:\/\/secure.gravatar.com\/avatar\/fa66155cb238595a2bdff8fb540238f3?s=96&d=mm&r=g","contentUrl":"https:\/\/secure.gravatar.com\/avatar\/fa66155cb238595a2bdff8fb540238f3?s=96&d=mm&r=g","caption":"creacastilla"},"url":"https:\/\/www.crea.gov.co\/crea-castilla\/author\/creacastilla\/"}]}},"_links":{"self":[{"href":"https:\/\/www.crea.gov.co\/crea-castilla\/wp-json\/wp\/v2\/posts\/1090","targetHints":{"allow":["GET"]}}],"collection":[{"href":"https:\/\/www.crea.gov.co\/crea-castilla\/wp-json\/wp\/v2\/posts"}],"about":[{"href":"https:\/\/www.crea.gov.co\/crea-castilla\/wp-json\/wp\/v2\/types\/post"}],"author":[{"embeddable":true,"href":"https:\/\/www.crea.gov.co\/crea-castilla\/wp-json\/wp\/v2\/users\/91"}],"replies":[{"embeddable":true,"href":"https:\/\/www.crea.gov.co\/crea-castilla\/wp-json\/wp\/v2\/comments?post=1090"}],"version-history":[{"count":2,"href":"https:\/\/www.crea.gov.co\/crea-castilla\/wp-json\/wp\/v2\/posts\/1090\/revisions"}],"predecessor-version":[{"id":1094,"href":"https:\/\/www.crea.gov.co\/crea-castilla\/wp-json\/wp\/v2\/posts\/1090\/revisions\/1094"}],"wp:featuredmedia":[{"embeddable":true,"href":"https:\/\/www.crea.gov.co\/crea-castilla\/wp-json\/wp\/v2\/media\/985"}],"wp:attachment":[{"href":"https:\/\/www.crea.gov.co\/crea-castilla\/wp-json\/wp\/v2\/media?parent=1090"}],"wp:term":[{"taxonomy":"category","embeddable":true,"href":"https:\/\/www.crea.gov.co\/crea-castilla\/wp-json\/wp\/v2\/categories?post=1090"},{"taxonomy":"post_tag","embeddable":true,"href":"https:\/\/www.crea.gov.co\/crea-castilla\/wp-json\/wp\/v2\/tags?post=1090"}],"curies":[{"name":"wp","href":"https:\/\/api.w.org\/{rel}","templated":true}]}}