{"id":998,"date":"2024-10-12T16:32:21","date_gmt":"2024-10-12T16:32:21","guid":{"rendered":"https:\/\/www.crea.gov.co\/crea-cantarrana\/?p=998"},"modified":"2024-10-12T16:34:41","modified_gmt":"2024-10-12T16:34:41","slug":"asi-se-vivio-esta-gran-experiencia-del-ultimo-crea-en-movimiento","status":"publish","type":"post","link":"https:\/\/www.crea.gov.co\/crea-cantarrana\/asi-se-vivio-esta-gran-experiencia-del-ultimo-crea-en-movimiento\/","title":{"rendered":"AS\u00cd SE VIVI\u00d3 ESTA GRAN EXPERIENCIA DEL \u00daLTIMO CREA EN MOVIMIENTO."},"content":{"rendered":"\n<p>Los colectivos art\u00edsticos que hicieron parte de esta gran programaci\u00f3n del crea en movimiento el pasado 5 de octubre en el teatro villa mayor, dejaron ver los procesos tan exitosos que se han logrado en los diferentes espacios crea. <\/p>\n\n\n\n<p>El Crea Cantarrana tuvo la participaci\u00f3n de procesos en Teatro, M\u00fasica, Artes pl\u00e1sticas y audiovisuales, dejando apreciar las diferentes maneras de narrar y ver el mundo en cada una de estas disciplinas art\u00edsticas. <\/p>\n\n\n\n<div class=\"wp-block-group is-nowrap is-layout-flex wp-container-core-group-is-layout-1 wp-block-group-is-layout-flex\">\n<figure class=\"wp-block-gallery has-nested-images columns-default is-cropped wp-block-gallery-1 is-layout-flex wp-block-gallery-is-layout-flex\">\n<figure class=\"wp-block-image size-large\"><img loading=\"lazy\" decoding=\"async\" width=\"1024\" height=\"768\" src=\"https:\/\/www.crea.gov.co\/crea-cantarrana\/wp-content\/uploads\/sites\/17\/2024\/10\/WhatsApp-Image-2024-10-12-at-11.06.04-AM-1-1024x768.jpeg\" alt=\"\" class=\"wp-image-1024\" srcset=\"https:\/\/www.crea.gov.co\/crea-cantarrana\/wp-content\/uploads\/sites\/17\/2024\/10\/WhatsApp-Image-2024-10-12-at-11.06.04-AM-1-1024x768.jpeg 1024w, https:\/\/www.crea.gov.co\/crea-cantarrana\/wp-content\/uploads\/sites\/17\/2024\/10\/WhatsApp-Image-2024-10-12-at-11.06.04-AM-1-300x225.jpeg 300w, https:\/\/www.crea.gov.co\/crea-cantarrana\/wp-content\/uploads\/sites\/17\/2024\/10\/WhatsApp-Image-2024-10-12-at-11.06.04-AM-1-768x576.jpeg 768w, https:\/\/www.crea.gov.co\/crea-cantarrana\/wp-content\/uploads\/sites\/17\/2024\/10\/WhatsApp-Image-2024-10-12-at-11.06.04-AM-1-1536x1152.jpeg 1536w, https:\/\/www.crea.gov.co\/crea-cantarrana\/wp-content\/uploads\/sites\/17\/2024\/10\/WhatsApp-Image-2024-10-12-at-11.06.04-AM-1.jpeg 1600w\" sizes=\"auto, (max-width: 1024px) 100vw, 1024px\" \/><\/figure>\n\n\n\n<figure class=\"wp-block-image size-large\"><img loading=\"lazy\" decoding=\"async\" width=\"576\" height=\"1024\" src=\"https:\/\/www.crea.gov.co\/crea-cantarrana\/wp-content\/uploads\/sites\/17\/2024\/10\/WhatsApp-Image-2024-10-12-at-11.03.32-AM-1-576x1024.jpeg\" alt=\"\" class=\"wp-image-1025\" srcset=\"https:\/\/www.crea.gov.co\/crea-cantarrana\/wp-content\/uploads\/sites\/17\/2024\/10\/WhatsApp-Image-2024-10-12-at-11.03.32-AM-1-576x1024.jpeg 576w, https:\/\/www.crea.gov.co\/crea-cantarrana\/wp-content\/uploads\/sites\/17\/2024\/10\/WhatsApp-Image-2024-10-12-at-11.03.32-AM-1-169x300.jpeg 169w, https:\/\/www.crea.gov.co\/crea-cantarrana\/wp-content\/uploads\/sites\/17\/2024\/10\/WhatsApp-Image-2024-10-12-at-11.03.32-AM-1-768x1366.jpeg 768w, https:\/\/www.crea.gov.co\/crea-cantarrana\/wp-content\/uploads\/sites\/17\/2024\/10\/WhatsApp-Image-2024-10-12-at-11.03.32-AM-1-864x1536.jpeg 864w, https:\/\/www.crea.gov.co\/crea-cantarrana\/wp-content\/uploads\/sites\/17\/2024\/10\/WhatsApp-Image-2024-10-12-at-11.03.32-AM-1.jpeg 899w\" sizes=\"auto, (max-width: 576px) 100vw, 576px\" \/><\/figure>\n<\/figure>\n<\/div>\n\n\n\n<figure class=\"wp-block-gallery has-nested-images columns-default is-cropped wp-block-gallery-2 is-layout-flex wp-block-gallery-is-layout-flex\">\n<figure class=\"wp-block-image size-large\"><img loading=\"lazy\" decoding=\"async\" width=\"819\" height=\"1024\" data-id=\"1026\" src=\"https:\/\/www.crea.gov.co\/crea-cantarrana\/wp-content\/uploads\/sites\/17\/2024\/10\/LZK_0025-819x1024.jpg\" alt=\"\" class=\"wp-image-1026\" srcset=\"https:\/\/www.crea.gov.co\/crea-cantarrana\/wp-content\/uploads\/sites\/17\/2024\/10\/LZK_0025-819x1024.jpg 819w, https:\/\/www.crea.gov.co\/crea-cantarrana\/wp-content\/uploads\/sites\/17\/2024\/10\/LZK_0025-240x300.jpg 240w, https:\/\/www.crea.gov.co\/crea-cantarrana\/wp-content\/uploads\/sites\/17\/2024\/10\/LZK_0025-768x960.jpg 768w, https:\/\/www.crea.gov.co\/crea-cantarrana\/wp-content\/uploads\/sites\/17\/2024\/10\/LZK_0025-1229x1536.jpg 1229w, https:\/\/www.crea.gov.co\/crea-cantarrana\/wp-content\/uploads\/sites\/17\/2024\/10\/LZK_0025-1638x2048.jpg 1638w, https:\/\/www.crea.gov.co\/crea-cantarrana\/wp-content\/uploads\/sites\/17\/2024\/10\/LZK_0025-scaled.jpg 2048w\" sizes=\"auto, (max-width: 819px) 100vw, 819px\" \/><figcaption class=\"wp-element-caption\">Artistas formadores Yohanna Andrea Reyes y Juan Carlos Rocha (presentadores)<\/figcaption><\/figure>\n<\/figure>\n\n\n\n<figure class=\"wp-block-gallery has-nested-images columns-default is-cropped wp-block-gallery-3 is-layout-flex wp-block-gallery-is-layout-flex\">\n<figure class=\"wp-block-image size-large\"><img loading=\"lazy\" decoding=\"async\" width=\"819\" height=\"1024\" data-id=\"1000\" src=\"https:\/\/www.crea.gov.co\/crea-cantarrana\/wp-content\/uploads\/sites\/17\/2024\/10\/LZK_1693-819x1024.jpg\" alt=\"\" class=\"wp-image-1000\" srcset=\"https:\/\/www.crea.gov.co\/crea-cantarrana\/wp-content\/uploads\/sites\/17\/2024\/10\/LZK_1693-819x1024.jpg 819w, https:\/\/www.crea.gov.co\/crea-cantarrana\/wp-content\/uploads\/sites\/17\/2024\/10\/LZK_1693-240x300.jpg 240w, https:\/\/www.crea.gov.co\/crea-cantarrana\/wp-content\/uploads\/sites\/17\/2024\/10\/LZK_1693-768x960.jpg 768w, https:\/\/www.crea.gov.co\/crea-cantarrana\/wp-content\/uploads\/sites\/17\/2024\/10\/LZK_1693-1229x1536.jpg 1229w, https:\/\/www.crea.gov.co\/crea-cantarrana\/wp-content\/uploads\/sites\/17\/2024\/10\/LZK_1693-1639x2048.jpg 1639w, https:\/\/www.crea.gov.co\/crea-cantarrana\/wp-content\/uploads\/sites\/17\/2024\/10\/LZK_1693-scaled.jpg 2048w\" sizes=\"auto, (max-width: 819px) 100vw, 819px\" \/><\/figure>\n\n\n\n<figure class=\"wp-block-image size-large\"><img loading=\"lazy\" decoding=\"async\" width=\"819\" height=\"1024\" data-id=\"1001\" src=\"https:\/\/www.crea.gov.co\/crea-cantarrana\/wp-content\/uploads\/sites\/17\/2024\/10\/LZK_1683-819x1024.jpg\" alt=\"\" class=\"wp-image-1001\" srcset=\"https:\/\/www.crea.gov.co\/crea-cantarrana\/wp-content\/uploads\/sites\/17\/2024\/10\/LZK_1683-819x1024.jpg 819w, https:\/\/www.crea.gov.co\/crea-cantarrana\/wp-content\/uploads\/sites\/17\/2024\/10\/LZK_1683-240x300.jpg 240w, https:\/\/www.crea.gov.co\/crea-cantarrana\/wp-content\/uploads\/sites\/17\/2024\/10\/LZK_1683-768x960.jpg 768w, https:\/\/www.crea.gov.co\/crea-cantarrana\/wp-content\/uploads\/sites\/17\/2024\/10\/LZK_1683-1229x1536.jpg 1229w, https:\/\/www.crea.gov.co\/crea-cantarrana\/wp-content\/uploads\/sites\/17\/2024\/10\/LZK_1683-1638x2048.jpg 1638w, https:\/\/www.crea.gov.co\/crea-cantarrana\/wp-content\/uploads\/sites\/17\/2024\/10\/LZK_1683-scaled.jpg 2048w\" sizes=\"auto, (max-width: 819px) 100vw, 819px\" \/><\/figure>\n\n\n\n<figure class=\"wp-block-image size-large\"><img loading=\"lazy\" decoding=\"async\" width=\"819\" height=\"1024\" data-id=\"999\" src=\"https:\/\/www.crea.gov.co\/crea-cantarrana\/wp-content\/uploads\/sites\/17\/2024\/10\/LZK_1648-819x1024.jpg\" alt=\"\" class=\"wp-image-999\" srcset=\"https:\/\/www.crea.gov.co\/crea-cantarrana\/wp-content\/uploads\/sites\/17\/2024\/10\/LZK_1648-819x1024.jpg 819w, https:\/\/www.crea.gov.co\/crea-cantarrana\/wp-content\/uploads\/sites\/17\/2024\/10\/LZK_1648-240x300.jpg 240w, https:\/\/www.crea.gov.co\/crea-cantarrana\/wp-content\/uploads\/sites\/17\/2024\/10\/LZK_1648-768x960.jpg 768w, https:\/\/www.crea.gov.co\/crea-cantarrana\/wp-content\/uploads\/sites\/17\/2024\/10\/LZK_1648-1229x1536.jpg 1229w, https:\/\/www.crea.gov.co\/crea-cantarrana\/wp-content\/uploads\/sites\/17\/2024\/10\/LZK_1648-1638x2048.jpg 1638w, https:\/\/www.crea.gov.co\/crea-cantarrana\/wp-content\/uploads\/sites\/17\/2024\/10\/LZK_1648-scaled.jpg 2048w\" sizes=\"auto, (max-width: 819px) 100vw, 819px\" \/><\/figure>\n\n\n\n<figure class=\"wp-block-image size-large\"><img loading=\"lazy\" decoding=\"async\" width=\"819\" height=\"1024\" data-id=\"1003\" src=\"https:\/\/www.crea.gov.co\/crea-cantarrana\/wp-content\/uploads\/sites\/17\/2024\/10\/LZK_1605-819x1024.jpg\" alt=\"\" class=\"wp-image-1003\" srcset=\"https:\/\/www.crea.gov.co\/crea-cantarrana\/wp-content\/uploads\/sites\/17\/2024\/10\/LZK_1605-819x1024.jpg 819w, https:\/\/www.crea.gov.co\/crea-cantarrana\/wp-content\/uploads\/sites\/17\/2024\/10\/LZK_1605-240x300.jpg 240w, https:\/\/www.crea.gov.co\/crea-cantarrana\/wp-content\/uploads\/sites\/17\/2024\/10\/LZK_1605-768x960.jpg 768w, https:\/\/www.crea.gov.co\/crea-cantarrana\/wp-content\/uploads\/sites\/17\/2024\/10\/LZK_1605-1229x1536.jpg 1229w, https:\/\/www.crea.gov.co\/crea-cantarrana\/wp-content\/uploads\/sites\/17\/2024\/10\/LZK_1605-1638x2048.jpg 1638w, https:\/\/www.crea.gov.co\/crea-cantarrana\/wp-content\/uploads\/sites\/17\/2024\/10\/LZK_1605-scaled.jpg 2048w\" sizes=\"auto, (max-width: 819px) 100vw, 819px\" \/><\/figure>\n\n\n\n<figure class=\"wp-block-image size-large\"><img loading=\"lazy\" decoding=\"async\" width=\"819\" height=\"1024\" data-id=\"1002\" src=\"https:\/\/www.crea.gov.co\/crea-cantarrana\/wp-content\/uploads\/sites\/17\/2024\/10\/LZK_1590-819x1024.jpg\" alt=\"\" class=\"wp-image-1002\" srcset=\"https:\/\/www.crea.gov.co\/crea-cantarrana\/wp-content\/uploads\/sites\/17\/2024\/10\/LZK_1590-819x1024.jpg 819w, https:\/\/www.crea.gov.co\/crea-cantarrana\/wp-content\/uploads\/sites\/17\/2024\/10\/LZK_1590-240x300.jpg 240w, https:\/\/www.crea.gov.co\/crea-cantarrana\/wp-content\/uploads\/sites\/17\/2024\/10\/LZK_1590-768x960.jpg 768w, https:\/\/www.crea.gov.co\/crea-cantarrana\/wp-content\/uploads\/sites\/17\/2024\/10\/LZK_1590-1229x1536.jpg 1229w, https:\/\/www.crea.gov.co\/crea-cantarrana\/wp-content\/uploads\/sites\/17\/2024\/10\/LZK_1590-1639x2048.jpg 1639w, https:\/\/www.crea.gov.co\/crea-cantarrana\/wp-content\/uploads\/sites\/17\/2024\/10\/LZK_1590-scaled.jpg 2048w\" sizes=\"auto, (max-width: 819px) 100vw, 819px\" \/><\/figure>\n\n\n\n<figure class=\"wp-block-image size-large\"><img loading=\"lazy\" decoding=\"async\" width=\"819\" height=\"1024\" data-id=\"1011\" src=\"https:\/\/www.crea.gov.co\/crea-cantarrana\/wp-content\/uploads\/sites\/17\/2024\/10\/LZK_1553-819x1024.jpg\" alt=\"\" class=\"wp-image-1011\" srcset=\"https:\/\/www.crea.gov.co\/crea-cantarrana\/wp-content\/uploads\/sites\/17\/2024\/10\/LZK_1553-819x1024.jpg 819w, https:\/\/www.crea.gov.co\/crea-cantarrana\/wp-content\/uploads\/sites\/17\/2024\/10\/LZK_1553-240x300.jpg 240w, https:\/\/www.crea.gov.co\/crea-cantarrana\/wp-content\/uploads\/sites\/17\/2024\/10\/LZK_1553-768x960.jpg 768w, https:\/\/www.crea.gov.co\/crea-cantarrana\/wp-content\/uploads\/sites\/17\/2024\/10\/LZK_1553-1229x1536.jpg 1229w, https:\/\/www.crea.gov.co\/crea-cantarrana\/wp-content\/uploads\/sites\/17\/2024\/10\/LZK_1553-1639x2048.jpg 1639w, https:\/\/www.crea.gov.co\/crea-cantarrana\/wp-content\/uploads\/sites\/17\/2024\/10\/LZK_1553-scaled.jpg 2048w\" sizes=\"auto, (max-width: 819px) 100vw, 819px\" \/><\/figure>\n\n\n\n<figure class=\"wp-block-image size-large\"><img loading=\"lazy\" decoding=\"async\" width=\"1024\" height=\"678\" data-id=\"1005\" src=\"https:\/\/www.crea.gov.co\/crea-cantarrana\/wp-content\/uploads\/sites\/17\/2024\/10\/LZK_1077-1024x678.jpg\" alt=\"\" class=\"wp-image-1005\" srcset=\"https:\/\/www.crea.gov.co\/crea-cantarrana\/wp-content\/uploads\/sites\/17\/2024\/10\/LZK_1077-1024x678.jpg 1024w, https:\/\/www.crea.gov.co\/crea-cantarrana\/wp-content\/uploads\/sites\/17\/2024\/10\/LZK_1077-300x199.jpg 300w, https:\/\/www.crea.gov.co\/crea-cantarrana\/wp-content\/uploads\/sites\/17\/2024\/10\/LZK_1077-768x509.jpg 768w, https:\/\/www.crea.gov.co\/crea-cantarrana\/wp-content\/uploads\/sites\/17\/2024\/10\/LZK_1077-1536x1017.jpg 1536w, https:\/\/www.crea.gov.co\/crea-cantarrana\/wp-content\/uploads\/sites\/17\/2024\/10\/LZK_1077-2048x1356.jpg 2048w\" sizes=\"auto, (max-width: 1024px) 100vw, 1024px\" \/><\/figure>\n\n\n\n<figure class=\"wp-block-image size-large\"><img loading=\"lazy\" decoding=\"async\" width=\"1024\" height=\"678\" data-id=\"1009\" src=\"https:\/\/www.crea.gov.co\/crea-cantarrana\/wp-content\/uploads\/sites\/17\/2024\/10\/LZK_1069-1024x678.jpg\" alt=\"\" class=\"wp-image-1009\" srcset=\"https:\/\/www.crea.gov.co\/crea-cantarrana\/wp-content\/uploads\/sites\/17\/2024\/10\/LZK_1069-1024x678.jpg 1024w, https:\/\/www.crea.gov.co\/crea-cantarrana\/wp-content\/uploads\/sites\/17\/2024\/10\/LZK_1069-300x199.jpg 300w, https:\/\/www.crea.gov.co\/crea-cantarrana\/wp-content\/uploads\/sites\/17\/2024\/10\/LZK_1069-768x509.jpg 768w, https:\/\/www.crea.gov.co\/crea-cantarrana\/wp-content\/uploads\/sites\/17\/2024\/10\/LZK_1069-1536x1017.jpg 1536w, https:\/\/www.crea.gov.co\/crea-cantarrana\/wp-content\/uploads\/sites\/17\/2024\/10\/LZK_1069-2048x1356.jpg 2048w\" sizes=\"auto, (max-width: 1024px) 100vw, 1024px\" \/><\/figure>\n\n\n\n<figure class=\"wp-block-image size-large\"><img loading=\"lazy\" decoding=\"async\" width=\"819\" height=\"1024\" data-id=\"1006\" src=\"https:\/\/www.crea.gov.co\/crea-cantarrana\/wp-content\/uploads\/sites\/17\/2024\/10\/LZK_1040-819x1024.jpg\" alt=\"\" class=\"wp-image-1006\" srcset=\"https:\/\/www.crea.gov.co\/crea-cantarrana\/wp-content\/uploads\/sites\/17\/2024\/10\/LZK_1040-819x1024.jpg 819w, https:\/\/www.crea.gov.co\/crea-cantarrana\/wp-content\/uploads\/sites\/17\/2024\/10\/LZK_1040-240x300.jpg 240w, https:\/\/www.crea.gov.co\/crea-cantarrana\/wp-content\/uploads\/sites\/17\/2024\/10\/LZK_1040-768x960.jpg 768w, https:\/\/www.crea.gov.co\/crea-cantarrana\/wp-content\/uploads\/sites\/17\/2024\/10\/LZK_1040-1229x1536.jpg 1229w, https:\/\/www.crea.gov.co\/crea-cantarrana\/wp-content\/uploads\/sites\/17\/2024\/10\/LZK_1040-1638x2048.jpg 1638w, https:\/\/www.crea.gov.co\/crea-cantarrana\/wp-content\/uploads\/sites\/17\/2024\/10\/LZK_1040-scaled.jpg 2048w\" sizes=\"auto, (max-width: 819px) 100vw, 819px\" \/><\/figure>\n\n\n\n<figure class=\"wp-block-image size-large\"><img loading=\"lazy\" decoding=\"async\" width=\"819\" height=\"1024\" data-id=\"1008\" src=\"https:\/\/www.crea.gov.co\/crea-cantarrana\/wp-content\/uploads\/sites\/17\/2024\/10\/LZK_0966-819x1024.jpg\" alt=\"\" class=\"wp-image-1008\" srcset=\"https:\/\/www.crea.gov.co\/crea-cantarrana\/wp-content\/uploads\/sites\/17\/2024\/10\/LZK_0966-819x1024.jpg 819w, https:\/\/www.crea.gov.co\/crea-cantarrana\/wp-content\/uploads\/sites\/17\/2024\/10\/LZK_0966-240x300.jpg 240w, https:\/\/www.crea.gov.co\/crea-cantarrana\/wp-content\/uploads\/sites\/17\/2024\/10\/LZK_0966-768x960.jpg 768w, https:\/\/www.crea.gov.co\/crea-cantarrana\/wp-content\/uploads\/sites\/17\/2024\/10\/LZK_0966-1229x1536.jpg 1229w, https:\/\/www.crea.gov.co\/crea-cantarrana\/wp-content\/uploads\/sites\/17\/2024\/10\/LZK_0966-1638x2048.jpg 1638w, https:\/\/www.crea.gov.co\/crea-cantarrana\/wp-content\/uploads\/sites\/17\/2024\/10\/LZK_0966-scaled.jpg 2048w\" sizes=\"auto, (max-width: 819px) 100vw, 819px\" \/><\/figure>\n\n\n\n<figure class=\"wp-block-image size-large\"><img loading=\"lazy\" decoding=\"async\" width=\"819\" height=\"1024\" data-id=\"1007\" src=\"https:\/\/www.crea.gov.co\/crea-cantarrana\/wp-content\/uploads\/sites\/17\/2024\/10\/LZK_0960-819x1024.jpg\" alt=\"\" class=\"wp-image-1007\" srcset=\"https:\/\/www.crea.gov.co\/crea-cantarrana\/wp-content\/uploads\/sites\/17\/2024\/10\/LZK_0960-819x1024.jpg 819w, https:\/\/www.crea.gov.co\/crea-cantarrana\/wp-content\/uploads\/sites\/17\/2024\/10\/LZK_0960-240x300.jpg 240w, https:\/\/www.crea.gov.co\/crea-cantarrana\/wp-content\/uploads\/sites\/17\/2024\/10\/LZK_0960-768x960.jpg 768w, https:\/\/www.crea.gov.co\/crea-cantarrana\/wp-content\/uploads\/sites\/17\/2024\/10\/LZK_0960-1229x1536.jpg 1229w, https:\/\/www.crea.gov.co\/crea-cantarrana\/wp-content\/uploads\/sites\/17\/2024\/10\/LZK_0960-1638x2048.jpg 1638w, https:\/\/www.crea.gov.co\/crea-cantarrana\/wp-content\/uploads\/sites\/17\/2024\/10\/LZK_0960-scaled.jpg 2048w\" sizes=\"auto, (max-width: 819px) 100vw, 819px\" \/><\/figure>\n\n\n\n<figure class=\"wp-block-image size-large\"><img loading=\"lazy\" decoding=\"async\" width=\"819\" height=\"1024\" data-id=\"1010\" src=\"https:\/\/www.crea.gov.co\/crea-cantarrana\/wp-content\/uploads\/sites\/17\/2024\/10\/LZK_0915-819x1024.jpg\" alt=\"\" class=\"wp-image-1010\" srcset=\"https:\/\/www.crea.gov.co\/crea-cantarrana\/wp-content\/uploads\/sites\/17\/2024\/10\/LZK_0915-819x1024.jpg 819w, https:\/\/www.crea.gov.co\/crea-cantarrana\/wp-content\/uploads\/sites\/17\/2024\/10\/LZK_0915-240x300.jpg 240w, https:\/\/www.crea.gov.co\/crea-cantarrana\/wp-content\/uploads\/sites\/17\/2024\/10\/LZK_0915-768x960.jpg 768w, https:\/\/www.crea.gov.co\/crea-cantarrana\/wp-content\/uploads\/sites\/17\/2024\/10\/LZK_0915-1229x1536.jpg 1229w, https:\/\/www.crea.gov.co\/crea-cantarrana\/wp-content\/uploads\/sites\/17\/2024\/10\/LZK_0915-1638x2048.jpg 1638w, https:\/\/www.crea.gov.co\/crea-cantarrana\/wp-content\/uploads\/sites\/17\/2024\/10\/LZK_0915-scaled.jpg 2048w\" sizes=\"auto, (max-width: 819px) 100vw, 819px\" \/><\/figure>\n\n\n\n<figure class=\"wp-block-image size-large\"><img loading=\"lazy\" decoding=\"async\" width=\"819\" height=\"1024\" data-id=\"1012\" src=\"https:\/\/www.crea.gov.co\/crea-cantarrana\/wp-content\/uploads\/sites\/17\/2024\/10\/LZK_0624-819x1024.jpg\" alt=\"\" class=\"wp-image-1012\" srcset=\"https:\/\/www.crea.gov.co\/crea-cantarrana\/wp-content\/uploads\/sites\/17\/2024\/10\/LZK_0624-819x1024.jpg 819w, https:\/\/www.crea.gov.co\/crea-cantarrana\/wp-content\/uploads\/sites\/17\/2024\/10\/LZK_0624-240x300.jpg 240w, https:\/\/www.crea.gov.co\/crea-cantarrana\/wp-content\/uploads\/sites\/17\/2024\/10\/LZK_0624-768x960.jpg 768w, https:\/\/www.crea.gov.co\/crea-cantarrana\/wp-content\/uploads\/sites\/17\/2024\/10\/LZK_0624-1229x1536.jpg 1229w, https:\/\/www.crea.gov.co\/crea-cantarrana\/wp-content\/uploads\/sites\/17\/2024\/10\/LZK_0624-1638x2048.jpg 1638w, https:\/\/www.crea.gov.co\/crea-cantarrana\/wp-content\/uploads\/sites\/17\/2024\/10\/LZK_0624-scaled.jpg 2048w\" sizes=\"auto, (max-width: 819px) 100vw, 819px\" \/><\/figure>\n\n\n\n<figure class=\"wp-block-image size-large\"><img loading=\"lazy\" decoding=\"async\" width=\"819\" height=\"1024\" data-id=\"1015\" src=\"https:\/\/www.crea.gov.co\/crea-cantarrana\/wp-content\/uploads\/sites\/17\/2024\/10\/LZK_0515-1-819x1024.jpg\" alt=\"\" class=\"wp-image-1015\" srcset=\"https:\/\/www.crea.gov.co\/crea-cantarrana\/wp-content\/uploads\/sites\/17\/2024\/10\/LZK_0515-1-819x1024.jpg 819w, https:\/\/www.crea.gov.co\/crea-cantarrana\/wp-content\/uploads\/sites\/17\/2024\/10\/LZK_0515-1-240x300.jpg 240w, https:\/\/www.crea.gov.co\/crea-cantarrana\/wp-content\/uploads\/sites\/17\/2024\/10\/LZK_0515-1-768x960.jpg 768w, https:\/\/www.crea.gov.co\/crea-cantarrana\/wp-content\/uploads\/sites\/17\/2024\/10\/LZK_0515-1-1229x1536.jpg 1229w, https:\/\/www.crea.gov.co\/crea-cantarrana\/wp-content\/uploads\/sites\/17\/2024\/10\/LZK_0515-1-1638x2048.jpg 1638w, https:\/\/www.crea.gov.co\/crea-cantarrana\/wp-content\/uploads\/sites\/17\/2024\/10\/LZK_0515-1-scaled.jpg 2048w\" sizes=\"auto, (max-width: 819px) 100vw, 819px\" \/><\/figure>\n\n\n\n<figure class=\"wp-block-image size-large\"><img loading=\"lazy\" decoding=\"async\" width=\"1024\" height=\"678\" data-id=\"1014\" src=\"https:\/\/www.crea.gov.co\/crea-cantarrana\/wp-content\/uploads\/sites\/17\/2024\/10\/LZK_0490-1024x678.jpg\" alt=\"\" class=\"wp-image-1014\" srcset=\"https:\/\/www.crea.gov.co\/crea-cantarrana\/wp-content\/uploads\/sites\/17\/2024\/10\/LZK_0490-1024x678.jpg 1024w, https:\/\/www.crea.gov.co\/crea-cantarrana\/wp-content\/uploads\/sites\/17\/2024\/10\/LZK_0490-300x199.jpg 300w, https:\/\/www.crea.gov.co\/crea-cantarrana\/wp-content\/uploads\/sites\/17\/2024\/10\/LZK_0490-768x509.jpg 768w, https:\/\/www.crea.gov.co\/crea-cantarrana\/wp-content\/uploads\/sites\/17\/2024\/10\/LZK_0490-1536x1017.jpg 1536w, https:\/\/www.crea.gov.co\/crea-cantarrana\/wp-content\/uploads\/sites\/17\/2024\/10\/LZK_0490-2048x1356.jpg 2048w\" sizes=\"auto, (max-width: 1024px) 100vw, 1024px\" \/><\/figure>\n\n\n\n<figure class=\"wp-block-image size-large\"><img loading=\"lazy\" decoding=\"async\" width=\"819\" height=\"1024\" data-id=\"1019\" src=\"https:\/\/www.crea.gov.co\/crea-cantarrana\/wp-content\/uploads\/sites\/17\/2024\/10\/LZK_0098-819x1024.jpg\" alt=\"\" class=\"wp-image-1019\" srcset=\"https:\/\/www.crea.gov.co\/crea-cantarrana\/wp-content\/uploads\/sites\/17\/2024\/10\/LZK_0098-819x1024.jpg 819w, https:\/\/www.crea.gov.co\/crea-cantarrana\/wp-content\/uploads\/sites\/17\/2024\/10\/LZK_0098-240x300.jpg 240w, https:\/\/www.crea.gov.co\/crea-cantarrana\/wp-content\/uploads\/sites\/17\/2024\/10\/LZK_0098-768x960.jpg 768w, https:\/\/www.crea.gov.co\/crea-cantarrana\/wp-content\/uploads\/sites\/17\/2024\/10\/LZK_0098-1229x1536.jpg 1229w, https:\/\/www.crea.gov.co\/crea-cantarrana\/wp-content\/uploads\/sites\/17\/2024\/10\/LZK_0098-1639x2048.jpg 1639w, https:\/\/www.crea.gov.co\/crea-cantarrana\/wp-content\/uploads\/sites\/17\/2024\/10\/LZK_0098-scaled.jpg 2048w\" sizes=\"auto, (max-width: 819px) 100vw, 819px\" \/><\/figure>\n\n\n\n<figure class=\"wp-block-image size-large\"><img loading=\"lazy\" decoding=\"async\" width=\"819\" height=\"1024\" data-id=\"1017\" src=\"https:\/\/www.crea.gov.co\/crea-cantarrana\/wp-content\/uploads\/sites\/17\/2024\/10\/LZK_0012-819x1024.jpg\" alt=\"\" class=\"wp-image-1017\" srcset=\"https:\/\/www.crea.gov.co\/crea-cantarrana\/wp-content\/uploads\/sites\/17\/2024\/10\/LZK_0012-819x1024.jpg 819w, https:\/\/www.crea.gov.co\/crea-cantarrana\/wp-content\/uploads\/sites\/17\/2024\/10\/LZK_0012-240x300.jpg 240w, https:\/\/www.crea.gov.co\/crea-cantarrana\/wp-content\/uploads\/sites\/17\/2024\/10\/LZK_0012-768x960.jpg 768w, https:\/\/www.crea.gov.co\/crea-cantarrana\/wp-content\/uploads\/sites\/17\/2024\/10\/LZK_0012-1229x1536.jpg 1229w, https:\/\/www.crea.gov.co\/crea-cantarrana\/wp-content\/uploads\/sites\/17\/2024\/10\/LZK_0012-1638x2048.jpg 1638w, https:\/\/www.crea.gov.co\/crea-cantarrana\/wp-content\/uploads\/sites\/17\/2024\/10\/LZK_0012-scaled.jpg 2048w\" sizes=\"auto, (max-width: 819px) 100vw, 819px\" \/><\/figure>\n<\/figure>\n\n\n\n<p>Teatro Artista formador Orlando Tosseck , M\u00fasica Grupo Son del Oriente ensamble de m\u00fasicas campesinas Artista Formador Jefferson Gonz\u00e1lez,  M\u00fasica Grupo Usme Jazz Artista Formador Andr\u00e9s Osorio, Artes pl\u00e1sticas grupos canitas Alegres y semillero imaginantes Artista formador Mario Ar\u00e9valo, Audiovisuales Grupo Maqalka Artista Formador Julio Cesar Castro. <\/p>\n\n\n\n<p>Agradecemos a los Artistas formadores y a los grupos que participaron y brillaron en este espacio, dejando visibilizar los procesos de formaci\u00f3n art\u00edstica que se est\u00e1n gestando en el Crea Cantarrana.   <\/p>\n\n\n\n<p><\/p>\n","protected":false},"excerpt":{"rendered":"<p>Los colectivos art\u00edsticos que hicieron parte de esta gran programaci\u00f3n del crea en movimiento el pasado 5 de octubre en el teatro villa mayor, dejaron ver los procesos tan exitosos que se han logrado en los diferentes espacios crea. El Crea Cantarrana tuvo la participaci\u00f3n de procesos en Teatro, M\u00fasica, Artes pl\u00e1sticas y audiovisuales, dejando [&hellip;]<\/p>\n","protected":false},"author":52,"featured_media":1025,"comment_status":"open","ping_status":"open","sticky":false,"template":"","format":"standard","meta":{"footnotes":""},"categories":[1],"tags":[],"class_list":["post-998","post","type-post","status-publish","format-standard","has-post-thumbnail","hentry","category-sin-categoria"],"yoast_head":"<!-- This site is optimized with the Yoast SEO plugin v24.5 - https:\/\/yoast.com\/wordpress\/plugins\/seo\/ -->\n<title>AS\u00cd SE VIVI\u00d3 ESTA GRAN EXPERIENCIA DEL \u00daLTIMO CREA EN MOVIMIENTO. - Crea Cantarrana<\/title>\n<meta name=\"robots\" content=\"index, follow, max-snippet:-1, max-image-preview:large, max-video-preview:-1\" \/>\n<link rel=\"canonical\" href=\"https:\/\/www.crea.gov.co\/crea-cantarrana\/asi-se-vivio-esta-gran-experiencia-del-ultimo-crea-en-movimiento\/\" \/>\n<meta property=\"og:locale\" content=\"es_ES\" \/>\n<meta property=\"og:type\" content=\"article\" \/>\n<meta property=\"og:title\" content=\"AS\u00cd SE VIVI\u00d3 ESTA GRAN EXPERIENCIA DEL \u00daLTIMO CREA EN MOVIMIENTO. - Crea Cantarrana\" \/>\n<meta property=\"og:description\" content=\"Los colectivos art\u00edsticos que hicieron parte de esta gran programaci\u00f3n del crea en movimiento el pasado 5 de octubre en el teatro villa mayor, dejaron ver los procesos tan exitosos que se han logrado en los diferentes espacios crea. El Crea Cantarrana tuvo la participaci\u00f3n de procesos en Teatro, M\u00fasica, Artes pl\u00e1sticas y audiovisuales, dejando [&hellip;]\" \/>\n<meta property=\"og:url\" content=\"https:\/\/www.crea.gov.co\/crea-cantarrana\/asi-se-vivio-esta-gran-experiencia-del-ultimo-crea-en-movimiento\/\" \/>\n<meta property=\"og:site_name\" content=\"Crea Cantarrana\" \/>\n<meta property=\"article:published_time\" content=\"2024-10-12T16:32:21+00:00\" \/>\n<meta property=\"article:modified_time\" content=\"2024-10-12T16:34:41+00:00\" \/>\n<meta property=\"og:image\" content=\"https:\/\/www.crea.gov.co\/crea-cantarrana\/wp-content\/uploads\/sites\/17\/2024\/10\/WhatsApp-Image-2024-10-12-at-11.03.32-AM-1.jpeg\" \/>\n\t<meta property=\"og:image:width\" content=\"899\" \/>\n\t<meta property=\"og:image:height\" content=\"1599\" \/>\n\t<meta property=\"og:image:type\" content=\"image\/jpeg\" \/>\n<meta name=\"author\" content=\"andreabuitrago\" \/>\n<meta name=\"twitter:card\" content=\"summary_large_image\" \/>\n<meta name=\"twitter:label1\" content=\"Escrito por\" \/>\n\t<meta name=\"twitter:data1\" content=\"andreabuitrago\" \/>\n\t<meta name=\"twitter:label2\" content=\"Tiempo de lectura\" \/>\n\t<meta name=\"twitter:data2\" content=\"5 minutos\" \/>\n<script type=\"application\/ld+json\" class=\"yoast-schema-graph\">{\"@context\":\"https:\/\/schema.org\",\"@graph\":[{\"@type\":\"WebPage\",\"@id\":\"https:\/\/www.crea.gov.co\/crea-cantarrana\/asi-se-vivio-esta-gran-experiencia-del-ultimo-crea-en-movimiento\/\",\"url\":\"https:\/\/www.crea.gov.co\/crea-cantarrana\/asi-se-vivio-esta-gran-experiencia-del-ultimo-crea-en-movimiento\/\",\"name\":\"AS\u00cd SE VIVI\u00d3 ESTA GRAN EXPERIENCIA DEL \u00daLTIMO CREA EN MOVIMIENTO. - Crea Cantarrana\",\"isPartOf\":{\"@id\":\"https:\/\/www.crea.gov.co\/crea-cantarrana\/#website\"},\"primaryImageOfPage\":{\"@id\":\"https:\/\/www.crea.gov.co\/crea-cantarrana\/asi-se-vivio-esta-gran-experiencia-del-ultimo-crea-en-movimiento\/#primaryimage\"},\"image\":{\"@id\":\"https:\/\/www.crea.gov.co\/crea-cantarrana\/asi-se-vivio-esta-gran-experiencia-del-ultimo-crea-en-movimiento\/#primaryimage\"},\"thumbnailUrl\":\"https:\/\/www.crea.gov.co\/crea-cantarrana\/wp-content\/uploads\/sites\/17\/2024\/10\/WhatsApp-Image-2024-10-12-at-11.03.32-AM-1.jpeg\",\"datePublished\":\"2024-10-12T16:32:21+00:00\",\"dateModified\":\"2024-10-12T16:34:41+00:00\",\"author\":{\"@id\":\"https:\/\/www.crea.gov.co\/crea-cantarrana\/#\/schema\/person\/cd88a2bb5a059a97b34a2c9b19a9ec08\"},\"breadcrumb\":{\"@id\":\"https:\/\/www.crea.gov.co\/crea-cantarrana\/asi-se-vivio-esta-gran-experiencia-del-ultimo-crea-en-movimiento\/#breadcrumb\"},\"inLanguage\":\"es-CO\",\"potentialAction\":[{\"@type\":\"ReadAction\",\"target\":[\"https:\/\/www.crea.gov.co\/crea-cantarrana\/asi-se-vivio-esta-gran-experiencia-del-ultimo-crea-en-movimiento\/\"]}]},{\"@type\":\"ImageObject\",\"inLanguage\":\"es-CO\",\"@id\":\"https:\/\/www.crea.gov.co\/crea-cantarrana\/asi-se-vivio-esta-gran-experiencia-del-ultimo-crea-en-movimiento\/#primaryimage\",\"url\":\"https:\/\/www.crea.gov.co\/crea-cantarrana\/wp-content\/uploads\/sites\/17\/2024\/10\/WhatsApp-Image-2024-10-12-at-11.03.32-AM-1.jpeg\",\"contentUrl\":\"https:\/\/www.crea.gov.co\/crea-cantarrana\/wp-content\/uploads\/sites\/17\/2024\/10\/WhatsApp-Image-2024-10-12-at-11.03.32-AM-1.jpeg\",\"width\":899,\"height\":1599},{\"@type\":\"BreadcrumbList\",\"@id\":\"https:\/\/www.crea.gov.co\/crea-cantarrana\/asi-se-vivio-esta-gran-experiencia-del-ultimo-crea-en-movimiento\/#breadcrumb\",\"itemListElement\":[{\"@type\":\"ListItem\",\"position\":1,\"name\":\"Home\",\"item\":\"https:\/\/www.crea.gov.co\/crea-cantarrana\/\"},{\"@type\":\"ListItem\",\"position\":2,\"name\":\"AS\u00cd SE VIVI\u00d3 ESTA GRAN EXPERIENCIA DEL \u00daLTIMO CREA EN MOVIMIENTO.\"}]},{\"@type\":\"WebSite\",\"@id\":\"https:\/\/www.crea.gov.co\/crea-cantarrana\/#website\",\"url\":\"https:\/\/www.crea.gov.co\/crea-cantarrana\/\",\"name\":\"Crea Cantarrana\",\"description\":\"En el sur de Bogot\u00e1, el campo y la ciudad dialogan. La tradici\u00f3n campesina y la creatividad urbana se encuentran bajo un domo que invita a ver el arte desde nuevas perspectivas. Es un espacio donde la comunidad transforma su d\u00eda a d\u00eda en historias, m\u00fasica y color, y donde la memoria rural se reinventa a cada paso.\",\"potentialAction\":[{\"@type\":\"SearchAction\",\"target\":{\"@type\":\"EntryPoint\",\"urlTemplate\":\"https:\/\/www.crea.gov.co\/crea-cantarrana\/?s={search_term_string}\"},\"query-input\":{\"@type\":\"PropertyValueSpecification\",\"valueRequired\":true,\"valueName\":\"search_term_string\"}}],\"inLanguage\":\"es-CO\"},{\"@type\":\"Person\",\"@id\":\"https:\/\/www.crea.gov.co\/crea-cantarrana\/#\/schema\/person\/cd88a2bb5a059a97b34a2c9b19a9ec08\",\"name\":\"andreabuitrago\",\"image\":{\"@type\":\"ImageObject\",\"inLanguage\":\"es-CO\",\"@id\":\"https:\/\/www.crea.gov.co\/crea-cantarrana\/#\/schema\/person\/image\/\",\"url\":\"https:\/\/secure.gravatar.com\/avatar\/e6b54eb2c91227e6015338d3251762db?s=96&d=mm&r=g\",\"contentUrl\":\"https:\/\/secure.gravatar.com\/avatar\/e6b54eb2c91227e6015338d3251762db?s=96&d=mm&r=g\",\"caption\":\"andreabuitrago\"},\"url\":\"https:\/\/www.crea.gov.co\/crea-cantarrana\/author\/andreabuitrago\/\"}]}<\/script>\n<!-- \/ Yoast SEO plugin. -->","yoast_head_json":{"title":"AS\u00cd SE VIVI\u00d3 ESTA GRAN EXPERIENCIA DEL \u00daLTIMO CREA EN MOVIMIENTO. - Crea Cantarrana","robots":{"index":"index","follow":"follow","max-snippet":"max-snippet:-1","max-image-preview":"max-image-preview:large","max-video-preview":"max-video-preview:-1"},"canonical":"https:\/\/www.crea.gov.co\/crea-cantarrana\/asi-se-vivio-esta-gran-experiencia-del-ultimo-crea-en-movimiento\/","og_locale":"es_ES","og_type":"article","og_title":"AS\u00cd SE VIVI\u00d3 ESTA GRAN EXPERIENCIA DEL \u00daLTIMO CREA EN MOVIMIENTO. - Crea Cantarrana","og_description":"Los colectivos art\u00edsticos que hicieron parte de esta gran programaci\u00f3n del crea en movimiento el pasado 5 de octubre en el teatro villa mayor, dejaron ver los procesos tan exitosos que se han logrado en los diferentes espacios crea. El Crea Cantarrana tuvo la participaci\u00f3n de procesos en Teatro, M\u00fasica, Artes pl\u00e1sticas y audiovisuales, dejando [&hellip;]","og_url":"https:\/\/www.crea.gov.co\/crea-cantarrana\/asi-se-vivio-esta-gran-experiencia-del-ultimo-crea-en-movimiento\/","og_site_name":"Crea Cantarrana","article_published_time":"2024-10-12T16:32:21+00:00","article_modified_time":"2024-10-12T16:34:41+00:00","og_image":[{"width":899,"height":1599,"url":"https:\/\/www.crea.gov.co\/crea-cantarrana\/wp-content\/uploads\/sites\/17\/2024\/10\/WhatsApp-Image-2024-10-12-at-11.03.32-AM-1.jpeg","type":"image\/jpeg"}],"author":"andreabuitrago","twitter_card":"summary_large_image","twitter_misc":{"Escrito por":"andreabuitrago","Tiempo de lectura":"5 minutos"},"schema":{"@context":"https:\/\/schema.org","@graph":[{"@type":"WebPage","@id":"https:\/\/www.crea.gov.co\/crea-cantarrana\/asi-se-vivio-esta-gran-experiencia-del-ultimo-crea-en-movimiento\/","url":"https:\/\/www.crea.gov.co\/crea-cantarrana\/asi-se-vivio-esta-gran-experiencia-del-ultimo-crea-en-movimiento\/","name":"AS\u00cd SE VIVI\u00d3 ESTA GRAN EXPERIENCIA DEL \u00daLTIMO CREA EN MOVIMIENTO. - Crea Cantarrana","isPartOf":{"@id":"https:\/\/www.crea.gov.co\/crea-cantarrana\/#website"},"primaryImageOfPage":{"@id":"https:\/\/www.crea.gov.co\/crea-cantarrana\/asi-se-vivio-esta-gran-experiencia-del-ultimo-crea-en-movimiento\/#primaryimage"},"image":{"@id":"https:\/\/www.crea.gov.co\/crea-cantarrana\/asi-se-vivio-esta-gran-experiencia-del-ultimo-crea-en-movimiento\/#primaryimage"},"thumbnailUrl":"https:\/\/www.crea.gov.co\/crea-cantarrana\/wp-content\/uploads\/sites\/17\/2024\/10\/WhatsApp-Image-2024-10-12-at-11.03.32-AM-1.jpeg","datePublished":"2024-10-12T16:32:21+00:00","dateModified":"2024-10-12T16:34:41+00:00","author":{"@id":"https:\/\/www.crea.gov.co\/crea-cantarrana\/#\/schema\/person\/cd88a2bb5a059a97b34a2c9b19a9ec08"},"breadcrumb":{"@id":"https:\/\/www.crea.gov.co\/crea-cantarrana\/asi-se-vivio-esta-gran-experiencia-del-ultimo-crea-en-movimiento\/#breadcrumb"},"inLanguage":"es-CO","potentialAction":[{"@type":"ReadAction","target":["https:\/\/www.crea.gov.co\/crea-cantarrana\/asi-se-vivio-esta-gran-experiencia-del-ultimo-crea-en-movimiento\/"]}]},{"@type":"ImageObject","inLanguage":"es-CO","@id":"https:\/\/www.crea.gov.co\/crea-cantarrana\/asi-se-vivio-esta-gran-experiencia-del-ultimo-crea-en-movimiento\/#primaryimage","url":"https:\/\/www.crea.gov.co\/crea-cantarrana\/wp-content\/uploads\/sites\/17\/2024\/10\/WhatsApp-Image-2024-10-12-at-11.03.32-AM-1.jpeg","contentUrl":"https:\/\/www.crea.gov.co\/crea-cantarrana\/wp-content\/uploads\/sites\/17\/2024\/10\/WhatsApp-Image-2024-10-12-at-11.03.32-AM-1.jpeg","width":899,"height":1599},{"@type":"BreadcrumbList","@id":"https:\/\/www.crea.gov.co\/crea-cantarrana\/asi-se-vivio-esta-gran-experiencia-del-ultimo-crea-en-movimiento\/#breadcrumb","itemListElement":[{"@type":"ListItem","position":1,"name":"Home","item":"https:\/\/www.crea.gov.co\/crea-cantarrana\/"},{"@type":"ListItem","position":2,"name":"AS\u00cd SE VIVI\u00d3 ESTA GRAN EXPERIENCIA DEL \u00daLTIMO CREA EN MOVIMIENTO."}]},{"@type":"WebSite","@id":"https:\/\/www.crea.gov.co\/crea-cantarrana\/#website","url":"https:\/\/www.crea.gov.co\/crea-cantarrana\/","name":"Crea Cantarrana","description":"En el sur de Bogot\u00e1, el campo y la ciudad dialogan. La tradici\u00f3n campesina y la creatividad urbana se encuentran bajo un domo que invita a ver el arte desde nuevas perspectivas. Es un espacio donde la comunidad transforma su d\u00eda a d\u00eda en historias, m\u00fasica y color, y donde la memoria rural se reinventa a cada paso.","potentialAction":[{"@type":"SearchAction","target":{"@type":"EntryPoint","urlTemplate":"https:\/\/www.crea.gov.co\/crea-cantarrana\/?s={search_term_string}"},"query-input":{"@type":"PropertyValueSpecification","valueRequired":true,"valueName":"search_term_string"}}],"inLanguage":"es-CO"},{"@type":"Person","@id":"https:\/\/www.crea.gov.co\/crea-cantarrana\/#\/schema\/person\/cd88a2bb5a059a97b34a2c9b19a9ec08","name":"andreabuitrago","image":{"@type":"ImageObject","inLanguage":"es-CO","@id":"https:\/\/www.crea.gov.co\/crea-cantarrana\/#\/schema\/person\/image\/","url":"https:\/\/secure.gravatar.com\/avatar\/e6b54eb2c91227e6015338d3251762db?s=96&d=mm&r=g","contentUrl":"https:\/\/secure.gravatar.com\/avatar\/e6b54eb2c91227e6015338d3251762db?s=96&d=mm&r=g","caption":"andreabuitrago"},"url":"https:\/\/www.crea.gov.co\/crea-cantarrana\/author\/andreabuitrago\/"}]}},"_links":{"self":[{"href":"https:\/\/www.crea.gov.co\/crea-cantarrana\/wp-json\/wp\/v2\/posts\/998","targetHints":{"allow":["GET"]}}],"collection":[{"href":"https:\/\/www.crea.gov.co\/crea-cantarrana\/wp-json\/wp\/v2\/posts"}],"about":[{"href":"https:\/\/www.crea.gov.co\/crea-cantarrana\/wp-json\/wp\/v2\/types\/post"}],"author":[{"embeddable":true,"href":"https:\/\/www.crea.gov.co\/crea-cantarrana\/wp-json\/wp\/v2\/users\/52"}],"replies":[{"embeddable":true,"href":"https:\/\/www.crea.gov.co\/crea-cantarrana\/wp-json\/wp\/v2\/comments?post=998"}],"version-history":[{"count":3,"href":"https:\/\/www.crea.gov.co\/crea-cantarrana\/wp-json\/wp\/v2\/posts\/998\/revisions"}],"predecessor-version":[{"id":1029,"href":"https:\/\/www.crea.gov.co\/crea-cantarrana\/wp-json\/wp\/v2\/posts\/998\/revisions\/1029"}],"wp:featuredmedia":[{"embeddable":true,"href":"https:\/\/www.crea.gov.co\/crea-cantarrana\/wp-json\/wp\/v2\/media\/1025"}],"wp:attachment":[{"href":"https:\/\/www.crea.gov.co\/crea-cantarrana\/wp-json\/wp\/v2\/media?parent=998"}],"wp:term":[{"taxonomy":"category","embeddable":true,"href":"https:\/\/www.crea.gov.co\/crea-cantarrana\/wp-json\/wp\/v2\/categories?post=998"},{"taxonomy":"post_tag","embeddable":true,"href":"https:\/\/www.crea.gov.co\/crea-cantarrana\/wp-json\/wp\/v2\/tags?post=998"}],"curies":[{"name":"wp","href":"https:\/\/api.w.org\/{rel}","templated":true}]}}