{"id":980,"date":"2024-10-04T17:17:08","date_gmt":"2024-10-04T17:17:08","guid":{"rendered":"https:\/\/www.crea.gov.co\/crea-cantarrana\/?p=980"},"modified":"2024-10-04T17:18:41","modified_gmt":"2024-10-04T17:18:41","slug":"llega-nuestro-ultimo-crea-en-movimiento-animate-y-acompananos","status":"publish","type":"post","link":"https:\/\/www.crea.gov.co\/crea-cantarrana\/llega-nuestro-ultimo-crea-en-movimiento-animate-y-acompananos\/","title":{"rendered":"\u00a1LLEGA NUESTRO \u00daLTIMO CREA EN MOVIMIENTO AN\u00cdMATE Y ACOMPA\u00d1ANOS!"},"content":{"rendered":"\n<p><strong>5 de octubre en el Teatro Villa Mayor<\/strong>, participaran en una programaci\u00f3n diversa que va desde clases abiertas y talleres hasta grandes muestras art\u00edsticas. <\/p>\n\n\n\n<p>El evento buscara ofrecer diferentes experiencias en torno las m\u00faltiples maneras de narrar y leer el mundo, inspirados en los espacios y relaci\u00f3n con el teatro villamayor, tendremos muestras esc\u00e9nicas, exposiciones interactivas, mediaciones con las obras pl\u00e1sticas y juegos de escritura multimodal.<\/p>\n\n\n\n<p>Es la oportunidad para Los Crea Ingles, Tunal, Lucero Bajo, Manitas y Cantarrana de visibilizar los procesos art\u00edsticos en las tres l\u00edneas de atenci\u00f3n del programa crea. <\/p>\n\n\n\n<figure class=\"wp-block-image size-large is-resized\"><img loading=\"lazy\" decoding=\"async\" width=\"819\" height=\"1024\" src=\"https:\/\/www.crea.gov.co\/crea-cantarrana\/wp-content\/uploads\/sites\/17\/2024\/10\/WhatsApp-Image-2024-10-01-at-11.37.41-AM-819x1024.jpeg\" alt=\"\" class=\"wp-image-983\" style=\"width:837px;height:auto\" srcset=\"https:\/\/www.crea.gov.co\/crea-cantarrana\/wp-content\/uploads\/sites\/17\/2024\/10\/WhatsApp-Image-2024-10-01-at-11.37.41-AM-819x1024.jpeg 819w, https:\/\/www.crea.gov.co\/crea-cantarrana\/wp-content\/uploads\/sites\/17\/2024\/10\/WhatsApp-Image-2024-10-01-at-11.37.41-AM-240x300.jpeg 240w, https:\/\/www.crea.gov.co\/crea-cantarrana\/wp-content\/uploads\/sites\/17\/2024\/10\/WhatsApp-Image-2024-10-01-at-11.37.41-AM-768x960.jpeg 768w, https:\/\/www.crea.gov.co\/crea-cantarrana\/wp-content\/uploads\/sites\/17\/2024\/10\/WhatsApp-Image-2024-10-01-at-11.37.41-AM-1229x1536.jpeg 1229w, https:\/\/www.crea.gov.co\/crea-cantarrana\/wp-content\/uploads\/sites\/17\/2024\/10\/WhatsApp-Image-2024-10-01-at-11.37.41-AM.jpeg 1280w\" sizes=\"auto, (max-width: 819px) 100vw, 819px\" \/><\/figure>\n\n\n\n<figure class=\"wp-block-gallery has-nested-images columns-default is-cropped wp-block-gallery-1 is-layout-flex wp-block-gallery-is-layout-flex\">\n<figure class=\"wp-block-image size-large\"><img loading=\"lazy\" decoding=\"async\" width=\"819\" height=\"1024\" data-id=\"984\" src=\"https:\/\/www.crea.gov.co\/crea-cantarrana\/wp-content\/uploads\/sites\/17\/2024\/10\/WhatsApp-Image-2024-10-01-at-11.37.41-AM-1-819x1024.jpeg\" alt=\"\" class=\"wp-image-984\" srcset=\"https:\/\/www.crea.gov.co\/crea-cantarrana\/wp-content\/uploads\/sites\/17\/2024\/10\/WhatsApp-Image-2024-10-01-at-11.37.41-AM-1-819x1024.jpeg 819w, https:\/\/www.crea.gov.co\/crea-cantarrana\/wp-content\/uploads\/sites\/17\/2024\/10\/WhatsApp-Image-2024-10-01-at-11.37.41-AM-1-240x300.jpeg 240w, https:\/\/www.crea.gov.co\/crea-cantarrana\/wp-content\/uploads\/sites\/17\/2024\/10\/WhatsApp-Image-2024-10-01-at-11.37.41-AM-1-768x960.jpeg 768w, https:\/\/www.crea.gov.co\/crea-cantarrana\/wp-content\/uploads\/sites\/17\/2024\/10\/WhatsApp-Image-2024-10-01-at-11.37.41-AM-1-1229x1536.jpeg 1229w, https:\/\/www.crea.gov.co\/crea-cantarrana\/wp-content\/uploads\/sites\/17\/2024\/10\/WhatsApp-Image-2024-10-01-at-11.37.41-AM-1.jpeg 1280w\" sizes=\"auto, (max-width: 819px) 100vw, 819px\" \/><\/figure>\n<\/figure>\n\n\n\n<p>Crea en Movimiento sigue apostando por llevar el arte a los espacios cotidianos de Bogot\u00e1, transformando lugares comunes en escenarios de creatividad y expresi\u00f3n art\u00edstica. <\/p>\n\n\n\n<p>Todas las actividades son gratuitas y abiertas a la comunidad, invitando a los ciudadanos a ser parte de esta experiencia que conecta, transforma y resignifica los espacios urbanos, reafirmando el compromiso del&nbsp;<a href=\"https:\/\/www.idartes.gov.co\/es\"><strong>Instituto Distrital de las Artes \u2013 Idartes<\/strong><\/a>&nbsp;con el desarrollo cultural de la ciudad.<\/p>\n\n\n\n<figure class=\"wp-block-gallery has-nested-images columns-default is-cropped wp-block-gallery-2 is-layout-flex wp-block-gallery-is-layout-flex\">\n<figure class=\"wp-block-image size-large\"><img loading=\"lazy\" decoding=\"async\" width=\"819\" height=\"1024\" data-id=\"985\" src=\"https:\/\/www.crea.gov.co\/crea-cantarrana\/wp-content\/uploads\/sites\/17\/2024\/10\/WhatsApp-Image-2024-10-01-at-3.52.59-PM-819x1024.jpeg\" alt=\"\" class=\"wp-image-985\" srcset=\"https:\/\/www.crea.gov.co\/crea-cantarrana\/wp-content\/uploads\/sites\/17\/2024\/10\/WhatsApp-Image-2024-10-01-at-3.52.59-PM-819x1024.jpeg 819w, https:\/\/www.crea.gov.co\/crea-cantarrana\/wp-content\/uploads\/sites\/17\/2024\/10\/WhatsApp-Image-2024-10-01-at-3.52.59-PM-240x300.jpeg 240w, https:\/\/www.crea.gov.co\/crea-cantarrana\/wp-content\/uploads\/sites\/17\/2024\/10\/WhatsApp-Image-2024-10-01-at-3.52.59-PM-768x960.jpeg 768w, https:\/\/www.crea.gov.co\/crea-cantarrana\/wp-content\/uploads\/sites\/17\/2024\/10\/WhatsApp-Image-2024-10-01-at-3.52.59-PM-1229x1536.jpeg 1229w, https:\/\/www.crea.gov.co\/crea-cantarrana\/wp-content\/uploads\/sites\/17\/2024\/10\/WhatsApp-Image-2024-10-01-at-3.52.59-PM.jpeg 1280w\" sizes=\"auto, (max-width: 819px) 100vw, 819px\" \/><\/figure>\n<\/figure>\n","protected":false},"excerpt":{"rendered":"<p>5 de octubre en el Teatro Villa Mayor, participaran en una programaci\u00f3n diversa que va desde clases abiertas y talleres hasta grandes muestras art\u00edsticas. El evento buscara ofrecer diferentes experiencias en torno las m\u00faltiples maneras de narrar y leer el mundo, inspirados en los espacios y relaci\u00f3n con el teatro villamayor, tendremos muestras esc\u00e9nicas, exposiciones [&hellip;]<\/p>\n","protected":false},"author":52,"featured_media":983,"comment_status":"open","ping_status":"open","sticky":false,"template":"","format":"standard","meta":{"footnotes":""},"categories":[1],"tags":[],"class_list":["post-980","post","type-post","status-publish","format-standard","has-post-thumbnail","hentry","category-sin-categoria"],"yoast_head":"<!-- This site is optimized with the Yoast SEO plugin v24.5 - https:\/\/yoast.com\/wordpress\/plugins\/seo\/ -->\n<title>\u00a1LLEGA NUESTRO \u00daLTIMO CREA EN MOVIMIENTO AN\u00cdMATE Y ACOMPA\u00d1ANOS! - Crea Cantarrana<\/title>\n<meta name=\"robots\" content=\"index, follow, max-snippet:-1, max-image-preview:large, max-video-preview:-1\" \/>\n<link rel=\"canonical\" href=\"https:\/\/www.crea.gov.co\/crea-cantarrana\/llega-nuestro-ultimo-crea-en-movimiento-animate-y-acompananos\/\" \/>\n<meta property=\"og:locale\" content=\"es_ES\" \/>\n<meta property=\"og:type\" content=\"article\" \/>\n<meta property=\"og:title\" content=\"\u00a1LLEGA NUESTRO \u00daLTIMO CREA EN MOVIMIENTO AN\u00cdMATE Y ACOMPA\u00d1ANOS! - Crea Cantarrana\" \/>\n<meta property=\"og:description\" content=\"5 de octubre en el Teatro Villa Mayor, participaran en una programaci\u00f3n diversa que va desde clases abiertas y talleres hasta grandes muestras art\u00edsticas. El evento buscara ofrecer diferentes experiencias en torno las m\u00faltiples maneras de narrar y leer el mundo, inspirados en los espacios y relaci\u00f3n con el teatro villamayor, tendremos muestras esc\u00e9nicas, exposiciones [&hellip;]\" \/>\n<meta property=\"og:url\" content=\"https:\/\/www.crea.gov.co\/crea-cantarrana\/llega-nuestro-ultimo-crea-en-movimiento-animate-y-acompananos\/\" \/>\n<meta property=\"og:site_name\" content=\"Crea Cantarrana\" \/>\n<meta property=\"article:published_time\" content=\"2024-10-04T17:17:08+00:00\" \/>\n<meta property=\"article:modified_time\" content=\"2024-10-04T17:18:41+00:00\" \/>\n<meta property=\"og:image\" content=\"https:\/\/www.crea.gov.co\/crea-cantarrana\/wp-content\/uploads\/sites\/17\/2024\/10\/WhatsApp-Image-2024-10-01-at-11.37.41-AM.jpeg\" \/>\n\t<meta property=\"og:image:width\" content=\"1280\" \/>\n\t<meta property=\"og:image:height\" content=\"1600\" \/>\n\t<meta property=\"og:image:type\" content=\"image\/jpeg\" \/>\n<meta name=\"author\" content=\"andreabuitrago\" \/>\n<meta name=\"twitter:card\" content=\"summary_large_image\" \/>\n<meta name=\"twitter:label1\" content=\"Escrito por\" \/>\n\t<meta name=\"twitter:data1\" content=\"andreabuitrago\" \/>\n\t<meta name=\"twitter:label2\" content=\"Tiempo de lectura\" \/>\n\t<meta name=\"twitter:data2\" content=\"2 minutos\" \/>\n<script type=\"application\/ld+json\" class=\"yoast-schema-graph\">{\"@context\":\"https:\/\/schema.org\",\"@graph\":[{\"@type\":\"WebPage\",\"@id\":\"https:\/\/www.crea.gov.co\/crea-cantarrana\/llega-nuestro-ultimo-crea-en-movimiento-animate-y-acompananos\/\",\"url\":\"https:\/\/www.crea.gov.co\/crea-cantarrana\/llega-nuestro-ultimo-crea-en-movimiento-animate-y-acompananos\/\",\"name\":\"\u00a1LLEGA NUESTRO \u00daLTIMO CREA EN MOVIMIENTO AN\u00cdMATE Y ACOMPA\u00d1ANOS! - Crea Cantarrana\",\"isPartOf\":{\"@id\":\"https:\/\/www.crea.gov.co\/crea-cantarrana\/#website\"},\"primaryImageOfPage\":{\"@id\":\"https:\/\/www.crea.gov.co\/crea-cantarrana\/llega-nuestro-ultimo-crea-en-movimiento-animate-y-acompananos\/#primaryimage\"},\"image\":{\"@id\":\"https:\/\/www.crea.gov.co\/crea-cantarrana\/llega-nuestro-ultimo-crea-en-movimiento-animate-y-acompananos\/#primaryimage\"},\"thumbnailUrl\":\"https:\/\/www.crea.gov.co\/crea-cantarrana\/wp-content\/uploads\/sites\/17\/2024\/10\/WhatsApp-Image-2024-10-01-at-11.37.41-AM.jpeg\",\"datePublished\":\"2024-10-04T17:17:08+00:00\",\"dateModified\":\"2024-10-04T17:18:41+00:00\",\"author\":{\"@id\":\"https:\/\/www.crea.gov.co\/crea-cantarrana\/#\/schema\/person\/cd88a2bb5a059a97b34a2c9b19a9ec08\"},\"breadcrumb\":{\"@id\":\"https:\/\/www.crea.gov.co\/crea-cantarrana\/llega-nuestro-ultimo-crea-en-movimiento-animate-y-acompananos\/#breadcrumb\"},\"inLanguage\":\"es-CO\",\"potentialAction\":[{\"@type\":\"ReadAction\",\"target\":[\"https:\/\/www.crea.gov.co\/crea-cantarrana\/llega-nuestro-ultimo-crea-en-movimiento-animate-y-acompananos\/\"]}]},{\"@type\":\"ImageObject\",\"inLanguage\":\"es-CO\",\"@id\":\"https:\/\/www.crea.gov.co\/crea-cantarrana\/llega-nuestro-ultimo-crea-en-movimiento-animate-y-acompananos\/#primaryimage\",\"url\":\"https:\/\/www.crea.gov.co\/crea-cantarrana\/wp-content\/uploads\/sites\/17\/2024\/10\/WhatsApp-Image-2024-10-01-at-11.37.41-AM.jpeg\",\"contentUrl\":\"https:\/\/www.crea.gov.co\/crea-cantarrana\/wp-content\/uploads\/sites\/17\/2024\/10\/WhatsApp-Image-2024-10-01-at-11.37.41-AM.jpeg\",\"width\":1280,\"height\":1600},{\"@type\":\"BreadcrumbList\",\"@id\":\"https:\/\/www.crea.gov.co\/crea-cantarrana\/llega-nuestro-ultimo-crea-en-movimiento-animate-y-acompananos\/#breadcrumb\",\"itemListElement\":[{\"@type\":\"ListItem\",\"position\":1,\"name\":\"Home\",\"item\":\"https:\/\/www.crea.gov.co\/crea-cantarrana\/\"},{\"@type\":\"ListItem\",\"position\":2,\"name\":\"\u00a1LLEGA NUESTRO \u00daLTIMO CREA EN MOVIMIENTO AN\u00cdMATE Y ACOMPA\u00d1ANOS!\"}]},{\"@type\":\"WebSite\",\"@id\":\"https:\/\/www.crea.gov.co\/crea-cantarrana\/#website\",\"url\":\"https:\/\/www.crea.gov.co\/crea-cantarrana\/\",\"name\":\"Crea Cantarrana\",\"description\":\"En el sur de Bogot\u00e1, el campo y la ciudad dialogan. La tradici\u00f3n campesina y la creatividad urbana se encuentran bajo un domo que invita a ver el arte desde nuevas perspectivas. Es un espacio donde la comunidad transforma su d\u00eda a d\u00eda en historias, m\u00fasica y color, y donde la memoria rural se reinventa a cada paso.\",\"potentialAction\":[{\"@type\":\"SearchAction\",\"target\":{\"@type\":\"EntryPoint\",\"urlTemplate\":\"https:\/\/www.crea.gov.co\/crea-cantarrana\/?s={search_term_string}\"},\"query-input\":{\"@type\":\"PropertyValueSpecification\",\"valueRequired\":true,\"valueName\":\"search_term_string\"}}],\"inLanguage\":\"es-CO\"},{\"@type\":\"Person\",\"@id\":\"https:\/\/www.crea.gov.co\/crea-cantarrana\/#\/schema\/person\/cd88a2bb5a059a97b34a2c9b19a9ec08\",\"name\":\"andreabuitrago\",\"image\":{\"@type\":\"ImageObject\",\"inLanguage\":\"es-CO\",\"@id\":\"https:\/\/www.crea.gov.co\/crea-cantarrana\/#\/schema\/person\/image\/\",\"url\":\"https:\/\/secure.gravatar.com\/avatar\/e6b54eb2c91227e6015338d3251762db?s=96&d=mm&r=g\",\"contentUrl\":\"https:\/\/secure.gravatar.com\/avatar\/e6b54eb2c91227e6015338d3251762db?s=96&d=mm&r=g\",\"caption\":\"andreabuitrago\"},\"url\":\"https:\/\/www.crea.gov.co\/crea-cantarrana\/author\/andreabuitrago\/\"}]}<\/script>\n<!-- \/ Yoast SEO plugin. -->","yoast_head_json":{"title":"\u00a1LLEGA NUESTRO \u00daLTIMO CREA EN MOVIMIENTO AN\u00cdMATE Y ACOMPA\u00d1ANOS! - Crea Cantarrana","robots":{"index":"index","follow":"follow","max-snippet":"max-snippet:-1","max-image-preview":"max-image-preview:large","max-video-preview":"max-video-preview:-1"},"canonical":"https:\/\/www.crea.gov.co\/crea-cantarrana\/llega-nuestro-ultimo-crea-en-movimiento-animate-y-acompananos\/","og_locale":"es_ES","og_type":"article","og_title":"\u00a1LLEGA NUESTRO \u00daLTIMO CREA EN MOVIMIENTO AN\u00cdMATE Y ACOMPA\u00d1ANOS! - Crea Cantarrana","og_description":"5 de octubre en el Teatro Villa Mayor, participaran en una programaci\u00f3n diversa que va desde clases abiertas y talleres hasta grandes muestras art\u00edsticas. El evento buscara ofrecer diferentes experiencias en torno las m\u00faltiples maneras de narrar y leer el mundo, inspirados en los espacios y relaci\u00f3n con el teatro villamayor, tendremos muestras esc\u00e9nicas, exposiciones [&hellip;]","og_url":"https:\/\/www.crea.gov.co\/crea-cantarrana\/llega-nuestro-ultimo-crea-en-movimiento-animate-y-acompananos\/","og_site_name":"Crea Cantarrana","article_published_time":"2024-10-04T17:17:08+00:00","article_modified_time":"2024-10-04T17:18:41+00:00","og_image":[{"width":1280,"height":1600,"url":"https:\/\/www.crea.gov.co\/crea-cantarrana\/wp-content\/uploads\/sites\/17\/2024\/10\/WhatsApp-Image-2024-10-01-at-11.37.41-AM.jpeg","type":"image\/jpeg"}],"author":"andreabuitrago","twitter_card":"summary_large_image","twitter_misc":{"Escrito por":"andreabuitrago","Tiempo de lectura":"2 minutos"},"schema":{"@context":"https:\/\/schema.org","@graph":[{"@type":"WebPage","@id":"https:\/\/www.crea.gov.co\/crea-cantarrana\/llega-nuestro-ultimo-crea-en-movimiento-animate-y-acompananos\/","url":"https:\/\/www.crea.gov.co\/crea-cantarrana\/llega-nuestro-ultimo-crea-en-movimiento-animate-y-acompananos\/","name":"\u00a1LLEGA NUESTRO \u00daLTIMO CREA EN MOVIMIENTO AN\u00cdMATE Y ACOMPA\u00d1ANOS! - Crea Cantarrana","isPartOf":{"@id":"https:\/\/www.crea.gov.co\/crea-cantarrana\/#website"},"primaryImageOfPage":{"@id":"https:\/\/www.crea.gov.co\/crea-cantarrana\/llega-nuestro-ultimo-crea-en-movimiento-animate-y-acompananos\/#primaryimage"},"image":{"@id":"https:\/\/www.crea.gov.co\/crea-cantarrana\/llega-nuestro-ultimo-crea-en-movimiento-animate-y-acompananos\/#primaryimage"},"thumbnailUrl":"https:\/\/www.crea.gov.co\/crea-cantarrana\/wp-content\/uploads\/sites\/17\/2024\/10\/WhatsApp-Image-2024-10-01-at-11.37.41-AM.jpeg","datePublished":"2024-10-04T17:17:08+00:00","dateModified":"2024-10-04T17:18:41+00:00","author":{"@id":"https:\/\/www.crea.gov.co\/crea-cantarrana\/#\/schema\/person\/cd88a2bb5a059a97b34a2c9b19a9ec08"},"breadcrumb":{"@id":"https:\/\/www.crea.gov.co\/crea-cantarrana\/llega-nuestro-ultimo-crea-en-movimiento-animate-y-acompananos\/#breadcrumb"},"inLanguage":"es-CO","potentialAction":[{"@type":"ReadAction","target":["https:\/\/www.crea.gov.co\/crea-cantarrana\/llega-nuestro-ultimo-crea-en-movimiento-animate-y-acompananos\/"]}]},{"@type":"ImageObject","inLanguage":"es-CO","@id":"https:\/\/www.crea.gov.co\/crea-cantarrana\/llega-nuestro-ultimo-crea-en-movimiento-animate-y-acompananos\/#primaryimage","url":"https:\/\/www.crea.gov.co\/crea-cantarrana\/wp-content\/uploads\/sites\/17\/2024\/10\/WhatsApp-Image-2024-10-01-at-11.37.41-AM.jpeg","contentUrl":"https:\/\/www.crea.gov.co\/crea-cantarrana\/wp-content\/uploads\/sites\/17\/2024\/10\/WhatsApp-Image-2024-10-01-at-11.37.41-AM.jpeg","width":1280,"height":1600},{"@type":"BreadcrumbList","@id":"https:\/\/www.crea.gov.co\/crea-cantarrana\/llega-nuestro-ultimo-crea-en-movimiento-animate-y-acompananos\/#breadcrumb","itemListElement":[{"@type":"ListItem","position":1,"name":"Home","item":"https:\/\/www.crea.gov.co\/crea-cantarrana\/"},{"@type":"ListItem","position":2,"name":"\u00a1LLEGA NUESTRO \u00daLTIMO CREA EN MOVIMIENTO AN\u00cdMATE Y ACOMPA\u00d1ANOS!"}]},{"@type":"WebSite","@id":"https:\/\/www.crea.gov.co\/crea-cantarrana\/#website","url":"https:\/\/www.crea.gov.co\/crea-cantarrana\/","name":"Crea Cantarrana","description":"En el sur de Bogot\u00e1, el campo y la ciudad dialogan. La tradici\u00f3n campesina y la creatividad urbana se encuentran bajo un domo que invita a ver el arte desde nuevas perspectivas. Es un espacio donde la comunidad transforma su d\u00eda a d\u00eda en historias, m\u00fasica y color, y donde la memoria rural se reinventa a cada paso.","potentialAction":[{"@type":"SearchAction","target":{"@type":"EntryPoint","urlTemplate":"https:\/\/www.crea.gov.co\/crea-cantarrana\/?s={search_term_string}"},"query-input":{"@type":"PropertyValueSpecification","valueRequired":true,"valueName":"search_term_string"}}],"inLanguage":"es-CO"},{"@type":"Person","@id":"https:\/\/www.crea.gov.co\/crea-cantarrana\/#\/schema\/person\/cd88a2bb5a059a97b34a2c9b19a9ec08","name":"andreabuitrago","image":{"@type":"ImageObject","inLanguage":"es-CO","@id":"https:\/\/www.crea.gov.co\/crea-cantarrana\/#\/schema\/person\/image\/","url":"https:\/\/secure.gravatar.com\/avatar\/e6b54eb2c91227e6015338d3251762db?s=96&d=mm&r=g","contentUrl":"https:\/\/secure.gravatar.com\/avatar\/e6b54eb2c91227e6015338d3251762db?s=96&d=mm&r=g","caption":"andreabuitrago"},"url":"https:\/\/www.crea.gov.co\/crea-cantarrana\/author\/andreabuitrago\/"}]}},"_links":{"self":[{"href":"https:\/\/www.crea.gov.co\/crea-cantarrana\/wp-json\/wp\/v2\/posts\/980","targetHints":{"allow":["GET"]}}],"collection":[{"href":"https:\/\/www.crea.gov.co\/crea-cantarrana\/wp-json\/wp\/v2\/posts"}],"about":[{"href":"https:\/\/www.crea.gov.co\/crea-cantarrana\/wp-json\/wp\/v2\/types\/post"}],"author":[{"embeddable":true,"href":"https:\/\/www.crea.gov.co\/crea-cantarrana\/wp-json\/wp\/v2\/users\/52"}],"replies":[{"embeddable":true,"href":"https:\/\/www.crea.gov.co\/crea-cantarrana\/wp-json\/wp\/v2\/comments?post=980"}],"version-history":[{"count":3,"href":"https:\/\/www.crea.gov.co\/crea-cantarrana\/wp-json\/wp\/v2\/posts\/980\/revisions"}],"predecessor-version":[{"id":988,"href":"https:\/\/www.crea.gov.co\/crea-cantarrana\/wp-json\/wp\/v2\/posts\/980\/revisions\/988"}],"wp:featuredmedia":[{"embeddable":true,"href":"https:\/\/www.crea.gov.co\/crea-cantarrana\/wp-json\/wp\/v2\/media\/983"}],"wp:attachment":[{"href":"https:\/\/www.crea.gov.co\/crea-cantarrana\/wp-json\/wp\/v2\/media?parent=980"}],"wp:term":[{"taxonomy":"category","embeddable":true,"href":"https:\/\/www.crea.gov.co\/crea-cantarrana\/wp-json\/wp\/v2\/categories?post=980"},{"taxonomy":"post_tag","embeddable":true,"href":"https:\/\/www.crea.gov.co\/crea-cantarrana\/wp-json\/wp\/v2\/tags?post=980"}],"curies":[{"name":"wp","href":"https:\/\/api.w.org\/{rel}","templated":true}]}}