{"id":859,"date":"2024-05-09T21:05:27","date_gmt":"2024-05-09T21:05:27","guid":{"rendered":"https:\/\/www.crea.gov.co\/crea-cantarrana\/?p=859"},"modified":"2024-05-09T21:05:27","modified_gmt":"2024-05-09T21:05:27","slug":"un-soplo-de-aire-fresco-el-camino-de-tatiana-en-el-programa-crea-crea-cantarrana","status":"publish","type":"post","link":"https:\/\/www.crea.gov.co\/crea-cantarrana\/un-soplo-de-aire-fresco-el-camino-de-tatiana-en-el-programa-crea-crea-cantarrana\/","title":{"rendered":"Un soplo de aire fresco: el camino de Tatiana en el Programa Crea-crea Cantarrana"},"content":{"rendered":"\n<figure class=\"wp-block-gallery has-nested-images columns-default is-cropped wp-block-gallery-1 is-layout-flex wp-block-gallery-is-layout-flex\"><div class=\"wp-block-image\">\n<figure class=\"aligncenter size-large\"><img loading=\"lazy\" decoding=\"async\" width=\"1024\" height=\"768\" data-id=\"866\" src=\"https:\/\/www.crea.gov.co\/crea-cantarrana\/wp-content\/uploads\/sites\/17\/2024\/05\/image_6483441-2.jpg\" alt=\"\" class=\"wp-image-866\" srcset=\"https:\/\/www.crea.gov.co\/crea-cantarrana\/wp-content\/uploads\/sites\/17\/2024\/05\/image_6483441-2.jpg 1024w, https:\/\/www.crea.gov.co\/crea-cantarrana\/wp-content\/uploads\/sites\/17\/2024\/05\/image_6483441-2-300x225.jpg 300w, https:\/\/www.crea.gov.co\/crea-cantarrana\/wp-content\/uploads\/sites\/17\/2024\/05\/image_6483441-2-768x576.jpg 768w\" sizes=\"auto, (max-width: 1024px) 100vw, 1024px\" \/><\/figure><\/div><\/figure>\n\n\n\n<p>En el vasto universo de talleres de formaci\u00f3n art\u00edstica del&nbsp;<strong><a href=\"https:\/\/www.crea.gov.co\/\" target=\"_blank\" rel=\"noreferrer noopener\">Programa Crea<\/a><\/strong>, donde la creatividad y la expresi\u00f3n se entrelazan, Tatiana hall\u00f3 mucho m\u00e1s que un espacio para desarrollar sus habilidades. Su camino en el programa, no solo ha sido refugio creativo, sino un descubrimiento continuo de libertad y aprendizaje.<\/p>\n\n\n\n<p>Para Tatiana, quien ahora forma parte del colectivo audiovisual Maqalka del Crea Cantarrana, la decisi\u00f3n de unirse a este programa fue una b\u00fasqueda activa de nuevas experiencias.&nbsp; \u201cEntr\u00e9 a la Universidad y no me gustaba mucho mi carrera, y yo dec\u00eda: \u2018tengo que hacer otra cosa porque esto me va a ahogar\u2019\u201d, comparte Tatiana.<\/p>\n\n\n\n<p>Los cortometrajes realizados por el colectivo Maqalka del Crea Cantarrana, tuvieron la oportunidad de ser presentados en la Feria Internacional del Libro de Bogot\u00e1,FILBo. \u201cFue una experiencia incre\u00edble ver nuestro trabajo en un escenario tan importante\u201d, afirma Tatiana con emoci\u00f3n. Este evento no solo resalt\u00f3 el talento y la creatividad de los participantes del\u00a0<strong><a href=\"https:\/\/www.crea.gov.co\/\" target=\"_blank\" rel=\"noreferrer noopener\">Programa Crea<\/a><\/strong>, sino que tambi\u00e9n demostr\u00f3 el impacto positivo que el arte puede tener en la sociedad.<\/p>\n\n\n\n<figure class=\"wp-block-gallery has-nested-images columns-default is-cropped wp-block-gallery-2 is-layout-flex wp-block-gallery-is-layout-flex\">\n<figure class=\"wp-block-image size-large\"><img loading=\"lazy\" decoding=\"async\" width=\"1024\" height=\"768\" data-id=\"869\" src=\"https:\/\/www.crea.gov.co\/crea-cantarrana\/wp-content\/uploads\/sites\/17\/2024\/05\/image_6487327-3-1024x768.jpg\" alt=\"\" class=\"wp-image-869\" srcset=\"https:\/\/www.crea.gov.co\/crea-cantarrana\/wp-content\/uploads\/sites\/17\/2024\/05\/image_6487327-3-1024x768.jpg 1024w, https:\/\/www.crea.gov.co\/crea-cantarrana\/wp-content\/uploads\/sites\/17\/2024\/05\/image_6487327-3-300x225.jpg 300w, https:\/\/www.crea.gov.co\/crea-cantarrana\/wp-content\/uploads\/sites\/17\/2024\/05\/image_6487327-3-768x576.jpg 768w, https:\/\/www.crea.gov.co\/crea-cantarrana\/wp-content\/uploads\/sites\/17\/2024\/05\/image_6487327-3-1536x1152.jpg 1536w, https:\/\/www.crea.gov.co\/crea-cantarrana\/wp-content\/uploads\/sites\/17\/2024\/05\/image_6487327-3-2048x1536.jpg 2048w\" sizes=\"auto, (max-width: 1024px) 100vw, 1024px\" \/><\/figure>\n\n\n\n<figure class=\"wp-block-image size-large\"><img loading=\"lazy\" decoding=\"async\" width=\"1024\" height=\"768\" data-id=\"871\" src=\"https:\/\/www.crea.gov.co\/crea-cantarrana\/wp-content\/uploads\/sites\/17\/2024\/05\/image_6487327-2-1-1024x768.jpg\" alt=\"\" class=\"wp-image-871\" srcset=\"https:\/\/www.crea.gov.co\/crea-cantarrana\/wp-content\/uploads\/sites\/17\/2024\/05\/image_6487327-2-1-1024x768.jpg 1024w, https:\/\/www.crea.gov.co\/crea-cantarrana\/wp-content\/uploads\/sites\/17\/2024\/05\/image_6487327-2-1-300x225.jpg 300w, https:\/\/www.crea.gov.co\/crea-cantarrana\/wp-content\/uploads\/sites\/17\/2024\/05\/image_6487327-2-1-768x576.jpg 768w, https:\/\/www.crea.gov.co\/crea-cantarrana\/wp-content\/uploads\/sites\/17\/2024\/05\/image_6487327-2-1-1536x1152.jpg 1536w, https:\/\/www.crea.gov.co\/crea-cantarrana\/wp-content\/uploads\/sites\/17\/2024\/05\/image_6487327-2-1-2048x1536.jpg 2048w\" sizes=\"auto, (max-width: 1024px) 100vw, 1024px\" \/><\/figure>\n\n\n\n<figure class=\"wp-block-image size-large\"><img loading=\"lazy\" decoding=\"async\" width=\"1024\" height=\"768\" data-id=\"870\" src=\"https:\/\/www.crea.gov.co\/crea-cantarrana\/wp-content\/uploads\/sites\/17\/2024\/05\/image_6487327-1-1-1024x768.jpg\" alt=\"\" class=\"wp-image-870\" srcset=\"https:\/\/www.crea.gov.co\/crea-cantarrana\/wp-content\/uploads\/sites\/17\/2024\/05\/image_6487327-1-1-1024x768.jpg 1024w, https:\/\/www.crea.gov.co\/crea-cantarrana\/wp-content\/uploads\/sites\/17\/2024\/05\/image_6487327-1-1-300x225.jpg 300w, https:\/\/www.crea.gov.co\/crea-cantarrana\/wp-content\/uploads\/sites\/17\/2024\/05\/image_6487327-1-1-768x576.jpg 768w, https:\/\/www.crea.gov.co\/crea-cantarrana\/wp-content\/uploads\/sites\/17\/2024\/05\/image_6487327-1-1-1536x1152.jpg 1536w, https:\/\/www.crea.gov.co\/crea-cantarrana\/wp-content\/uploads\/sites\/17\/2024\/05\/image_6487327-1-1-2048x1536.jpg 2048w\" sizes=\"auto, (max-width: 1024px) 100vw, 1024px\" \/><\/figure>\n\n\n\n<figure class=\"wp-block-image size-large\"><img loading=\"lazy\" decoding=\"async\" width=\"1024\" height=\"768\" data-id=\"867\" src=\"https:\/\/www.crea.gov.co\/crea-cantarrana\/wp-content\/uploads\/sites\/17\/2024\/05\/image_6483441-1-1.jpg\" alt=\"\" class=\"wp-image-867\" srcset=\"https:\/\/www.crea.gov.co\/crea-cantarrana\/wp-content\/uploads\/sites\/17\/2024\/05\/image_6483441-1-1.jpg 1024w, https:\/\/www.crea.gov.co\/crea-cantarrana\/wp-content\/uploads\/sites\/17\/2024\/05\/image_6483441-1-1-300x225.jpg 300w, https:\/\/www.crea.gov.co\/crea-cantarrana\/wp-content\/uploads\/sites\/17\/2024\/05\/image_6483441-1-1-768x576.jpg 768w\" sizes=\"auto, (max-width: 1024px) 100vw, 1024px\" \/><\/figure>\n<\/figure>\n","protected":false},"excerpt":{"rendered":"<p>En el vasto universo de talleres de formaci\u00f3n art\u00edstica del&nbsp;Programa Crea, donde la creatividad y la expresi\u00f3n se entrelazan, Tatiana hall\u00f3 mucho m\u00e1s que un espacio para desarrollar sus habilidades. Su camino en el programa, no solo ha sido refugio creativo, sino un descubrimiento continuo de libertad y aprendizaje. Para Tatiana, quien ahora forma parte [&hellip;]<\/p>\n","protected":false},"author":52,"featured_media":866,"comment_status":"open","ping_status":"open","sticky":false,"template":"","format":"standard","meta":{"footnotes":""},"categories":[1],"tags":[],"class_list":["post-859","post","type-post","status-publish","format-standard","has-post-thumbnail","hentry","category-sin-categoria"],"yoast_head":"<!-- This site is optimized with the Yoast SEO plugin v24.5 - https:\/\/yoast.com\/wordpress\/plugins\/seo\/ -->\n<title>Un soplo de aire fresco: el camino de Tatiana en el Programa Crea-crea Cantarrana - Crea Cantarrana<\/title>\n<meta name=\"robots\" content=\"index, follow, max-snippet:-1, max-image-preview:large, max-video-preview:-1\" \/>\n<link rel=\"canonical\" href=\"https:\/\/www.crea.gov.co\/crea-cantarrana\/un-soplo-de-aire-fresco-el-camino-de-tatiana-en-el-programa-crea-crea-cantarrana\/\" \/>\n<meta property=\"og:locale\" content=\"es_ES\" \/>\n<meta property=\"og:type\" content=\"article\" \/>\n<meta property=\"og:title\" content=\"Un soplo de aire fresco: el camino de Tatiana en el Programa Crea-crea Cantarrana - Crea Cantarrana\" \/>\n<meta property=\"og:description\" content=\"En el vasto universo de talleres de formaci\u00f3n art\u00edstica del&nbsp;Programa Crea, donde la creatividad y la expresi\u00f3n se entrelazan, Tatiana hall\u00f3 mucho m\u00e1s que un espacio para desarrollar sus habilidades. Su camino en el programa, no solo ha sido refugio creativo, sino un descubrimiento continuo de libertad y aprendizaje. Para Tatiana, quien ahora forma parte [&hellip;]\" \/>\n<meta property=\"og:url\" content=\"https:\/\/www.crea.gov.co\/crea-cantarrana\/un-soplo-de-aire-fresco-el-camino-de-tatiana-en-el-programa-crea-crea-cantarrana\/\" \/>\n<meta property=\"og:site_name\" content=\"Crea Cantarrana\" \/>\n<meta property=\"article:published_time\" content=\"2024-05-09T21:05:27+00:00\" \/>\n<meta property=\"og:image\" content=\"https:\/\/www.crea.gov.co\/crea-cantarrana\/wp-content\/uploads\/sites\/17\/2024\/05\/image_6483441-2.jpg\" \/>\n\t<meta property=\"og:image:width\" content=\"1024\" \/>\n\t<meta property=\"og:image:height\" content=\"768\" \/>\n\t<meta property=\"og:image:type\" content=\"image\/jpeg\" \/>\n<meta name=\"author\" content=\"andreabuitrago\" \/>\n<meta name=\"twitter:card\" content=\"summary_large_image\" \/>\n<meta name=\"twitter:label1\" content=\"Escrito por\" \/>\n\t<meta name=\"twitter:data1\" content=\"andreabuitrago\" \/>\n\t<meta name=\"twitter:label2\" content=\"Tiempo de lectura\" \/>\n\t<meta name=\"twitter:data2\" content=\"3 minutos\" \/>\n<script type=\"application\/ld+json\" class=\"yoast-schema-graph\">{\"@context\":\"https:\/\/schema.org\",\"@graph\":[{\"@type\":\"WebPage\",\"@id\":\"https:\/\/www.crea.gov.co\/crea-cantarrana\/un-soplo-de-aire-fresco-el-camino-de-tatiana-en-el-programa-crea-crea-cantarrana\/\",\"url\":\"https:\/\/www.crea.gov.co\/crea-cantarrana\/un-soplo-de-aire-fresco-el-camino-de-tatiana-en-el-programa-crea-crea-cantarrana\/\",\"name\":\"Un soplo de aire fresco: el camino de Tatiana en el Programa Crea-crea Cantarrana - Crea Cantarrana\",\"isPartOf\":{\"@id\":\"https:\/\/www.crea.gov.co\/crea-cantarrana\/#website\"},\"primaryImageOfPage\":{\"@id\":\"https:\/\/www.crea.gov.co\/crea-cantarrana\/un-soplo-de-aire-fresco-el-camino-de-tatiana-en-el-programa-crea-crea-cantarrana\/#primaryimage\"},\"image\":{\"@id\":\"https:\/\/www.crea.gov.co\/crea-cantarrana\/un-soplo-de-aire-fresco-el-camino-de-tatiana-en-el-programa-crea-crea-cantarrana\/#primaryimage\"},\"thumbnailUrl\":\"https:\/\/www.crea.gov.co\/crea-cantarrana\/wp-content\/uploads\/sites\/17\/2024\/05\/image_6483441-2.jpg\",\"datePublished\":\"2024-05-09T21:05:27+00:00\",\"author\":{\"@id\":\"https:\/\/www.crea.gov.co\/crea-cantarrana\/#\/schema\/person\/cd88a2bb5a059a97b34a2c9b19a9ec08\"},\"breadcrumb\":{\"@id\":\"https:\/\/www.crea.gov.co\/crea-cantarrana\/un-soplo-de-aire-fresco-el-camino-de-tatiana-en-el-programa-crea-crea-cantarrana\/#breadcrumb\"},\"inLanguage\":\"es-CO\",\"potentialAction\":[{\"@type\":\"ReadAction\",\"target\":[\"https:\/\/www.crea.gov.co\/crea-cantarrana\/un-soplo-de-aire-fresco-el-camino-de-tatiana-en-el-programa-crea-crea-cantarrana\/\"]}]},{\"@type\":\"ImageObject\",\"inLanguage\":\"es-CO\",\"@id\":\"https:\/\/www.crea.gov.co\/crea-cantarrana\/un-soplo-de-aire-fresco-el-camino-de-tatiana-en-el-programa-crea-crea-cantarrana\/#primaryimage\",\"url\":\"https:\/\/www.crea.gov.co\/crea-cantarrana\/wp-content\/uploads\/sites\/17\/2024\/05\/image_6483441-2.jpg\",\"contentUrl\":\"https:\/\/www.crea.gov.co\/crea-cantarrana\/wp-content\/uploads\/sites\/17\/2024\/05\/image_6483441-2.jpg\",\"width\":1024,\"height\":768},{\"@type\":\"BreadcrumbList\",\"@id\":\"https:\/\/www.crea.gov.co\/crea-cantarrana\/un-soplo-de-aire-fresco-el-camino-de-tatiana-en-el-programa-crea-crea-cantarrana\/#breadcrumb\",\"itemListElement\":[{\"@type\":\"ListItem\",\"position\":1,\"name\":\"Home\",\"item\":\"https:\/\/www.crea.gov.co\/crea-cantarrana\/\"},{\"@type\":\"ListItem\",\"position\":2,\"name\":\"Un soplo de aire fresco: el camino de Tatiana en el Programa Crea-crea Cantarrana\"}]},{\"@type\":\"WebSite\",\"@id\":\"https:\/\/www.crea.gov.co\/crea-cantarrana\/#website\",\"url\":\"https:\/\/www.crea.gov.co\/crea-cantarrana\/\",\"name\":\"Crea Cantarrana\",\"description\":\"En el sur de Bogot\u00e1, el campo y la ciudad dialogan. La tradici\u00f3n campesina y la creatividad urbana se encuentran bajo un domo que invita a ver el arte desde nuevas perspectivas. Es un espacio donde la comunidad transforma su d\u00eda a d\u00eda en historias, m\u00fasica y color, y donde la memoria rural se reinventa a cada paso.\",\"potentialAction\":[{\"@type\":\"SearchAction\",\"target\":{\"@type\":\"EntryPoint\",\"urlTemplate\":\"https:\/\/www.crea.gov.co\/crea-cantarrana\/?s={search_term_string}\"},\"query-input\":{\"@type\":\"PropertyValueSpecification\",\"valueRequired\":true,\"valueName\":\"search_term_string\"}}],\"inLanguage\":\"es-CO\"},{\"@type\":\"Person\",\"@id\":\"https:\/\/www.crea.gov.co\/crea-cantarrana\/#\/schema\/person\/cd88a2bb5a059a97b34a2c9b19a9ec08\",\"name\":\"andreabuitrago\",\"image\":{\"@type\":\"ImageObject\",\"inLanguage\":\"es-CO\",\"@id\":\"https:\/\/www.crea.gov.co\/crea-cantarrana\/#\/schema\/person\/image\/\",\"url\":\"https:\/\/secure.gravatar.com\/avatar\/e6b54eb2c91227e6015338d3251762db?s=96&d=mm&r=g\",\"contentUrl\":\"https:\/\/secure.gravatar.com\/avatar\/e6b54eb2c91227e6015338d3251762db?s=96&d=mm&r=g\",\"caption\":\"andreabuitrago\"},\"url\":\"https:\/\/www.crea.gov.co\/crea-cantarrana\/author\/andreabuitrago\/\"}]}<\/script>\n<!-- \/ Yoast SEO plugin. -->","yoast_head_json":{"title":"Un soplo de aire fresco: el camino de Tatiana en el Programa Crea-crea Cantarrana - Crea Cantarrana","robots":{"index":"index","follow":"follow","max-snippet":"max-snippet:-1","max-image-preview":"max-image-preview:large","max-video-preview":"max-video-preview:-1"},"canonical":"https:\/\/www.crea.gov.co\/crea-cantarrana\/un-soplo-de-aire-fresco-el-camino-de-tatiana-en-el-programa-crea-crea-cantarrana\/","og_locale":"es_ES","og_type":"article","og_title":"Un soplo de aire fresco: el camino de Tatiana en el Programa Crea-crea Cantarrana - Crea Cantarrana","og_description":"En el vasto universo de talleres de formaci\u00f3n art\u00edstica del&nbsp;Programa Crea, donde la creatividad y la expresi\u00f3n se entrelazan, Tatiana hall\u00f3 mucho m\u00e1s que un espacio para desarrollar sus habilidades. Su camino en el programa, no solo ha sido refugio creativo, sino un descubrimiento continuo de libertad y aprendizaje. Para Tatiana, quien ahora forma parte [&hellip;]","og_url":"https:\/\/www.crea.gov.co\/crea-cantarrana\/un-soplo-de-aire-fresco-el-camino-de-tatiana-en-el-programa-crea-crea-cantarrana\/","og_site_name":"Crea Cantarrana","article_published_time":"2024-05-09T21:05:27+00:00","og_image":[{"width":1024,"height":768,"url":"https:\/\/www.crea.gov.co\/crea-cantarrana\/wp-content\/uploads\/sites\/17\/2024\/05\/image_6483441-2.jpg","type":"image\/jpeg"}],"author":"andreabuitrago","twitter_card":"summary_large_image","twitter_misc":{"Escrito por":"andreabuitrago","Tiempo de lectura":"3 minutos"},"schema":{"@context":"https:\/\/schema.org","@graph":[{"@type":"WebPage","@id":"https:\/\/www.crea.gov.co\/crea-cantarrana\/un-soplo-de-aire-fresco-el-camino-de-tatiana-en-el-programa-crea-crea-cantarrana\/","url":"https:\/\/www.crea.gov.co\/crea-cantarrana\/un-soplo-de-aire-fresco-el-camino-de-tatiana-en-el-programa-crea-crea-cantarrana\/","name":"Un soplo de aire fresco: el camino de Tatiana en el Programa Crea-crea Cantarrana - Crea Cantarrana","isPartOf":{"@id":"https:\/\/www.crea.gov.co\/crea-cantarrana\/#website"},"primaryImageOfPage":{"@id":"https:\/\/www.crea.gov.co\/crea-cantarrana\/un-soplo-de-aire-fresco-el-camino-de-tatiana-en-el-programa-crea-crea-cantarrana\/#primaryimage"},"image":{"@id":"https:\/\/www.crea.gov.co\/crea-cantarrana\/un-soplo-de-aire-fresco-el-camino-de-tatiana-en-el-programa-crea-crea-cantarrana\/#primaryimage"},"thumbnailUrl":"https:\/\/www.crea.gov.co\/crea-cantarrana\/wp-content\/uploads\/sites\/17\/2024\/05\/image_6483441-2.jpg","datePublished":"2024-05-09T21:05:27+00:00","author":{"@id":"https:\/\/www.crea.gov.co\/crea-cantarrana\/#\/schema\/person\/cd88a2bb5a059a97b34a2c9b19a9ec08"},"breadcrumb":{"@id":"https:\/\/www.crea.gov.co\/crea-cantarrana\/un-soplo-de-aire-fresco-el-camino-de-tatiana-en-el-programa-crea-crea-cantarrana\/#breadcrumb"},"inLanguage":"es-CO","potentialAction":[{"@type":"ReadAction","target":["https:\/\/www.crea.gov.co\/crea-cantarrana\/un-soplo-de-aire-fresco-el-camino-de-tatiana-en-el-programa-crea-crea-cantarrana\/"]}]},{"@type":"ImageObject","inLanguage":"es-CO","@id":"https:\/\/www.crea.gov.co\/crea-cantarrana\/un-soplo-de-aire-fresco-el-camino-de-tatiana-en-el-programa-crea-crea-cantarrana\/#primaryimage","url":"https:\/\/www.crea.gov.co\/crea-cantarrana\/wp-content\/uploads\/sites\/17\/2024\/05\/image_6483441-2.jpg","contentUrl":"https:\/\/www.crea.gov.co\/crea-cantarrana\/wp-content\/uploads\/sites\/17\/2024\/05\/image_6483441-2.jpg","width":1024,"height":768},{"@type":"BreadcrumbList","@id":"https:\/\/www.crea.gov.co\/crea-cantarrana\/un-soplo-de-aire-fresco-el-camino-de-tatiana-en-el-programa-crea-crea-cantarrana\/#breadcrumb","itemListElement":[{"@type":"ListItem","position":1,"name":"Home","item":"https:\/\/www.crea.gov.co\/crea-cantarrana\/"},{"@type":"ListItem","position":2,"name":"Un soplo de aire fresco: el camino de Tatiana en el Programa Crea-crea Cantarrana"}]},{"@type":"WebSite","@id":"https:\/\/www.crea.gov.co\/crea-cantarrana\/#website","url":"https:\/\/www.crea.gov.co\/crea-cantarrana\/","name":"Crea Cantarrana","description":"En el sur de Bogot\u00e1, el campo y la ciudad dialogan. La tradici\u00f3n campesina y la creatividad urbana se encuentran bajo un domo que invita a ver el arte desde nuevas perspectivas. Es un espacio donde la comunidad transforma su d\u00eda a d\u00eda en historias, m\u00fasica y color, y donde la memoria rural se reinventa a cada paso.","potentialAction":[{"@type":"SearchAction","target":{"@type":"EntryPoint","urlTemplate":"https:\/\/www.crea.gov.co\/crea-cantarrana\/?s={search_term_string}"},"query-input":{"@type":"PropertyValueSpecification","valueRequired":true,"valueName":"search_term_string"}}],"inLanguage":"es-CO"},{"@type":"Person","@id":"https:\/\/www.crea.gov.co\/crea-cantarrana\/#\/schema\/person\/cd88a2bb5a059a97b34a2c9b19a9ec08","name":"andreabuitrago","image":{"@type":"ImageObject","inLanguage":"es-CO","@id":"https:\/\/www.crea.gov.co\/crea-cantarrana\/#\/schema\/person\/image\/","url":"https:\/\/secure.gravatar.com\/avatar\/e6b54eb2c91227e6015338d3251762db?s=96&d=mm&r=g","contentUrl":"https:\/\/secure.gravatar.com\/avatar\/e6b54eb2c91227e6015338d3251762db?s=96&d=mm&r=g","caption":"andreabuitrago"},"url":"https:\/\/www.crea.gov.co\/crea-cantarrana\/author\/andreabuitrago\/"}]}},"_links":{"self":[{"href":"https:\/\/www.crea.gov.co\/crea-cantarrana\/wp-json\/wp\/v2\/posts\/859","targetHints":{"allow":["GET"]}}],"collection":[{"href":"https:\/\/www.crea.gov.co\/crea-cantarrana\/wp-json\/wp\/v2\/posts"}],"about":[{"href":"https:\/\/www.crea.gov.co\/crea-cantarrana\/wp-json\/wp\/v2\/types\/post"}],"author":[{"embeddable":true,"href":"https:\/\/www.crea.gov.co\/crea-cantarrana\/wp-json\/wp\/v2\/users\/52"}],"replies":[{"embeddable":true,"href":"https:\/\/www.crea.gov.co\/crea-cantarrana\/wp-json\/wp\/v2\/comments?post=859"}],"version-history":[{"count":2,"href":"https:\/\/www.crea.gov.co\/crea-cantarrana\/wp-json\/wp\/v2\/posts\/859\/revisions"}],"predecessor-version":[{"id":872,"href":"https:\/\/www.crea.gov.co\/crea-cantarrana\/wp-json\/wp\/v2\/posts\/859\/revisions\/872"}],"wp:featuredmedia":[{"embeddable":true,"href":"https:\/\/www.crea.gov.co\/crea-cantarrana\/wp-json\/wp\/v2\/media\/866"}],"wp:attachment":[{"href":"https:\/\/www.crea.gov.co\/crea-cantarrana\/wp-json\/wp\/v2\/media?parent=859"}],"wp:term":[{"taxonomy":"category","embeddable":true,"href":"https:\/\/www.crea.gov.co\/crea-cantarrana\/wp-json\/wp\/v2\/categories?post=859"},{"taxonomy":"post_tag","embeddable":true,"href":"https:\/\/www.crea.gov.co\/crea-cantarrana\/wp-json\/wp\/v2\/tags?post=859"}],"curies":[{"name":"wp","href":"https:\/\/api.w.org\/{rel}","templated":true}]}}