{"id":802,"date":"2024-01-31T16:17:17","date_gmt":"2024-01-31T16:17:17","guid":{"rendered":"https:\/\/www.crea.gov.co\/crea-cantarrana\/?p=802"},"modified":"2024-01-31T16:17:18","modified_gmt":"2024-01-31T16:17:18","slug":"es-tiempo-de-volver-a-los-centros-de-formacion-artistica-de-la-ciudad-crea-cantarrana-abre-las-puertas","status":"publish","type":"post","link":"https:\/\/www.crea.gov.co\/crea-cantarrana\/es-tiempo-de-volver-a-los-centros-de-formacion-artistica-de-la-ciudad-crea-cantarrana-abre-las-puertas\/","title":{"rendered":"Es tiempo de volver a los Centros de formaci\u00f3n art\u00edstica de la ciudad, Crea Cantarrana abre las puertas!"},"content":{"rendered":"\n<p><em>Desde el 1 de febrero, las inscripciones estar\u00e1n disponibles en la p\u00e1gina web www.crea.gov.co, pero los interesados en los talleres de artes electr\u00f3nicas, m\u00fasica, danza, literatura, audiovisuales, artes pl\u00e1sticas y teatro podr\u00e1n acercarse desde ya a los centros de formaci\u00f3n para inscripciones presenciales. Los talleres iniciar\u00e1n el 5 de febrero.<\/em><\/p>\n\n\n\n<p>Los habitantes de Bogot\u00e1 tienen la oportunidad \u00fanica de explorar su creatividad y sumergirse en el fascinante universo de las artes. El&nbsp;<strong><a href=\"http:\/\/www.idartes.gov.co\/\">Programa Crea del Instituto Distrital de las Artes \u2013 Idartes<\/a><\/strong>&nbsp;ha anunciado la apertura de inscripciones para una amplia variedad de talleres de formaci\u00f3n art\u00edstica, abarcando las \u00e1reas de danza, m\u00fasica, teatro, artes pl\u00e1sticas, literatura, audiovisuales y artes electr\u00f3nicas.<\/p>\n\n\n\n<p>Las inscripciones est\u00e1n disponibles en los 20 Centros de Formaci\u00f3n Crea y los espacios de extensi\u00f3n distribuidos por las localidades de Bogot\u00e1. Desde talleres de artes pl\u00e1sticas para los m\u00e1s peque\u00f1os hasta grupos de experimentaci\u00f3n de t\u00e9cnicas mixtas para adultos, hay algo para todos.<\/p>\n\n\n\n<p>\u00bf<strong>Qui\u00e9nes pueden participar?&nbsp;<\/strong>\u00a1Todos! No hay l\u00edmite de edad, desde ni\u00f1os mayores de seis a\u00f1os hasta adultos con una pasi\u00f3n latente por las artes.<\/p>\n\n\n\n<p><strong>\u00bfCu\u00e1les son los horarios?<\/strong>&nbsp;La flexibilidad reina, ya que cada uno de los 20 centros Crea tiene su propia oferta de cursos y horarios. \u00a1Desc\u00fabrelos visitando www.crea.gov.co!<\/p>\n\n\n\n<p><strong>\u00bfD\u00f3nde y c\u00f3mo inscribirse?<\/strong>&nbsp;Es f\u00e1cil. Puedes visitar el Centro de Formaci\u00f3n Crea m\u00e1s cercano con una fotocopia de tu documento de identidad, un recibo de servicio p\u00fablico y carn\u00e9 de EPS o SISBEN. \u00a1O simplemente inscribirse en l\u00ednea \u2013 a partir del 1 de febrero \u2013 a trav\u00e9s de www.crea.gov.co!<\/p>\n\n\n\n<p>El\u00a0<strong><a href=\"http:\/\/www.crea.gov.co\/\">Programa Crea del Instituto Distrital de las Artes \u2013 Idartes\u00a0<\/a><\/strong>no solo ofrece talleres, sino que tambi\u00e9n genera procesos de transformaci\u00f3n social a trav\u00e9s de la formaci\u00f3n en artes, fortaleciendo y desarrollando capacidades art\u00edsticas para brindar mejores oportunidades de vida a todos los ciudadanos. \u00a1No se pierda la oportunidad de ser parte de esta experiencia \u00fanica en el mundo del arte en Bogot\u00e1 en 2024!<\/p>\n\n\n\n<p><\/p>\n\n\n\n<p><\/p>\n","protected":false},"excerpt":{"rendered":"<p>Desde el 1 de febrero, las inscripciones estar\u00e1n disponibles en la p\u00e1gina web www.crea.gov.co, pero los interesados en los talleres de artes electr\u00f3nicas, m\u00fasica, danza, literatura, audiovisuales, artes pl\u00e1sticas y teatro podr\u00e1n acercarse desde ya a los centros de formaci\u00f3n para inscripciones presenciales. Los talleres iniciar\u00e1n el 5 de febrero. Los habitantes de Bogot\u00e1 tienen [&hellip;]<\/p>\n","protected":false},"author":52,"featured_media":0,"comment_status":"open","ping_status":"open","sticky":false,"template":"","format":"standard","meta":{"footnotes":""},"categories":[1],"tags":[],"class_list":["post-802","post","type-post","status-publish","format-standard","hentry","category-sin-categoria"],"yoast_head":"<!-- This site is optimized with the Yoast SEO plugin v24.5 - https:\/\/yoast.com\/wordpress\/plugins\/seo\/ -->\n<title>Es tiempo de volver a los Centros de formaci\u00f3n art\u00edstica de la ciudad, Crea Cantarrana abre las puertas! - Crea Cantarrana<\/title>\n<meta name=\"robots\" content=\"index, follow, max-snippet:-1, max-image-preview:large, max-video-preview:-1\" \/>\n<link rel=\"canonical\" href=\"https:\/\/www.crea.gov.co\/crea-cantarrana\/es-tiempo-de-volver-a-los-centros-de-formacion-artistica-de-la-ciudad-crea-cantarrana-abre-las-puertas\/\" \/>\n<meta property=\"og:locale\" content=\"es_ES\" \/>\n<meta property=\"og:type\" content=\"article\" \/>\n<meta property=\"og:title\" content=\"Es tiempo de volver a los Centros de formaci\u00f3n art\u00edstica de la ciudad, Crea Cantarrana abre las puertas! - Crea Cantarrana\" \/>\n<meta property=\"og:description\" content=\"Desde el 1 de febrero, las inscripciones estar\u00e1n disponibles en la p\u00e1gina web www.crea.gov.co, pero los interesados en los talleres de artes electr\u00f3nicas, m\u00fasica, danza, literatura, audiovisuales, artes pl\u00e1sticas y teatro podr\u00e1n acercarse desde ya a los centros de formaci\u00f3n para inscripciones presenciales. Los talleres iniciar\u00e1n el 5 de febrero. Los habitantes de Bogot\u00e1 tienen [&hellip;]\" \/>\n<meta property=\"og:url\" content=\"https:\/\/www.crea.gov.co\/crea-cantarrana\/es-tiempo-de-volver-a-los-centros-de-formacion-artistica-de-la-ciudad-crea-cantarrana-abre-las-puertas\/\" \/>\n<meta property=\"og:site_name\" content=\"Crea Cantarrana\" \/>\n<meta property=\"article:published_time\" content=\"2024-01-31T16:17:17+00:00\" \/>\n<meta property=\"article:modified_time\" content=\"2024-01-31T16:17:18+00:00\" \/>\n<meta name=\"author\" content=\"andreabuitrago\" \/>\n<meta name=\"twitter:card\" content=\"summary_large_image\" \/>\n<meta name=\"twitter:label1\" content=\"Escrito por\" \/>\n\t<meta name=\"twitter:data1\" content=\"andreabuitrago\" \/>\n\t<meta name=\"twitter:label2\" content=\"Tiempo de lectura\" \/>\n\t<meta name=\"twitter:data2\" content=\"2 minutos\" \/>\n<script type=\"application\/ld+json\" class=\"yoast-schema-graph\">{\"@context\":\"https:\/\/schema.org\",\"@graph\":[{\"@type\":\"WebPage\",\"@id\":\"https:\/\/www.crea.gov.co\/crea-cantarrana\/es-tiempo-de-volver-a-los-centros-de-formacion-artistica-de-la-ciudad-crea-cantarrana-abre-las-puertas\/\",\"url\":\"https:\/\/www.crea.gov.co\/crea-cantarrana\/es-tiempo-de-volver-a-los-centros-de-formacion-artistica-de-la-ciudad-crea-cantarrana-abre-las-puertas\/\",\"name\":\"Es tiempo de volver a los Centros de formaci\u00f3n art\u00edstica de la ciudad, Crea Cantarrana abre las puertas! - Crea Cantarrana\",\"isPartOf\":{\"@id\":\"https:\/\/www.crea.gov.co\/crea-cantarrana\/#website\"},\"datePublished\":\"2024-01-31T16:17:17+00:00\",\"dateModified\":\"2024-01-31T16:17:18+00:00\",\"author\":{\"@id\":\"https:\/\/www.crea.gov.co\/crea-cantarrana\/#\/schema\/person\/cd88a2bb5a059a97b34a2c9b19a9ec08\"},\"breadcrumb\":{\"@id\":\"https:\/\/www.crea.gov.co\/crea-cantarrana\/es-tiempo-de-volver-a-los-centros-de-formacion-artistica-de-la-ciudad-crea-cantarrana-abre-las-puertas\/#breadcrumb\"},\"inLanguage\":\"es-CO\",\"potentialAction\":[{\"@type\":\"ReadAction\",\"target\":[\"https:\/\/www.crea.gov.co\/crea-cantarrana\/es-tiempo-de-volver-a-los-centros-de-formacion-artistica-de-la-ciudad-crea-cantarrana-abre-las-puertas\/\"]}]},{\"@type\":\"BreadcrumbList\",\"@id\":\"https:\/\/www.crea.gov.co\/crea-cantarrana\/es-tiempo-de-volver-a-los-centros-de-formacion-artistica-de-la-ciudad-crea-cantarrana-abre-las-puertas\/#breadcrumb\",\"itemListElement\":[{\"@type\":\"ListItem\",\"position\":1,\"name\":\"Home\",\"item\":\"https:\/\/www.crea.gov.co\/crea-cantarrana\/\"},{\"@type\":\"ListItem\",\"position\":2,\"name\":\"Es tiempo de volver a los Centros de formaci\u00f3n art\u00edstica de la ciudad, Crea Cantarrana abre las puertas!\"}]},{\"@type\":\"WebSite\",\"@id\":\"https:\/\/www.crea.gov.co\/crea-cantarrana\/#website\",\"url\":\"https:\/\/www.crea.gov.co\/crea-cantarrana\/\",\"name\":\"Crea Cantarrana\",\"description\":\"En el sur de Bogot\u00e1, el campo y la ciudad dialogan. La tradici\u00f3n campesina y la creatividad urbana se encuentran bajo un domo que invita a ver el arte desde nuevas perspectivas. Es un espacio donde la comunidad transforma su d\u00eda a d\u00eda en historias, m\u00fasica y color, y donde la memoria rural se reinventa a cada paso.\",\"potentialAction\":[{\"@type\":\"SearchAction\",\"target\":{\"@type\":\"EntryPoint\",\"urlTemplate\":\"https:\/\/www.crea.gov.co\/crea-cantarrana\/?s={search_term_string}\"},\"query-input\":{\"@type\":\"PropertyValueSpecification\",\"valueRequired\":true,\"valueName\":\"search_term_string\"}}],\"inLanguage\":\"es-CO\"},{\"@type\":\"Person\",\"@id\":\"https:\/\/www.crea.gov.co\/crea-cantarrana\/#\/schema\/person\/cd88a2bb5a059a97b34a2c9b19a9ec08\",\"name\":\"andreabuitrago\",\"image\":{\"@type\":\"ImageObject\",\"inLanguage\":\"es-CO\",\"@id\":\"https:\/\/www.crea.gov.co\/crea-cantarrana\/#\/schema\/person\/image\/\",\"url\":\"https:\/\/secure.gravatar.com\/avatar\/e6b54eb2c91227e6015338d3251762db?s=96&d=mm&r=g\",\"contentUrl\":\"https:\/\/secure.gravatar.com\/avatar\/e6b54eb2c91227e6015338d3251762db?s=96&d=mm&r=g\",\"caption\":\"andreabuitrago\"},\"url\":\"https:\/\/www.crea.gov.co\/crea-cantarrana\/author\/andreabuitrago\/\"}]}<\/script>\n<!-- \/ Yoast SEO plugin. -->","yoast_head_json":{"title":"Es tiempo de volver a los Centros de formaci\u00f3n art\u00edstica de la ciudad, Crea Cantarrana abre las puertas! - Crea Cantarrana","robots":{"index":"index","follow":"follow","max-snippet":"max-snippet:-1","max-image-preview":"max-image-preview:large","max-video-preview":"max-video-preview:-1"},"canonical":"https:\/\/www.crea.gov.co\/crea-cantarrana\/es-tiempo-de-volver-a-los-centros-de-formacion-artistica-de-la-ciudad-crea-cantarrana-abre-las-puertas\/","og_locale":"es_ES","og_type":"article","og_title":"Es tiempo de volver a los Centros de formaci\u00f3n art\u00edstica de la ciudad, Crea Cantarrana abre las puertas! - Crea Cantarrana","og_description":"Desde el 1 de febrero, las inscripciones estar\u00e1n disponibles en la p\u00e1gina web www.crea.gov.co, pero los interesados en los talleres de artes electr\u00f3nicas, m\u00fasica, danza, literatura, audiovisuales, artes pl\u00e1sticas y teatro podr\u00e1n acercarse desde ya a los centros de formaci\u00f3n para inscripciones presenciales. Los talleres iniciar\u00e1n el 5 de febrero. Los habitantes de Bogot\u00e1 tienen [&hellip;]","og_url":"https:\/\/www.crea.gov.co\/crea-cantarrana\/es-tiempo-de-volver-a-los-centros-de-formacion-artistica-de-la-ciudad-crea-cantarrana-abre-las-puertas\/","og_site_name":"Crea Cantarrana","article_published_time":"2024-01-31T16:17:17+00:00","article_modified_time":"2024-01-31T16:17:18+00:00","author":"andreabuitrago","twitter_card":"summary_large_image","twitter_misc":{"Escrito por":"andreabuitrago","Tiempo de lectura":"2 minutos"},"schema":{"@context":"https:\/\/schema.org","@graph":[{"@type":"WebPage","@id":"https:\/\/www.crea.gov.co\/crea-cantarrana\/es-tiempo-de-volver-a-los-centros-de-formacion-artistica-de-la-ciudad-crea-cantarrana-abre-las-puertas\/","url":"https:\/\/www.crea.gov.co\/crea-cantarrana\/es-tiempo-de-volver-a-los-centros-de-formacion-artistica-de-la-ciudad-crea-cantarrana-abre-las-puertas\/","name":"Es tiempo de volver a los Centros de formaci\u00f3n art\u00edstica de la ciudad, Crea Cantarrana abre las puertas! - Crea Cantarrana","isPartOf":{"@id":"https:\/\/www.crea.gov.co\/crea-cantarrana\/#website"},"datePublished":"2024-01-31T16:17:17+00:00","dateModified":"2024-01-31T16:17:18+00:00","author":{"@id":"https:\/\/www.crea.gov.co\/crea-cantarrana\/#\/schema\/person\/cd88a2bb5a059a97b34a2c9b19a9ec08"},"breadcrumb":{"@id":"https:\/\/www.crea.gov.co\/crea-cantarrana\/es-tiempo-de-volver-a-los-centros-de-formacion-artistica-de-la-ciudad-crea-cantarrana-abre-las-puertas\/#breadcrumb"},"inLanguage":"es-CO","potentialAction":[{"@type":"ReadAction","target":["https:\/\/www.crea.gov.co\/crea-cantarrana\/es-tiempo-de-volver-a-los-centros-de-formacion-artistica-de-la-ciudad-crea-cantarrana-abre-las-puertas\/"]}]},{"@type":"BreadcrumbList","@id":"https:\/\/www.crea.gov.co\/crea-cantarrana\/es-tiempo-de-volver-a-los-centros-de-formacion-artistica-de-la-ciudad-crea-cantarrana-abre-las-puertas\/#breadcrumb","itemListElement":[{"@type":"ListItem","position":1,"name":"Home","item":"https:\/\/www.crea.gov.co\/crea-cantarrana\/"},{"@type":"ListItem","position":2,"name":"Es tiempo de volver a los Centros de formaci\u00f3n art\u00edstica de la ciudad, Crea Cantarrana abre las puertas!"}]},{"@type":"WebSite","@id":"https:\/\/www.crea.gov.co\/crea-cantarrana\/#website","url":"https:\/\/www.crea.gov.co\/crea-cantarrana\/","name":"Crea Cantarrana","description":"En el sur de Bogot\u00e1, el campo y la ciudad dialogan. La tradici\u00f3n campesina y la creatividad urbana se encuentran bajo un domo que invita a ver el arte desde nuevas perspectivas. Es un espacio donde la comunidad transforma su d\u00eda a d\u00eda en historias, m\u00fasica y color, y donde la memoria rural se reinventa a cada paso.","potentialAction":[{"@type":"SearchAction","target":{"@type":"EntryPoint","urlTemplate":"https:\/\/www.crea.gov.co\/crea-cantarrana\/?s={search_term_string}"},"query-input":{"@type":"PropertyValueSpecification","valueRequired":true,"valueName":"search_term_string"}}],"inLanguage":"es-CO"},{"@type":"Person","@id":"https:\/\/www.crea.gov.co\/crea-cantarrana\/#\/schema\/person\/cd88a2bb5a059a97b34a2c9b19a9ec08","name":"andreabuitrago","image":{"@type":"ImageObject","inLanguage":"es-CO","@id":"https:\/\/www.crea.gov.co\/crea-cantarrana\/#\/schema\/person\/image\/","url":"https:\/\/secure.gravatar.com\/avatar\/e6b54eb2c91227e6015338d3251762db?s=96&d=mm&r=g","contentUrl":"https:\/\/secure.gravatar.com\/avatar\/e6b54eb2c91227e6015338d3251762db?s=96&d=mm&r=g","caption":"andreabuitrago"},"url":"https:\/\/www.crea.gov.co\/crea-cantarrana\/author\/andreabuitrago\/"}]}},"_links":{"self":[{"href":"https:\/\/www.crea.gov.co\/crea-cantarrana\/wp-json\/wp\/v2\/posts\/802","targetHints":{"allow":["GET"]}}],"collection":[{"href":"https:\/\/www.crea.gov.co\/crea-cantarrana\/wp-json\/wp\/v2\/posts"}],"about":[{"href":"https:\/\/www.crea.gov.co\/crea-cantarrana\/wp-json\/wp\/v2\/types\/post"}],"author":[{"embeddable":true,"href":"https:\/\/www.crea.gov.co\/crea-cantarrana\/wp-json\/wp\/v2\/users\/52"}],"replies":[{"embeddable":true,"href":"https:\/\/www.crea.gov.co\/crea-cantarrana\/wp-json\/wp\/v2\/comments?post=802"}],"version-history":[{"count":1,"href":"https:\/\/www.crea.gov.co\/crea-cantarrana\/wp-json\/wp\/v2\/posts\/802\/revisions"}],"predecessor-version":[{"id":804,"href":"https:\/\/www.crea.gov.co\/crea-cantarrana\/wp-json\/wp\/v2\/posts\/802\/revisions\/804"}],"wp:attachment":[{"href":"https:\/\/www.crea.gov.co\/crea-cantarrana\/wp-json\/wp\/v2\/media?parent=802"}],"wp:term":[{"taxonomy":"category","embeddable":true,"href":"https:\/\/www.crea.gov.co\/crea-cantarrana\/wp-json\/wp\/v2\/categories?post=802"},{"taxonomy":"post_tag","embeddable":true,"href":"https:\/\/www.crea.gov.co\/crea-cantarrana\/wp-json\/wp\/v2\/tags?post=802"}],"curies":[{"name":"wp","href":"https:\/\/api.w.org\/{rel}","templated":true}]}}