{"id":76,"date":"2021-10-08T19:57:19","date_gmt":"2021-10-08T19:57:19","guid":{"rendered":"https:\/\/www.crea.gov.co\/crea-cantarrana\/?post_type=news&#038;p=76"},"modified":"2022-03-10T03:32:38","modified_gmt":"2022-03-10T03:32:38","slug":"iv-festival-creadores-a-la-escena","status":"publish","type":"post","link":"https:\/\/www.crea.gov.co\/crea-cantarrana\/iv-festival-creadores-a-la-escena\/","title":{"rendered":"IV Festival Creadores a la escena:"},"content":{"rendered":"\n<p>En el marco del IV Festival Creadores a la escena, se realiza en el mes de octubre  la  gira <strong>Inter Creas<\/strong>, el grupo Hydra Teatro del Crea Cantarrana estar\u00e1 como invitado especial en el Crea Gustavo Restrepo, con la obra EL M\u00c9DICO A PALOS.<\/p>\n\n\n\n<p>Una divertida comedia de enredos que, deja muy clara la importancia del AMOR sobre todas las cosas del mundo.<br>Escrita por Moli\u00e9re y versionada por el maestro Eli\u00e9cer Cantillo, especialmente para p\u00fablico infantil.<\/p>\n\n\n\n<figure class=\"wp-block-image size-large\"><img loading=\"lazy\" decoding=\"async\" width=\"723\" height=\"1024\" src=\"https:\/\/www.crea.gov.co\/crea-cantarrana\/wp-content\/uploads\/sites\/17\/2021\/10\/WhatsApp-Image-2021-10-07-at-10.10.00-AM-723x1024.jpeg\" alt=\"\" class=\"wp-image-77\" srcset=\"https:\/\/www.crea.gov.co\/crea-cantarrana\/wp-content\/uploads\/sites\/17\/2021\/10\/WhatsApp-Image-2021-10-07-at-10.10.00-AM-723x1024.jpeg 723w, https:\/\/www.crea.gov.co\/crea-cantarrana\/wp-content\/uploads\/sites\/17\/2021\/10\/WhatsApp-Image-2021-10-07-at-10.10.00-AM-212x300.jpeg 212w, https:\/\/www.crea.gov.co\/crea-cantarrana\/wp-content\/uploads\/sites\/17\/2021\/10\/WhatsApp-Image-2021-10-07-at-10.10.00-AM-768x1087.jpeg 768w, https:\/\/www.crea.gov.co\/crea-cantarrana\/wp-content\/uploads\/sites\/17\/2021\/10\/WhatsApp-Image-2021-10-07-at-10.10.00-AM.jpeg 904w\" sizes=\"auto, (max-width: 723px) 100vw, 723px\" \/><\/figure>\n\n\n\n<p>No se pierdan la oportunidad de ver, escuchar y reflexionar entorno esta maravillosa propuesta.<\/p>\n","protected":false},"excerpt":{"rendered":"<p>En el marco del IV Festival Creadores a la escena, se realiza en el mes de octubre la gira Inter Creas, el grupo Hydra Teatro del Crea Cantarrana estar\u00e1 como invitado especial en el Crea Gustavo Restrepo, con la obra EL M\u00c9DICO A PALOS. Una divertida comedia de enredos que, deja muy clara la importancia [&hellip;]<\/p>\n","protected":false},"author":51,"featured_media":77,"comment_status":"open","ping_status":"closed","sticky":false,"template":"","format":"standard","meta":{"footnotes":""},"categories":[],"tags":[],"class_list":["post-76","post","type-post","status-publish","format-standard","has-post-thumbnail","hentry"],"yoast_head":"<!-- This site is optimized with the Yoast SEO plugin v24.5 - https:\/\/yoast.com\/wordpress\/plugins\/seo\/ -->\n<title>IV Festival Creadores a la escena: - Crea Cantarrana<\/title>\n<meta name=\"robots\" content=\"index, follow, max-snippet:-1, max-image-preview:large, max-video-preview:-1\" \/>\n<link rel=\"canonical\" href=\"https:\/\/www.crea.gov.co\/crea-cantarrana\/iv-festival-creadores-a-la-escena\/\" \/>\n<meta property=\"og:locale\" content=\"es_ES\" \/>\n<meta property=\"og:type\" content=\"article\" \/>\n<meta property=\"og:title\" content=\"IV Festival Creadores a la escena: - Crea Cantarrana\" \/>\n<meta property=\"og:description\" content=\"En el marco del IV Festival Creadores a la escena, se realiza en el mes de octubre la gira Inter Creas, el grupo Hydra Teatro del Crea Cantarrana estar\u00e1 como invitado especial en el Crea Gustavo Restrepo, con la obra EL M\u00c9DICO A PALOS. Una divertida comedia de enredos que, deja muy clara la importancia [&hellip;]\" \/>\n<meta property=\"og:url\" content=\"https:\/\/www.crea.gov.co\/crea-cantarrana\/iv-festival-creadores-a-la-escena\/\" \/>\n<meta property=\"og:site_name\" content=\"Crea Cantarrana\" \/>\n<meta property=\"article:published_time\" content=\"2021-10-08T19:57:19+00:00\" \/>\n<meta property=\"article:modified_time\" content=\"2022-03-10T03:32:38+00:00\" \/>\n<meta property=\"og:image\" content=\"https:\/\/www.crea.gov.co\/crea-cantarrana\/wp-content\/uploads\/sites\/17\/2021\/10\/WhatsApp-Image-2021-10-07-at-10.10.00-AM.jpeg\" \/>\n\t<meta property=\"og:image:width\" content=\"904\" \/>\n\t<meta property=\"og:image:height\" content=\"1280\" \/>\n\t<meta property=\"og:image:type\" content=\"image\/jpeg\" \/>\n<meta name=\"author\" content=\"josericardorodriguez\" \/>\n<meta name=\"twitter:card\" content=\"summary_large_image\" \/>\n<meta name=\"twitter:label1\" content=\"Escrito por\" \/>\n\t<meta name=\"twitter:data1\" content=\"josericardorodriguez\" \/>\n<script type=\"application\/ld+json\" class=\"yoast-schema-graph\">{\"@context\":\"https:\/\/schema.org\",\"@graph\":[{\"@type\":\"WebPage\",\"@id\":\"https:\/\/www.crea.gov.co\/crea-cantarrana\/iv-festival-creadores-a-la-escena\/\",\"url\":\"https:\/\/www.crea.gov.co\/crea-cantarrana\/iv-festival-creadores-a-la-escena\/\",\"name\":\"IV Festival Creadores a la escena: - Crea Cantarrana\",\"isPartOf\":{\"@id\":\"https:\/\/www.crea.gov.co\/crea-cantarrana\/#website\"},\"primaryImageOfPage\":{\"@id\":\"https:\/\/www.crea.gov.co\/crea-cantarrana\/iv-festival-creadores-a-la-escena\/#primaryimage\"},\"image\":{\"@id\":\"https:\/\/www.crea.gov.co\/crea-cantarrana\/iv-festival-creadores-a-la-escena\/#primaryimage\"},\"thumbnailUrl\":\"https:\/\/www.crea.gov.co\/crea-cantarrana\/wp-content\/uploads\/sites\/17\/2021\/10\/WhatsApp-Image-2021-10-07-at-10.10.00-AM.jpeg\",\"datePublished\":\"2021-10-08T19:57:19+00:00\",\"dateModified\":\"2022-03-10T03:32:38+00:00\",\"author\":{\"@id\":\"https:\/\/www.crea.gov.co\/crea-cantarrana\/#\/schema\/person\/26aa2503cd33619e9960c985c0986454\"},\"breadcrumb\":{\"@id\":\"https:\/\/www.crea.gov.co\/crea-cantarrana\/iv-festival-creadores-a-la-escena\/#breadcrumb\"},\"inLanguage\":\"es-CO\",\"potentialAction\":[{\"@type\":\"ReadAction\",\"target\":[\"https:\/\/www.crea.gov.co\/crea-cantarrana\/iv-festival-creadores-a-la-escena\/\"]}]},{\"@type\":\"ImageObject\",\"inLanguage\":\"es-CO\",\"@id\":\"https:\/\/www.crea.gov.co\/crea-cantarrana\/iv-festival-creadores-a-la-escena\/#primaryimage\",\"url\":\"https:\/\/www.crea.gov.co\/crea-cantarrana\/wp-content\/uploads\/sites\/17\/2021\/10\/WhatsApp-Image-2021-10-07-at-10.10.00-AM.jpeg\",\"contentUrl\":\"https:\/\/www.crea.gov.co\/crea-cantarrana\/wp-content\/uploads\/sites\/17\/2021\/10\/WhatsApp-Image-2021-10-07-at-10.10.00-AM.jpeg\",\"width\":904,\"height\":1280},{\"@type\":\"BreadcrumbList\",\"@id\":\"https:\/\/www.crea.gov.co\/crea-cantarrana\/iv-festival-creadores-a-la-escena\/#breadcrumb\",\"itemListElement\":[{\"@type\":\"ListItem\",\"position\":1,\"name\":\"Home\",\"item\":\"https:\/\/www.crea.gov.co\/crea-cantarrana\/\"},{\"@type\":\"ListItem\",\"position\":2,\"name\":\"IV Festival Creadores a la escena:\"}]},{\"@type\":\"WebSite\",\"@id\":\"https:\/\/www.crea.gov.co\/crea-cantarrana\/#website\",\"url\":\"https:\/\/www.crea.gov.co\/crea-cantarrana\/\",\"name\":\"Crea Cantarrana\",\"description\":\"En el sur de Bogot\u00e1, el campo y la ciudad dialogan. La tradici\u00f3n campesina y la creatividad urbana se encuentran bajo un domo que invita a ver el arte desde nuevas perspectivas. Es un espacio donde la comunidad transforma su d\u00eda a d\u00eda en historias, m\u00fasica y color, y donde la memoria rural se reinventa a cada paso.\",\"potentialAction\":[{\"@type\":\"SearchAction\",\"target\":{\"@type\":\"EntryPoint\",\"urlTemplate\":\"https:\/\/www.crea.gov.co\/crea-cantarrana\/?s={search_term_string}\"},\"query-input\":{\"@type\":\"PropertyValueSpecification\",\"valueRequired\":true,\"valueName\":\"search_term_string\"}}],\"inLanguage\":\"es-CO\"},{\"@type\":\"Person\",\"@id\":\"https:\/\/www.crea.gov.co\/crea-cantarrana\/#\/schema\/person\/26aa2503cd33619e9960c985c0986454\",\"name\":\"josericardorodriguez\",\"image\":{\"@type\":\"ImageObject\",\"inLanguage\":\"es-CO\",\"@id\":\"https:\/\/www.crea.gov.co\/crea-cantarrana\/#\/schema\/person\/image\/\",\"url\":\"https:\/\/secure.gravatar.com\/avatar\/4856de20847b0a6be328ce0a4993a0ed?s=96&d=mm&r=g\",\"contentUrl\":\"https:\/\/secure.gravatar.com\/avatar\/4856de20847b0a6be328ce0a4993a0ed?s=96&d=mm&r=g\",\"caption\":\"josericardorodriguez\"},\"url\":\"https:\/\/www.crea.gov.co\/crea-cantarrana\/author\/josericardorodriguez\/\"}]}<\/script>\n<!-- \/ Yoast SEO plugin. -->","yoast_head_json":{"title":"IV Festival Creadores a la escena: - Crea Cantarrana","robots":{"index":"index","follow":"follow","max-snippet":"max-snippet:-1","max-image-preview":"max-image-preview:large","max-video-preview":"max-video-preview:-1"},"canonical":"https:\/\/www.crea.gov.co\/crea-cantarrana\/iv-festival-creadores-a-la-escena\/","og_locale":"es_ES","og_type":"article","og_title":"IV Festival Creadores a la escena: - Crea Cantarrana","og_description":"En el marco del IV Festival Creadores a la escena, se realiza en el mes de octubre la gira Inter Creas, el grupo Hydra Teatro del Crea Cantarrana estar\u00e1 como invitado especial en el Crea Gustavo Restrepo, con la obra EL M\u00c9DICO A PALOS. Una divertida comedia de enredos que, deja muy clara la importancia [&hellip;]","og_url":"https:\/\/www.crea.gov.co\/crea-cantarrana\/iv-festival-creadores-a-la-escena\/","og_site_name":"Crea Cantarrana","article_published_time":"2021-10-08T19:57:19+00:00","article_modified_time":"2022-03-10T03:32:38+00:00","og_image":[{"width":904,"height":1280,"url":"https:\/\/www.crea.gov.co\/crea-cantarrana\/wp-content\/uploads\/sites\/17\/2021\/10\/WhatsApp-Image-2021-10-07-at-10.10.00-AM.jpeg","type":"image\/jpeg"}],"author":"josericardorodriguez","twitter_card":"summary_large_image","twitter_misc":{"Escrito por":"josericardorodriguez"},"schema":{"@context":"https:\/\/schema.org","@graph":[{"@type":"WebPage","@id":"https:\/\/www.crea.gov.co\/crea-cantarrana\/iv-festival-creadores-a-la-escena\/","url":"https:\/\/www.crea.gov.co\/crea-cantarrana\/iv-festival-creadores-a-la-escena\/","name":"IV Festival Creadores a la escena: - Crea Cantarrana","isPartOf":{"@id":"https:\/\/www.crea.gov.co\/crea-cantarrana\/#website"},"primaryImageOfPage":{"@id":"https:\/\/www.crea.gov.co\/crea-cantarrana\/iv-festival-creadores-a-la-escena\/#primaryimage"},"image":{"@id":"https:\/\/www.crea.gov.co\/crea-cantarrana\/iv-festival-creadores-a-la-escena\/#primaryimage"},"thumbnailUrl":"https:\/\/www.crea.gov.co\/crea-cantarrana\/wp-content\/uploads\/sites\/17\/2021\/10\/WhatsApp-Image-2021-10-07-at-10.10.00-AM.jpeg","datePublished":"2021-10-08T19:57:19+00:00","dateModified":"2022-03-10T03:32:38+00:00","author":{"@id":"https:\/\/www.crea.gov.co\/crea-cantarrana\/#\/schema\/person\/26aa2503cd33619e9960c985c0986454"},"breadcrumb":{"@id":"https:\/\/www.crea.gov.co\/crea-cantarrana\/iv-festival-creadores-a-la-escena\/#breadcrumb"},"inLanguage":"es-CO","potentialAction":[{"@type":"ReadAction","target":["https:\/\/www.crea.gov.co\/crea-cantarrana\/iv-festival-creadores-a-la-escena\/"]}]},{"@type":"ImageObject","inLanguage":"es-CO","@id":"https:\/\/www.crea.gov.co\/crea-cantarrana\/iv-festival-creadores-a-la-escena\/#primaryimage","url":"https:\/\/www.crea.gov.co\/crea-cantarrana\/wp-content\/uploads\/sites\/17\/2021\/10\/WhatsApp-Image-2021-10-07-at-10.10.00-AM.jpeg","contentUrl":"https:\/\/www.crea.gov.co\/crea-cantarrana\/wp-content\/uploads\/sites\/17\/2021\/10\/WhatsApp-Image-2021-10-07-at-10.10.00-AM.jpeg","width":904,"height":1280},{"@type":"BreadcrumbList","@id":"https:\/\/www.crea.gov.co\/crea-cantarrana\/iv-festival-creadores-a-la-escena\/#breadcrumb","itemListElement":[{"@type":"ListItem","position":1,"name":"Home","item":"https:\/\/www.crea.gov.co\/crea-cantarrana\/"},{"@type":"ListItem","position":2,"name":"IV Festival Creadores a la escena:"}]},{"@type":"WebSite","@id":"https:\/\/www.crea.gov.co\/crea-cantarrana\/#website","url":"https:\/\/www.crea.gov.co\/crea-cantarrana\/","name":"Crea Cantarrana","description":"En el sur de Bogot\u00e1, el campo y la ciudad dialogan. La tradici\u00f3n campesina y la creatividad urbana se encuentran bajo un domo que invita a ver el arte desde nuevas perspectivas. Es un espacio donde la comunidad transforma su d\u00eda a d\u00eda en historias, m\u00fasica y color, y donde la memoria rural se reinventa a cada paso.","potentialAction":[{"@type":"SearchAction","target":{"@type":"EntryPoint","urlTemplate":"https:\/\/www.crea.gov.co\/crea-cantarrana\/?s={search_term_string}"},"query-input":{"@type":"PropertyValueSpecification","valueRequired":true,"valueName":"search_term_string"}}],"inLanguage":"es-CO"},{"@type":"Person","@id":"https:\/\/www.crea.gov.co\/crea-cantarrana\/#\/schema\/person\/26aa2503cd33619e9960c985c0986454","name":"josericardorodriguez","image":{"@type":"ImageObject","inLanguage":"es-CO","@id":"https:\/\/www.crea.gov.co\/crea-cantarrana\/#\/schema\/person\/image\/","url":"https:\/\/secure.gravatar.com\/avatar\/4856de20847b0a6be328ce0a4993a0ed?s=96&d=mm&r=g","contentUrl":"https:\/\/secure.gravatar.com\/avatar\/4856de20847b0a6be328ce0a4993a0ed?s=96&d=mm&r=g","caption":"josericardorodriguez"},"url":"https:\/\/www.crea.gov.co\/crea-cantarrana\/author\/josericardorodriguez\/"}]}},"_links":{"self":[{"href":"https:\/\/www.crea.gov.co\/crea-cantarrana\/wp-json\/wp\/v2\/posts\/76","targetHints":{"allow":["GET"]}}],"collection":[{"href":"https:\/\/www.crea.gov.co\/crea-cantarrana\/wp-json\/wp\/v2\/posts"}],"about":[{"href":"https:\/\/www.crea.gov.co\/crea-cantarrana\/wp-json\/wp\/v2\/types\/post"}],"author":[{"embeddable":true,"href":"https:\/\/www.crea.gov.co\/crea-cantarrana\/wp-json\/wp\/v2\/users\/51"}],"replies":[{"embeddable":true,"href":"https:\/\/www.crea.gov.co\/crea-cantarrana\/wp-json\/wp\/v2\/comments?post=76"}],"version-history":[{"count":0,"href":"https:\/\/www.crea.gov.co\/crea-cantarrana\/wp-json\/wp\/v2\/posts\/76\/revisions"}],"wp:featuredmedia":[{"embeddable":true,"href":"https:\/\/www.crea.gov.co\/crea-cantarrana\/wp-json\/wp\/v2\/media\/77"}],"wp:attachment":[{"href":"https:\/\/www.crea.gov.co\/crea-cantarrana\/wp-json\/wp\/v2\/media?parent=76"}],"wp:term":[{"taxonomy":"category","embeddable":true,"href":"https:\/\/www.crea.gov.co\/crea-cantarrana\/wp-json\/wp\/v2\/categories?post=76"},{"taxonomy":"post_tag","embeddable":true,"href":"https:\/\/www.crea.gov.co\/crea-cantarrana\/wp-json\/wp\/v2\/tags?post=76"}],"curies":[{"name":"wp","href":"https:\/\/api.w.org\/{rel}","templated":true}]}}