{"id":729,"date":"2023-11-11T04:26:13","date_gmt":"2023-11-11T04:26:13","guid":{"rendered":"https:\/\/www.crea.gov.co\/crea-cantarrana\/?p=729"},"modified":"2023-11-11T04:26:13","modified_gmt":"2023-11-11T04:26:13","slug":"asi-se-vivio-el-primer-cierre-de-grupos-impulso-y-converge-en-el-crea-cantarrana","status":"publish","type":"post","link":"https:\/\/www.crea.gov.co\/crea-cantarrana\/asi-se-vivio-el-primer-cierre-de-grupos-impulso-y-converge-en-el-crea-cantarrana\/","title":{"rendered":"As\u00ed se vivi\u00f3 el primer cierre de grupos Impulso y Converge en el Crea Cantarrana."},"content":{"rendered":"\n<p>El pasado 4 de Noviembre se realizaron muestras art\u00edsticas de los grupos de la linea impulso colectivo y converge del Crea cantarrana, una maravillosa programaci\u00f3n con una asistencia de publico emocionados y felices de ver en escena las creaciones de los ni\u00f1os, ni\u00f1as, j\u00f3venes y adultos participantes de los diferentes grupos.  <\/p>\n\n\n\n<p>Gracias a los artistas formadores que hacen posible socializar estos procesos con la comunidad de la localidad de Usme. <\/p>\n\n\n\n<figure class=\"wp-block-gallery has-nested-images columns-default is-cropped wp-block-gallery-1 is-layout-flex wp-block-gallery-is-layout-flex\">\n<figure class=\"wp-block-image size-large\"><img loading=\"lazy\" decoding=\"async\" width=\"1024\" height=\"768\" data-id=\"735\" src=\"https:\/\/www.crea.gov.co\/crea-cantarrana\/wp-content\/uploads\/sites\/17\/2023\/11\/WhatsApp-Image-2023-11-10-at-10.28.28-PM-5-1024x768.jpeg\" alt=\"\" class=\"wp-image-735\" srcset=\"https:\/\/www.crea.gov.co\/crea-cantarrana\/wp-content\/uploads\/sites\/17\/2023\/11\/WhatsApp-Image-2023-11-10-at-10.28.28-PM-5-1024x768.jpeg 1024w, https:\/\/www.crea.gov.co\/crea-cantarrana\/wp-content\/uploads\/sites\/17\/2023\/11\/WhatsApp-Image-2023-11-10-at-10.28.28-PM-5-300x225.jpeg 300w, https:\/\/www.crea.gov.co\/crea-cantarrana\/wp-content\/uploads\/sites\/17\/2023\/11\/WhatsApp-Image-2023-11-10-at-10.28.28-PM-5-768x576.jpeg 768w, https:\/\/www.crea.gov.co\/crea-cantarrana\/wp-content\/uploads\/sites\/17\/2023\/11\/WhatsApp-Image-2023-11-10-at-10.28.28-PM-5-1536x1152.jpeg 1536w, https:\/\/www.crea.gov.co\/crea-cantarrana\/wp-content\/uploads\/sites\/17\/2023\/11\/WhatsApp-Image-2023-11-10-at-10.28.28-PM-5.jpeg 1600w\" sizes=\"auto, (max-width: 1024px) 100vw, 1024px\" \/><figcaption class=\"wp-element-caption\">Danza Break Dance- Elber Castillo <\/figcaption><\/figure>\n\n\n\n<figure class=\"wp-block-image size-large\"><img loading=\"lazy\" decoding=\"async\" width=\"768\" height=\"1024\" data-id=\"730\" src=\"https:\/\/www.crea.gov.co\/crea-cantarrana\/wp-content\/uploads\/sites\/17\/2023\/11\/WhatsApp-Image-2023-11-10-at-10.28.28-PM-4-768x1024.jpeg\" alt=\"\" class=\"wp-image-730\" srcset=\"https:\/\/www.crea.gov.co\/crea-cantarrana\/wp-content\/uploads\/sites\/17\/2023\/11\/WhatsApp-Image-2023-11-10-at-10.28.28-PM-4-768x1023.jpeg 768w, https:\/\/www.crea.gov.co\/crea-cantarrana\/wp-content\/uploads\/sites\/17\/2023\/11\/WhatsApp-Image-2023-11-10-at-10.28.28-PM-4-225x300.jpeg 225w, https:\/\/www.crea.gov.co\/crea-cantarrana\/wp-content\/uploads\/sites\/17\/2023\/11\/WhatsApp-Image-2023-11-10-at-10.28.28-PM-4-1153x1536.jpeg 1153w, https:\/\/www.crea.gov.co\/crea-cantarrana\/wp-content\/uploads\/sites\/17\/2023\/11\/WhatsApp-Image-2023-11-10-at-10.28.28-PM-4.jpeg 1200w\" sizes=\"auto, (max-width: 768px) 100vw, 768px\" \/><figcaption class=\"wp-element-caption\">M\u00fasica Gilbert Ar\u00e9valo <\/figcaption><\/figure>\n\n\n\n<figure class=\"wp-block-image size-large\"><img loading=\"lazy\" decoding=\"async\" width=\"1024\" height=\"768\" data-id=\"731\" src=\"https:\/\/www.crea.gov.co\/crea-cantarrana\/wp-content\/uploads\/sites\/17\/2023\/11\/WhatsApp-Image-2023-11-10-at-10.28.28-PM-3-1024x768.jpeg\" alt=\"\" class=\"wp-image-731\" srcset=\"https:\/\/www.crea.gov.co\/crea-cantarrana\/wp-content\/uploads\/sites\/17\/2023\/11\/WhatsApp-Image-2023-11-10-at-10.28.28-PM-3-1024x768.jpeg 1024w, https:\/\/www.crea.gov.co\/crea-cantarrana\/wp-content\/uploads\/sites\/17\/2023\/11\/WhatsApp-Image-2023-11-10-at-10.28.28-PM-3-300x225.jpeg 300w, https:\/\/www.crea.gov.co\/crea-cantarrana\/wp-content\/uploads\/sites\/17\/2023\/11\/WhatsApp-Image-2023-11-10-at-10.28.28-PM-3-768x576.jpeg 768w, https:\/\/www.crea.gov.co\/crea-cantarrana\/wp-content\/uploads\/sites\/17\/2023\/11\/WhatsApp-Image-2023-11-10-at-10.28.28-PM-3-1536x1153.jpeg 1536w, https:\/\/www.crea.gov.co\/crea-cantarrana\/wp-content\/uploads\/sites\/17\/2023\/11\/WhatsApp-Image-2023-11-10-at-10.28.28-PM-3.jpeg 1599w\" sizes=\"auto, (max-width: 1024px) 100vw, 1024px\" \/><figcaption class=\"wp-element-caption\">Artes Pl\u00e1sticas- Mario Ar\u00e9valo<\/figcaption><\/figure>\n\n\n\n<figure class=\"wp-block-image size-large\"><img loading=\"lazy\" decoding=\"async\" width=\"1024\" height=\"768\" data-id=\"732\" src=\"https:\/\/www.crea.gov.co\/crea-cantarrana\/wp-content\/uploads\/sites\/17\/2023\/11\/WhatsApp-Image-2023-11-10-at-10.28.28-PM-2-1024x768.jpeg\" alt=\"\" class=\"wp-image-732\" srcset=\"https:\/\/www.crea.gov.co\/crea-cantarrana\/wp-content\/uploads\/sites\/17\/2023\/11\/WhatsApp-Image-2023-11-10-at-10.28.28-PM-2-1024x768.jpeg 1024w, https:\/\/www.crea.gov.co\/crea-cantarrana\/wp-content\/uploads\/sites\/17\/2023\/11\/WhatsApp-Image-2023-11-10-at-10.28.28-PM-2-300x225.jpeg 300w, https:\/\/www.crea.gov.co\/crea-cantarrana\/wp-content\/uploads\/sites\/17\/2023\/11\/WhatsApp-Image-2023-11-10-at-10.28.28-PM-2-768x576.jpeg 768w, https:\/\/www.crea.gov.co\/crea-cantarrana\/wp-content\/uploads\/sites\/17\/2023\/11\/WhatsApp-Image-2023-11-10-at-10.28.28-PM-2-1536x1153.jpeg 1536w, https:\/\/www.crea.gov.co\/crea-cantarrana\/wp-content\/uploads\/sites\/17\/2023\/11\/WhatsApp-Image-2023-11-10-at-10.28.28-PM-2.jpeg 1599w\" sizes=\"auto, (max-width: 1024px) 100vw, 1024px\" \/><figcaption class=\"wp-element-caption\">Danza- Diego L\u00f3pez <\/figcaption><\/figure>\n\n\n\n<figure class=\"wp-block-image size-large\"><img loading=\"lazy\" decoding=\"async\" width=\"1024\" height=\"768\" data-id=\"733\" src=\"https:\/\/www.crea.gov.co\/crea-cantarrana\/wp-content\/uploads\/sites\/17\/2023\/11\/WhatsApp-Image-2023-11-10-at-10.28.28-PM-1-1024x768.jpeg\" alt=\"\" class=\"wp-image-733\" srcset=\"https:\/\/www.crea.gov.co\/crea-cantarrana\/wp-content\/uploads\/sites\/17\/2023\/11\/WhatsApp-Image-2023-11-10-at-10.28.28-PM-1-1024x768.jpeg 1024w, https:\/\/www.crea.gov.co\/crea-cantarrana\/wp-content\/uploads\/sites\/17\/2023\/11\/WhatsApp-Image-2023-11-10-at-10.28.28-PM-1-300x225.jpeg 300w, https:\/\/www.crea.gov.co\/crea-cantarrana\/wp-content\/uploads\/sites\/17\/2023\/11\/WhatsApp-Image-2023-11-10-at-10.28.28-PM-1-768x576.jpeg 768w, https:\/\/www.crea.gov.co\/crea-cantarrana\/wp-content\/uploads\/sites\/17\/2023\/11\/WhatsApp-Image-2023-11-10-at-10.28.28-PM-1-1536x1153.jpeg 1536w, https:\/\/www.crea.gov.co\/crea-cantarrana\/wp-content\/uploads\/sites\/17\/2023\/11\/WhatsApp-Image-2023-11-10-at-10.28.28-PM-1.jpeg 1599w\" sizes=\"auto, (max-width: 1024px) 100vw, 1024px\" \/><\/figure>\n\n\n\n<figure class=\"wp-block-image size-large\"><img loading=\"lazy\" decoding=\"async\" width=\"1024\" height=\"768\" data-id=\"734\" src=\"https:\/\/www.crea.gov.co\/crea-cantarrana\/wp-content\/uploads\/sites\/17\/2023\/11\/WhatsApp-Image-2023-11-10-at-10.28.28-PM-1024x768.jpeg\" alt=\"\" class=\"wp-image-734\" srcset=\"https:\/\/www.crea.gov.co\/crea-cantarrana\/wp-content\/uploads\/sites\/17\/2023\/11\/WhatsApp-Image-2023-11-10-at-10.28.28-PM-1024x768.jpeg 1024w, https:\/\/www.crea.gov.co\/crea-cantarrana\/wp-content\/uploads\/sites\/17\/2023\/11\/WhatsApp-Image-2023-11-10-at-10.28.28-PM-300x225.jpeg 300w, https:\/\/www.crea.gov.co\/crea-cantarrana\/wp-content\/uploads\/sites\/17\/2023\/11\/WhatsApp-Image-2023-11-10-at-10.28.28-PM-768x576.jpeg 768w, https:\/\/www.crea.gov.co\/crea-cantarrana\/wp-content\/uploads\/sites\/17\/2023\/11\/WhatsApp-Image-2023-11-10-at-10.28.28-PM-1536x1153.jpeg 1536w, https:\/\/www.crea.gov.co\/crea-cantarrana\/wp-content\/uploads\/sites\/17\/2023\/11\/WhatsApp-Image-2023-11-10-at-10.28.28-PM.jpeg 1599w\" sizes=\"auto, (max-width: 1024px) 100vw, 1024px\" \/><\/figure>\n<\/figure>\n\n\n\n<p> <\/p>\n\n\n\n<p><\/p>\n\n\n\n<p><\/p>\n","protected":false},"excerpt":{"rendered":"<p>El pasado 4 de Noviembre se realizaron muestras art\u00edsticas de los grupos de la linea impulso colectivo y converge del Crea cantarrana, una maravillosa programaci\u00f3n con una asistencia de publico emocionados y felices de ver en escena las creaciones de los ni\u00f1os, ni\u00f1as, j\u00f3venes y adultos participantes de los diferentes grupos. Gracias a los artistas [&hellip;]<\/p>\n","protected":false},"author":52,"featured_media":730,"comment_status":"open","ping_status":"open","sticky":false,"template":"","format":"standard","meta":{"footnotes":""},"categories":[1],"tags":[],"class_list":["post-729","post","type-post","status-publish","format-standard","has-post-thumbnail","hentry","category-sin-categoria"],"yoast_head":"<!-- This site is optimized with the Yoast SEO plugin v24.5 - https:\/\/yoast.com\/wordpress\/plugins\/seo\/ -->\n<title>As\u00ed se vivi\u00f3 el primer cierre de grupos Impulso y Converge en el Crea Cantarrana. - Crea Cantarrana<\/title>\n<meta name=\"robots\" content=\"index, follow, max-snippet:-1, max-image-preview:large, max-video-preview:-1\" \/>\n<link rel=\"canonical\" href=\"https:\/\/www.crea.gov.co\/crea-cantarrana\/asi-se-vivio-el-primer-cierre-de-grupos-impulso-y-converge-en-el-crea-cantarrana\/\" \/>\n<meta property=\"og:locale\" content=\"es_ES\" \/>\n<meta property=\"og:type\" content=\"article\" \/>\n<meta property=\"og:title\" content=\"As\u00ed se vivi\u00f3 el primer cierre de grupos Impulso y Converge en el Crea Cantarrana. - Crea Cantarrana\" \/>\n<meta property=\"og:description\" content=\"El pasado 4 de Noviembre se realizaron muestras art\u00edsticas de los grupos de la linea impulso colectivo y converge del Crea cantarrana, una maravillosa programaci\u00f3n con una asistencia de publico emocionados y felices de ver en escena las creaciones de los ni\u00f1os, ni\u00f1as, j\u00f3venes y adultos participantes de los diferentes grupos. Gracias a los artistas [&hellip;]\" \/>\n<meta property=\"og:url\" content=\"https:\/\/www.crea.gov.co\/crea-cantarrana\/asi-se-vivio-el-primer-cierre-de-grupos-impulso-y-converge-en-el-crea-cantarrana\/\" \/>\n<meta property=\"og:site_name\" content=\"Crea Cantarrana\" \/>\n<meta property=\"article:published_time\" content=\"2023-11-11T04:26:13+00:00\" \/>\n<meta property=\"og:image\" content=\"https:\/\/www.crea.gov.co\/crea-cantarrana\/wp-content\/uploads\/sites\/17\/2023\/11\/WhatsApp-Image-2023-11-10-at-10.28.28-PM-4.jpeg\" \/>\n\t<meta property=\"og:image:width\" content=\"1200\" \/>\n\t<meta property=\"og:image:height\" content=\"1599\" \/>\n\t<meta property=\"og:image:type\" content=\"image\/jpeg\" \/>\n<meta name=\"author\" content=\"andreabuitrago\" \/>\n<meta name=\"twitter:card\" content=\"summary_large_image\" \/>\n<meta name=\"twitter:label1\" content=\"Escrito por\" \/>\n\t<meta name=\"twitter:data1\" content=\"andreabuitrago\" \/>\n\t<meta name=\"twitter:label2\" content=\"Tiempo de lectura\" \/>\n\t<meta name=\"twitter:data2\" content=\"2 minutos\" \/>\n<script type=\"application\/ld+json\" class=\"yoast-schema-graph\">{\"@context\":\"https:\/\/schema.org\",\"@graph\":[{\"@type\":\"WebPage\",\"@id\":\"https:\/\/www.crea.gov.co\/crea-cantarrana\/asi-se-vivio-el-primer-cierre-de-grupos-impulso-y-converge-en-el-crea-cantarrana\/\",\"url\":\"https:\/\/www.crea.gov.co\/crea-cantarrana\/asi-se-vivio-el-primer-cierre-de-grupos-impulso-y-converge-en-el-crea-cantarrana\/\",\"name\":\"As\u00ed se vivi\u00f3 el primer cierre de grupos Impulso y Converge en el Crea Cantarrana. - Crea Cantarrana\",\"isPartOf\":{\"@id\":\"https:\/\/www.crea.gov.co\/crea-cantarrana\/#website\"},\"primaryImageOfPage\":{\"@id\":\"https:\/\/www.crea.gov.co\/crea-cantarrana\/asi-se-vivio-el-primer-cierre-de-grupos-impulso-y-converge-en-el-crea-cantarrana\/#primaryimage\"},\"image\":{\"@id\":\"https:\/\/www.crea.gov.co\/crea-cantarrana\/asi-se-vivio-el-primer-cierre-de-grupos-impulso-y-converge-en-el-crea-cantarrana\/#primaryimage\"},\"thumbnailUrl\":\"https:\/\/www.crea.gov.co\/crea-cantarrana\/wp-content\/uploads\/sites\/17\/2023\/11\/WhatsApp-Image-2023-11-10-at-10.28.28-PM-4.jpeg\",\"datePublished\":\"2023-11-11T04:26:13+00:00\",\"author\":{\"@id\":\"https:\/\/www.crea.gov.co\/crea-cantarrana\/#\/schema\/person\/cd88a2bb5a059a97b34a2c9b19a9ec08\"},\"breadcrumb\":{\"@id\":\"https:\/\/www.crea.gov.co\/crea-cantarrana\/asi-se-vivio-el-primer-cierre-de-grupos-impulso-y-converge-en-el-crea-cantarrana\/#breadcrumb\"},\"inLanguage\":\"es-CO\",\"potentialAction\":[{\"@type\":\"ReadAction\",\"target\":[\"https:\/\/www.crea.gov.co\/crea-cantarrana\/asi-se-vivio-el-primer-cierre-de-grupos-impulso-y-converge-en-el-crea-cantarrana\/\"]}]},{\"@type\":\"ImageObject\",\"inLanguage\":\"es-CO\",\"@id\":\"https:\/\/www.crea.gov.co\/crea-cantarrana\/asi-se-vivio-el-primer-cierre-de-grupos-impulso-y-converge-en-el-crea-cantarrana\/#primaryimage\",\"url\":\"https:\/\/www.crea.gov.co\/crea-cantarrana\/wp-content\/uploads\/sites\/17\/2023\/11\/WhatsApp-Image-2023-11-10-at-10.28.28-PM-4.jpeg\",\"contentUrl\":\"https:\/\/www.crea.gov.co\/crea-cantarrana\/wp-content\/uploads\/sites\/17\/2023\/11\/WhatsApp-Image-2023-11-10-at-10.28.28-PM-4.jpeg\",\"width\":1200,\"height\":1599},{\"@type\":\"BreadcrumbList\",\"@id\":\"https:\/\/www.crea.gov.co\/crea-cantarrana\/asi-se-vivio-el-primer-cierre-de-grupos-impulso-y-converge-en-el-crea-cantarrana\/#breadcrumb\",\"itemListElement\":[{\"@type\":\"ListItem\",\"position\":1,\"name\":\"Home\",\"item\":\"https:\/\/www.crea.gov.co\/crea-cantarrana\/\"},{\"@type\":\"ListItem\",\"position\":2,\"name\":\"As\u00ed se vivi\u00f3 el primer cierre de grupos Impulso y Converge en el Crea Cantarrana.\"}]},{\"@type\":\"WebSite\",\"@id\":\"https:\/\/www.crea.gov.co\/crea-cantarrana\/#website\",\"url\":\"https:\/\/www.crea.gov.co\/crea-cantarrana\/\",\"name\":\"Crea Cantarrana\",\"description\":\"En el sur de Bogot\u00e1, el campo y la ciudad dialogan. La tradici\u00f3n campesina y la creatividad urbana se encuentran bajo un domo que invita a ver el arte desde nuevas perspectivas. Es un espacio donde la comunidad transforma su d\u00eda a d\u00eda en historias, m\u00fasica y color, y donde la memoria rural se reinventa a cada paso.\",\"potentialAction\":[{\"@type\":\"SearchAction\",\"target\":{\"@type\":\"EntryPoint\",\"urlTemplate\":\"https:\/\/www.crea.gov.co\/crea-cantarrana\/?s={search_term_string}\"},\"query-input\":{\"@type\":\"PropertyValueSpecification\",\"valueRequired\":true,\"valueName\":\"search_term_string\"}}],\"inLanguage\":\"es-CO\"},{\"@type\":\"Person\",\"@id\":\"https:\/\/www.crea.gov.co\/crea-cantarrana\/#\/schema\/person\/cd88a2bb5a059a97b34a2c9b19a9ec08\",\"name\":\"andreabuitrago\",\"image\":{\"@type\":\"ImageObject\",\"inLanguage\":\"es-CO\",\"@id\":\"https:\/\/www.crea.gov.co\/crea-cantarrana\/#\/schema\/person\/image\/\",\"url\":\"https:\/\/secure.gravatar.com\/avatar\/e6b54eb2c91227e6015338d3251762db?s=96&d=mm&r=g\",\"contentUrl\":\"https:\/\/secure.gravatar.com\/avatar\/e6b54eb2c91227e6015338d3251762db?s=96&d=mm&r=g\",\"caption\":\"andreabuitrago\"},\"url\":\"https:\/\/www.crea.gov.co\/crea-cantarrana\/author\/andreabuitrago\/\"}]}<\/script>\n<!-- \/ Yoast SEO plugin. -->","yoast_head_json":{"title":"As\u00ed se vivi\u00f3 el primer cierre de grupos Impulso y Converge en el Crea Cantarrana. - Crea Cantarrana","robots":{"index":"index","follow":"follow","max-snippet":"max-snippet:-1","max-image-preview":"max-image-preview:large","max-video-preview":"max-video-preview:-1"},"canonical":"https:\/\/www.crea.gov.co\/crea-cantarrana\/asi-se-vivio-el-primer-cierre-de-grupos-impulso-y-converge-en-el-crea-cantarrana\/","og_locale":"es_ES","og_type":"article","og_title":"As\u00ed se vivi\u00f3 el primer cierre de grupos Impulso y Converge en el Crea Cantarrana. - Crea Cantarrana","og_description":"El pasado 4 de Noviembre se realizaron muestras art\u00edsticas de los grupos de la linea impulso colectivo y converge del Crea cantarrana, una maravillosa programaci\u00f3n con una asistencia de publico emocionados y felices de ver en escena las creaciones de los ni\u00f1os, ni\u00f1as, j\u00f3venes y adultos participantes de los diferentes grupos. Gracias a los artistas [&hellip;]","og_url":"https:\/\/www.crea.gov.co\/crea-cantarrana\/asi-se-vivio-el-primer-cierre-de-grupos-impulso-y-converge-en-el-crea-cantarrana\/","og_site_name":"Crea Cantarrana","article_published_time":"2023-11-11T04:26:13+00:00","og_image":[{"width":1200,"height":1599,"url":"https:\/\/www.crea.gov.co\/crea-cantarrana\/wp-content\/uploads\/sites\/17\/2023\/11\/WhatsApp-Image-2023-11-10-at-10.28.28-PM-4.jpeg","type":"image\/jpeg"}],"author":"andreabuitrago","twitter_card":"summary_large_image","twitter_misc":{"Escrito por":"andreabuitrago","Tiempo de lectura":"2 minutos"},"schema":{"@context":"https:\/\/schema.org","@graph":[{"@type":"WebPage","@id":"https:\/\/www.crea.gov.co\/crea-cantarrana\/asi-se-vivio-el-primer-cierre-de-grupos-impulso-y-converge-en-el-crea-cantarrana\/","url":"https:\/\/www.crea.gov.co\/crea-cantarrana\/asi-se-vivio-el-primer-cierre-de-grupos-impulso-y-converge-en-el-crea-cantarrana\/","name":"As\u00ed se vivi\u00f3 el primer cierre de grupos Impulso y Converge en el Crea Cantarrana. - Crea Cantarrana","isPartOf":{"@id":"https:\/\/www.crea.gov.co\/crea-cantarrana\/#website"},"primaryImageOfPage":{"@id":"https:\/\/www.crea.gov.co\/crea-cantarrana\/asi-se-vivio-el-primer-cierre-de-grupos-impulso-y-converge-en-el-crea-cantarrana\/#primaryimage"},"image":{"@id":"https:\/\/www.crea.gov.co\/crea-cantarrana\/asi-se-vivio-el-primer-cierre-de-grupos-impulso-y-converge-en-el-crea-cantarrana\/#primaryimage"},"thumbnailUrl":"https:\/\/www.crea.gov.co\/crea-cantarrana\/wp-content\/uploads\/sites\/17\/2023\/11\/WhatsApp-Image-2023-11-10-at-10.28.28-PM-4.jpeg","datePublished":"2023-11-11T04:26:13+00:00","author":{"@id":"https:\/\/www.crea.gov.co\/crea-cantarrana\/#\/schema\/person\/cd88a2bb5a059a97b34a2c9b19a9ec08"},"breadcrumb":{"@id":"https:\/\/www.crea.gov.co\/crea-cantarrana\/asi-se-vivio-el-primer-cierre-de-grupos-impulso-y-converge-en-el-crea-cantarrana\/#breadcrumb"},"inLanguage":"es-CO","potentialAction":[{"@type":"ReadAction","target":["https:\/\/www.crea.gov.co\/crea-cantarrana\/asi-se-vivio-el-primer-cierre-de-grupos-impulso-y-converge-en-el-crea-cantarrana\/"]}]},{"@type":"ImageObject","inLanguage":"es-CO","@id":"https:\/\/www.crea.gov.co\/crea-cantarrana\/asi-se-vivio-el-primer-cierre-de-grupos-impulso-y-converge-en-el-crea-cantarrana\/#primaryimage","url":"https:\/\/www.crea.gov.co\/crea-cantarrana\/wp-content\/uploads\/sites\/17\/2023\/11\/WhatsApp-Image-2023-11-10-at-10.28.28-PM-4.jpeg","contentUrl":"https:\/\/www.crea.gov.co\/crea-cantarrana\/wp-content\/uploads\/sites\/17\/2023\/11\/WhatsApp-Image-2023-11-10-at-10.28.28-PM-4.jpeg","width":1200,"height":1599},{"@type":"BreadcrumbList","@id":"https:\/\/www.crea.gov.co\/crea-cantarrana\/asi-se-vivio-el-primer-cierre-de-grupos-impulso-y-converge-en-el-crea-cantarrana\/#breadcrumb","itemListElement":[{"@type":"ListItem","position":1,"name":"Home","item":"https:\/\/www.crea.gov.co\/crea-cantarrana\/"},{"@type":"ListItem","position":2,"name":"As\u00ed se vivi\u00f3 el primer cierre de grupos Impulso y Converge en el Crea Cantarrana."}]},{"@type":"WebSite","@id":"https:\/\/www.crea.gov.co\/crea-cantarrana\/#website","url":"https:\/\/www.crea.gov.co\/crea-cantarrana\/","name":"Crea Cantarrana","description":"En el sur de Bogot\u00e1, el campo y la ciudad dialogan. La tradici\u00f3n campesina y la creatividad urbana se encuentran bajo un domo que invita a ver el arte desde nuevas perspectivas. Es un espacio donde la comunidad transforma su d\u00eda a d\u00eda en historias, m\u00fasica y color, y donde la memoria rural se reinventa a cada paso.","potentialAction":[{"@type":"SearchAction","target":{"@type":"EntryPoint","urlTemplate":"https:\/\/www.crea.gov.co\/crea-cantarrana\/?s={search_term_string}"},"query-input":{"@type":"PropertyValueSpecification","valueRequired":true,"valueName":"search_term_string"}}],"inLanguage":"es-CO"},{"@type":"Person","@id":"https:\/\/www.crea.gov.co\/crea-cantarrana\/#\/schema\/person\/cd88a2bb5a059a97b34a2c9b19a9ec08","name":"andreabuitrago","image":{"@type":"ImageObject","inLanguage":"es-CO","@id":"https:\/\/www.crea.gov.co\/crea-cantarrana\/#\/schema\/person\/image\/","url":"https:\/\/secure.gravatar.com\/avatar\/e6b54eb2c91227e6015338d3251762db?s=96&d=mm&r=g","contentUrl":"https:\/\/secure.gravatar.com\/avatar\/e6b54eb2c91227e6015338d3251762db?s=96&d=mm&r=g","caption":"andreabuitrago"},"url":"https:\/\/www.crea.gov.co\/crea-cantarrana\/author\/andreabuitrago\/"}]}},"_links":{"self":[{"href":"https:\/\/www.crea.gov.co\/crea-cantarrana\/wp-json\/wp\/v2\/posts\/729","targetHints":{"allow":["GET"]}}],"collection":[{"href":"https:\/\/www.crea.gov.co\/crea-cantarrana\/wp-json\/wp\/v2\/posts"}],"about":[{"href":"https:\/\/www.crea.gov.co\/crea-cantarrana\/wp-json\/wp\/v2\/types\/post"}],"author":[{"embeddable":true,"href":"https:\/\/www.crea.gov.co\/crea-cantarrana\/wp-json\/wp\/v2\/users\/52"}],"replies":[{"embeddable":true,"href":"https:\/\/www.crea.gov.co\/crea-cantarrana\/wp-json\/wp\/v2\/comments?post=729"}],"version-history":[{"count":1,"href":"https:\/\/www.crea.gov.co\/crea-cantarrana\/wp-json\/wp\/v2\/posts\/729\/revisions"}],"predecessor-version":[{"id":736,"href":"https:\/\/www.crea.gov.co\/crea-cantarrana\/wp-json\/wp\/v2\/posts\/729\/revisions\/736"}],"wp:featuredmedia":[{"embeddable":true,"href":"https:\/\/www.crea.gov.co\/crea-cantarrana\/wp-json\/wp\/v2\/media\/730"}],"wp:attachment":[{"href":"https:\/\/www.crea.gov.co\/crea-cantarrana\/wp-json\/wp\/v2\/media?parent=729"}],"wp:term":[{"taxonomy":"category","embeddable":true,"href":"https:\/\/www.crea.gov.co\/crea-cantarrana\/wp-json\/wp\/v2\/categories?post=729"},{"taxonomy":"post_tag","embeddable":true,"href":"https:\/\/www.crea.gov.co\/crea-cantarrana\/wp-json\/wp\/v2\/tags?post=729"}],"curies":[{"name":"wp","href":"https:\/\/api.w.org\/{rel}","templated":true}]}}