{"id":277,"date":"2022-09-26T03:06:19","date_gmt":"2022-09-26T03:06:19","guid":{"rendered":"https:\/\/www.crea.gov.co\/crea-cantarrana\/?p=277"},"modified":"2022-09-26T13:29:20","modified_gmt":"2022-09-26T13:29:20","slug":"lo-mejor-del-trabajo-en-equipo-es-que-siempre-tendras-a-alguien-al-lado","status":"publish","type":"post","link":"https:\/\/www.crea.gov.co\/crea-cantarrana\/lo-mejor-del-trabajo-en-equipo-es-que-siempre-tendras-a-alguien-al-lado\/","title":{"rendered":"lo mejor del trabajo en equipo es que siempre tendr\u00e1s a alguien al lado"},"content":{"rendered":"\n<p>23-09-2022<\/p>\n\n\n\n<p>Sin duda el t\u00edtulo de este mensaje es una consigna para el reconocimiento a la labor cumplida y un mensaje de agradecimiento para el talento Crea Cantarrana.<\/p>\n\n\n\n<figure class=\"wp-block-image size-large\"><img loading=\"lazy\" decoding=\"async\" width=\"1024\" height=\"768\" src=\"https:\/\/www.crea.gov.co\/crea-cantarrana\/wp-content\/uploads\/sites\/17\/2022\/09\/WhatsApp-Image-2022-09-22-at-9.54.26-PM-1024x768.jpeg\" alt=\"\" class=\"wp-image-278\" srcset=\"https:\/\/www.crea.gov.co\/crea-cantarrana\/wp-content\/uploads\/sites\/17\/2022\/09\/WhatsApp-Image-2022-09-22-at-9.54.26-PM-1024x768.jpeg 1024w, https:\/\/www.crea.gov.co\/crea-cantarrana\/wp-content\/uploads\/sites\/17\/2022\/09\/WhatsApp-Image-2022-09-22-at-9.54.26-PM-300x225.jpeg 300w, https:\/\/www.crea.gov.co\/crea-cantarrana\/wp-content\/uploads\/sites\/17\/2022\/09\/WhatsApp-Image-2022-09-22-at-9.54.26-PM-768x576.jpeg 768w, https:\/\/www.crea.gov.co\/crea-cantarrana\/wp-content\/uploads\/sites\/17\/2022\/09\/WhatsApp-Image-2022-09-22-at-9.54.26-PM.jpeg 1152w\" sizes=\"auto, (max-width: 1024px) 100vw, 1024px\" \/><\/figure>\n\n\n\n<p>En Cantarrana este 2022 nuca nos detenemos porque el arte tampoco lo hace y este ha sido un a\u00f1o de logros, de desaf\u00edos y aciertos que juntos logramos, con una variedad de oferta art\u00edstica y cultural, en las que se encuentran gestiones para la atenci\u00f3n de 3122 beneficiarios en la l\u00ednea de atenci\u00f3n de Arte en la Escuela, 567 en la l\u00ednea de Impulso y 311 en la l\u00ednea  de Converge a la fecha. Ha sido posible llegar con nuestra oferta art\u00edstica a la localidad de Sumapaz con alianzas estrat\u00e9gicas entre colectivos rurales y comunidad educativa, atendiendo a las necesidades como zona de reserva campesina. Tambi\u00e9n ha sido posible extender la formaci\u00f3n art\u00edstica a espacios autogestionados y bajo solicitudes expresas como salones comunales, casas de la juventud, organizaciones culturales y colectivos art\u00edsticos. <\/p>\n\n\n\n<p>La atenci\u00f3n integral como derecho adquirido ha llegado a cada espacio posible, es por ello que el Crea Cantarrana deja su sello en procesos de formaci\u00f3n art\u00edstica en los centros Carcelarios de la Picota y el batall\u00f3n de artiller\u00eda. <\/p>\n\n\n\n<p>As\u00ed mismo aporta en los procesos de formaci\u00f3n y experimentaci\u00f3n art\u00edstica con dem\u00e1s poblaciones diferenciales en las que se caracteriza su manera de reconocerse y reconocer a los dem\u00e1s, es por ello que atiende al derecho de acceder a la pr\u00e1ctica art\u00edstica a personas con discapacidad de tres colectivos en las \u00e1reas de teatro, m\u00fasica y artes pl\u00e1sticas bajo convenios interadministrativos, con estos mismos ha logrado la atenci\u00f3n a las comunidades ind\u00edgenas del cabildo Ambika Pijaos en la que se atienden cerca de 100 beneficiarios de esta comunidad.<\/p>\n\n\n\n<p>A lo largo del a\u00f1o en curso, ha sido posible impactar con cientos de historias a la comunidad educativa de los colegios: <a href=\"http:\/\/colegiochunizajt.blogspot.com\/\">Chuinza<\/a>, <a href=\"https:\/\/www.redacademica.edu.co\/colegios\/colegio-usminia-ied\">Usminia<\/a>, <a href=\"https:\/\/www.colnvosanandres.edu.co\/\">San Andr\u00e9s de los altos<\/a>, <a href=\"https:\/\/www.colegiosantamarthaied.edu.co\/\">Santa Martha<\/a>, <a href=\"https:\/\/www.redacademica.edu.co\/colegios\/colegio-el-cortijo-vianey-ied\">El cortijo Vianey<\/a>, <a href=\"https:\/\/www.redacademica.edu.co\/colegios\/colegio-el-virrey-jose-solis-ied\">El Virrey Jos\u00e9 Solis<\/a>, <a href=\"https:\/\/www.redacademica.edu.co\/colegios\/colegio-diego-montana-cuellar-ied\">Diego Monta\u00f1a Cuellar<\/a>, Brazuelos, San Jos\u00e9, y la agrupaci\u00f3n rural Ohaca de la localidad de Usme y recientemente con la agrupaci\u00f3n del colegio Jaime Garz\u00f3n de la localidad de Sumapaz,  bajo un trabajo articulado con las diferentes IED con un acercamiento a los prop\u00f3sitos de sus horizontes institucionales para una formaci\u00f3n integral para sus estudiantes.  <\/p>\n\n\n\n<p>Actualmente el Crea Cantarrana ha logrado gestionar acciones para el disfrute de las artes en 7 lenguajes art\u00edsticos con la creaci\u00f3n de 57 grupos, 27 de ellos bajo la l\u00ednea de Converge y el restante con la l\u00ednea de Impulso Colectivo con un total de 878 historias que se suman a las miles y miles que el proyecto Crea ha logrado impactar.<\/p>\n\n\n\n<p>Este reconocimiento se extiende a la labor que a diario realiza el talento Crea Cantarrana con las acciones de sus aportes diarias que han logrado incidir y que adem\u00e1s aportan a la construcci\u00f3n de una ciudadan\u00eda creadora y cultural que le apuesta al tejido est\u00e9tico.&nbsp;<\/p>\n\n\n\n<figure class=\"wp-block-table is-style-stripes\"><table><tbody><tr><td>Ingrid Johana Torrres <\/td><td>Articuladora Zonal<\/td><\/tr><tr><td>Andrea Del Pilar Buitrago<\/td><td>Gestora de Espacios Crea<\/td><\/tr><tr><td>Diana Carolina Le\u00f3n <\/td><td>Enlace Pedag\u00f3gica<\/td><\/tr><tr><td>Esteeven Ni\u00f1o Duran<\/td><td>Enlace Pedag\u00f3gico<\/td><\/tr><tr><td>Adriana Marcela Munar<\/td><td>Apoyo administrativa<\/td><\/tr><tr><td>Iv\u00e1n Dario Rodr\u00edguez <\/td><td>Apoyo administrativo<\/td><\/tr><tr><td>Cristian Le\u00f3n Leyva<\/td><td>Apoyo Administrativo <\/td><\/tr><tr><td>Equipo de seguridad <\/td><td><\/td><\/tr><tr><td>equipo de Servicios Generales<\/td><td><\/td><\/tr><\/tbody><\/table><figcaption>Equipo Crea Cantarrana<\/figcaption><\/figure>\n","protected":false},"excerpt":{"rendered":"<p>23-09-2022 Sin duda el t\u00edtulo de este mensaje es una consigna para el reconocimiento a la labor cumplida y un mensaje de agradecimiento para el talento Crea Cantarrana. En Cantarrana este 2022 nuca nos detenemos porque el arte tampoco lo hace y este ha sido un a\u00f1o de logros, de desaf\u00edos y aciertos que juntos [&hellip;]<\/p>\n","protected":false},"author":52,"featured_media":278,"comment_status":"open","ping_status":"open","sticky":false,"template":"","format":"standard","meta":{"footnotes":""},"categories":[1],"tags":[],"class_list":["post-277","post","type-post","status-publish","format-standard","has-post-thumbnail","hentry","category-sin-categoria"],"yoast_head":"<!-- This site is optimized with the Yoast SEO plugin v24.5 - https:\/\/yoast.com\/wordpress\/plugins\/seo\/ -->\n<title>lo mejor del trabajo en equipo es que siempre tendr\u00e1s a alguien al lado - Crea Cantarrana<\/title>\n<meta name=\"robots\" content=\"index, follow, max-snippet:-1, max-image-preview:large, max-video-preview:-1\" \/>\n<link rel=\"canonical\" href=\"https:\/\/www.crea.gov.co\/crea-cantarrana\/lo-mejor-del-trabajo-en-equipo-es-que-siempre-tendras-a-alguien-al-lado\/\" \/>\n<meta property=\"og:locale\" content=\"es_ES\" \/>\n<meta property=\"og:type\" content=\"article\" \/>\n<meta property=\"og:title\" content=\"lo mejor del trabajo en equipo es que siempre tendr\u00e1s a alguien al lado - Crea Cantarrana\" \/>\n<meta property=\"og:description\" content=\"23-09-2022 Sin duda el t\u00edtulo de este mensaje es una consigna para el reconocimiento a la labor cumplida y un mensaje de agradecimiento para el talento Crea Cantarrana. En Cantarrana este 2022 nuca nos detenemos porque el arte tampoco lo hace y este ha sido un a\u00f1o de logros, de desaf\u00edos y aciertos que juntos [&hellip;]\" \/>\n<meta property=\"og:url\" content=\"https:\/\/www.crea.gov.co\/crea-cantarrana\/lo-mejor-del-trabajo-en-equipo-es-que-siempre-tendras-a-alguien-al-lado\/\" \/>\n<meta property=\"og:site_name\" content=\"Crea Cantarrana\" \/>\n<meta property=\"article:published_time\" content=\"2022-09-26T03:06:19+00:00\" \/>\n<meta property=\"article:modified_time\" content=\"2022-09-26T13:29:20+00:00\" \/>\n<meta property=\"og:image\" content=\"https:\/\/www.crea.gov.co\/crea-cantarrana\/wp-content\/uploads\/sites\/17\/2022\/09\/WhatsApp-Image-2022-09-22-at-9.54.26-PM.jpeg\" \/>\n\t<meta property=\"og:image:width\" content=\"1152\" \/>\n\t<meta property=\"og:image:height\" content=\"864\" \/>\n\t<meta property=\"og:image:type\" content=\"image\/jpeg\" \/>\n<meta name=\"author\" content=\"andreabuitrago\" \/>\n<meta name=\"twitter:card\" content=\"summary_large_image\" \/>\n<meta name=\"twitter:label1\" content=\"Escrito por\" \/>\n\t<meta name=\"twitter:data1\" content=\"andreabuitrago\" \/>\n\t<meta name=\"twitter:label2\" content=\"Tiempo de lectura\" \/>\n\t<meta name=\"twitter:data2\" content=\"3 minutos\" \/>\n<script type=\"application\/ld+json\" class=\"yoast-schema-graph\">{\"@context\":\"https:\/\/schema.org\",\"@graph\":[{\"@type\":\"WebPage\",\"@id\":\"https:\/\/www.crea.gov.co\/crea-cantarrana\/lo-mejor-del-trabajo-en-equipo-es-que-siempre-tendras-a-alguien-al-lado\/\",\"url\":\"https:\/\/www.crea.gov.co\/crea-cantarrana\/lo-mejor-del-trabajo-en-equipo-es-que-siempre-tendras-a-alguien-al-lado\/\",\"name\":\"lo mejor del trabajo en equipo es que siempre tendr\u00e1s a alguien al lado - Crea Cantarrana\",\"isPartOf\":{\"@id\":\"https:\/\/www.crea.gov.co\/crea-cantarrana\/#website\"},\"primaryImageOfPage\":{\"@id\":\"https:\/\/www.crea.gov.co\/crea-cantarrana\/lo-mejor-del-trabajo-en-equipo-es-que-siempre-tendras-a-alguien-al-lado\/#primaryimage\"},\"image\":{\"@id\":\"https:\/\/www.crea.gov.co\/crea-cantarrana\/lo-mejor-del-trabajo-en-equipo-es-que-siempre-tendras-a-alguien-al-lado\/#primaryimage\"},\"thumbnailUrl\":\"https:\/\/www.crea.gov.co\/crea-cantarrana\/wp-content\/uploads\/sites\/17\/2022\/09\/WhatsApp-Image-2022-09-22-at-9.54.26-PM.jpeg\",\"datePublished\":\"2022-09-26T03:06:19+00:00\",\"dateModified\":\"2022-09-26T13:29:20+00:00\",\"author\":{\"@id\":\"https:\/\/www.crea.gov.co\/crea-cantarrana\/#\/schema\/person\/cd88a2bb5a059a97b34a2c9b19a9ec08\"},\"breadcrumb\":{\"@id\":\"https:\/\/www.crea.gov.co\/crea-cantarrana\/lo-mejor-del-trabajo-en-equipo-es-que-siempre-tendras-a-alguien-al-lado\/#breadcrumb\"},\"inLanguage\":\"es-CO\",\"potentialAction\":[{\"@type\":\"ReadAction\",\"target\":[\"https:\/\/www.crea.gov.co\/crea-cantarrana\/lo-mejor-del-trabajo-en-equipo-es-que-siempre-tendras-a-alguien-al-lado\/\"]}]},{\"@type\":\"ImageObject\",\"inLanguage\":\"es-CO\",\"@id\":\"https:\/\/www.crea.gov.co\/crea-cantarrana\/lo-mejor-del-trabajo-en-equipo-es-que-siempre-tendras-a-alguien-al-lado\/#primaryimage\",\"url\":\"https:\/\/www.crea.gov.co\/crea-cantarrana\/wp-content\/uploads\/sites\/17\/2022\/09\/WhatsApp-Image-2022-09-22-at-9.54.26-PM.jpeg\",\"contentUrl\":\"https:\/\/www.crea.gov.co\/crea-cantarrana\/wp-content\/uploads\/sites\/17\/2022\/09\/WhatsApp-Image-2022-09-22-at-9.54.26-PM.jpeg\",\"width\":1152,\"height\":864},{\"@type\":\"BreadcrumbList\",\"@id\":\"https:\/\/www.crea.gov.co\/crea-cantarrana\/lo-mejor-del-trabajo-en-equipo-es-que-siempre-tendras-a-alguien-al-lado\/#breadcrumb\",\"itemListElement\":[{\"@type\":\"ListItem\",\"position\":1,\"name\":\"Home\",\"item\":\"https:\/\/www.crea.gov.co\/crea-cantarrana\/\"},{\"@type\":\"ListItem\",\"position\":2,\"name\":\"lo mejor del trabajo en equipo es que siempre tendr\u00e1s a alguien al lado\"}]},{\"@type\":\"WebSite\",\"@id\":\"https:\/\/www.crea.gov.co\/crea-cantarrana\/#website\",\"url\":\"https:\/\/www.crea.gov.co\/crea-cantarrana\/\",\"name\":\"Crea Cantarrana\",\"description\":\"En el sur de Bogot\u00e1, el campo y la ciudad dialogan. La tradici\u00f3n campesina y la creatividad urbana se encuentran bajo un domo que invita a ver el arte desde nuevas perspectivas. Es un espacio donde la comunidad transforma su d\u00eda a d\u00eda en historias, m\u00fasica y color, y donde la memoria rural se reinventa a cada paso.\",\"potentialAction\":[{\"@type\":\"SearchAction\",\"target\":{\"@type\":\"EntryPoint\",\"urlTemplate\":\"https:\/\/www.crea.gov.co\/crea-cantarrana\/?s={search_term_string}\"},\"query-input\":{\"@type\":\"PropertyValueSpecification\",\"valueRequired\":true,\"valueName\":\"search_term_string\"}}],\"inLanguage\":\"es-CO\"},{\"@type\":\"Person\",\"@id\":\"https:\/\/www.crea.gov.co\/crea-cantarrana\/#\/schema\/person\/cd88a2bb5a059a97b34a2c9b19a9ec08\",\"name\":\"andreabuitrago\",\"image\":{\"@type\":\"ImageObject\",\"inLanguage\":\"es-CO\",\"@id\":\"https:\/\/www.crea.gov.co\/crea-cantarrana\/#\/schema\/person\/image\/\",\"url\":\"https:\/\/secure.gravatar.com\/avatar\/e6b54eb2c91227e6015338d3251762db?s=96&d=mm&r=g\",\"contentUrl\":\"https:\/\/secure.gravatar.com\/avatar\/e6b54eb2c91227e6015338d3251762db?s=96&d=mm&r=g\",\"caption\":\"andreabuitrago\"},\"url\":\"https:\/\/www.crea.gov.co\/crea-cantarrana\/author\/andreabuitrago\/\"}]}<\/script>\n<!-- \/ Yoast SEO plugin. -->","yoast_head_json":{"title":"lo mejor del trabajo en equipo es que siempre tendr\u00e1s a alguien al lado - Crea Cantarrana","robots":{"index":"index","follow":"follow","max-snippet":"max-snippet:-1","max-image-preview":"max-image-preview:large","max-video-preview":"max-video-preview:-1"},"canonical":"https:\/\/www.crea.gov.co\/crea-cantarrana\/lo-mejor-del-trabajo-en-equipo-es-que-siempre-tendras-a-alguien-al-lado\/","og_locale":"es_ES","og_type":"article","og_title":"lo mejor del trabajo en equipo es que siempre tendr\u00e1s a alguien al lado - Crea Cantarrana","og_description":"23-09-2022 Sin duda el t\u00edtulo de este mensaje es una consigna para el reconocimiento a la labor cumplida y un mensaje de agradecimiento para el talento Crea Cantarrana. En Cantarrana este 2022 nuca nos detenemos porque el arte tampoco lo hace y este ha sido un a\u00f1o de logros, de desaf\u00edos y aciertos que juntos [&hellip;]","og_url":"https:\/\/www.crea.gov.co\/crea-cantarrana\/lo-mejor-del-trabajo-en-equipo-es-que-siempre-tendras-a-alguien-al-lado\/","og_site_name":"Crea Cantarrana","article_published_time":"2022-09-26T03:06:19+00:00","article_modified_time":"2022-09-26T13:29:20+00:00","og_image":[{"width":1152,"height":864,"url":"https:\/\/www.crea.gov.co\/crea-cantarrana\/wp-content\/uploads\/sites\/17\/2022\/09\/WhatsApp-Image-2022-09-22-at-9.54.26-PM.jpeg","type":"image\/jpeg"}],"author":"andreabuitrago","twitter_card":"summary_large_image","twitter_misc":{"Escrito por":"andreabuitrago","Tiempo de lectura":"3 minutos"},"schema":{"@context":"https:\/\/schema.org","@graph":[{"@type":"WebPage","@id":"https:\/\/www.crea.gov.co\/crea-cantarrana\/lo-mejor-del-trabajo-en-equipo-es-que-siempre-tendras-a-alguien-al-lado\/","url":"https:\/\/www.crea.gov.co\/crea-cantarrana\/lo-mejor-del-trabajo-en-equipo-es-que-siempre-tendras-a-alguien-al-lado\/","name":"lo mejor del trabajo en equipo es que siempre tendr\u00e1s a alguien al lado - Crea Cantarrana","isPartOf":{"@id":"https:\/\/www.crea.gov.co\/crea-cantarrana\/#website"},"primaryImageOfPage":{"@id":"https:\/\/www.crea.gov.co\/crea-cantarrana\/lo-mejor-del-trabajo-en-equipo-es-que-siempre-tendras-a-alguien-al-lado\/#primaryimage"},"image":{"@id":"https:\/\/www.crea.gov.co\/crea-cantarrana\/lo-mejor-del-trabajo-en-equipo-es-que-siempre-tendras-a-alguien-al-lado\/#primaryimage"},"thumbnailUrl":"https:\/\/www.crea.gov.co\/crea-cantarrana\/wp-content\/uploads\/sites\/17\/2022\/09\/WhatsApp-Image-2022-09-22-at-9.54.26-PM.jpeg","datePublished":"2022-09-26T03:06:19+00:00","dateModified":"2022-09-26T13:29:20+00:00","author":{"@id":"https:\/\/www.crea.gov.co\/crea-cantarrana\/#\/schema\/person\/cd88a2bb5a059a97b34a2c9b19a9ec08"},"breadcrumb":{"@id":"https:\/\/www.crea.gov.co\/crea-cantarrana\/lo-mejor-del-trabajo-en-equipo-es-que-siempre-tendras-a-alguien-al-lado\/#breadcrumb"},"inLanguage":"es-CO","potentialAction":[{"@type":"ReadAction","target":["https:\/\/www.crea.gov.co\/crea-cantarrana\/lo-mejor-del-trabajo-en-equipo-es-que-siempre-tendras-a-alguien-al-lado\/"]}]},{"@type":"ImageObject","inLanguage":"es-CO","@id":"https:\/\/www.crea.gov.co\/crea-cantarrana\/lo-mejor-del-trabajo-en-equipo-es-que-siempre-tendras-a-alguien-al-lado\/#primaryimage","url":"https:\/\/www.crea.gov.co\/crea-cantarrana\/wp-content\/uploads\/sites\/17\/2022\/09\/WhatsApp-Image-2022-09-22-at-9.54.26-PM.jpeg","contentUrl":"https:\/\/www.crea.gov.co\/crea-cantarrana\/wp-content\/uploads\/sites\/17\/2022\/09\/WhatsApp-Image-2022-09-22-at-9.54.26-PM.jpeg","width":1152,"height":864},{"@type":"BreadcrumbList","@id":"https:\/\/www.crea.gov.co\/crea-cantarrana\/lo-mejor-del-trabajo-en-equipo-es-que-siempre-tendras-a-alguien-al-lado\/#breadcrumb","itemListElement":[{"@type":"ListItem","position":1,"name":"Home","item":"https:\/\/www.crea.gov.co\/crea-cantarrana\/"},{"@type":"ListItem","position":2,"name":"lo mejor del trabajo en equipo es que siempre tendr\u00e1s a alguien al lado"}]},{"@type":"WebSite","@id":"https:\/\/www.crea.gov.co\/crea-cantarrana\/#website","url":"https:\/\/www.crea.gov.co\/crea-cantarrana\/","name":"Crea Cantarrana","description":"En el sur de Bogot\u00e1, el campo y la ciudad dialogan. La tradici\u00f3n campesina y la creatividad urbana se encuentran bajo un domo que invita a ver el arte desde nuevas perspectivas. Es un espacio donde la comunidad transforma su d\u00eda a d\u00eda en historias, m\u00fasica y color, y donde la memoria rural se reinventa a cada paso.","potentialAction":[{"@type":"SearchAction","target":{"@type":"EntryPoint","urlTemplate":"https:\/\/www.crea.gov.co\/crea-cantarrana\/?s={search_term_string}"},"query-input":{"@type":"PropertyValueSpecification","valueRequired":true,"valueName":"search_term_string"}}],"inLanguage":"es-CO"},{"@type":"Person","@id":"https:\/\/www.crea.gov.co\/crea-cantarrana\/#\/schema\/person\/cd88a2bb5a059a97b34a2c9b19a9ec08","name":"andreabuitrago","image":{"@type":"ImageObject","inLanguage":"es-CO","@id":"https:\/\/www.crea.gov.co\/crea-cantarrana\/#\/schema\/person\/image\/","url":"https:\/\/secure.gravatar.com\/avatar\/e6b54eb2c91227e6015338d3251762db?s=96&d=mm&r=g","contentUrl":"https:\/\/secure.gravatar.com\/avatar\/e6b54eb2c91227e6015338d3251762db?s=96&d=mm&r=g","caption":"andreabuitrago"},"url":"https:\/\/www.crea.gov.co\/crea-cantarrana\/author\/andreabuitrago\/"}]}},"_links":{"self":[{"href":"https:\/\/www.crea.gov.co\/crea-cantarrana\/wp-json\/wp\/v2\/posts\/277","targetHints":{"allow":["GET"]}}],"collection":[{"href":"https:\/\/www.crea.gov.co\/crea-cantarrana\/wp-json\/wp\/v2\/posts"}],"about":[{"href":"https:\/\/www.crea.gov.co\/crea-cantarrana\/wp-json\/wp\/v2\/types\/post"}],"author":[{"embeddable":true,"href":"https:\/\/www.crea.gov.co\/crea-cantarrana\/wp-json\/wp\/v2\/users\/52"}],"replies":[{"embeddable":true,"href":"https:\/\/www.crea.gov.co\/crea-cantarrana\/wp-json\/wp\/v2\/comments?post=277"}],"version-history":[{"count":7,"href":"https:\/\/www.crea.gov.co\/crea-cantarrana\/wp-json\/wp\/v2\/posts\/277\/revisions"}],"predecessor-version":[{"id":286,"href":"https:\/\/www.crea.gov.co\/crea-cantarrana\/wp-json\/wp\/v2\/posts\/277\/revisions\/286"}],"wp:featuredmedia":[{"embeddable":true,"href":"https:\/\/www.crea.gov.co\/crea-cantarrana\/wp-json\/wp\/v2\/media\/278"}],"wp:attachment":[{"href":"https:\/\/www.crea.gov.co\/crea-cantarrana\/wp-json\/wp\/v2\/media?parent=277"}],"wp:term":[{"taxonomy":"category","embeddable":true,"href":"https:\/\/www.crea.gov.co\/crea-cantarrana\/wp-json\/wp\/v2\/categories?post=277"},{"taxonomy":"post_tag","embeddable":true,"href":"https:\/\/www.crea.gov.co\/crea-cantarrana\/wp-json\/wp\/v2\/tags?post=277"}],"curies":[{"name":"wp","href":"https:\/\/api.w.org\/{rel}","templated":true}]}}