{"id":271,"date":"2022-09-03T15:46:36","date_gmt":"2022-09-03T15:46:36","guid":{"rendered":"https:\/\/www.crea.gov.co\/crea-cantarrana\/?p=271"},"modified":"2022-09-03T15:50:15","modified_gmt":"2022-09-03T15:50:15","slug":"el-crea-cantarrana-abre-el-telon-con-loquito-por-sumerced","status":"publish","type":"post","link":"https:\/\/www.crea.gov.co\/crea-cantarrana\/el-crea-cantarrana-abre-el-telon-con-loquito-por-sumerced\/","title":{"rendered":"El Crea Cantarrana abre el tel\u00f3n con &#8220;Loquito por sumerce&#8221;"},"content":{"rendered":"\n<p><strong>08 y 09 de septiembre 10:00 am y 3:00 pm <\/strong><\/p>\n\n\n\n<figure class=\"wp-block-image size-full\"><img loading=\"lazy\" decoding=\"async\" width=\"827\" height=\"827\" src=\"https:\/\/www.crea.gov.co\/crea-cantarrana\/wp-content\/uploads\/sites\/17\/2022\/09\/Invitacion-General-1_page-0001.jpg\" alt=\"\" class=\"wp-image-272\" srcset=\"https:\/\/www.crea.gov.co\/crea-cantarrana\/wp-content\/uploads\/sites\/17\/2022\/09\/Invitacion-General-1_page-0001.jpg 827w, https:\/\/www.crea.gov.co\/crea-cantarrana\/wp-content\/uploads\/sites\/17\/2022\/09\/Invitacion-General-1_page-0001-300x300.jpg 300w, https:\/\/www.crea.gov.co\/crea-cantarrana\/wp-content\/uploads\/sites\/17\/2022\/09\/Invitacion-General-1_page-0001-150x150.jpg 150w, https:\/\/www.crea.gov.co\/crea-cantarrana\/wp-content\/uploads\/sites\/17\/2022\/09\/Invitacion-General-1_page-0001-768x768.jpg 768w\" sizes=\"auto, (max-width: 827px) 100vw, 827px\" \/><figcaption><strong>Para toda la familia <\/strong><\/figcaption><\/figure>\n\n\n\n<p>Es una comedia que nos narra la vida campesina colombiana a trav\u00e9s del amor y el ciclismo.<\/p>\n\n\n\n<p>En esta historia nuestros protagonistas Jairo y Bel\u00e9n se enamoran, pero son separados por el destino, hasta que un golpe de suerte los re\u00fane en la bella Par\u00eds. Es justamente su amor, su lucha, y el constante pedalear de la vida, la que los lleva a su meta final.<\/p>\n\n\n\n<p>Este montaje nos habla sobre los sue\u00f1os, la tenacidad, la m\u00fasica y el humor de los campesinos de Boyac\u00e1. Loquito por Sumerc\u00e9 es un homenaje a los ciclista colombianos, que nos lleva a revivir momentos patrios, en los que nuestros ciclistas dejan sus piernas en las carreteras del mundo.<\/p>\n\n\n\n<p>Tres actrices y tres actores se ponen la ruana, los cascos y las botas, trabajando de la manera m\u00e1s humana la interpretaci\u00f3n de nuestros campesinos boyacenses. Usamos paneles giratorios como base escenogr\u00e1fica, y que nos dibuja atm\u00f3sferas parisinas y boyacenses. Uno de los elementos claves dentro de la puesta, es la m\u00fasica popular campesina, en su mayor\u00eda carranga.<\/p>\n\n\n\n<p>Esta es una propuesta teatral divertida y dulce, cuidadosa con el lenguaje campesino, que se mueve adem\u00e1s entre el juego de rana y las empanadas. Nos habla tambi\u00e9n del car\u00e1cter c\u00f3mico de los campesinos Boyacenses.<\/p>\n\n\n\n<figure class=\"wp-block-table has-small-font-size\"><table class=\"has-white-color has-luminous-vivid-amber-to-luminous-vivid-orange-gradient-background has-text-color has-background\"><tbody><tr><td><strong>Equipo creativo<\/strong><\/td><td><strong>Elenco<\/strong><\/td><td class=\"has-text-align-left\" data-align=\"left\"><strong>Asistencia t\u00e9cnica<\/strong><\/td><\/tr><tr><td>Directora: Ginna Alexandra Narv\u00e1ez<\/td><td>Cristian Castiblanco<\/td><td class=\"has-text-align-left\" data-align=\"left\">Omar Dom\u00ednguez<\/td><\/tr><tr><td>Productora: Yamile Velosa<\/td><td>Claudia Osejo<\/td><td class=\"has-text-align-left\" data-align=\"left\">Yeison Ram\u00edrez<\/td><\/tr><tr><td>Dramaturga: Paola Barrera<\/td><td>Jagdy L\u00f3pez<\/td><td class=\"has-text-align-left\" data-align=\"left\"><\/td><\/tr><tr><td><\/td><td>Yulieth S\u00e1nchez<\/td><td class=\"has-text-align-left\" data-align=\"left\"><\/td><\/tr><tr><td><\/td><td>Alberto Carde\u00f1o<\/td><td class=\"has-text-align-left\" data-align=\"left\"><\/td><\/tr><tr><td><\/td><td>Juan Carlos Yela<\/td><td class=\"has-text-align-left\" data-align=\"left\"><\/td><\/tr><\/tbody><\/table><\/figure>\n\n\n\n<p>Si desea conocer la oferta del Crea consulte aqu\u00ed para mayor informaci\u00f3n: <\/p>\n\n\n\n<p>\ud83d\udc49 Puedes dirigirte al \ud83d\udccd<a href=\"https:\/\/goo.gl\/maps\/stMPDFxwGMGRKkfT8\" data-type=\"URL\" data-id=\"https:\/\/goo.gl\/maps\/stMPDFxwGMGRKkfT8\">Crea Cantarrana<\/a>\ud83d\udccd de lunes a viernes de 7:00 Am a 5:00 Pm y los s\u00e1bados de 8:Am a 12:00 Pm <\/p>\n\n\n\n<p> \ud83d\udc49 Consultar nuestra <a href=\"https:\/\/sif.idartes.gov.co\/sif\/framework\/crea\/territorial\/oferta\/oferta-disponible\" data-type=\"URL\" data-id=\"https:\/\/sif.idartes.gov.co\/sif\/framework\/crea\/territorial\/oferta\/oferta-disponible\">oferta disponible <\/a><\/p>\n\n\n\n<p>\ud83d\udc49Contactarnos a 3795750 Ext: 5287 y 5288 <\/p>\n\n\n\n<p>\ud83d\udc49Escribirnos al <a href=\"https:\/\/api.whatsapp.com\/send?phone=573134084696&amp;text=&amp;source=&amp;data=&amp;app_absent=\" data-type=\"URL\" data-id=\"https:\/\/api.whatsapp.com\/send?phone=573134084696&amp;text=&amp;source=&amp;data=&amp;app_absent=\">Whats App 3134084696<\/a><\/p>\n\n\n\n<p>\ud83d\udc49 crea.cantarana@idartes.gov.co<\/p>\n","protected":false},"excerpt":{"rendered":"<p>08 y 09 de septiembre 10:00 am y 3:00 pm Es una comedia que nos narra la vida campesina colombiana a trav\u00e9s del amor y el ciclismo. En esta historia nuestros protagonistas Jairo y Bel\u00e9n se enamoran, pero son separados por el destino, hasta que un golpe de suerte los re\u00fane en la bella Par\u00eds. [&hellip;]<\/p>\n","protected":false},"author":52,"featured_media":272,"comment_status":"open","ping_status":"open","sticky":false,"template":"","format":"standard","meta":{"footnotes":""},"categories":[1],"tags":[],"class_list":["post-271","post","type-post","status-publish","format-standard","has-post-thumbnail","hentry","category-sin-categoria"],"yoast_head":"<!-- This site is optimized with the Yoast SEO plugin v24.5 - https:\/\/yoast.com\/wordpress\/plugins\/seo\/ -->\n<title>El Crea Cantarrana abre el tel\u00f3n con &quot;Loquito por sumerce&quot; - Crea Cantarrana<\/title>\n<meta name=\"robots\" content=\"index, follow, max-snippet:-1, max-image-preview:large, max-video-preview:-1\" \/>\n<link rel=\"canonical\" href=\"https:\/\/www.crea.gov.co\/crea-cantarrana\/el-crea-cantarrana-abre-el-telon-con-loquito-por-sumerced\/\" \/>\n<meta property=\"og:locale\" content=\"es_ES\" \/>\n<meta property=\"og:type\" content=\"article\" \/>\n<meta property=\"og:title\" content=\"El Crea Cantarrana abre el tel\u00f3n con &quot;Loquito por sumerce&quot; - Crea Cantarrana\" \/>\n<meta property=\"og:description\" content=\"08 y 09 de septiembre 10:00 am y 3:00 pm Es una comedia que nos narra la vida campesina colombiana a trav\u00e9s del amor y el ciclismo. En esta historia nuestros protagonistas Jairo y Bel\u00e9n se enamoran, pero son separados por el destino, hasta que un golpe de suerte los re\u00fane en la bella Par\u00eds. [&hellip;]\" \/>\n<meta property=\"og:url\" content=\"https:\/\/www.crea.gov.co\/crea-cantarrana\/el-crea-cantarrana-abre-el-telon-con-loquito-por-sumerced\/\" \/>\n<meta property=\"og:site_name\" content=\"Crea Cantarrana\" \/>\n<meta property=\"article:published_time\" content=\"2022-09-03T15:46:36+00:00\" \/>\n<meta property=\"article:modified_time\" content=\"2022-09-03T15:50:15+00:00\" \/>\n<meta property=\"og:image\" content=\"https:\/\/www.crea.gov.co\/crea-cantarrana\/wp-content\/uploads\/sites\/17\/2022\/09\/Invitacion-General-1_page-0001.jpg\" \/>\n\t<meta property=\"og:image:width\" content=\"827\" \/>\n\t<meta property=\"og:image:height\" content=\"827\" \/>\n\t<meta property=\"og:image:type\" content=\"image\/jpeg\" \/>\n<meta name=\"author\" content=\"andreabuitrago\" \/>\n<meta name=\"twitter:card\" content=\"summary_large_image\" \/>\n<meta name=\"twitter:label1\" content=\"Escrito por\" \/>\n\t<meta name=\"twitter:data1\" content=\"andreabuitrago\" \/>\n\t<meta name=\"twitter:label2\" content=\"Tiempo de lectura\" \/>\n\t<meta name=\"twitter:data2\" content=\"2 minutos\" \/>\n<script type=\"application\/ld+json\" class=\"yoast-schema-graph\">{\"@context\":\"https:\/\/schema.org\",\"@graph\":[{\"@type\":\"WebPage\",\"@id\":\"https:\/\/www.crea.gov.co\/crea-cantarrana\/el-crea-cantarrana-abre-el-telon-con-loquito-por-sumerced\/\",\"url\":\"https:\/\/www.crea.gov.co\/crea-cantarrana\/el-crea-cantarrana-abre-el-telon-con-loquito-por-sumerced\/\",\"name\":\"El Crea Cantarrana abre el tel\u00f3n con \\\"Loquito por sumerce\\\" - Crea Cantarrana\",\"isPartOf\":{\"@id\":\"https:\/\/www.crea.gov.co\/crea-cantarrana\/#website\"},\"primaryImageOfPage\":{\"@id\":\"https:\/\/www.crea.gov.co\/crea-cantarrana\/el-crea-cantarrana-abre-el-telon-con-loquito-por-sumerced\/#primaryimage\"},\"image\":{\"@id\":\"https:\/\/www.crea.gov.co\/crea-cantarrana\/el-crea-cantarrana-abre-el-telon-con-loquito-por-sumerced\/#primaryimage\"},\"thumbnailUrl\":\"https:\/\/www.crea.gov.co\/crea-cantarrana\/wp-content\/uploads\/sites\/17\/2022\/09\/Invitacion-General-1_page-0001.jpg\",\"datePublished\":\"2022-09-03T15:46:36+00:00\",\"dateModified\":\"2022-09-03T15:50:15+00:00\",\"author\":{\"@id\":\"https:\/\/www.crea.gov.co\/crea-cantarrana\/#\/schema\/person\/cd88a2bb5a059a97b34a2c9b19a9ec08\"},\"breadcrumb\":{\"@id\":\"https:\/\/www.crea.gov.co\/crea-cantarrana\/el-crea-cantarrana-abre-el-telon-con-loquito-por-sumerced\/#breadcrumb\"},\"inLanguage\":\"es-CO\",\"potentialAction\":[{\"@type\":\"ReadAction\",\"target\":[\"https:\/\/www.crea.gov.co\/crea-cantarrana\/el-crea-cantarrana-abre-el-telon-con-loquito-por-sumerced\/\"]}]},{\"@type\":\"ImageObject\",\"inLanguage\":\"es-CO\",\"@id\":\"https:\/\/www.crea.gov.co\/crea-cantarrana\/el-crea-cantarrana-abre-el-telon-con-loquito-por-sumerced\/#primaryimage\",\"url\":\"https:\/\/www.crea.gov.co\/crea-cantarrana\/wp-content\/uploads\/sites\/17\/2022\/09\/Invitacion-General-1_page-0001.jpg\",\"contentUrl\":\"https:\/\/www.crea.gov.co\/crea-cantarrana\/wp-content\/uploads\/sites\/17\/2022\/09\/Invitacion-General-1_page-0001.jpg\",\"width\":827,\"height\":827},{\"@type\":\"BreadcrumbList\",\"@id\":\"https:\/\/www.crea.gov.co\/crea-cantarrana\/el-crea-cantarrana-abre-el-telon-con-loquito-por-sumerced\/#breadcrumb\",\"itemListElement\":[{\"@type\":\"ListItem\",\"position\":1,\"name\":\"Home\",\"item\":\"https:\/\/www.crea.gov.co\/crea-cantarrana\/\"},{\"@type\":\"ListItem\",\"position\":2,\"name\":\"El Crea Cantarrana abre el tel\u00f3n con &#8220;Loquito por sumerce&#8221;\"}]},{\"@type\":\"WebSite\",\"@id\":\"https:\/\/www.crea.gov.co\/crea-cantarrana\/#website\",\"url\":\"https:\/\/www.crea.gov.co\/crea-cantarrana\/\",\"name\":\"Crea Cantarrana\",\"description\":\"En el sur de Bogot\u00e1, el campo y la ciudad dialogan. La tradici\u00f3n campesina y la creatividad urbana se encuentran bajo un domo que invita a ver el arte desde nuevas perspectivas. Es un espacio donde la comunidad transforma su d\u00eda a d\u00eda en historias, m\u00fasica y color, y donde la memoria rural se reinventa a cada paso.\",\"potentialAction\":[{\"@type\":\"SearchAction\",\"target\":{\"@type\":\"EntryPoint\",\"urlTemplate\":\"https:\/\/www.crea.gov.co\/crea-cantarrana\/?s={search_term_string}\"},\"query-input\":{\"@type\":\"PropertyValueSpecification\",\"valueRequired\":true,\"valueName\":\"search_term_string\"}}],\"inLanguage\":\"es-CO\"},{\"@type\":\"Person\",\"@id\":\"https:\/\/www.crea.gov.co\/crea-cantarrana\/#\/schema\/person\/cd88a2bb5a059a97b34a2c9b19a9ec08\",\"name\":\"andreabuitrago\",\"image\":{\"@type\":\"ImageObject\",\"inLanguage\":\"es-CO\",\"@id\":\"https:\/\/www.crea.gov.co\/crea-cantarrana\/#\/schema\/person\/image\/\",\"url\":\"https:\/\/secure.gravatar.com\/avatar\/e6b54eb2c91227e6015338d3251762db?s=96&d=mm&r=g\",\"contentUrl\":\"https:\/\/secure.gravatar.com\/avatar\/e6b54eb2c91227e6015338d3251762db?s=96&d=mm&r=g\",\"caption\":\"andreabuitrago\"},\"url\":\"https:\/\/www.crea.gov.co\/crea-cantarrana\/author\/andreabuitrago\/\"}]}<\/script>\n<!-- \/ Yoast SEO plugin. -->","yoast_head_json":{"title":"El Crea Cantarrana abre el tel\u00f3n con \"Loquito por sumerce\" - Crea Cantarrana","robots":{"index":"index","follow":"follow","max-snippet":"max-snippet:-1","max-image-preview":"max-image-preview:large","max-video-preview":"max-video-preview:-1"},"canonical":"https:\/\/www.crea.gov.co\/crea-cantarrana\/el-crea-cantarrana-abre-el-telon-con-loquito-por-sumerced\/","og_locale":"es_ES","og_type":"article","og_title":"El Crea Cantarrana abre el tel\u00f3n con \"Loquito por sumerce\" - Crea Cantarrana","og_description":"08 y 09 de septiembre 10:00 am y 3:00 pm Es una comedia que nos narra la vida campesina colombiana a trav\u00e9s del amor y el ciclismo. En esta historia nuestros protagonistas Jairo y Bel\u00e9n se enamoran, pero son separados por el destino, hasta que un golpe de suerte los re\u00fane en la bella Par\u00eds. [&hellip;]","og_url":"https:\/\/www.crea.gov.co\/crea-cantarrana\/el-crea-cantarrana-abre-el-telon-con-loquito-por-sumerced\/","og_site_name":"Crea Cantarrana","article_published_time":"2022-09-03T15:46:36+00:00","article_modified_time":"2022-09-03T15:50:15+00:00","og_image":[{"width":827,"height":827,"url":"https:\/\/www.crea.gov.co\/crea-cantarrana\/wp-content\/uploads\/sites\/17\/2022\/09\/Invitacion-General-1_page-0001.jpg","type":"image\/jpeg"}],"author":"andreabuitrago","twitter_card":"summary_large_image","twitter_misc":{"Escrito por":"andreabuitrago","Tiempo de lectura":"2 minutos"},"schema":{"@context":"https:\/\/schema.org","@graph":[{"@type":"WebPage","@id":"https:\/\/www.crea.gov.co\/crea-cantarrana\/el-crea-cantarrana-abre-el-telon-con-loquito-por-sumerced\/","url":"https:\/\/www.crea.gov.co\/crea-cantarrana\/el-crea-cantarrana-abre-el-telon-con-loquito-por-sumerced\/","name":"El Crea Cantarrana abre el tel\u00f3n con \"Loquito por sumerce\" - Crea Cantarrana","isPartOf":{"@id":"https:\/\/www.crea.gov.co\/crea-cantarrana\/#website"},"primaryImageOfPage":{"@id":"https:\/\/www.crea.gov.co\/crea-cantarrana\/el-crea-cantarrana-abre-el-telon-con-loquito-por-sumerced\/#primaryimage"},"image":{"@id":"https:\/\/www.crea.gov.co\/crea-cantarrana\/el-crea-cantarrana-abre-el-telon-con-loquito-por-sumerced\/#primaryimage"},"thumbnailUrl":"https:\/\/www.crea.gov.co\/crea-cantarrana\/wp-content\/uploads\/sites\/17\/2022\/09\/Invitacion-General-1_page-0001.jpg","datePublished":"2022-09-03T15:46:36+00:00","dateModified":"2022-09-03T15:50:15+00:00","author":{"@id":"https:\/\/www.crea.gov.co\/crea-cantarrana\/#\/schema\/person\/cd88a2bb5a059a97b34a2c9b19a9ec08"},"breadcrumb":{"@id":"https:\/\/www.crea.gov.co\/crea-cantarrana\/el-crea-cantarrana-abre-el-telon-con-loquito-por-sumerced\/#breadcrumb"},"inLanguage":"es-CO","potentialAction":[{"@type":"ReadAction","target":["https:\/\/www.crea.gov.co\/crea-cantarrana\/el-crea-cantarrana-abre-el-telon-con-loquito-por-sumerced\/"]}]},{"@type":"ImageObject","inLanguage":"es-CO","@id":"https:\/\/www.crea.gov.co\/crea-cantarrana\/el-crea-cantarrana-abre-el-telon-con-loquito-por-sumerced\/#primaryimage","url":"https:\/\/www.crea.gov.co\/crea-cantarrana\/wp-content\/uploads\/sites\/17\/2022\/09\/Invitacion-General-1_page-0001.jpg","contentUrl":"https:\/\/www.crea.gov.co\/crea-cantarrana\/wp-content\/uploads\/sites\/17\/2022\/09\/Invitacion-General-1_page-0001.jpg","width":827,"height":827},{"@type":"BreadcrumbList","@id":"https:\/\/www.crea.gov.co\/crea-cantarrana\/el-crea-cantarrana-abre-el-telon-con-loquito-por-sumerced\/#breadcrumb","itemListElement":[{"@type":"ListItem","position":1,"name":"Home","item":"https:\/\/www.crea.gov.co\/crea-cantarrana\/"},{"@type":"ListItem","position":2,"name":"El Crea Cantarrana abre el tel\u00f3n con &#8220;Loquito por sumerce&#8221;"}]},{"@type":"WebSite","@id":"https:\/\/www.crea.gov.co\/crea-cantarrana\/#website","url":"https:\/\/www.crea.gov.co\/crea-cantarrana\/","name":"Crea Cantarrana","description":"En el sur de Bogot\u00e1, el campo y la ciudad dialogan. La tradici\u00f3n campesina y la creatividad urbana se encuentran bajo un domo que invita a ver el arte desde nuevas perspectivas. Es un espacio donde la comunidad transforma su d\u00eda a d\u00eda en historias, m\u00fasica y color, y donde la memoria rural se reinventa a cada paso.","potentialAction":[{"@type":"SearchAction","target":{"@type":"EntryPoint","urlTemplate":"https:\/\/www.crea.gov.co\/crea-cantarrana\/?s={search_term_string}"},"query-input":{"@type":"PropertyValueSpecification","valueRequired":true,"valueName":"search_term_string"}}],"inLanguage":"es-CO"},{"@type":"Person","@id":"https:\/\/www.crea.gov.co\/crea-cantarrana\/#\/schema\/person\/cd88a2bb5a059a97b34a2c9b19a9ec08","name":"andreabuitrago","image":{"@type":"ImageObject","inLanguage":"es-CO","@id":"https:\/\/www.crea.gov.co\/crea-cantarrana\/#\/schema\/person\/image\/","url":"https:\/\/secure.gravatar.com\/avatar\/e6b54eb2c91227e6015338d3251762db?s=96&d=mm&r=g","contentUrl":"https:\/\/secure.gravatar.com\/avatar\/e6b54eb2c91227e6015338d3251762db?s=96&d=mm&r=g","caption":"andreabuitrago"},"url":"https:\/\/www.crea.gov.co\/crea-cantarrana\/author\/andreabuitrago\/"}]}},"_links":{"self":[{"href":"https:\/\/www.crea.gov.co\/crea-cantarrana\/wp-json\/wp\/v2\/posts\/271","targetHints":{"allow":["GET"]}}],"collection":[{"href":"https:\/\/www.crea.gov.co\/crea-cantarrana\/wp-json\/wp\/v2\/posts"}],"about":[{"href":"https:\/\/www.crea.gov.co\/crea-cantarrana\/wp-json\/wp\/v2\/types\/post"}],"author":[{"embeddable":true,"href":"https:\/\/www.crea.gov.co\/crea-cantarrana\/wp-json\/wp\/v2\/users\/52"}],"replies":[{"embeddable":true,"href":"https:\/\/www.crea.gov.co\/crea-cantarrana\/wp-json\/wp\/v2\/comments?post=271"}],"version-history":[{"count":4,"href":"https:\/\/www.crea.gov.co\/crea-cantarrana\/wp-json\/wp\/v2\/posts\/271\/revisions"}],"predecessor-version":[{"id":276,"href":"https:\/\/www.crea.gov.co\/crea-cantarrana\/wp-json\/wp\/v2\/posts\/271\/revisions\/276"}],"wp:featuredmedia":[{"embeddable":true,"href":"https:\/\/www.crea.gov.co\/crea-cantarrana\/wp-json\/wp\/v2\/media\/272"}],"wp:attachment":[{"href":"https:\/\/www.crea.gov.co\/crea-cantarrana\/wp-json\/wp\/v2\/media?parent=271"}],"wp:term":[{"taxonomy":"category","embeddable":true,"href":"https:\/\/www.crea.gov.co\/crea-cantarrana\/wp-json\/wp\/v2\/categories?post=271"},{"taxonomy":"post_tag","embeddable":true,"href":"https:\/\/www.crea.gov.co\/crea-cantarrana\/wp-json\/wp\/v2\/tags?post=271"}],"curies":[{"name":"wp","href":"https:\/\/api.w.org\/{rel}","templated":true}]}}