{"id":235,"date":"2022-06-23T17:19:50","date_gmt":"2022-06-23T17:19:50","guid":{"rendered":"https:\/\/www.crea.gov.co\/crea-cantarrana\/?post_type=news&#038;p=235"},"modified":"2022-06-24T14:03:52","modified_gmt":"2022-06-24T14:03:52","slug":"crea-tu-podcast","status":"publish","type":"post","link":"https:\/\/www.crea.gov.co\/crea-cantarrana\/crea-tu-podcast\/","title":{"rendered":"CREA TU PODCAST"},"content":{"rendered":"\n<p>18-06-2022<\/p>\n\n\n\n<figure class=\"wp-block-video\"><video controls src=\"https:\/\/www.crea.gov.co\/crea-cantarrana\/wp-content\/uploads\/sites\/17\/2022\/06\/2.-Podcast.mp4\"><\/video><\/figure>\n\n\n\n<p>En el marco de las muestras del primer semestre del colegio El <strong><a href=\"https:\/\/www.redacademica.edu.co\/colegios\/colegio-el-virrey-jose-solis-ied\">El Virrey Solis<\/a><\/strong>, los ni\u00f1os y ni\u00f1as del grupo de Audiovisuales a cargo del Artista Formador Herley Duv\u00e1n Rodr\u00edguez nos ense\u00f1aron el trabajo que a lo largo de este proceso han desarrollado, una muestra arm\u00f3nica de los actores que intervienen en un proceso fotogr\u00e1fico. Adem\u00e1s, como otro de los procesos de formaci\u00f3n, el grupo plante\u00f3 con el Artista la creaci\u00f3n de un Podcast como formato para relatar las experiencias en el taller, entre otros temas.  El estreno oficial de <em><strong>CREA TU PODCAST<\/strong><\/em> y los resultados del proceso de este maravilloso trabajo, fueron presentados el 18 de junio en el <strong><a href=\"https:\/\/www.crea.gov.co\/crea-cantarrana\">Crea Cantarrana<\/a><\/strong>.<\/p>\n\n\n\n<div class=\"wp-block-columns is-layout-flex wp-container-core-columns-is-layout-1 wp-block-columns-is-layout-flex\">\n<div class=\"wp-block-column is-layout-flow wp-block-column-is-layout-flow\" style=\"flex-basis:100%\">\n<figure class=\"wp-block-gallery columns-3 is-cropped wp-block-gallery-1 is-layout-flex wp-block-gallery-is-layout-flex\"><ul class=\"blocks-gallery-grid\"><li class=\"blocks-gallery-item\"><figure><img loading=\"lazy\" decoding=\"async\" width=\"1024\" height=\"683\" src=\"https:\/\/www.crea.gov.co\/crea-cantarrana\/wp-content\/uploads\/sites\/17\/2022\/06\/1-1024x683.jpg\" alt=\"\" data-id=\"237\" class=\"wp-image-237\" srcset=\"https:\/\/www.crea.gov.co\/crea-cantarrana\/wp-content\/uploads\/sites\/17\/2022\/06\/1-1024x683.jpg 1024w, https:\/\/www.crea.gov.co\/crea-cantarrana\/wp-content\/uploads\/sites\/17\/2022\/06\/1-300x200.jpg 300w, https:\/\/www.crea.gov.co\/crea-cantarrana\/wp-content\/uploads\/sites\/17\/2022\/06\/1-768x512.jpg 768w, https:\/\/www.crea.gov.co\/crea-cantarrana\/wp-content\/uploads\/sites\/17\/2022\/06\/1-1536x1024.jpg 1536w, https:\/\/www.crea.gov.co\/crea-cantarrana\/wp-content\/uploads\/sites\/17\/2022\/06\/1-2048x1365.jpg 2048w\" sizes=\"auto, (max-width: 1024px) 100vw, 1024px\" \/><\/figure><\/li><li class=\"blocks-gallery-item\"><figure><img loading=\"lazy\" decoding=\"async\" width=\"1024\" height=\"683\" src=\"https:\/\/www.crea.gov.co\/crea-cantarrana\/wp-content\/uploads\/sites\/17\/2022\/06\/5-1024x683.jpg\" alt=\"\" data-id=\"238\" data-full-url=\"https:\/\/www.crea.gov.co\/crea-cantarrana\/wp-content\/uploads\/sites\/17\/2022\/06\/5-scaled.jpg\" data-link=\"https:\/\/www.crea.gov.co\/crea-cantarrana\/?attachment_id=238\" class=\"wp-image-238\" srcset=\"https:\/\/www.crea.gov.co\/crea-cantarrana\/wp-content\/uploads\/sites\/17\/2022\/06\/5-1024x683.jpg 1024w, https:\/\/www.crea.gov.co\/crea-cantarrana\/wp-content\/uploads\/sites\/17\/2022\/06\/5-300x200.jpg 300w, https:\/\/www.crea.gov.co\/crea-cantarrana\/wp-content\/uploads\/sites\/17\/2022\/06\/5-768x512.jpg 768w, https:\/\/www.crea.gov.co\/crea-cantarrana\/wp-content\/uploads\/sites\/17\/2022\/06\/5-1536x1024.jpg 1536w, https:\/\/www.crea.gov.co\/crea-cantarrana\/wp-content\/uploads\/sites\/17\/2022\/06\/5-2048x1365.jpg 2048w\" sizes=\"auto, (max-width: 1024px) 100vw, 1024px\" \/><\/figure><\/li><li class=\"blocks-gallery-item\"><figure><img loading=\"lazy\" decoding=\"async\" width=\"1024\" height=\"683\" src=\"https:\/\/www.crea.gov.co\/crea-cantarrana\/wp-content\/uploads\/sites\/17\/2022\/06\/4-1024x683.jpg\" alt=\"\" data-id=\"239\" data-full-url=\"https:\/\/www.crea.gov.co\/crea-cantarrana\/wp-content\/uploads\/sites\/17\/2022\/06\/4-scaled.jpg\" data-link=\"https:\/\/www.crea.gov.co\/crea-cantarrana\/?attachment_id=239\" class=\"wp-image-239\" srcset=\"https:\/\/www.crea.gov.co\/crea-cantarrana\/wp-content\/uploads\/sites\/17\/2022\/06\/4-1024x683.jpg 1024w, https:\/\/www.crea.gov.co\/crea-cantarrana\/wp-content\/uploads\/sites\/17\/2022\/06\/4-300x200.jpg 300w, https:\/\/www.crea.gov.co\/crea-cantarrana\/wp-content\/uploads\/sites\/17\/2022\/06\/4-768x512.jpg 768w, https:\/\/www.crea.gov.co\/crea-cantarrana\/wp-content\/uploads\/sites\/17\/2022\/06\/4-1536x1024.jpg 1536w, https:\/\/www.crea.gov.co\/crea-cantarrana\/wp-content\/uploads\/sites\/17\/2022\/06\/4-2048x1365.jpg 2048w\" sizes=\"auto, (max-width: 1024px) 100vw, 1024px\" \/><\/figure><\/li><li class=\"blocks-gallery-item\"><figure><img loading=\"lazy\" decoding=\"async\" width=\"1024\" height=\"683\" src=\"https:\/\/www.crea.gov.co\/crea-cantarrana\/wp-content\/uploads\/sites\/17\/2022\/06\/3-1024x683.jpg\" alt=\"\" data-id=\"240\" data-full-url=\"https:\/\/www.crea.gov.co\/crea-cantarrana\/wp-content\/uploads\/sites\/17\/2022\/06\/3-scaled.jpg\" data-link=\"https:\/\/www.crea.gov.co\/crea-cantarrana\/?attachment_id=240\" class=\"wp-image-240\" srcset=\"https:\/\/www.crea.gov.co\/crea-cantarrana\/wp-content\/uploads\/sites\/17\/2022\/06\/3-1024x683.jpg 1024w, https:\/\/www.crea.gov.co\/crea-cantarrana\/wp-content\/uploads\/sites\/17\/2022\/06\/3-300x200.jpg 300w, https:\/\/www.crea.gov.co\/crea-cantarrana\/wp-content\/uploads\/sites\/17\/2022\/06\/3-768x512.jpg 768w, https:\/\/www.crea.gov.co\/crea-cantarrana\/wp-content\/uploads\/sites\/17\/2022\/06\/3-1536x1024.jpg 1536w, https:\/\/www.crea.gov.co\/crea-cantarrana\/wp-content\/uploads\/sites\/17\/2022\/06\/3-2048x1365.jpg 2048w\" sizes=\"auto, (max-width: 1024px) 100vw, 1024px\" \/><\/figure><\/li><li class=\"blocks-gallery-item\"><figure><img loading=\"lazy\" decoding=\"async\" width=\"1024\" height=\"683\" src=\"https:\/\/www.crea.gov.co\/crea-cantarrana\/wp-content\/uploads\/sites\/17\/2022\/06\/2-1024x683.jpg\" alt=\"\" data-id=\"241\" data-full-url=\"https:\/\/www.crea.gov.co\/crea-cantarrana\/wp-content\/uploads\/sites\/17\/2022\/06\/2-scaled.jpg\" data-link=\"https:\/\/www.crea.gov.co\/crea-cantarrana\/?attachment_id=241\" class=\"wp-image-241\" srcset=\"https:\/\/www.crea.gov.co\/crea-cantarrana\/wp-content\/uploads\/sites\/17\/2022\/06\/2-1024x683.jpg 1024w, https:\/\/www.crea.gov.co\/crea-cantarrana\/wp-content\/uploads\/sites\/17\/2022\/06\/2-300x200.jpg 300w, https:\/\/www.crea.gov.co\/crea-cantarrana\/wp-content\/uploads\/sites\/17\/2022\/06\/2-768x512.jpg 768w, https:\/\/www.crea.gov.co\/crea-cantarrana\/wp-content\/uploads\/sites\/17\/2022\/06\/2-1536x1024.jpg 1536w, https:\/\/www.crea.gov.co\/crea-cantarrana\/wp-content\/uploads\/sites\/17\/2022\/06\/2-2048x1365.jpg 2048w\" sizes=\"auto, (max-width: 1024px) 100vw, 1024px\" \/><\/figure><\/li><\/ul><\/figure>\n<\/div>\n<\/div>\n\n\n\n<p>&#8220;El trabaj\u00f3 en adquirir durante este<br>primer periodo de 2022 todos los insumos t\u00e9cnico-expresivos necesarios para comprender y<br>dominar el lenguaje audiovisual. El apropiarse del espacio de formaci\u00f3n le ha permitido introducirse<br>en una etapa inicial de creaci\u00f3n, en la que todo lo aprendido se ha puesto a disposici\u00f3n de la misma<br>para obtener resultados integrales.<br>Para esta ocasi\u00f3n el grupo trabaj\u00f3 en una sesi\u00f3n fotogr\u00e1fica con el fin de ense\u00f1ar al espectador la<br>importancia de la \u2018fotograf\u00eda\u2019, t\u00e9rmino t\u00e9cnico empleado para referirse a la iluminaci\u00f3n y la<br>manipulaci\u00f3n de la misma, plasmando dos de los esquemas de iluminaci\u00f3n m\u00e1s comunes como lo<br>son el contraluz y el triangular b\u00e1sico. Cabe resaltar que las im\u00e1genes obtenidas fueron logradas por<br>todo el grupo y no por un solo fot\u00f3grafo.<br>Posteriormente el material fue presentado en las muestras finales llevadas a cabo en Crea<br>Cantarrana a trav\u00e9s de una puesta en escena de formato podcast, el cual fue producido y cubierto<br>por el grupo mismo, que tambi\u00e9n cuenta ya con los conocimientos para desarrollar contenidos que<br>exijan trabajar con la imagen en movimiento. Se espera dar continuidad a la formaci\u00f3n para<br>construir una propuesta audiovisual innovadora.&#8221; Expresa el Artista Formador Herley Duv\u00e1n Rodr\u00edguez.<\/p>\n\n\n\n<p>Para mayor informaci\u00f3n: <\/p>\n\n\n\n<p>\ud83d\udc49 Puedes dirigirte al \ud83d\udccd<a href=\"https:\/\/goo.gl\/maps\/stMPDFxwGMGRKkfT8\" data-type=\"URL\" data-id=\"https:\/\/goo.gl\/maps\/stMPDFxwGMGRKkfT8\">Crea Cantarrana<\/a>\ud83d\udccd de lunes a viernes de 7:00 Am a 5:00 Pm y los s\u00e1bados de 8:Am a 12:00 Pm <\/p>\n\n\n\n<p> \ud83d\udc49 Consultar nuestra <a href=\"https:\/\/sif.idartes.gov.co\/sif\/framework\/crea\/territorial\/oferta\/oferta-disponible\" data-type=\"URL\" data-id=\"https:\/\/sif.idartes.gov.co\/sif\/framework\/crea\/territorial\/oferta\/oferta-disponible\">oferta disponible <\/a><\/p>\n\n\n\n<p>\ud83d\udc49Contactarnos a 3795750 Ext: 5287 y 5288 <\/p>\n\n\n\n<p>\ud83d\udc49Escribirnos al <a href=\"https:\/\/api.whatsapp.com\/send?phone=573134084696&amp;text=&amp;source=&amp;data=&amp;app_absent=\" data-type=\"URL\" data-id=\"https:\/\/api.whatsapp.com\/send?phone=573134084696&amp;text=&amp;source=&amp;data=&amp;app_absent=\">Whats App 3134084696<\/a><\/p>\n\n\n\n<p>\ud83d\udc49 crea.cantarana@idartes.gov.co<\/p>\n\n\n\n<p><\/p>\n\n\n\n<p><\/p>\n","protected":false},"excerpt":{"rendered":"<p>18-06-2022 En el marco de las muestras del primer semestre del colegio El El Virrey Solis, los ni\u00f1os y ni\u00f1as del grupo de Audiovisuales a cargo del Artista Formador Herley Duv\u00e1n Rodr\u00edguez nos ense\u00f1aron el trabajo que a lo largo de este proceso han desarrollado, una muestra arm\u00f3nica de los actores que intervienen en un [&hellip;]<\/p>\n","protected":false},"author":52,"featured_media":239,"comment_status":"open","ping_status":"closed","sticky":false,"template":"","format":"standard","meta":{"footnotes":""},"categories":[],"tags":[],"class_list":["post-235","post","type-post","status-publish","format-standard","has-post-thumbnail","hentry"],"yoast_head":"<!-- This site is optimized with the Yoast SEO plugin v24.5 - https:\/\/yoast.com\/wordpress\/plugins\/seo\/ -->\n<title>CREA TU PODCAST - Crea Cantarrana<\/title>\n<meta name=\"robots\" content=\"index, follow, max-snippet:-1, max-image-preview:large, max-video-preview:-1\" \/>\n<link rel=\"canonical\" href=\"https:\/\/www.crea.gov.co\/crea-cantarrana\/crea-tu-podcast\/\" \/>\n<meta property=\"og:locale\" content=\"es_ES\" \/>\n<meta property=\"og:type\" content=\"article\" \/>\n<meta property=\"og:title\" content=\"CREA TU PODCAST - Crea Cantarrana\" \/>\n<meta property=\"og:description\" content=\"18-06-2022 En el marco de las muestras del primer semestre del colegio El El Virrey Solis, los ni\u00f1os y ni\u00f1as del grupo de Audiovisuales a cargo del Artista Formador Herley Duv\u00e1n Rodr\u00edguez nos ense\u00f1aron el trabajo que a lo largo de este proceso han desarrollado, una muestra arm\u00f3nica de los actores que intervienen en un [&hellip;]\" \/>\n<meta property=\"og:url\" content=\"https:\/\/www.crea.gov.co\/crea-cantarrana\/crea-tu-podcast\/\" \/>\n<meta property=\"og:site_name\" content=\"Crea Cantarrana\" \/>\n<meta property=\"article:published_time\" content=\"2022-06-23T17:19:50+00:00\" \/>\n<meta property=\"article:modified_time\" content=\"2022-06-24T14:03:52+00:00\" \/>\n<meta property=\"og:image\" content=\"https:\/\/www.crea.gov.co\/crea-cantarrana\/wp-content\/uploads\/sites\/17\/2022\/06\/4-scaled.jpg\" \/>\n\t<meta property=\"og:image:width\" content=\"2560\" \/>\n\t<meta property=\"og:image:height\" content=\"1707\" \/>\n\t<meta property=\"og:image:type\" content=\"image\/jpeg\" \/>\n<meta name=\"author\" content=\"andreabuitrago\" \/>\n<meta name=\"twitter:card\" content=\"summary_large_image\" \/>\n<meta name=\"twitter:label1\" content=\"Escrito por\" \/>\n\t<meta name=\"twitter:data1\" content=\"andreabuitrago\" \/>\n\t<meta name=\"twitter:label2\" content=\"Tiempo de lectura\" \/>\n\t<meta name=\"twitter:data2\" content=\"2 minutos\" \/>\n<script type=\"application\/ld+json\" class=\"yoast-schema-graph\">{\"@context\":\"https:\/\/schema.org\",\"@graph\":[{\"@type\":\"WebPage\",\"@id\":\"https:\/\/www.crea.gov.co\/crea-cantarrana\/crea-tu-podcast\/\",\"url\":\"https:\/\/www.crea.gov.co\/crea-cantarrana\/crea-tu-podcast\/\",\"name\":\"CREA TU PODCAST - Crea Cantarrana\",\"isPartOf\":{\"@id\":\"https:\/\/www.crea.gov.co\/crea-cantarrana\/#website\"},\"primaryImageOfPage\":{\"@id\":\"https:\/\/www.crea.gov.co\/crea-cantarrana\/crea-tu-podcast\/#primaryimage\"},\"image\":{\"@id\":\"https:\/\/www.crea.gov.co\/crea-cantarrana\/crea-tu-podcast\/#primaryimage\"},\"thumbnailUrl\":\"https:\/\/www.crea.gov.co\/crea-cantarrana\/wp-content\/uploads\/sites\/17\/2022\/06\/4-scaled.jpg\",\"datePublished\":\"2022-06-23T17:19:50+00:00\",\"dateModified\":\"2022-06-24T14:03:52+00:00\",\"author\":{\"@id\":\"https:\/\/www.crea.gov.co\/crea-cantarrana\/#\/schema\/person\/cd88a2bb5a059a97b34a2c9b19a9ec08\"},\"breadcrumb\":{\"@id\":\"https:\/\/www.crea.gov.co\/crea-cantarrana\/crea-tu-podcast\/#breadcrumb\"},\"inLanguage\":\"es-CO\",\"potentialAction\":[{\"@type\":\"ReadAction\",\"target\":[\"https:\/\/www.crea.gov.co\/crea-cantarrana\/crea-tu-podcast\/\"]}]},{\"@type\":\"ImageObject\",\"inLanguage\":\"es-CO\",\"@id\":\"https:\/\/www.crea.gov.co\/crea-cantarrana\/crea-tu-podcast\/#primaryimage\",\"url\":\"https:\/\/www.crea.gov.co\/crea-cantarrana\/wp-content\/uploads\/sites\/17\/2022\/06\/4-scaled.jpg\",\"contentUrl\":\"https:\/\/www.crea.gov.co\/crea-cantarrana\/wp-content\/uploads\/sites\/17\/2022\/06\/4-scaled.jpg\",\"width\":2560,\"height\":1707},{\"@type\":\"BreadcrumbList\",\"@id\":\"https:\/\/www.crea.gov.co\/crea-cantarrana\/crea-tu-podcast\/#breadcrumb\",\"itemListElement\":[{\"@type\":\"ListItem\",\"position\":1,\"name\":\"Home\",\"item\":\"https:\/\/www.crea.gov.co\/crea-cantarrana\/\"},{\"@type\":\"ListItem\",\"position\":2,\"name\":\"CREA TU PODCAST\"}]},{\"@type\":\"WebSite\",\"@id\":\"https:\/\/www.crea.gov.co\/crea-cantarrana\/#website\",\"url\":\"https:\/\/www.crea.gov.co\/crea-cantarrana\/\",\"name\":\"Crea Cantarrana\",\"description\":\"En el sur de Bogot\u00e1, el campo y la ciudad dialogan. La tradici\u00f3n campesina y la creatividad urbana se encuentran bajo un domo que invita a ver el arte desde nuevas perspectivas. Es un espacio donde la comunidad transforma su d\u00eda a d\u00eda en historias, m\u00fasica y color, y donde la memoria rural se reinventa a cada paso.\",\"potentialAction\":[{\"@type\":\"SearchAction\",\"target\":{\"@type\":\"EntryPoint\",\"urlTemplate\":\"https:\/\/www.crea.gov.co\/crea-cantarrana\/?s={search_term_string}\"},\"query-input\":{\"@type\":\"PropertyValueSpecification\",\"valueRequired\":true,\"valueName\":\"search_term_string\"}}],\"inLanguage\":\"es-CO\"},{\"@type\":\"Person\",\"@id\":\"https:\/\/www.crea.gov.co\/crea-cantarrana\/#\/schema\/person\/cd88a2bb5a059a97b34a2c9b19a9ec08\",\"name\":\"andreabuitrago\",\"image\":{\"@type\":\"ImageObject\",\"inLanguage\":\"es-CO\",\"@id\":\"https:\/\/www.crea.gov.co\/crea-cantarrana\/#\/schema\/person\/image\/\",\"url\":\"https:\/\/secure.gravatar.com\/avatar\/e6b54eb2c91227e6015338d3251762db?s=96&d=mm&r=g\",\"contentUrl\":\"https:\/\/secure.gravatar.com\/avatar\/e6b54eb2c91227e6015338d3251762db?s=96&d=mm&r=g\",\"caption\":\"andreabuitrago\"},\"url\":\"https:\/\/www.crea.gov.co\/crea-cantarrana\/author\/andreabuitrago\/\"}]}<\/script>\n<!-- \/ Yoast SEO plugin. -->","yoast_head_json":{"title":"CREA TU PODCAST - Crea Cantarrana","robots":{"index":"index","follow":"follow","max-snippet":"max-snippet:-1","max-image-preview":"max-image-preview:large","max-video-preview":"max-video-preview:-1"},"canonical":"https:\/\/www.crea.gov.co\/crea-cantarrana\/crea-tu-podcast\/","og_locale":"es_ES","og_type":"article","og_title":"CREA TU PODCAST - Crea Cantarrana","og_description":"18-06-2022 En el marco de las muestras del primer semestre del colegio El El Virrey Solis, los ni\u00f1os y ni\u00f1as del grupo de Audiovisuales a cargo del Artista Formador Herley Duv\u00e1n Rodr\u00edguez nos ense\u00f1aron el trabajo que a lo largo de este proceso han desarrollado, una muestra arm\u00f3nica de los actores que intervienen en un [&hellip;]","og_url":"https:\/\/www.crea.gov.co\/crea-cantarrana\/crea-tu-podcast\/","og_site_name":"Crea Cantarrana","article_published_time":"2022-06-23T17:19:50+00:00","article_modified_time":"2022-06-24T14:03:52+00:00","og_image":[{"width":2560,"height":1707,"url":"https:\/\/www.crea.gov.co\/crea-cantarrana\/wp-content\/uploads\/sites\/17\/2022\/06\/4-scaled.jpg","type":"image\/jpeg"}],"author":"andreabuitrago","twitter_card":"summary_large_image","twitter_misc":{"Escrito por":"andreabuitrago","Tiempo de lectura":"2 minutos"},"schema":{"@context":"https:\/\/schema.org","@graph":[{"@type":"WebPage","@id":"https:\/\/www.crea.gov.co\/crea-cantarrana\/crea-tu-podcast\/","url":"https:\/\/www.crea.gov.co\/crea-cantarrana\/crea-tu-podcast\/","name":"CREA TU PODCAST - Crea Cantarrana","isPartOf":{"@id":"https:\/\/www.crea.gov.co\/crea-cantarrana\/#website"},"primaryImageOfPage":{"@id":"https:\/\/www.crea.gov.co\/crea-cantarrana\/crea-tu-podcast\/#primaryimage"},"image":{"@id":"https:\/\/www.crea.gov.co\/crea-cantarrana\/crea-tu-podcast\/#primaryimage"},"thumbnailUrl":"https:\/\/www.crea.gov.co\/crea-cantarrana\/wp-content\/uploads\/sites\/17\/2022\/06\/4-scaled.jpg","datePublished":"2022-06-23T17:19:50+00:00","dateModified":"2022-06-24T14:03:52+00:00","author":{"@id":"https:\/\/www.crea.gov.co\/crea-cantarrana\/#\/schema\/person\/cd88a2bb5a059a97b34a2c9b19a9ec08"},"breadcrumb":{"@id":"https:\/\/www.crea.gov.co\/crea-cantarrana\/crea-tu-podcast\/#breadcrumb"},"inLanguage":"es-CO","potentialAction":[{"@type":"ReadAction","target":["https:\/\/www.crea.gov.co\/crea-cantarrana\/crea-tu-podcast\/"]}]},{"@type":"ImageObject","inLanguage":"es-CO","@id":"https:\/\/www.crea.gov.co\/crea-cantarrana\/crea-tu-podcast\/#primaryimage","url":"https:\/\/www.crea.gov.co\/crea-cantarrana\/wp-content\/uploads\/sites\/17\/2022\/06\/4-scaled.jpg","contentUrl":"https:\/\/www.crea.gov.co\/crea-cantarrana\/wp-content\/uploads\/sites\/17\/2022\/06\/4-scaled.jpg","width":2560,"height":1707},{"@type":"BreadcrumbList","@id":"https:\/\/www.crea.gov.co\/crea-cantarrana\/crea-tu-podcast\/#breadcrumb","itemListElement":[{"@type":"ListItem","position":1,"name":"Home","item":"https:\/\/www.crea.gov.co\/crea-cantarrana\/"},{"@type":"ListItem","position":2,"name":"CREA TU PODCAST"}]},{"@type":"WebSite","@id":"https:\/\/www.crea.gov.co\/crea-cantarrana\/#website","url":"https:\/\/www.crea.gov.co\/crea-cantarrana\/","name":"Crea Cantarrana","description":"En el sur de Bogot\u00e1, el campo y la ciudad dialogan. La tradici\u00f3n campesina y la creatividad urbana se encuentran bajo un domo que invita a ver el arte desde nuevas perspectivas. Es un espacio donde la comunidad transforma su d\u00eda a d\u00eda en historias, m\u00fasica y color, y donde la memoria rural se reinventa a cada paso.","potentialAction":[{"@type":"SearchAction","target":{"@type":"EntryPoint","urlTemplate":"https:\/\/www.crea.gov.co\/crea-cantarrana\/?s={search_term_string}"},"query-input":{"@type":"PropertyValueSpecification","valueRequired":true,"valueName":"search_term_string"}}],"inLanguage":"es-CO"},{"@type":"Person","@id":"https:\/\/www.crea.gov.co\/crea-cantarrana\/#\/schema\/person\/cd88a2bb5a059a97b34a2c9b19a9ec08","name":"andreabuitrago","image":{"@type":"ImageObject","inLanguage":"es-CO","@id":"https:\/\/www.crea.gov.co\/crea-cantarrana\/#\/schema\/person\/image\/","url":"https:\/\/secure.gravatar.com\/avatar\/e6b54eb2c91227e6015338d3251762db?s=96&d=mm&r=g","contentUrl":"https:\/\/secure.gravatar.com\/avatar\/e6b54eb2c91227e6015338d3251762db?s=96&d=mm&r=g","caption":"andreabuitrago"},"url":"https:\/\/www.crea.gov.co\/crea-cantarrana\/author\/andreabuitrago\/"}]}},"_links":{"self":[{"href":"https:\/\/www.crea.gov.co\/crea-cantarrana\/wp-json\/wp\/v2\/posts\/235","targetHints":{"allow":["GET"]}}],"collection":[{"href":"https:\/\/www.crea.gov.co\/crea-cantarrana\/wp-json\/wp\/v2\/posts"}],"about":[{"href":"https:\/\/www.crea.gov.co\/crea-cantarrana\/wp-json\/wp\/v2\/types\/post"}],"author":[{"embeddable":true,"href":"https:\/\/www.crea.gov.co\/crea-cantarrana\/wp-json\/wp\/v2\/users\/52"}],"replies":[{"embeddable":true,"href":"https:\/\/www.crea.gov.co\/crea-cantarrana\/wp-json\/wp\/v2\/comments?post=235"}],"version-history":[{"count":0,"href":"https:\/\/www.crea.gov.co\/crea-cantarrana\/wp-json\/wp\/v2\/posts\/235\/revisions"}],"wp:featuredmedia":[{"embeddable":true,"href":"https:\/\/www.crea.gov.co\/crea-cantarrana\/wp-json\/wp\/v2\/media\/239"}],"wp:attachment":[{"href":"https:\/\/www.crea.gov.co\/crea-cantarrana\/wp-json\/wp\/v2\/media?parent=235"}],"wp:term":[{"taxonomy":"category","embeddable":true,"href":"https:\/\/www.crea.gov.co\/crea-cantarrana\/wp-json\/wp\/v2\/categories?post=235"},{"taxonomy":"post_tag","embeddable":true,"href":"https:\/\/www.crea.gov.co\/crea-cantarrana\/wp-json\/wp\/v2\/tags?post=235"}],"curies":[{"name":"wp","href":"https:\/\/api.w.org\/{rel}","templated":true}]}}