{"id":181,"date":"2022-06-03T16:38:53","date_gmt":"2022-06-03T16:38:53","guid":{"rendered":"https:\/\/www.crea.gov.co\/crea-cantarrana\/?post_type=news&#038;p=181"},"modified":"2022-06-13T16:34:07","modified_gmt":"2022-06-13T16:34:07","slug":"disfruta-de-las-vaciones-crea-cantarrana","status":"publish","type":"post","link":"https:\/\/www.crea.gov.co\/crea-cantarrana\/disfruta-de-las-vaciones-crea-cantarrana\/","title":{"rendered":"Disfruta de las vacaciones Crea Cantarrana"},"content":{"rendered":"\n<p>\u00bfAburrido(a) y no sabes qu\u00e9 hacer en vacaciones?<\/p>\n\n\n\n<div class=\"wp-block-group\"><div class=\"wp-block-group__inner-container is-layout-flow wp-block-group-is-layout-flow\">\n<p>Inscr\u00edbete en los talleres gratuitos<\/p>\n<\/div><\/div>\n\n\n\n<figure class=\"wp-block-gallery columns-1 is-cropped wp-block-gallery-1 is-layout-flex wp-block-gallery-is-layout-flex\"><ul class=\"blocks-gallery-grid\"><li class=\"blocks-gallery-item\"><figure><img loading=\"lazy\" decoding=\"async\" width=\"640\" height=\"424\" src=\"https:\/\/www.crea.gov.co\/crea-cantarrana\/wp-content\/uploads\/sites\/17\/2022\/06\/WhatsApp-Image-2022-06-02-at-12.56.38-PM-2.jpeg\" alt=\"\" data-id=\"184\" data-full-url=\"https:\/\/www.crea.gov.co\/crea-cantarrana\/wp-content\/uploads\/sites\/17\/2022\/06\/WhatsApp-Image-2022-06-02-at-12.56.38-PM-2.jpeg\" data-link=\"https:\/\/www.crea.gov.co\/crea-cantarrana\/?attachment_id=184\" class=\"wp-image-184\" srcset=\"https:\/\/www.crea.gov.co\/crea-cantarrana\/wp-content\/uploads\/sites\/17\/2022\/06\/WhatsApp-Image-2022-06-02-at-12.56.38-PM-2.jpeg 640w, https:\/\/www.crea.gov.co\/crea-cantarrana\/wp-content\/uploads\/sites\/17\/2022\/06\/WhatsApp-Image-2022-06-02-at-12.56.38-PM-2-300x199.jpeg 300w\" sizes=\"auto, (max-width: 640px) 100vw, 640px\" \/><\/figure><\/li><\/ul><\/figure>\n\n\n\n<p>El <a href=\"https:\/\/www.crea.gov.co\/\"><strong>Programa Crea<\/strong><\/a>&nbsp;del&nbsp;<a href=\"https:\/\/idartes.gov.co\/es\"><strong>Instituto Distrital de las Artes \u2013 Idartes<\/strong><\/a>&nbsp;tiene actividades para toda la familia. Durante el receso escolar disfruta de nuetros talleres de Formaci\u00f3n Art\u00edstica, del 13 de junio al 16 de julio podr\u00e1s disfrutar de nuestros cursos vacacionales en las \u00e1reas de Danza, Artes Pl\u00e1sticas, M\u00fasica, Literatura, Arte Dram\u00e1tico, Artes Electr\u00f3nicas y Audiovisuales. <\/p>\n\n\n\n<p>En esta oferta pueden participar ni\u00f1os, ni\u00f1as, j\u00f3venes,&nbsp;adultos y personas mayores. Ac\u00e9rcate a nuestro <strong><a href=\"https:\/\/goo.gl\/maps\/evzDmwGLME2oSZ856\"><em>Crea Cantarran<\/em>a<\/a><\/strong> ubicado en la Avenida carrera 1a bis No. 100-45 sur y pregunta por todos nuestros talleres. <\/p>\n\n\n\n<figure class=\"wp-block-video\"><video controls src=\"https:\/\/www.crea.gov.co\/crea-cantarrana\/wp-content\/uploads\/sites\/17\/2022\/06\/VID-20220602-WA0051.mp4\"><\/video><\/figure>\n\n\n\n<p>Para mayor informaci\u00f3n: <\/p>\n\n\n\n<p>\ud83d\udc49 Puedes dirigirte al \ud83d\udccd<a href=\"https:\/\/goo.gl\/maps\/stMPDFxwGMGRKkfT8\" data-type=\"URL\" data-id=\"https:\/\/goo.gl\/maps\/stMPDFxwGMGRKkfT8\">Crea Cantarrana<\/a>\ud83d\udccd de lunes a viernes de 7:00 Am a 5:00 Pm y los s\u00e1bados de 8:Am a 12:00 Pm <\/p>\n\n\n\n<p> \ud83d\udc49 Consultar nuestra <a href=\"https:\/\/sif.idartes.gov.co\/sif\/framework\/crea\/territorial\/oferta\/oferta-disponible\" data-type=\"URL\" data-id=\"https:\/\/sif.idartes.gov.co\/sif\/framework\/crea\/territorial\/oferta\/oferta-disponible\">oferta disponible <\/a><\/p>\n\n\n\n<p>\ud83d\udc49Contactarnos a 3795750 Ext: 5287 y 5288 <\/p>\n\n\n\n<p>\ud83d\udc49Escribirnos al <a href=\"https:\/\/api.whatsapp.com\/send?phone=573134084696&amp;text=&amp;source=&amp;data=&amp;app_absent=\" data-type=\"URL\" data-id=\"https:\/\/api.whatsapp.com\/send?phone=573134084696&amp;text=&amp;source=&amp;data=&amp;app_absent=\">Whats App 3134084696<\/a><\/p>\n\n\n\n<p>\ud83d\udc49 crea.cantarana@idartes.gov.co<\/p>\n","protected":false},"excerpt":{"rendered":"<p>\u00bfAburrido(a) y no sabes qu\u00e9 hacer en vacaciones? Inscr\u00edbete en los talleres gratuitos El Programa Crea&nbsp;del&nbsp;Instituto Distrital de las Artes \u2013 Idartes&nbsp;tiene actividades para toda la familia. Durante el receso escolar disfruta de nuetros talleres de Formaci\u00f3n Art\u00edstica, del 13 de junio al 16 de julio podr\u00e1s disfrutar de nuestros cursos vacacionales en las \u00e1reas [&hellip;]<\/p>\n","protected":false},"author":52,"featured_media":184,"comment_status":"open","ping_status":"closed","sticky":false,"template":"","format":"standard","meta":{"footnotes":""},"categories":[],"tags":[],"class_list":["post-181","post","type-post","status-publish","format-standard","has-post-thumbnail","hentry"],"yoast_head":"<!-- This site is optimized with the Yoast SEO plugin v24.5 - https:\/\/yoast.com\/wordpress\/plugins\/seo\/ -->\n<title>Disfruta de las vacaciones Crea Cantarrana - Crea Cantarrana<\/title>\n<meta name=\"robots\" content=\"index, follow, max-snippet:-1, max-image-preview:large, max-video-preview:-1\" \/>\n<link rel=\"canonical\" href=\"https:\/\/www.crea.gov.co\/crea-cantarrana\/disfruta-de-las-vaciones-crea-cantarrana\/\" \/>\n<meta property=\"og:locale\" content=\"es_ES\" \/>\n<meta property=\"og:type\" content=\"article\" \/>\n<meta property=\"og:title\" content=\"Disfruta de las vacaciones Crea Cantarrana - Crea Cantarrana\" \/>\n<meta property=\"og:description\" content=\"\u00bfAburrido(a) y no sabes qu\u00e9 hacer en vacaciones? Inscr\u00edbete en los talleres gratuitos El Programa Crea&nbsp;del&nbsp;Instituto Distrital de las Artes \u2013 Idartes&nbsp;tiene actividades para toda la familia. Durante el receso escolar disfruta de nuetros talleres de Formaci\u00f3n Art\u00edstica, del 13 de junio al 16 de julio podr\u00e1s disfrutar de nuestros cursos vacacionales en las \u00e1reas [&hellip;]\" \/>\n<meta property=\"og:url\" content=\"https:\/\/www.crea.gov.co\/crea-cantarrana\/disfruta-de-las-vaciones-crea-cantarrana\/\" \/>\n<meta property=\"og:site_name\" content=\"Crea Cantarrana\" \/>\n<meta property=\"article:published_time\" content=\"2022-06-03T16:38:53+00:00\" \/>\n<meta property=\"article:modified_time\" content=\"2022-06-13T16:34:07+00:00\" \/>\n<meta property=\"og:image\" content=\"https:\/\/www.crea.gov.co\/crea-cantarrana\/wp-content\/uploads\/sites\/17\/2022\/06\/WhatsApp-Image-2022-06-02-at-12.56.38-PM-2.jpeg\" \/>\n\t<meta property=\"og:image:width\" content=\"640\" \/>\n\t<meta property=\"og:image:height\" content=\"424\" \/>\n\t<meta property=\"og:image:type\" content=\"image\/jpeg\" \/>\n<meta name=\"author\" content=\"andreabuitrago\" \/>\n<meta name=\"twitter:card\" content=\"summary_large_image\" \/>\n<meta name=\"twitter:label1\" content=\"Escrito por\" \/>\n\t<meta name=\"twitter:data1\" content=\"andreabuitrago\" \/>\n\t<meta name=\"twitter:label2\" content=\"Tiempo de lectura\" \/>\n\t<meta name=\"twitter:data2\" content=\"1 minuto\" \/>\n<script type=\"application\/ld+json\" class=\"yoast-schema-graph\">{\"@context\":\"https:\/\/schema.org\",\"@graph\":[{\"@type\":\"WebPage\",\"@id\":\"https:\/\/www.crea.gov.co\/crea-cantarrana\/disfruta-de-las-vaciones-crea-cantarrana\/\",\"url\":\"https:\/\/www.crea.gov.co\/crea-cantarrana\/disfruta-de-las-vaciones-crea-cantarrana\/\",\"name\":\"Disfruta de las vacaciones Crea Cantarrana - Crea Cantarrana\",\"isPartOf\":{\"@id\":\"https:\/\/www.crea.gov.co\/crea-cantarrana\/#website\"},\"primaryImageOfPage\":{\"@id\":\"https:\/\/www.crea.gov.co\/crea-cantarrana\/disfruta-de-las-vaciones-crea-cantarrana\/#primaryimage\"},\"image\":{\"@id\":\"https:\/\/www.crea.gov.co\/crea-cantarrana\/disfruta-de-las-vaciones-crea-cantarrana\/#primaryimage\"},\"thumbnailUrl\":\"https:\/\/www.crea.gov.co\/crea-cantarrana\/wp-content\/uploads\/sites\/17\/2022\/06\/WhatsApp-Image-2022-06-02-at-12.56.38-PM-2.jpeg\",\"datePublished\":\"2022-06-03T16:38:53+00:00\",\"dateModified\":\"2022-06-13T16:34:07+00:00\",\"author\":{\"@id\":\"https:\/\/www.crea.gov.co\/crea-cantarrana\/#\/schema\/person\/cd88a2bb5a059a97b34a2c9b19a9ec08\"},\"breadcrumb\":{\"@id\":\"https:\/\/www.crea.gov.co\/crea-cantarrana\/disfruta-de-las-vaciones-crea-cantarrana\/#breadcrumb\"},\"inLanguage\":\"es-CO\",\"potentialAction\":[{\"@type\":\"ReadAction\",\"target\":[\"https:\/\/www.crea.gov.co\/crea-cantarrana\/disfruta-de-las-vaciones-crea-cantarrana\/\"]}]},{\"@type\":\"ImageObject\",\"inLanguage\":\"es-CO\",\"@id\":\"https:\/\/www.crea.gov.co\/crea-cantarrana\/disfruta-de-las-vaciones-crea-cantarrana\/#primaryimage\",\"url\":\"https:\/\/www.crea.gov.co\/crea-cantarrana\/wp-content\/uploads\/sites\/17\/2022\/06\/WhatsApp-Image-2022-06-02-at-12.56.38-PM-2.jpeg\",\"contentUrl\":\"https:\/\/www.crea.gov.co\/crea-cantarrana\/wp-content\/uploads\/sites\/17\/2022\/06\/WhatsApp-Image-2022-06-02-at-12.56.38-PM-2.jpeg\",\"width\":640,\"height\":424},{\"@type\":\"BreadcrumbList\",\"@id\":\"https:\/\/www.crea.gov.co\/crea-cantarrana\/disfruta-de-las-vaciones-crea-cantarrana\/#breadcrumb\",\"itemListElement\":[{\"@type\":\"ListItem\",\"position\":1,\"name\":\"Home\",\"item\":\"https:\/\/www.crea.gov.co\/crea-cantarrana\/\"},{\"@type\":\"ListItem\",\"position\":2,\"name\":\"Disfruta de las vacaciones Crea Cantarrana\"}]},{\"@type\":\"WebSite\",\"@id\":\"https:\/\/www.crea.gov.co\/crea-cantarrana\/#website\",\"url\":\"https:\/\/www.crea.gov.co\/crea-cantarrana\/\",\"name\":\"Crea Cantarrana\",\"description\":\"En el sur de Bogot\u00e1, el campo y la ciudad dialogan. La tradici\u00f3n campesina y la creatividad urbana se encuentran bajo un domo que invita a ver el arte desde nuevas perspectivas. Es un espacio donde la comunidad transforma su d\u00eda a d\u00eda en historias, m\u00fasica y color, y donde la memoria rural se reinventa a cada paso.\",\"potentialAction\":[{\"@type\":\"SearchAction\",\"target\":{\"@type\":\"EntryPoint\",\"urlTemplate\":\"https:\/\/www.crea.gov.co\/crea-cantarrana\/?s={search_term_string}\"},\"query-input\":{\"@type\":\"PropertyValueSpecification\",\"valueRequired\":true,\"valueName\":\"search_term_string\"}}],\"inLanguage\":\"es-CO\"},{\"@type\":\"Person\",\"@id\":\"https:\/\/www.crea.gov.co\/crea-cantarrana\/#\/schema\/person\/cd88a2bb5a059a97b34a2c9b19a9ec08\",\"name\":\"andreabuitrago\",\"image\":{\"@type\":\"ImageObject\",\"inLanguage\":\"es-CO\",\"@id\":\"https:\/\/www.crea.gov.co\/crea-cantarrana\/#\/schema\/person\/image\/\",\"url\":\"https:\/\/secure.gravatar.com\/avatar\/e6b54eb2c91227e6015338d3251762db?s=96&d=mm&r=g\",\"contentUrl\":\"https:\/\/secure.gravatar.com\/avatar\/e6b54eb2c91227e6015338d3251762db?s=96&d=mm&r=g\",\"caption\":\"andreabuitrago\"},\"url\":\"https:\/\/www.crea.gov.co\/crea-cantarrana\/author\/andreabuitrago\/\"}]}<\/script>\n<!-- \/ Yoast SEO plugin. -->","yoast_head_json":{"title":"Disfruta de las vacaciones Crea Cantarrana - Crea Cantarrana","robots":{"index":"index","follow":"follow","max-snippet":"max-snippet:-1","max-image-preview":"max-image-preview:large","max-video-preview":"max-video-preview:-1"},"canonical":"https:\/\/www.crea.gov.co\/crea-cantarrana\/disfruta-de-las-vaciones-crea-cantarrana\/","og_locale":"es_ES","og_type":"article","og_title":"Disfruta de las vacaciones Crea Cantarrana - Crea Cantarrana","og_description":"\u00bfAburrido(a) y no sabes qu\u00e9 hacer en vacaciones? Inscr\u00edbete en los talleres gratuitos El Programa Crea&nbsp;del&nbsp;Instituto Distrital de las Artes \u2013 Idartes&nbsp;tiene actividades para toda la familia. Durante el receso escolar disfruta de nuetros talleres de Formaci\u00f3n Art\u00edstica, del 13 de junio al 16 de julio podr\u00e1s disfrutar de nuestros cursos vacacionales en las \u00e1reas [&hellip;]","og_url":"https:\/\/www.crea.gov.co\/crea-cantarrana\/disfruta-de-las-vaciones-crea-cantarrana\/","og_site_name":"Crea Cantarrana","article_published_time":"2022-06-03T16:38:53+00:00","article_modified_time":"2022-06-13T16:34:07+00:00","og_image":[{"width":640,"height":424,"url":"https:\/\/www.crea.gov.co\/crea-cantarrana\/wp-content\/uploads\/sites\/17\/2022\/06\/WhatsApp-Image-2022-06-02-at-12.56.38-PM-2.jpeg","type":"image\/jpeg"}],"author":"andreabuitrago","twitter_card":"summary_large_image","twitter_misc":{"Escrito por":"andreabuitrago","Tiempo de lectura":"1 minuto"},"schema":{"@context":"https:\/\/schema.org","@graph":[{"@type":"WebPage","@id":"https:\/\/www.crea.gov.co\/crea-cantarrana\/disfruta-de-las-vaciones-crea-cantarrana\/","url":"https:\/\/www.crea.gov.co\/crea-cantarrana\/disfruta-de-las-vaciones-crea-cantarrana\/","name":"Disfruta de las vacaciones Crea Cantarrana - Crea Cantarrana","isPartOf":{"@id":"https:\/\/www.crea.gov.co\/crea-cantarrana\/#website"},"primaryImageOfPage":{"@id":"https:\/\/www.crea.gov.co\/crea-cantarrana\/disfruta-de-las-vaciones-crea-cantarrana\/#primaryimage"},"image":{"@id":"https:\/\/www.crea.gov.co\/crea-cantarrana\/disfruta-de-las-vaciones-crea-cantarrana\/#primaryimage"},"thumbnailUrl":"https:\/\/www.crea.gov.co\/crea-cantarrana\/wp-content\/uploads\/sites\/17\/2022\/06\/WhatsApp-Image-2022-06-02-at-12.56.38-PM-2.jpeg","datePublished":"2022-06-03T16:38:53+00:00","dateModified":"2022-06-13T16:34:07+00:00","author":{"@id":"https:\/\/www.crea.gov.co\/crea-cantarrana\/#\/schema\/person\/cd88a2bb5a059a97b34a2c9b19a9ec08"},"breadcrumb":{"@id":"https:\/\/www.crea.gov.co\/crea-cantarrana\/disfruta-de-las-vaciones-crea-cantarrana\/#breadcrumb"},"inLanguage":"es-CO","potentialAction":[{"@type":"ReadAction","target":["https:\/\/www.crea.gov.co\/crea-cantarrana\/disfruta-de-las-vaciones-crea-cantarrana\/"]}]},{"@type":"ImageObject","inLanguage":"es-CO","@id":"https:\/\/www.crea.gov.co\/crea-cantarrana\/disfruta-de-las-vaciones-crea-cantarrana\/#primaryimage","url":"https:\/\/www.crea.gov.co\/crea-cantarrana\/wp-content\/uploads\/sites\/17\/2022\/06\/WhatsApp-Image-2022-06-02-at-12.56.38-PM-2.jpeg","contentUrl":"https:\/\/www.crea.gov.co\/crea-cantarrana\/wp-content\/uploads\/sites\/17\/2022\/06\/WhatsApp-Image-2022-06-02-at-12.56.38-PM-2.jpeg","width":640,"height":424},{"@type":"BreadcrumbList","@id":"https:\/\/www.crea.gov.co\/crea-cantarrana\/disfruta-de-las-vaciones-crea-cantarrana\/#breadcrumb","itemListElement":[{"@type":"ListItem","position":1,"name":"Home","item":"https:\/\/www.crea.gov.co\/crea-cantarrana\/"},{"@type":"ListItem","position":2,"name":"Disfruta de las vacaciones Crea Cantarrana"}]},{"@type":"WebSite","@id":"https:\/\/www.crea.gov.co\/crea-cantarrana\/#website","url":"https:\/\/www.crea.gov.co\/crea-cantarrana\/","name":"Crea Cantarrana","description":"En el sur de Bogot\u00e1, el campo y la ciudad dialogan. La tradici\u00f3n campesina y la creatividad urbana se encuentran bajo un domo que invita a ver el arte desde nuevas perspectivas. Es un espacio donde la comunidad transforma su d\u00eda a d\u00eda en historias, m\u00fasica y color, y donde la memoria rural se reinventa a cada paso.","potentialAction":[{"@type":"SearchAction","target":{"@type":"EntryPoint","urlTemplate":"https:\/\/www.crea.gov.co\/crea-cantarrana\/?s={search_term_string}"},"query-input":{"@type":"PropertyValueSpecification","valueRequired":true,"valueName":"search_term_string"}}],"inLanguage":"es-CO"},{"@type":"Person","@id":"https:\/\/www.crea.gov.co\/crea-cantarrana\/#\/schema\/person\/cd88a2bb5a059a97b34a2c9b19a9ec08","name":"andreabuitrago","image":{"@type":"ImageObject","inLanguage":"es-CO","@id":"https:\/\/www.crea.gov.co\/crea-cantarrana\/#\/schema\/person\/image\/","url":"https:\/\/secure.gravatar.com\/avatar\/e6b54eb2c91227e6015338d3251762db?s=96&d=mm&r=g","contentUrl":"https:\/\/secure.gravatar.com\/avatar\/e6b54eb2c91227e6015338d3251762db?s=96&d=mm&r=g","caption":"andreabuitrago"},"url":"https:\/\/www.crea.gov.co\/crea-cantarrana\/author\/andreabuitrago\/"}]}},"_links":{"self":[{"href":"https:\/\/www.crea.gov.co\/crea-cantarrana\/wp-json\/wp\/v2\/posts\/181","targetHints":{"allow":["GET"]}}],"collection":[{"href":"https:\/\/www.crea.gov.co\/crea-cantarrana\/wp-json\/wp\/v2\/posts"}],"about":[{"href":"https:\/\/www.crea.gov.co\/crea-cantarrana\/wp-json\/wp\/v2\/types\/post"}],"author":[{"embeddable":true,"href":"https:\/\/www.crea.gov.co\/crea-cantarrana\/wp-json\/wp\/v2\/users\/52"}],"replies":[{"embeddable":true,"href":"https:\/\/www.crea.gov.co\/crea-cantarrana\/wp-json\/wp\/v2\/comments?post=181"}],"version-history":[{"count":1,"href":"https:\/\/www.crea.gov.co\/crea-cantarrana\/wp-json\/wp\/v2\/posts\/181\/revisions"}],"predecessor-version":[{"id":187,"href":"https:\/\/www.crea.gov.co\/crea-cantarrana\/wp-json\/wp\/v2\/posts\/181\/revisions\/187"}],"wp:featuredmedia":[{"embeddable":true,"href":"https:\/\/www.crea.gov.co\/crea-cantarrana\/wp-json\/wp\/v2\/media\/184"}],"wp:attachment":[{"href":"https:\/\/www.crea.gov.co\/crea-cantarrana\/wp-json\/wp\/v2\/media?parent=181"}],"wp:term":[{"taxonomy":"category","embeddable":true,"href":"https:\/\/www.crea.gov.co\/crea-cantarrana\/wp-json\/wp\/v2\/categories?post=181"},{"taxonomy":"post_tag","embeddable":true,"href":"https:\/\/www.crea.gov.co\/crea-cantarrana\/wp-json\/wp\/v2\/tags?post=181"}],"curies":[{"name":"wp","href":"https:\/\/api.w.org\/{rel}","templated":true}]}}