{"id":171,"date":"2022-05-23T17:27:07","date_gmt":"2022-05-23T17:27:07","guid":{"rendered":"https:\/\/www.crea.gov.co\/crea-cantarrana\/?post_type=news&#038;p=171"},"modified":"2022-05-23T19:01:18","modified_gmt":"2022-05-23T19:01:18","slug":"ecosistemas-crea-cantarrana","status":"publish","type":"post","link":"https:\/\/www.crea.gov.co\/crea-cantarrana\/ecosistemas-crea-cantarrana\/","title":{"rendered":"Ecosistemas Crea Cantarrana"},"content":{"rendered":"\n<figure class=\"wp-block-gallery columns-1 is-cropped wp-block-gallery-1 is-layout-flex wp-block-gallery-is-layout-flex\"><ul class=\"blocks-gallery-grid\"><li class=\"blocks-gallery-item\"><figure><img loading=\"lazy\" decoding=\"async\" width=\"1024\" height=\"251\" src=\"https:\/\/www.crea.gov.co\/crea-cantarrana\/wp-content\/uploads\/sites\/17\/2022\/05\/3-1-1024x251-1.jpg\" alt=\"\" data-id=\"172\" data-full-url=\"https:\/\/www.crea.gov.co\/crea-cantarrana\/wp-content\/uploads\/sites\/17\/2022\/05\/3-1-1024x251-1.jpg\" data-link=\"https:\/\/www.crea.gov.co\/crea-cantarrana\/?attachment_id=172\" class=\"wp-image-172\" srcset=\"https:\/\/www.crea.gov.co\/crea-cantarrana\/wp-content\/uploads\/sites\/17\/2022\/05\/3-1-1024x251-1.jpg 1024w, https:\/\/www.crea.gov.co\/crea-cantarrana\/wp-content\/uploads\/sites\/17\/2022\/05\/3-1-1024x251-1-300x74.jpg 300w, https:\/\/www.crea.gov.co\/crea-cantarrana\/wp-content\/uploads\/sites\/17\/2022\/05\/3-1-1024x251-1-768x188.jpg 768w\" sizes=\"auto, (max-width: 1024px) 100vw, 1024px\" \/><\/figure><\/li><\/ul><\/figure>\n\n\n\n<p>Los d\u00edas\u00a0<strong>11, 12 y 13 de mayo<\/strong>\u00a0tuvimos la oportunidad de reflejarnos, de conversar y de reconocer las experiencias pedag\u00f3gicas del programa Crea mediante un espacio l\u00fadico y ameno entre los grupos y colectivos de las distintas l\u00edneas y \u00e1reas art\u00edsticas del CREA San Cantarrana, sus artistas formadores y los dem\u00e1s roles del equipo CREA, alrededor del proceso de reconocimiento y caracterizaci\u00f3n inicial dentro de los talleres y las posibilidades creativas y pedag\u00f3gicas que de all\u00ed surgen.  En el marco de esta actividad, ni\u00f1os, ni\u00f1as j\u00f3venes y adultos realizaron un maravilloso intercambio de saberes al rededor de los diferentes lenguajes art\u00edsticos. <\/p>\n\n\n\n<figure class=\"wp-block-gallery columns-3 is-cropped wp-block-gallery-2 is-layout-flex wp-block-gallery-is-layout-flex\"><ul class=\"blocks-gallery-grid\"><li class=\"blocks-gallery-item\"><figure><img loading=\"lazy\" decoding=\"async\" width=\"1024\" height=\"768\" src=\"https:\/\/www.crea.gov.co\/crea-cantarrana\/wp-content\/uploads\/sites\/17\/2022\/05\/WhatsApp-Image-2022-05-23-at-12.06.35-PM-1024x768.jpeg\" alt=\"\" data-id=\"173\" data-full-url=\"https:\/\/www.crea.gov.co\/crea-cantarrana\/wp-content\/uploads\/sites\/17\/2022\/05\/WhatsApp-Image-2022-05-23-at-12.06.35-PM.jpeg\" data-link=\"https:\/\/www.crea.gov.co\/crea-cantarrana\/?attachment_id=173\" class=\"wp-image-173\" srcset=\"https:\/\/www.crea.gov.co\/crea-cantarrana\/wp-content\/uploads\/sites\/17\/2022\/05\/WhatsApp-Image-2022-05-23-at-12.06.35-PM-1024x768.jpeg 1024w, https:\/\/www.crea.gov.co\/crea-cantarrana\/wp-content\/uploads\/sites\/17\/2022\/05\/WhatsApp-Image-2022-05-23-at-12.06.35-PM-300x225.jpeg 300w, https:\/\/www.crea.gov.co\/crea-cantarrana\/wp-content\/uploads\/sites\/17\/2022\/05\/WhatsApp-Image-2022-05-23-at-12.06.35-PM-768x576.jpeg 768w, https:\/\/www.crea.gov.co\/crea-cantarrana\/wp-content\/uploads\/sites\/17\/2022\/05\/WhatsApp-Image-2022-05-23-at-12.06.35-PM-1536x1152.jpeg 1536w, https:\/\/www.crea.gov.co\/crea-cantarrana\/wp-content\/uploads\/sites\/17\/2022\/05\/WhatsApp-Image-2022-05-23-at-12.06.35-PM.jpeg 1600w\" sizes=\"auto, (max-width: 1024px) 100vw, 1024px\" \/><\/figure><\/li><li class=\"blocks-gallery-item\"><figure><img loading=\"lazy\" decoding=\"async\" width=\"1024\" height=\"768\" src=\"https:\/\/www.crea.gov.co\/crea-cantarrana\/wp-content\/uploads\/sites\/17\/2022\/05\/WhatsApp-Image-2022-05-23-at-12.06.34-PM-1-1024x768.jpeg\" alt=\"\" data-id=\"174\" data-full-url=\"https:\/\/www.crea.gov.co\/crea-cantarrana\/wp-content\/uploads\/sites\/17\/2022\/05\/WhatsApp-Image-2022-05-23-at-12.06.34-PM-1.jpeg\" data-link=\"https:\/\/www.crea.gov.co\/crea-cantarrana\/?attachment_id=174\" class=\"wp-image-174\" srcset=\"https:\/\/www.crea.gov.co\/crea-cantarrana\/wp-content\/uploads\/sites\/17\/2022\/05\/WhatsApp-Image-2022-05-23-at-12.06.34-PM-1-1024x768.jpeg 1024w, https:\/\/www.crea.gov.co\/crea-cantarrana\/wp-content\/uploads\/sites\/17\/2022\/05\/WhatsApp-Image-2022-05-23-at-12.06.34-PM-1-300x225.jpeg 300w, https:\/\/www.crea.gov.co\/crea-cantarrana\/wp-content\/uploads\/sites\/17\/2022\/05\/WhatsApp-Image-2022-05-23-at-12.06.34-PM-1-768x576.jpeg 768w, https:\/\/www.crea.gov.co\/crea-cantarrana\/wp-content\/uploads\/sites\/17\/2022\/05\/WhatsApp-Image-2022-05-23-at-12.06.34-PM-1.jpeg 1280w\" sizes=\"auto, (max-width: 1024px) 100vw, 1024px\" \/><\/figure><\/li><li class=\"blocks-gallery-item\"><figure><img loading=\"lazy\" decoding=\"async\" width=\"1024\" height=\"768\" src=\"https:\/\/www.crea.gov.co\/crea-cantarrana\/wp-content\/uploads\/sites\/17\/2022\/05\/WhatsApp-Image-2022-05-23-at-12.06.34-PM-1024x768.jpeg\" alt=\"\" data-id=\"175\" data-full-url=\"https:\/\/www.crea.gov.co\/crea-cantarrana\/wp-content\/uploads\/sites\/17\/2022\/05\/WhatsApp-Image-2022-05-23-at-12.06.34-PM.jpeg\" data-link=\"https:\/\/www.crea.gov.co\/crea-cantarrana\/?attachment_id=175\" class=\"wp-image-175\" srcset=\"https:\/\/www.crea.gov.co\/crea-cantarrana\/wp-content\/uploads\/sites\/17\/2022\/05\/WhatsApp-Image-2022-05-23-at-12.06.34-PM-1024x768.jpeg 1024w, https:\/\/www.crea.gov.co\/crea-cantarrana\/wp-content\/uploads\/sites\/17\/2022\/05\/WhatsApp-Image-2022-05-23-at-12.06.34-PM-300x225.jpeg 300w, https:\/\/www.crea.gov.co\/crea-cantarrana\/wp-content\/uploads\/sites\/17\/2022\/05\/WhatsApp-Image-2022-05-23-at-12.06.34-PM-768x576.jpeg 768w, https:\/\/www.crea.gov.co\/crea-cantarrana\/wp-content\/uploads\/sites\/17\/2022\/05\/WhatsApp-Image-2022-05-23-at-12.06.34-PM.jpeg 1280w\" sizes=\"auto, (max-width: 1024px) 100vw, 1024px\" \/><\/figure><\/li><\/ul><\/figure>\n\n\n\n<figure class=\"wp-block-gallery columns-3 is-cropped wp-block-gallery-3 is-layout-flex wp-block-gallery-is-layout-flex\"><ul class=\"blocks-gallery-grid\"><li class=\"blocks-gallery-item\"><figure><img loading=\"lazy\" decoding=\"async\" width=\"1024\" height=\"768\" src=\"https:\/\/www.crea.gov.co\/crea-cantarrana\/wp-content\/uploads\/sites\/17\/2022\/05\/WhatsApp-Image-2022-05-23-at-12.06.34-PM-3-1024x768.jpeg\" alt=\"\" data-id=\"176\" data-full-url=\"https:\/\/www.crea.gov.co\/crea-cantarrana\/wp-content\/uploads\/sites\/17\/2022\/05\/WhatsApp-Image-2022-05-23-at-12.06.34-PM-3.jpeg\" data-link=\"https:\/\/www.crea.gov.co\/crea-cantarrana\/?attachment_id=176\" class=\"wp-image-176\" srcset=\"https:\/\/www.crea.gov.co\/crea-cantarrana\/wp-content\/uploads\/sites\/17\/2022\/05\/WhatsApp-Image-2022-05-23-at-12.06.34-PM-3-1024x768.jpeg 1024w, https:\/\/www.crea.gov.co\/crea-cantarrana\/wp-content\/uploads\/sites\/17\/2022\/05\/WhatsApp-Image-2022-05-23-at-12.06.34-PM-3-300x225.jpeg 300w, https:\/\/www.crea.gov.co\/crea-cantarrana\/wp-content\/uploads\/sites\/17\/2022\/05\/WhatsApp-Image-2022-05-23-at-12.06.34-PM-3-768x576.jpeg 768w, https:\/\/www.crea.gov.co\/crea-cantarrana\/wp-content\/uploads\/sites\/17\/2022\/05\/WhatsApp-Image-2022-05-23-at-12.06.34-PM-3.jpeg 1280w\" sizes=\"auto, (max-width: 1024px) 100vw, 1024px\" \/><\/figure><\/li><li class=\"blocks-gallery-item\"><figure><img loading=\"lazy\" decoding=\"async\" width=\"768\" height=\"1024\" src=\"https:\/\/www.crea.gov.co\/crea-cantarrana\/wp-content\/uploads\/sites\/17\/2022\/05\/WhatsApp-Image-2022-05-23-at-12.06.34-PM-2-768x1024.jpeg\" alt=\"\" data-id=\"177\" data-full-url=\"https:\/\/www.crea.gov.co\/crea-cantarrana\/wp-content\/uploads\/sites\/17\/2022\/05\/WhatsApp-Image-2022-05-23-at-12.06.34-PM-2.jpeg\" data-link=\"https:\/\/www.crea.gov.co\/crea-cantarrana\/?attachment_id=177\" class=\"wp-image-177\" srcset=\"https:\/\/www.crea.gov.co\/crea-cantarrana\/wp-content\/uploads\/sites\/17\/2022\/05\/WhatsApp-Image-2022-05-23-at-12.06.34-PM-2-768x1024.jpeg 768w, https:\/\/www.crea.gov.co\/crea-cantarrana\/wp-content\/uploads\/sites\/17\/2022\/05\/WhatsApp-Image-2022-05-23-at-12.06.34-PM-2-225x300.jpeg 225w, https:\/\/www.crea.gov.co\/crea-cantarrana\/wp-content\/uploads\/sites\/17\/2022\/05\/WhatsApp-Image-2022-05-23-at-12.06.34-PM-2-1152x1536.jpeg 1152w, https:\/\/www.crea.gov.co\/crea-cantarrana\/wp-content\/uploads\/sites\/17\/2022\/05\/WhatsApp-Image-2022-05-23-at-12.06.34-PM-2.jpeg 1200w\" sizes=\"auto, (max-width: 768px) 100vw, 768px\" \/><\/figure><\/li><li class=\"blocks-gallery-item\"><figure><img loading=\"lazy\" decoding=\"async\" width=\"1024\" height=\"768\" src=\"https:\/\/www.crea.gov.co\/crea-cantarrana\/wp-content\/uploads\/sites\/17\/2022\/05\/WhatsApp-Image-2022-05-23-at-12.06.32-PM-1024x768.jpeg\" alt=\"\" data-id=\"178\" data-full-url=\"https:\/\/www.crea.gov.co\/crea-cantarrana\/wp-content\/uploads\/sites\/17\/2022\/05\/WhatsApp-Image-2022-05-23-at-12.06.32-PM.jpeg\" data-link=\"https:\/\/www.crea.gov.co\/crea-cantarrana\/?attachment_id=178\" class=\"wp-image-178\" srcset=\"https:\/\/www.crea.gov.co\/crea-cantarrana\/wp-content\/uploads\/sites\/17\/2022\/05\/WhatsApp-Image-2022-05-23-at-12.06.32-PM-1024x768.jpeg 1024w, https:\/\/www.crea.gov.co\/crea-cantarrana\/wp-content\/uploads\/sites\/17\/2022\/05\/WhatsApp-Image-2022-05-23-at-12.06.32-PM-300x225.jpeg 300w, https:\/\/www.crea.gov.co\/crea-cantarrana\/wp-content\/uploads\/sites\/17\/2022\/05\/WhatsApp-Image-2022-05-23-at-12.06.32-PM-768x576.jpeg 768w, https:\/\/www.crea.gov.co\/crea-cantarrana\/wp-content\/uploads\/sites\/17\/2022\/05\/WhatsApp-Image-2022-05-23-at-12.06.32-PM.jpeg 1280w\" sizes=\"auto, (max-width: 1024px) 100vw, 1024px\" \/><\/figure><\/li><\/ul><\/figure>\n","protected":false},"excerpt":{"rendered":"<p>Los d\u00edas\u00a011, 12 y 13 de mayo\u00a0tuvimos la oportunidad de reflejarnos, de conversar y de reconocer las experiencias pedag\u00f3gicas del programa Crea mediante un espacio l\u00fadico y ameno entre los grupos y colectivos de las distintas l\u00edneas y \u00e1reas art\u00edsticas del CREA San Cantarrana, sus artistas formadores y los dem\u00e1s roles del equipo CREA, alrededor [&hellip;]<\/p>\n","protected":false},"author":52,"featured_media":179,"comment_status":"open","ping_status":"closed","sticky":false,"template":"","format":"standard","meta":{"footnotes":""},"categories":[],"tags":[],"class_list":["post-171","post","type-post","status-publish","format-standard","has-post-thumbnail","hentry"],"yoast_head":"<!-- This site is optimized with the Yoast SEO plugin v24.5 - https:\/\/yoast.com\/wordpress\/plugins\/seo\/ -->\n<title>Ecosistemas Crea Cantarrana - Crea Cantarrana<\/title>\n<meta name=\"robots\" content=\"index, follow, max-snippet:-1, max-image-preview:large, max-video-preview:-1\" \/>\n<link rel=\"canonical\" href=\"https:\/\/www.crea.gov.co\/crea-cantarrana\/ecosistemas-crea-cantarrana\/\" \/>\n<meta property=\"og:locale\" content=\"es_ES\" \/>\n<meta property=\"og:type\" content=\"article\" \/>\n<meta property=\"og:title\" content=\"Ecosistemas Crea Cantarrana - Crea Cantarrana\" \/>\n<meta property=\"og:description\" content=\"Los d\u00edas\u00a011, 12 y 13 de mayo\u00a0tuvimos la oportunidad de reflejarnos, de conversar y de reconocer las experiencias pedag\u00f3gicas del programa Crea mediante un espacio l\u00fadico y ameno entre los grupos y colectivos de las distintas l\u00edneas y \u00e1reas art\u00edsticas del CREA San Cantarrana, sus artistas formadores y los dem\u00e1s roles del equipo CREA, alrededor [&hellip;]\" \/>\n<meta property=\"og:url\" content=\"https:\/\/www.crea.gov.co\/crea-cantarrana\/ecosistemas-crea-cantarrana\/\" \/>\n<meta property=\"og:site_name\" content=\"Crea Cantarrana\" \/>\n<meta property=\"article:published_time\" content=\"2022-05-23T17:27:07+00:00\" \/>\n<meta property=\"article:modified_time\" content=\"2022-05-23T19:01:18+00:00\" \/>\n<meta property=\"og:image\" content=\"https:\/\/www.crea.gov.co\/crea-cantarrana\/wp-content\/uploads\/sites\/17\/2022\/05\/ECOSISTEMAS.jpg\" \/>\n\t<meta property=\"og:image:width\" content=\"1078\" \/>\n\t<meta property=\"og:image:height\" content=\"1080\" \/>\n\t<meta property=\"og:image:type\" content=\"image\/jpeg\" \/>\n<meta name=\"author\" content=\"andreabuitrago\" \/>\n<meta name=\"twitter:card\" content=\"summary_large_image\" \/>\n<meta name=\"twitter:label1\" content=\"Escrito por\" \/>\n\t<meta name=\"twitter:data1\" content=\"andreabuitrago\" \/>\n\t<meta name=\"twitter:label2\" content=\"Tiempo de lectura\" \/>\n\t<meta name=\"twitter:data2\" content=\"1 minuto\" \/>\n<script type=\"application\/ld+json\" class=\"yoast-schema-graph\">{\"@context\":\"https:\/\/schema.org\",\"@graph\":[{\"@type\":\"WebPage\",\"@id\":\"https:\/\/www.crea.gov.co\/crea-cantarrana\/ecosistemas-crea-cantarrana\/\",\"url\":\"https:\/\/www.crea.gov.co\/crea-cantarrana\/ecosistemas-crea-cantarrana\/\",\"name\":\"Ecosistemas Crea Cantarrana - Crea Cantarrana\",\"isPartOf\":{\"@id\":\"https:\/\/www.crea.gov.co\/crea-cantarrana\/#website\"},\"primaryImageOfPage\":{\"@id\":\"https:\/\/www.crea.gov.co\/crea-cantarrana\/ecosistemas-crea-cantarrana\/#primaryimage\"},\"image\":{\"@id\":\"https:\/\/www.crea.gov.co\/crea-cantarrana\/ecosistemas-crea-cantarrana\/#primaryimage\"},\"thumbnailUrl\":\"https:\/\/www.crea.gov.co\/crea-cantarrana\/wp-content\/uploads\/sites\/17\/2022\/05\/ECOSISTEMAS.jpg\",\"datePublished\":\"2022-05-23T17:27:07+00:00\",\"dateModified\":\"2022-05-23T19:01:18+00:00\",\"author\":{\"@id\":\"https:\/\/www.crea.gov.co\/crea-cantarrana\/#\/schema\/person\/cd88a2bb5a059a97b34a2c9b19a9ec08\"},\"breadcrumb\":{\"@id\":\"https:\/\/www.crea.gov.co\/crea-cantarrana\/ecosistemas-crea-cantarrana\/#breadcrumb\"},\"inLanguage\":\"es-CO\",\"potentialAction\":[{\"@type\":\"ReadAction\",\"target\":[\"https:\/\/www.crea.gov.co\/crea-cantarrana\/ecosistemas-crea-cantarrana\/\"]}]},{\"@type\":\"ImageObject\",\"inLanguage\":\"es-CO\",\"@id\":\"https:\/\/www.crea.gov.co\/crea-cantarrana\/ecosistemas-crea-cantarrana\/#primaryimage\",\"url\":\"https:\/\/www.crea.gov.co\/crea-cantarrana\/wp-content\/uploads\/sites\/17\/2022\/05\/ECOSISTEMAS.jpg\",\"contentUrl\":\"https:\/\/www.crea.gov.co\/crea-cantarrana\/wp-content\/uploads\/sites\/17\/2022\/05\/ECOSISTEMAS.jpg\",\"width\":1078,\"height\":1080},{\"@type\":\"BreadcrumbList\",\"@id\":\"https:\/\/www.crea.gov.co\/crea-cantarrana\/ecosistemas-crea-cantarrana\/#breadcrumb\",\"itemListElement\":[{\"@type\":\"ListItem\",\"position\":1,\"name\":\"Home\",\"item\":\"https:\/\/www.crea.gov.co\/crea-cantarrana\/\"},{\"@type\":\"ListItem\",\"position\":2,\"name\":\"Ecosistemas Crea Cantarrana\"}]},{\"@type\":\"WebSite\",\"@id\":\"https:\/\/www.crea.gov.co\/crea-cantarrana\/#website\",\"url\":\"https:\/\/www.crea.gov.co\/crea-cantarrana\/\",\"name\":\"Crea Cantarrana\",\"description\":\"En el sur de Bogot\u00e1, el campo y la ciudad dialogan. La tradici\u00f3n campesina y la creatividad urbana se encuentran bajo un domo que invita a ver el arte desde nuevas perspectivas. Es un espacio donde la comunidad transforma su d\u00eda a d\u00eda en historias, m\u00fasica y color, y donde la memoria rural se reinventa a cada paso.\",\"potentialAction\":[{\"@type\":\"SearchAction\",\"target\":{\"@type\":\"EntryPoint\",\"urlTemplate\":\"https:\/\/www.crea.gov.co\/crea-cantarrana\/?s={search_term_string}\"},\"query-input\":{\"@type\":\"PropertyValueSpecification\",\"valueRequired\":true,\"valueName\":\"search_term_string\"}}],\"inLanguage\":\"es-CO\"},{\"@type\":\"Person\",\"@id\":\"https:\/\/www.crea.gov.co\/crea-cantarrana\/#\/schema\/person\/cd88a2bb5a059a97b34a2c9b19a9ec08\",\"name\":\"andreabuitrago\",\"image\":{\"@type\":\"ImageObject\",\"inLanguage\":\"es-CO\",\"@id\":\"https:\/\/www.crea.gov.co\/crea-cantarrana\/#\/schema\/person\/image\/\",\"url\":\"https:\/\/secure.gravatar.com\/avatar\/e6b54eb2c91227e6015338d3251762db?s=96&d=mm&r=g\",\"contentUrl\":\"https:\/\/secure.gravatar.com\/avatar\/e6b54eb2c91227e6015338d3251762db?s=96&d=mm&r=g\",\"caption\":\"andreabuitrago\"},\"url\":\"https:\/\/www.crea.gov.co\/crea-cantarrana\/author\/andreabuitrago\/\"}]}<\/script>\n<!-- \/ Yoast SEO plugin. -->","yoast_head_json":{"title":"Ecosistemas Crea Cantarrana - Crea Cantarrana","robots":{"index":"index","follow":"follow","max-snippet":"max-snippet:-1","max-image-preview":"max-image-preview:large","max-video-preview":"max-video-preview:-1"},"canonical":"https:\/\/www.crea.gov.co\/crea-cantarrana\/ecosistemas-crea-cantarrana\/","og_locale":"es_ES","og_type":"article","og_title":"Ecosistemas Crea Cantarrana - Crea Cantarrana","og_description":"Los d\u00edas\u00a011, 12 y 13 de mayo\u00a0tuvimos la oportunidad de reflejarnos, de conversar y de reconocer las experiencias pedag\u00f3gicas del programa Crea mediante un espacio l\u00fadico y ameno entre los grupos y colectivos de las distintas l\u00edneas y \u00e1reas art\u00edsticas del CREA San Cantarrana, sus artistas formadores y los dem\u00e1s roles del equipo CREA, alrededor [&hellip;]","og_url":"https:\/\/www.crea.gov.co\/crea-cantarrana\/ecosistemas-crea-cantarrana\/","og_site_name":"Crea Cantarrana","article_published_time":"2022-05-23T17:27:07+00:00","article_modified_time":"2022-05-23T19:01:18+00:00","og_image":[{"width":1078,"height":1080,"url":"https:\/\/www.crea.gov.co\/crea-cantarrana\/wp-content\/uploads\/sites\/17\/2022\/05\/ECOSISTEMAS.jpg","type":"image\/jpeg"}],"author":"andreabuitrago","twitter_card":"summary_large_image","twitter_misc":{"Escrito por":"andreabuitrago","Tiempo de lectura":"1 minuto"},"schema":{"@context":"https:\/\/schema.org","@graph":[{"@type":"WebPage","@id":"https:\/\/www.crea.gov.co\/crea-cantarrana\/ecosistemas-crea-cantarrana\/","url":"https:\/\/www.crea.gov.co\/crea-cantarrana\/ecosistemas-crea-cantarrana\/","name":"Ecosistemas Crea Cantarrana - Crea Cantarrana","isPartOf":{"@id":"https:\/\/www.crea.gov.co\/crea-cantarrana\/#website"},"primaryImageOfPage":{"@id":"https:\/\/www.crea.gov.co\/crea-cantarrana\/ecosistemas-crea-cantarrana\/#primaryimage"},"image":{"@id":"https:\/\/www.crea.gov.co\/crea-cantarrana\/ecosistemas-crea-cantarrana\/#primaryimage"},"thumbnailUrl":"https:\/\/www.crea.gov.co\/crea-cantarrana\/wp-content\/uploads\/sites\/17\/2022\/05\/ECOSISTEMAS.jpg","datePublished":"2022-05-23T17:27:07+00:00","dateModified":"2022-05-23T19:01:18+00:00","author":{"@id":"https:\/\/www.crea.gov.co\/crea-cantarrana\/#\/schema\/person\/cd88a2bb5a059a97b34a2c9b19a9ec08"},"breadcrumb":{"@id":"https:\/\/www.crea.gov.co\/crea-cantarrana\/ecosistemas-crea-cantarrana\/#breadcrumb"},"inLanguage":"es-CO","potentialAction":[{"@type":"ReadAction","target":["https:\/\/www.crea.gov.co\/crea-cantarrana\/ecosistemas-crea-cantarrana\/"]}]},{"@type":"ImageObject","inLanguage":"es-CO","@id":"https:\/\/www.crea.gov.co\/crea-cantarrana\/ecosistemas-crea-cantarrana\/#primaryimage","url":"https:\/\/www.crea.gov.co\/crea-cantarrana\/wp-content\/uploads\/sites\/17\/2022\/05\/ECOSISTEMAS.jpg","contentUrl":"https:\/\/www.crea.gov.co\/crea-cantarrana\/wp-content\/uploads\/sites\/17\/2022\/05\/ECOSISTEMAS.jpg","width":1078,"height":1080},{"@type":"BreadcrumbList","@id":"https:\/\/www.crea.gov.co\/crea-cantarrana\/ecosistemas-crea-cantarrana\/#breadcrumb","itemListElement":[{"@type":"ListItem","position":1,"name":"Home","item":"https:\/\/www.crea.gov.co\/crea-cantarrana\/"},{"@type":"ListItem","position":2,"name":"Ecosistemas Crea Cantarrana"}]},{"@type":"WebSite","@id":"https:\/\/www.crea.gov.co\/crea-cantarrana\/#website","url":"https:\/\/www.crea.gov.co\/crea-cantarrana\/","name":"Crea Cantarrana","description":"En el sur de Bogot\u00e1, el campo y la ciudad dialogan. La tradici\u00f3n campesina y la creatividad urbana se encuentran bajo un domo que invita a ver el arte desde nuevas perspectivas. Es un espacio donde la comunidad transforma su d\u00eda a d\u00eda en historias, m\u00fasica y color, y donde la memoria rural se reinventa a cada paso.","potentialAction":[{"@type":"SearchAction","target":{"@type":"EntryPoint","urlTemplate":"https:\/\/www.crea.gov.co\/crea-cantarrana\/?s={search_term_string}"},"query-input":{"@type":"PropertyValueSpecification","valueRequired":true,"valueName":"search_term_string"}}],"inLanguage":"es-CO"},{"@type":"Person","@id":"https:\/\/www.crea.gov.co\/crea-cantarrana\/#\/schema\/person\/cd88a2bb5a059a97b34a2c9b19a9ec08","name":"andreabuitrago","image":{"@type":"ImageObject","inLanguage":"es-CO","@id":"https:\/\/www.crea.gov.co\/crea-cantarrana\/#\/schema\/person\/image\/","url":"https:\/\/secure.gravatar.com\/avatar\/e6b54eb2c91227e6015338d3251762db?s=96&d=mm&r=g","contentUrl":"https:\/\/secure.gravatar.com\/avatar\/e6b54eb2c91227e6015338d3251762db?s=96&d=mm&r=g","caption":"andreabuitrago"},"url":"https:\/\/www.crea.gov.co\/crea-cantarrana\/author\/andreabuitrago\/"}]}},"_links":{"self":[{"href":"https:\/\/www.crea.gov.co\/crea-cantarrana\/wp-json\/wp\/v2\/posts\/171","targetHints":{"allow":["GET"]}}],"collection":[{"href":"https:\/\/www.crea.gov.co\/crea-cantarrana\/wp-json\/wp\/v2\/posts"}],"about":[{"href":"https:\/\/www.crea.gov.co\/crea-cantarrana\/wp-json\/wp\/v2\/types\/post"}],"author":[{"embeddable":true,"href":"https:\/\/www.crea.gov.co\/crea-cantarrana\/wp-json\/wp\/v2\/users\/52"}],"replies":[{"embeddable":true,"href":"https:\/\/www.crea.gov.co\/crea-cantarrana\/wp-json\/wp\/v2\/comments?post=171"}],"version-history":[{"count":0,"href":"https:\/\/www.crea.gov.co\/crea-cantarrana\/wp-json\/wp\/v2\/posts\/171\/revisions"}],"wp:featuredmedia":[{"embeddable":true,"href":"https:\/\/www.crea.gov.co\/crea-cantarrana\/wp-json\/wp\/v2\/media\/179"}],"wp:attachment":[{"href":"https:\/\/www.crea.gov.co\/crea-cantarrana\/wp-json\/wp\/v2\/media?parent=171"}],"wp:term":[{"taxonomy":"category","embeddable":true,"href":"https:\/\/www.crea.gov.co\/crea-cantarrana\/wp-json\/wp\/v2\/categories?post=171"},{"taxonomy":"post_tag","embeddable":true,"href":"https:\/\/www.crea.gov.co\/crea-cantarrana\/wp-json\/wp\/v2\/tags?post=171"}],"curies":[{"name":"wp","href":"https:\/\/api.w.org\/{rel}","templated":true}]}}