{"id":1524,"date":"2026-04-29T23:31:29","date_gmt":"2026-04-29T23:31:29","guid":{"rendered":"https:\/\/www.crea.gov.co\/crea-cantarrana\/?p=1524"},"modified":"2026-04-29T23:31:29","modified_gmt":"2026-04-29T23:31:29","slug":"fiesta-cultural-y-recreativa-para-las-ninas-y-los-ninos-crea-cantarrana","status":"publish","type":"post","link":"https:\/\/www.crea.gov.co\/crea-cantarrana\/fiesta-cultural-y-recreativa-para-las-ninas-y-los-ninos-crea-cantarrana\/","title":{"rendered":"Fiesta Cultural y Recreativa para las Ni\u00f1as y los Ni\u00f1os \u2013 CREA CANTARRANA.\u00a0"},"content":{"rendered":"\n<p>Los d\u00edas en que somos felices son cortos, nos encontramos a las 9: 00Am en el CREA CANTARRANA ya ten\u00edan dispuesto todo un t\u00fanel donde sent\u00edamos cosas en los pies, escuch\u00e1bamos agua y cosas calientes y fr\u00edas, nos ten\u00edamos que arrastrar para enredarnos y todo con los ojos tapados, \u00edbamos tocado un pasillo blandito y con muchos sonidos, una voz nos guiaba y nos pon\u00edan cosas para oler. Luego pas\u00e1bamos a una estaci\u00f3n de pintura y hac\u00edamos cosas que identific\u00e1ramos y nos generaran identidad del territorio, la pintura era azul y hac\u00edamos nuestros sellos, pod\u00edan participar toda la familia, de mi casa estuvo, mi hermano, mi papa, mi mama y yo. Por \u00faltimo, pas\u00e1bamos a una pista de jab\u00f3n donde jug\u00e1bamos a rodar por la pista tenia colchonetas debajo y los padres y profes nos cuidaban; tambi\u00e9n hab\u00eda unos juegos de mesa esos se los gozaron los grandes mientras nosotros pas\u00e1bamos por los dem\u00e1s espacios. Todo se acabo a las doce &#8230; jumm &#8230; no salimos;   Saben el pase Bonito.<\/p>\n\n\n\n<figure class=\"wp-block-gallery has-nested-images columns-default is-cropped wp-block-gallery-1 is-layout-flex wp-block-gallery-is-layout-flex\">\n<figure class=\"wp-block-image size-large\"><img loading=\"lazy\" decoding=\"async\" width=\"768\" height=\"1024\" data-id=\"1538\" src=\"https:\/\/www.crea.gov.co\/crea-cantarrana\/wp-content\/uploads\/sites\/17\/2026\/04\/WhatsApp-Image-2026-04-26-at-11.11.22-AM-4-768x1024.jpeg\" alt=\"\" class=\"wp-image-1538\" srcset=\"https:\/\/www.crea.gov.co\/crea-cantarrana\/wp-content\/uploads\/sites\/17\/2026\/04\/WhatsApp-Image-2026-04-26-at-11.11.22-AM-4-768x1024.jpeg 768w, https:\/\/www.crea.gov.co\/crea-cantarrana\/wp-content\/uploads\/sites\/17\/2026\/04\/WhatsApp-Image-2026-04-26-at-11.11.22-AM-4-225x300.jpeg 225w, https:\/\/www.crea.gov.co\/crea-cantarrana\/wp-content\/uploads\/sites\/17\/2026\/04\/WhatsApp-Image-2026-04-26-at-11.11.22-AM-4.jpeg 960w\" sizes=\"auto, (max-width: 768px) 100vw, 768px\" \/><\/figure>\n\n\n\n<figure class=\"wp-block-image size-large\"><img loading=\"lazy\" decoding=\"async\" width=\"1024\" height=\"768\" data-id=\"1536\" src=\"https:\/\/www.crea.gov.co\/crea-cantarrana\/wp-content\/uploads\/sites\/17\/2026\/04\/WhatsApp-Image-2026-04-26-at-11.11.21-AM-1024x768.jpeg\" alt=\"\" class=\"wp-image-1536\" srcset=\"https:\/\/www.crea.gov.co\/crea-cantarrana\/wp-content\/uploads\/sites\/17\/2026\/04\/WhatsApp-Image-2026-04-26-at-11.11.21-AM-1024x768.jpeg 1024w, https:\/\/www.crea.gov.co\/crea-cantarrana\/wp-content\/uploads\/sites\/17\/2026\/04\/WhatsApp-Image-2026-04-26-at-11.11.21-AM-300x225.jpeg 300w, https:\/\/www.crea.gov.co\/crea-cantarrana\/wp-content\/uploads\/sites\/17\/2026\/04\/WhatsApp-Image-2026-04-26-at-11.11.21-AM-768x576.jpeg 768w, https:\/\/www.crea.gov.co\/crea-cantarrana\/wp-content\/uploads\/sites\/17\/2026\/04\/WhatsApp-Image-2026-04-26-at-11.11.21-AM.jpeg 1280w\" sizes=\"auto, (max-width: 1024px) 100vw, 1024px\" \/><\/figure>\n\n\n\n<figure class=\"wp-block-image size-large\"><img loading=\"lazy\" decoding=\"async\" width=\"768\" height=\"1024\" data-id=\"1533\" src=\"https:\/\/www.crea.gov.co\/crea-cantarrana\/wp-content\/uploads\/sites\/17\/2026\/04\/WhatsApp-Image-2026-04-28-at-2.50.02-PM-2-768x1024.jpeg\" alt=\"\" class=\"wp-image-1533\" srcset=\"https:\/\/www.crea.gov.co\/crea-cantarrana\/wp-content\/uploads\/sites\/17\/2026\/04\/WhatsApp-Image-2026-04-28-at-2.50.02-PM-2-768x1024.jpeg 768w, https:\/\/www.crea.gov.co\/crea-cantarrana\/wp-content\/uploads\/sites\/17\/2026\/04\/WhatsApp-Image-2026-04-28-at-2.50.02-PM-2-225x300.jpeg 225w, https:\/\/www.crea.gov.co\/crea-cantarrana\/wp-content\/uploads\/sites\/17\/2026\/04\/WhatsApp-Image-2026-04-28-at-2.50.02-PM-2-1152x1536.jpeg 1152w, https:\/\/www.crea.gov.co\/crea-cantarrana\/wp-content\/uploads\/sites\/17\/2026\/04\/WhatsApp-Image-2026-04-28-at-2.50.02-PM-2.jpeg 1200w\" sizes=\"auto, (max-width: 768px) 100vw, 768px\" \/><\/figure>\n\n\n\n<figure class=\"wp-block-image size-large\"><img loading=\"lazy\" decoding=\"async\" width=\"1024\" height=\"768\" data-id=\"1531\" src=\"https:\/\/www.crea.gov.co\/crea-cantarrana\/wp-content\/uploads\/sites\/17\/2026\/04\/WhatsApp-Image-2026-04-28-at-2.50.00-PM-1024x768.jpeg\" alt=\"\" class=\"wp-image-1531\" srcset=\"https:\/\/www.crea.gov.co\/crea-cantarrana\/wp-content\/uploads\/sites\/17\/2026\/04\/WhatsApp-Image-2026-04-28-at-2.50.00-PM-1024x768.jpeg 1024w, https:\/\/www.crea.gov.co\/crea-cantarrana\/wp-content\/uploads\/sites\/17\/2026\/04\/WhatsApp-Image-2026-04-28-at-2.50.00-PM-300x225.jpeg 300w, https:\/\/www.crea.gov.co\/crea-cantarrana\/wp-content\/uploads\/sites\/17\/2026\/04\/WhatsApp-Image-2026-04-28-at-2.50.00-PM-768x576.jpeg 768w, https:\/\/www.crea.gov.co\/crea-cantarrana\/wp-content\/uploads\/sites\/17\/2026\/04\/WhatsApp-Image-2026-04-28-at-2.50.00-PM-1536x1152.jpeg 1536w, https:\/\/www.crea.gov.co\/crea-cantarrana\/wp-content\/uploads\/sites\/17\/2026\/04\/WhatsApp-Image-2026-04-28-at-2.50.00-PM.jpeg 1600w\" sizes=\"auto, (max-width: 1024px) 100vw, 1024px\" \/><\/figure>\n\n\n\n<figure class=\"wp-block-image size-large\"><img loading=\"lazy\" decoding=\"async\" width=\"768\" height=\"1024\" data-id=\"1528\" src=\"https:\/\/www.crea.gov.co\/crea-cantarrana\/wp-content\/uploads\/sites\/17\/2026\/04\/WhatsApp-Image-2026-04-28-at-2.50.01-PM-768x1024.jpeg\" alt=\"\" class=\"wp-image-1528\" srcset=\"https:\/\/www.crea.gov.co\/crea-cantarrana\/wp-content\/uploads\/sites\/17\/2026\/04\/WhatsApp-Image-2026-04-28-at-2.50.01-PM-768x1024.jpeg 768w, https:\/\/www.crea.gov.co\/crea-cantarrana\/wp-content\/uploads\/sites\/17\/2026\/04\/WhatsApp-Image-2026-04-28-at-2.50.01-PM-225x300.jpeg 225w, https:\/\/www.crea.gov.co\/crea-cantarrana\/wp-content\/uploads\/sites\/17\/2026\/04\/WhatsApp-Image-2026-04-28-at-2.50.01-PM-1152x1536.jpeg 1152w, https:\/\/www.crea.gov.co\/crea-cantarrana\/wp-content\/uploads\/sites\/17\/2026\/04\/WhatsApp-Image-2026-04-28-at-2.50.01-PM.jpeg 1200w\" sizes=\"auto, (max-width: 768px) 100vw, 768px\" \/><\/figure>\n\n\n\n<figure class=\"wp-block-image size-large\"><img loading=\"lazy\" decoding=\"async\" width=\"768\" height=\"1024\" data-id=\"1527\" src=\"https:\/\/www.crea.gov.co\/crea-cantarrana\/wp-content\/uploads\/sites\/17\/2026\/04\/WhatsApp-Image-2026-04-26-at-11.11.22-AM-1-768x1024.jpeg\" alt=\"\" class=\"wp-image-1527\" srcset=\"https:\/\/www.crea.gov.co\/crea-cantarrana\/wp-content\/uploads\/sites\/17\/2026\/04\/WhatsApp-Image-2026-04-26-at-11.11.22-AM-1-768x1024.jpeg 768w, https:\/\/www.crea.gov.co\/crea-cantarrana\/wp-content\/uploads\/sites\/17\/2026\/04\/WhatsApp-Image-2026-04-26-at-11.11.22-AM-1-225x300.jpeg 225w, https:\/\/www.crea.gov.co\/crea-cantarrana\/wp-content\/uploads\/sites\/17\/2026\/04\/WhatsApp-Image-2026-04-26-at-11.11.22-AM-1.jpeg 960w\" sizes=\"auto, (max-width: 768px) 100vw, 768px\" \/><\/figure>\n\n\n\n<figure class=\"wp-block-image size-large\"><img loading=\"lazy\" decoding=\"async\" width=\"768\" height=\"1024\" data-id=\"1526\" src=\"https:\/\/www.crea.gov.co\/crea-cantarrana\/wp-content\/uploads\/sites\/17\/2026\/04\/WhatsApp-Image-2026-04-28-at-2.50.01-PM-1-768x1024.jpeg\" alt=\"\" class=\"wp-image-1526\" srcset=\"https:\/\/www.crea.gov.co\/crea-cantarrana\/wp-content\/uploads\/sites\/17\/2026\/04\/WhatsApp-Image-2026-04-28-at-2.50.01-PM-1-768x1024.jpeg 768w, https:\/\/www.crea.gov.co\/crea-cantarrana\/wp-content\/uploads\/sites\/17\/2026\/04\/WhatsApp-Image-2026-04-28-at-2.50.01-PM-1-225x300.jpeg 225w, https:\/\/www.crea.gov.co\/crea-cantarrana\/wp-content\/uploads\/sites\/17\/2026\/04\/WhatsApp-Image-2026-04-28-at-2.50.01-PM-1-1152x1536.jpeg 1152w, https:\/\/www.crea.gov.co\/crea-cantarrana\/wp-content\/uploads\/sites\/17\/2026\/04\/WhatsApp-Image-2026-04-28-at-2.50.01-PM-1.jpeg 1200w\" sizes=\"auto, (max-width: 768px) 100vw, 768px\" \/><\/figure>\n<\/figure>\n","protected":false},"excerpt":{"rendered":"<p>Los d\u00edas en que somos felices son cortos, nos encontramos a las 9: 00Am en el CREA CANTARRANA ya ten\u00edan dispuesto todo un t\u00fanel donde sent\u00edamos cosas en los pies, escuch\u00e1bamos agua y cosas calientes y fr\u00edas, nos ten\u00edamos que arrastrar para enredarnos y todo con los ojos tapados, \u00edbamos tocado un pasillo blandito y [&hellip;]<\/p>\n","protected":false},"author":99,"featured_media":1538,"comment_status":"open","ping_status":"open","sticky":false,"template":"","format":"standard","meta":{"footnotes":""},"categories":[1],"tags":[],"class_list":["post-1524","post","type-post","status-publish","format-standard","has-post-thumbnail","hentry","category-sin-categoria"],"yoast_head":"<!-- This site is optimized with the Yoast SEO plugin v24.5 - https:\/\/yoast.com\/wordpress\/plugins\/seo\/ -->\n<title>Fiesta Cultural y Recreativa para las Ni\u00f1as y los Ni\u00f1os \u2013 CREA CANTARRANA.\u00a0 - Crea Cantarrana<\/title>\n<meta name=\"robots\" content=\"index, follow, max-snippet:-1, max-image-preview:large, max-video-preview:-1\" \/>\n<link rel=\"canonical\" href=\"https:\/\/www.crea.gov.co\/crea-cantarrana\/fiesta-cultural-y-recreativa-para-las-ninas-y-los-ninos-crea-cantarrana\/\" \/>\n<meta property=\"og:locale\" content=\"es_ES\" \/>\n<meta property=\"og:type\" content=\"article\" \/>\n<meta property=\"og:title\" content=\"Fiesta Cultural y Recreativa para las Ni\u00f1as y los Ni\u00f1os \u2013 CREA CANTARRANA.\u00a0 - Crea Cantarrana\" \/>\n<meta property=\"og:description\" content=\"Los d\u00edas en que somos felices son cortos, nos encontramos a las 9: 00Am en el CREA CANTARRANA ya ten\u00edan dispuesto todo un t\u00fanel donde sent\u00edamos cosas en los pies, escuch\u00e1bamos agua y cosas calientes y fr\u00edas, nos ten\u00edamos que arrastrar para enredarnos y todo con los ojos tapados, \u00edbamos tocado un pasillo blandito y [&hellip;]\" \/>\n<meta property=\"og:url\" content=\"https:\/\/www.crea.gov.co\/crea-cantarrana\/fiesta-cultural-y-recreativa-para-las-ninas-y-los-ninos-crea-cantarrana\/\" \/>\n<meta property=\"og:site_name\" content=\"Crea Cantarrana\" \/>\n<meta property=\"article:published_time\" content=\"2026-04-29T23:31:29+00:00\" \/>\n<meta property=\"og:image\" content=\"https:\/\/www.crea.gov.co\/crea-cantarrana\/wp-content\/uploads\/sites\/17\/2026\/04\/WhatsApp-Image-2026-04-26-at-11.11.22-AM-4.jpeg\" \/>\n\t<meta property=\"og:image:width\" content=\"960\" \/>\n\t<meta property=\"og:image:height\" content=\"1280\" \/>\n\t<meta property=\"og:image:type\" content=\"image\/jpeg\" \/>\n<meta name=\"author\" content=\"creacantarana\" \/>\n<meta name=\"twitter:card\" content=\"summary_large_image\" \/>\n<meta name=\"twitter:label1\" content=\"Escrito por\" \/>\n\t<meta name=\"twitter:data1\" content=\"creacantarana\" \/>\n\t<meta name=\"twitter:label2\" content=\"Tiempo de lectura\" \/>\n\t<meta name=\"twitter:data2\" content=\"3 minutos\" \/>\n<script type=\"application\/ld+json\" class=\"yoast-schema-graph\">{\"@context\":\"https:\/\/schema.org\",\"@graph\":[{\"@type\":\"WebPage\",\"@id\":\"https:\/\/www.crea.gov.co\/crea-cantarrana\/fiesta-cultural-y-recreativa-para-las-ninas-y-los-ninos-crea-cantarrana\/\",\"url\":\"https:\/\/www.crea.gov.co\/crea-cantarrana\/fiesta-cultural-y-recreativa-para-las-ninas-y-los-ninos-crea-cantarrana\/\",\"name\":\"Fiesta Cultural y Recreativa para las Ni\u00f1as y los Ni\u00f1os \u2013 CREA CANTARRANA.\u00a0 - Crea Cantarrana\",\"isPartOf\":{\"@id\":\"https:\/\/www.crea.gov.co\/crea-cantarrana\/#website\"},\"primaryImageOfPage\":{\"@id\":\"https:\/\/www.crea.gov.co\/crea-cantarrana\/fiesta-cultural-y-recreativa-para-las-ninas-y-los-ninos-crea-cantarrana\/#primaryimage\"},\"image\":{\"@id\":\"https:\/\/www.crea.gov.co\/crea-cantarrana\/fiesta-cultural-y-recreativa-para-las-ninas-y-los-ninos-crea-cantarrana\/#primaryimage\"},\"thumbnailUrl\":\"https:\/\/www.crea.gov.co\/crea-cantarrana\/wp-content\/uploads\/sites\/17\/2026\/04\/WhatsApp-Image-2026-04-26-at-11.11.22-AM-4.jpeg\",\"datePublished\":\"2026-04-29T23:31:29+00:00\",\"author\":{\"@id\":\"https:\/\/www.crea.gov.co\/crea-cantarrana\/#\/schema\/person\/a50641c9b38d7527e7825cff4287675c\"},\"breadcrumb\":{\"@id\":\"https:\/\/www.crea.gov.co\/crea-cantarrana\/fiesta-cultural-y-recreativa-para-las-ninas-y-los-ninos-crea-cantarrana\/#breadcrumb\"},\"inLanguage\":\"es-CO\",\"potentialAction\":[{\"@type\":\"ReadAction\",\"target\":[\"https:\/\/www.crea.gov.co\/crea-cantarrana\/fiesta-cultural-y-recreativa-para-las-ninas-y-los-ninos-crea-cantarrana\/\"]}]},{\"@type\":\"ImageObject\",\"inLanguage\":\"es-CO\",\"@id\":\"https:\/\/www.crea.gov.co\/crea-cantarrana\/fiesta-cultural-y-recreativa-para-las-ninas-y-los-ninos-crea-cantarrana\/#primaryimage\",\"url\":\"https:\/\/www.crea.gov.co\/crea-cantarrana\/wp-content\/uploads\/sites\/17\/2026\/04\/WhatsApp-Image-2026-04-26-at-11.11.22-AM-4.jpeg\",\"contentUrl\":\"https:\/\/www.crea.gov.co\/crea-cantarrana\/wp-content\/uploads\/sites\/17\/2026\/04\/WhatsApp-Image-2026-04-26-at-11.11.22-AM-4.jpeg\",\"width\":960,\"height\":1280},{\"@type\":\"BreadcrumbList\",\"@id\":\"https:\/\/www.crea.gov.co\/crea-cantarrana\/fiesta-cultural-y-recreativa-para-las-ninas-y-los-ninos-crea-cantarrana\/#breadcrumb\",\"itemListElement\":[{\"@type\":\"ListItem\",\"position\":1,\"name\":\"Home\",\"item\":\"https:\/\/www.crea.gov.co\/crea-cantarrana\/\"},{\"@type\":\"ListItem\",\"position\":2,\"name\":\"Fiesta Cultural y Recreativa para las Ni\u00f1as y los Ni\u00f1os \u2013 CREA CANTARRANA.\u00a0\"}]},{\"@type\":\"WebSite\",\"@id\":\"https:\/\/www.crea.gov.co\/crea-cantarrana\/#website\",\"url\":\"https:\/\/www.crea.gov.co\/crea-cantarrana\/\",\"name\":\"Crea Cantarrana\",\"description\":\"En el sur de Bogot\u00e1, el campo y la ciudad dialogan. La tradici\u00f3n campesina y la creatividad urbana se encuentran bajo un domo que invita a ver el arte desde nuevas perspectivas. Es un espacio donde la comunidad transforma su d\u00eda a d\u00eda en historias, m\u00fasica y color, y donde la memoria rural se reinventa a cada paso.\",\"potentialAction\":[{\"@type\":\"SearchAction\",\"target\":{\"@type\":\"EntryPoint\",\"urlTemplate\":\"https:\/\/www.crea.gov.co\/crea-cantarrana\/?s={search_term_string}\"},\"query-input\":{\"@type\":\"PropertyValueSpecification\",\"valueRequired\":true,\"valueName\":\"search_term_string\"}}],\"inLanguage\":\"es-CO\"},{\"@type\":\"Person\",\"@id\":\"https:\/\/www.crea.gov.co\/crea-cantarrana\/#\/schema\/person\/a50641c9b38d7527e7825cff4287675c\",\"name\":\"creacantarana\",\"image\":{\"@type\":\"ImageObject\",\"inLanguage\":\"es-CO\",\"@id\":\"https:\/\/www.crea.gov.co\/crea-cantarrana\/#\/schema\/person\/image\/\",\"url\":\"https:\/\/secure.gravatar.com\/avatar\/e68993f8aa9720f886fee66f6e0798ba?s=96&d=mm&r=g\",\"contentUrl\":\"https:\/\/secure.gravatar.com\/avatar\/e68993f8aa9720f886fee66f6e0798ba?s=96&d=mm&r=g\",\"caption\":\"creacantarana\"},\"url\":\"https:\/\/www.crea.gov.co\/crea-cantarrana\/author\/creacantarana\/\"}]}<\/script>\n<!-- \/ Yoast SEO plugin. -->","yoast_head_json":{"title":"Fiesta Cultural y Recreativa para las Ni\u00f1as y los Ni\u00f1os \u2013 CREA CANTARRANA.\u00a0 - Crea Cantarrana","robots":{"index":"index","follow":"follow","max-snippet":"max-snippet:-1","max-image-preview":"max-image-preview:large","max-video-preview":"max-video-preview:-1"},"canonical":"https:\/\/www.crea.gov.co\/crea-cantarrana\/fiesta-cultural-y-recreativa-para-las-ninas-y-los-ninos-crea-cantarrana\/","og_locale":"es_ES","og_type":"article","og_title":"Fiesta Cultural y Recreativa para las Ni\u00f1as y los Ni\u00f1os \u2013 CREA CANTARRANA.\u00a0 - Crea Cantarrana","og_description":"Los d\u00edas en que somos felices son cortos, nos encontramos a las 9: 00Am en el CREA CANTARRANA ya ten\u00edan dispuesto todo un t\u00fanel donde sent\u00edamos cosas en los pies, escuch\u00e1bamos agua y cosas calientes y fr\u00edas, nos ten\u00edamos que arrastrar para enredarnos y todo con los ojos tapados, \u00edbamos tocado un pasillo blandito y [&hellip;]","og_url":"https:\/\/www.crea.gov.co\/crea-cantarrana\/fiesta-cultural-y-recreativa-para-las-ninas-y-los-ninos-crea-cantarrana\/","og_site_name":"Crea Cantarrana","article_published_time":"2026-04-29T23:31:29+00:00","og_image":[{"width":960,"height":1280,"url":"https:\/\/www.crea.gov.co\/crea-cantarrana\/wp-content\/uploads\/sites\/17\/2026\/04\/WhatsApp-Image-2026-04-26-at-11.11.22-AM-4.jpeg","type":"image\/jpeg"}],"author":"creacantarana","twitter_card":"summary_large_image","twitter_misc":{"Escrito por":"creacantarana","Tiempo de lectura":"3 minutos"},"schema":{"@context":"https:\/\/schema.org","@graph":[{"@type":"WebPage","@id":"https:\/\/www.crea.gov.co\/crea-cantarrana\/fiesta-cultural-y-recreativa-para-las-ninas-y-los-ninos-crea-cantarrana\/","url":"https:\/\/www.crea.gov.co\/crea-cantarrana\/fiesta-cultural-y-recreativa-para-las-ninas-y-los-ninos-crea-cantarrana\/","name":"Fiesta Cultural y Recreativa para las Ni\u00f1as y los Ni\u00f1os \u2013 CREA CANTARRANA.\u00a0 - Crea Cantarrana","isPartOf":{"@id":"https:\/\/www.crea.gov.co\/crea-cantarrana\/#website"},"primaryImageOfPage":{"@id":"https:\/\/www.crea.gov.co\/crea-cantarrana\/fiesta-cultural-y-recreativa-para-las-ninas-y-los-ninos-crea-cantarrana\/#primaryimage"},"image":{"@id":"https:\/\/www.crea.gov.co\/crea-cantarrana\/fiesta-cultural-y-recreativa-para-las-ninas-y-los-ninos-crea-cantarrana\/#primaryimage"},"thumbnailUrl":"https:\/\/www.crea.gov.co\/crea-cantarrana\/wp-content\/uploads\/sites\/17\/2026\/04\/WhatsApp-Image-2026-04-26-at-11.11.22-AM-4.jpeg","datePublished":"2026-04-29T23:31:29+00:00","author":{"@id":"https:\/\/www.crea.gov.co\/crea-cantarrana\/#\/schema\/person\/a50641c9b38d7527e7825cff4287675c"},"breadcrumb":{"@id":"https:\/\/www.crea.gov.co\/crea-cantarrana\/fiesta-cultural-y-recreativa-para-las-ninas-y-los-ninos-crea-cantarrana\/#breadcrumb"},"inLanguage":"es-CO","potentialAction":[{"@type":"ReadAction","target":["https:\/\/www.crea.gov.co\/crea-cantarrana\/fiesta-cultural-y-recreativa-para-las-ninas-y-los-ninos-crea-cantarrana\/"]}]},{"@type":"ImageObject","inLanguage":"es-CO","@id":"https:\/\/www.crea.gov.co\/crea-cantarrana\/fiesta-cultural-y-recreativa-para-las-ninas-y-los-ninos-crea-cantarrana\/#primaryimage","url":"https:\/\/www.crea.gov.co\/crea-cantarrana\/wp-content\/uploads\/sites\/17\/2026\/04\/WhatsApp-Image-2026-04-26-at-11.11.22-AM-4.jpeg","contentUrl":"https:\/\/www.crea.gov.co\/crea-cantarrana\/wp-content\/uploads\/sites\/17\/2026\/04\/WhatsApp-Image-2026-04-26-at-11.11.22-AM-4.jpeg","width":960,"height":1280},{"@type":"BreadcrumbList","@id":"https:\/\/www.crea.gov.co\/crea-cantarrana\/fiesta-cultural-y-recreativa-para-las-ninas-y-los-ninos-crea-cantarrana\/#breadcrumb","itemListElement":[{"@type":"ListItem","position":1,"name":"Home","item":"https:\/\/www.crea.gov.co\/crea-cantarrana\/"},{"@type":"ListItem","position":2,"name":"Fiesta Cultural y Recreativa para las Ni\u00f1as y los Ni\u00f1os \u2013 CREA CANTARRANA.\u00a0"}]},{"@type":"WebSite","@id":"https:\/\/www.crea.gov.co\/crea-cantarrana\/#website","url":"https:\/\/www.crea.gov.co\/crea-cantarrana\/","name":"Crea Cantarrana","description":"En el sur de Bogot\u00e1, el campo y la ciudad dialogan. La tradici\u00f3n campesina y la creatividad urbana se encuentran bajo un domo que invita a ver el arte desde nuevas perspectivas. Es un espacio donde la comunidad transforma su d\u00eda a d\u00eda en historias, m\u00fasica y color, y donde la memoria rural se reinventa a cada paso.","potentialAction":[{"@type":"SearchAction","target":{"@type":"EntryPoint","urlTemplate":"https:\/\/www.crea.gov.co\/crea-cantarrana\/?s={search_term_string}"},"query-input":{"@type":"PropertyValueSpecification","valueRequired":true,"valueName":"search_term_string"}}],"inLanguage":"es-CO"},{"@type":"Person","@id":"https:\/\/www.crea.gov.co\/crea-cantarrana\/#\/schema\/person\/a50641c9b38d7527e7825cff4287675c","name":"creacantarana","image":{"@type":"ImageObject","inLanguage":"es-CO","@id":"https:\/\/www.crea.gov.co\/crea-cantarrana\/#\/schema\/person\/image\/","url":"https:\/\/secure.gravatar.com\/avatar\/e68993f8aa9720f886fee66f6e0798ba?s=96&d=mm&r=g","contentUrl":"https:\/\/secure.gravatar.com\/avatar\/e68993f8aa9720f886fee66f6e0798ba?s=96&d=mm&r=g","caption":"creacantarana"},"url":"https:\/\/www.crea.gov.co\/crea-cantarrana\/author\/creacantarana\/"}]}},"_links":{"self":[{"href":"https:\/\/www.crea.gov.co\/crea-cantarrana\/wp-json\/wp\/v2\/posts\/1524","targetHints":{"allow":["GET"]}}],"collection":[{"href":"https:\/\/www.crea.gov.co\/crea-cantarrana\/wp-json\/wp\/v2\/posts"}],"about":[{"href":"https:\/\/www.crea.gov.co\/crea-cantarrana\/wp-json\/wp\/v2\/types\/post"}],"author":[{"embeddable":true,"href":"https:\/\/www.crea.gov.co\/crea-cantarrana\/wp-json\/wp\/v2\/users\/99"}],"replies":[{"embeddable":true,"href":"https:\/\/www.crea.gov.co\/crea-cantarrana\/wp-json\/wp\/v2\/comments?post=1524"}],"version-history":[{"count":2,"href":"https:\/\/www.crea.gov.co\/crea-cantarrana\/wp-json\/wp\/v2\/posts\/1524\/revisions"}],"predecessor-version":[{"id":1539,"href":"https:\/\/www.crea.gov.co\/crea-cantarrana\/wp-json\/wp\/v2\/posts\/1524\/revisions\/1539"}],"wp:featuredmedia":[{"embeddable":true,"href":"https:\/\/www.crea.gov.co\/crea-cantarrana\/wp-json\/wp\/v2\/media\/1538"}],"wp:attachment":[{"href":"https:\/\/www.crea.gov.co\/crea-cantarrana\/wp-json\/wp\/v2\/media?parent=1524"}],"wp:term":[{"taxonomy":"category","embeddable":true,"href":"https:\/\/www.crea.gov.co\/crea-cantarrana\/wp-json\/wp\/v2\/categories?post=1524"},{"taxonomy":"post_tag","embeddable":true,"href":"https:\/\/www.crea.gov.co\/crea-cantarrana\/wp-json\/wp\/v2\/tags?post=1524"}],"curies":[{"name":"wp","href":"https:\/\/api.w.org\/{rel}","templated":true}]}}