{"id":1506,"date":"2026-04-24T20:54:51","date_gmt":"2026-04-24T20:54:51","guid":{"rendered":"https:\/\/www.crea.gov.co\/crea-cantarrana\/?p=1506"},"modified":"2026-04-24T20:54:51","modified_gmt":"2026-04-24T20:54:51","slug":"cada-uno-debe-crear-sus-personajes-tenemos-unos-grandes-y-otros-chiquitosunos-muequitos-y-otros-flaquitos","status":"publish","type":"post","link":"https:\/\/www.crea.gov.co\/crea-cantarrana\/cada-uno-debe-crear-sus-personajes-tenemos-unos-grandes-y-otros-chiquitosunos-muequitos-y-otros-flaquitos\/","title":{"rendered":"CADA UNO DEBE CREAR SUS PERSONAJES\u2026 TENEMOS UNOS GRANDES Y OTROS CHIQUITOS,UNOS MUEQUITOS Y OTROS FLAQUITOS."},"content":{"rendered":"\n<p>En medio del auge del desarrollo tecnol\u00f3gico digital, son cada vez m\u00e1s comunes las im\u00e1genes generadas por inteligencia artificial, las cuales pueden ser un veh\u00edculo que potencie nuestras posibilidades creativas o, por el contrario, las limite. Por ello, es importante generar conciencia sobre el contenido digital que exploramos y, a su vez, reflexionar acerca del potencial que tenemos para generar im\u00e1genes y potenciar nuestra imaginaci\u00f3n, haciendo de estas tecnolog\u00edas posibilidades en lugar de lo contrario. La pregunta sobre c\u00f3mo potenciar estas herramientas en el \u00e1mbito escolar es precisamente el punto de partida de los talleres de creaci\u00f3n digital que centran su prop\u00f3sito durante este a\u00f1o. Enfocando el trabajo en la creaci\u00f3n de personajes para videojuegos, buscamos, a trav\u00e9s de t\u00e9cnicas de plegado de papel, generar confianza y abrir posibilidades para incentivar y explorar la imaginaci\u00f3n de los participantes. Se trata de un trabajo t\u00e9cnicamente simple, pero que en s\u00ed mismo encierra una importancia mayor: que cada ejercicio sirva como facilitador y potenciador creativo, permitiendo que los ni\u00f1os y ni\u00f1as puedan recrear mundos imaginarios donde, a su vez, se crean espacios para el desarrollo de la expresi\u00f3n y la sensibilidad que emanan del arte<\/p>\n\n\n\n<figure class=\"wp-block-gallery has-nested-images columns-default is-cropped wp-block-gallery-1 is-layout-flex wp-block-gallery-is-layout-flex\">\n<figure class=\"wp-block-image size-large\"><img loading=\"lazy\" decoding=\"async\" width=\"683\" height=\"523\" data-id=\"1514\" src=\"https:\/\/www.crea.gov.co\/crea-cantarrana\/wp-content\/uploads\/sites\/17\/2026\/04\/personaje3.png\" alt=\"\" class=\"wp-image-1514\" srcset=\"https:\/\/www.crea.gov.co\/crea-cantarrana\/wp-content\/uploads\/sites\/17\/2026\/04\/personaje3.png 683w, https:\/\/www.crea.gov.co\/crea-cantarrana\/wp-content\/uploads\/sites\/17\/2026\/04\/personaje3-300x230.png 300w\" sizes=\"auto, (max-width: 683px) 100vw, 683px\" \/><\/figure>\n\n\n\n<figure class=\"wp-block-image size-large\"><img loading=\"lazy\" decoding=\"async\" width=\"1024\" height=\"768\" data-id=\"1510\" src=\"https:\/\/www.crea.gov.co\/crea-cantarrana\/wp-content\/uploads\/sites\/17\/2026\/04\/personaje7-1024x768.jpg\" alt=\"\" class=\"wp-image-1510\" srcset=\"https:\/\/www.crea.gov.co\/crea-cantarrana\/wp-content\/uploads\/sites\/17\/2026\/04\/personaje7-1024x768.jpg 1024w, https:\/\/www.crea.gov.co\/crea-cantarrana\/wp-content\/uploads\/sites\/17\/2026\/04\/personaje7-300x225.jpg 300w, https:\/\/www.crea.gov.co\/crea-cantarrana\/wp-content\/uploads\/sites\/17\/2026\/04\/personaje7-768x576.jpg 768w, https:\/\/www.crea.gov.co\/crea-cantarrana\/wp-content\/uploads\/sites\/17\/2026\/04\/personaje7-1536x1152.jpg 1536w, https:\/\/www.crea.gov.co\/crea-cantarrana\/wp-content\/uploads\/sites\/17\/2026\/04\/personaje7.jpg 1600w\" sizes=\"auto, (max-width: 1024px) 100vw, 1024px\" \/><\/figure>\n<\/figure>\n\n\n\n<figure class=\"wp-block-gallery has-nested-images columns-default is-cropped wp-block-gallery-2 is-layout-flex wp-block-gallery-is-layout-flex\">\n<figure class=\"wp-block-image size-large\"><img loading=\"lazy\" decoding=\"async\" width=\"698\" height=\"462\" data-id=\"1516\" src=\"https:\/\/www.crea.gov.co\/crea-cantarrana\/wp-content\/uploads\/sites\/17\/2026\/04\/personaje2-1.jpg\" alt=\"\" class=\"wp-image-1516\" srcset=\"https:\/\/www.crea.gov.co\/crea-cantarrana\/wp-content\/uploads\/sites\/17\/2026\/04\/personaje2-1.jpg 698w, https:\/\/www.crea.gov.co\/crea-cantarrana\/wp-content\/uploads\/sites\/17\/2026\/04\/personaje2-1-300x199.jpg 300w\" sizes=\"auto, (max-width: 698px) 100vw, 698px\" \/><\/figure>\n<\/figure>\n\n\n\n<figure class=\"wp-block-gallery has-nested-images columns-default is-cropped wp-block-gallery-3 is-layout-flex wp-block-gallery-is-layout-flex\">\n<figure class=\"wp-block-image size-large\"><img loading=\"lazy\" decoding=\"async\" width=\"1024\" height=\"768\" data-id=\"1517\" src=\"https:\/\/www.crea.gov.co\/crea-cantarrana\/wp-content\/uploads\/sites\/17\/2026\/04\/WhatsApp-Image-2026-03-19-at-2.52.11-PM-1024x768.jpeg\" alt=\"\" class=\"wp-image-1517\" srcset=\"https:\/\/www.crea.gov.co\/crea-cantarrana\/wp-content\/uploads\/sites\/17\/2026\/04\/WhatsApp-Image-2026-03-19-at-2.52.11-PM-1024x768.jpeg 1024w, https:\/\/www.crea.gov.co\/crea-cantarrana\/wp-content\/uploads\/sites\/17\/2026\/04\/WhatsApp-Image-2026-03-19-at-2.52.11-PM-300x225.jpeg 300w, https:\/\/www.crea.gov.co\/crea-cantarrana\/wp-content\/uploads\/sites\/17\/2026\/04\/WhatsApp-Image-2026-03-19-at-2.52.11-PM-768x576.jpeg 768w, https:\/\/www.crea.gov.co\/crea-cantarrana\/wp-content\/uploads\/sites\/17\/2026\/04\/WhatsApp-Image-2026-03-19-at-2.52.11-PM-1536x1152.jpeg 1536w, https:\/\/www.crea.gov.co\/crea-cantarrana\/wp-content\/uploads\/sites\/17\/2026\/04\/WhatsApp-Image-2026-03-19-at-2.52.11-PM.jpeg 1600w\" sizes=\"auto, (max-width: 1024px) 100vw, 1024px\" \/><\/figure>\n<\/figure>\n\n\n\n<figure class=\"wp-block-gallery has-nested-images columns-default is-cropped wp-block-gallery-4 is-layout-flex wp-block-gallery-is-layout-flex\">\n<figure class=\"wp-block-image size-large\"><img loading=\"lazy\" decoding=\"async\" width=\"1024\" height=\"646\" data-id=\"1518\" src=\"https:\/\/www.crea.gov.co\/crea-cantarrana\/wp-content\/uploads\/sites\/17\/2026\/04\/personajes-6-1-1024x646.png\" alt=\"\" class=\"wp-image-1518\" srcset=\"https:\/\/www.crea.gov.co\/crea-cantarrana\/wp-content\/uploads\/sites\/17\/2026\/04\/personajes-6-1-1024x646.png 1024w, https:\/\/www.crea.gov.co\/crea-cantarrana\/wp-content\/uploads\/sites\/17\/2026\/04\/personajes-6-1-300x189.png 300w, https:\/\/www.crea.gov.co\/crea-cantarrana\/wp-content\/uploads\/sites\/17\/2026\/04\/personajes-6-1-768x485.png 768w, https:\/\/www.crea.gov.co\/crea-cantarrana\/wp-content\/uploads\/sites\/17\/2026\/04\/personajes-6-1.png 1127w\" sizes=\"auto, (max-width: 1024px) 100vw, 1024px\" \/><\/figure>\n<\/figure>\n\n\n\n<figure class=\"wp-block-image size-large\"><img loading=\"lazy\" decoding=\"async\" width=\"1024\" height=\"768\" src=\"https:\/\/www.crea.gov.co\/crea-cantarrana\/wp-content\/uploads\/sites\/17\/2026\/04\/WhatsApp-Image-2026-03-19-at-2.52.10-PM-1-1024x768.jpeg\" alt=\"\" class=\"wp-image-1519\" srcset=\"https:\/\/www.crea.gov.co\/crea-cantarrana\/wp-content\/uploads\/sites\/17\/2026\/04\/WhatsApp-Image-2026-03-19-at-2.52.10-PM-1-1024x768.jpeg 1024w, https:\/\/www.crea.gov.co\/crea-cantarrana\/wp-content\/uploads\/sites\/17\/2026\/04\/WhatsApp-Image-2026-03-19-at-2.52.10-PM-1-300x225.jpeg 300w, https:\/\/www.crea.gov.co\/crea-cantarrana\/wp-content\/uploads\/sites\/17\/2026\/04\/WhatsApp-Image-2026-03-19-at-2.52.10-PM-1-768x576.jpeg 768w, https:\/\/www.crea.gov.co\/crea-cantarrana\/wp-content\/uploads\/sites\/17\/2026\/04\/WhatsApp-Image-2026-03-19-at-2.52.10-PM-1-1536x1152.jpeg 1536w, https:\/\/www.crea.gov.co\/crea-cantarrana\/wp-content\/uploads\/sites\/17\/2026\/04\/WhatsApp-Image-2026-03-19-at-2.52.10-PM-1.jpeg 1600w\" sizes=\"auto, (max-width: 1024px) 100vw, 1024px\" \/><\/figure>\n\n\n\n<figure class=\"wp-block-gallery has-nested-images columns-default is-cropped wp-block-gallery-5 is-layout-flex wp-block-gallery-is-layout-flex\">\n<figure class=\"wp-block-image size-large\"><img loading=\"lazy\" decoding=\"async\" width=\"1024\" height=\"768\" data-id=\"1520\" src=\"https:\/\/www.crea.gov.co\/crea-cantarrana\/wp-content\/uploads\/sites\/17\/2026\/04\/personaje9-1-1024x768.jpg\" alt=\"\" class=\"wp-image-1520\" srcset=\"https:\/\/www.crea.gov.co\/crea-cantarrana\/wp-content\/uploads\/sites\/17\/2026\/04\/personaje9-1-1024x768.jpg 1024w, https:\/\/www.crea.gov.co\/crea-cantarrana\/wp-content\/uploads\/sites\/17\/2026\/04\/personaje9-1-300x225.jpg 300w, https:\/\/www.crea.gov.co\/crea-cantarrana\/wp-content\/uploads\/sites\/17\/2026\/04\/personaje9-1-768x576.jpg 768w, https:\/\/www.crea.gov.co\/crea-cantarrana\/wp-content\/uploads\/sites\/17\/2026\/04\/personaje9-1-1536x1152.jpg 1536w, https:\/\/www.crea.gov.co\/crea-cantarrana\/wp-content\/uploads\/sites\/17\/2026\/04\/personaje9-1.jpg 1600w\" sizes=\"auto, (max-width: 1024px) 100vw, 1024px\" \/><\/figure>\n<\/figure>\n","protected":false},"excerpt":{"rendered":"<p>En medio del auge del desarrollo tecnol\u00f3gico digital, son cada vez m\u00e1s comunes las im\u00e1genes generadas por inteligencia artificial, las cuales pueden ser un veh\u00edculo que potencie nuestras posibilidades creativas o, por el contrario, las limite. Por ello, es importante generar conciencia sobre el contenido digital que exploramos y, a su vez, reflexionar acerca del [&hellip;]<\/p>\n","protected":false},"author":99,"featured_media":1520,"comment_status":"open","ping_status":"open","sticky":false,"template":"","format":"standard","meta":{"footnotes":""},"categories":[1],"tags":[],"class_list":["post-1506","post","type-post","status-publish","format-standard","has-post-thumbnail","hentry","category-sin-categoria"],"yoast_head":"<!-- This site is optimized with the Yoast SEO plugin v24.5 - https:\/\/yoast.com\/wordpress\/plugins\/seo\/ -->\n<title>CADA UNO DEBE CREAR SUS PERSONAJES\u2026 TENEMOS UNOS GRANDES Y OTROS CHIQUITOS,UNOS MUEQUITOS Y OTROS FLAQUITOS. - Crea Cantarrana<\/title>\n<meta name=\"robots\" content=\"index, follow, max-snippet:-1, max-image-preview:large, max-video-preview:-1\" \/>\n<link rel=\"canonical\" href=\"https:\/\/www.crea.gov.co\/crea-cantarrana\/cada-uno-debe-crear-sus-personajes-tenemos-unos-grandes-y-otros-chiquitosunos-muequitos-y-otros-flaquitos\/\" \/>\n<meta property=\"og:locale\" content=\"es_ES\" \/>\n<meta property=\"og:type\" content=\"article\" \/>\n<meta property=\"og:title\" content=\"CADA UNO DEBE CREAR SUS PERSONAJES\u2026 TENEMOS UNOS GRANDES Y OTROS CHIQUITOS,UNOS MUEQUITOS Y OTROS FLAQUITOS. - Crea Cantarrana\" \/>\n<meta property=\"og:description\" content=\"En medio del auge del desarrollo tecnol\u00f3gico digital, son cada vez m\u00e1s comunes las im\u00e1genes generadas por inteligencia artificial, las cuales pueden ser un veh\u00edculo que potencie nuestras posibilidades creativas o, por el contrario, las limite. Por ello, es importante generar conciencia sobre el contenido digital que exploramos y, a su vez, reflexionar acerca del [&hellip;]\" \/>\n<meta property=\"og:url\" content=\"https:\/\/www.crea.gov.co\/crea-cantarrana\/cada-uno-debe-crear-sus-personajes-tenemos-unos-grandes-y-otros-chiquitosunos-muequitos-y-otros-flaquitos\/\" \/>\n<meta property=\"og:site_name\" content=\"Crea Cantarrana\" \/>\n<meta property=\"article:published_time\" content=\"2026-04-24T20:54:51+00:00\" \/>\n<meta property=\"og:image\" content=\"https:\/\/www.crea.gov.co\/crea-cantarrana\/wp-content\/uploads\/sites\/17\/2026\/04\/personaje9-1.jpg\" \/>\n\t<meta property=\"og:image:width\" content=\"1600\" \/>\n\t<meta property=\"og:image:height\" content=\"1200\" \/>\n\t<meta property=\"og:image:type\" content=\"image\/jpeg\" \/>\n<meta name=\"author\" content=\"creacantarana\" \/>\n<meta name=\"twitter:card\" content=\"summary_large_image\" \/>\n<meta name=\"twitter:label1\" content=\"Escrito por\" \/>\n\t<meta name=\"twitter:data1\" content=\"creacantarana\" \/>\n\t<meta name=\"twitter:label2\" content=\"Tiempo de lectura\" \/>\n\t<meta name=\"twitter:data2\" content=\"3 minutos\" \/>\n<script type=\"application\/ld+json\" class=\"yoast-schema-graph\">{\"@context\":\"https:\/\/schema.org\",\"@graph\":[{\"@type\":\"WebPage\",\"@id\":\"https:\/\/www.crea.gov.co\/crea-cantarrana\/cada-uno-debe-crear-sus-personajes-tenemos-unos-grandes-y-otros-chiquitosunos-muequitos-y-otros-flaquitos\/\",\"url\":\"https:\/\/www.crea.gov.co\/crea-cantarrana\/cada-uno-debe-crear-sus-personajes-tenemos-unos-grandes-y-otros-chiquitosunos-muequitos-y-otros-flaquitos\/\",\"name\":\"CADA UNO DEBE CREAR SUS PERSONAJES\u2026 TENEMOS UNOS GRANDES Y OTROS CHIQUITOS,UNOS MUEQUITOS Y OTROS FLAQUITOS. - Crea Cantarrana\",\"isPartOf\":{\"@id\":\"https:\/\/www.crea.gov.co\/crea-cantarrana\/#website\"},\"primaryImageOfPage\":{\"@id\":\"https:\/\/www.crea.gov.co\/crea-cantarrana\/cada-uno-debe-crear-sus-personajes-tenemos-unos-grandes-y-otros-chiquitosunos-muequitos-y-otros-flaquitos\/#primaryimage\"},\"image\":{\"@id\":\"https:\/\/www.crea.gov.co\/crea-cantarrana\/cada-uno-debe-crear-sus-personajes-tenemos-unos-grandes-y-otros-chiquitosunos-muequitos-y-otros-flaquitos\/#primaryimage\"},\"thumbnailUrl\":\"https:\/\/www.crea.gov.co\/crea-cantarrana\/wp-content\/uploads\/sites\/17\/2026\/04\/personaje9-1.jpg\",\"datePublished\":\"2026-04-24T20:54:51+00:00\",\"author\":{\"@id\":\"https:\/\/www.crea.gov.co\/crea-cantarrana\/#\/schema\/person\/a50641c9b38d7527e7825cff4287675c\"},\"breadcrumb\":{\"@id\":\"https:\/\/www.crea.gov.co\/crea-cantarrana\/cada-uno-debe-crear-sus-personajes-tenemos-unos-grandes-y-otros-chiquitosunos-muequitos-y-otros-flaquitos\/#breadcrumb\"},\"inLanguage\":\"es-CO\",\"potentialAction\":[{\"@type\":\"ReadAction\",\"target\":[\"https:\/\/www.crea.gov.co\/crea-cantarrana\/cada-uno-debe-crear-sus-personajes-tenemos-unos-grandes-y-otros-chiquitosunos-muequitos-y-otros-flaquitos\/\"]}]},{\"@type\":\"ImageObject\",\"inLanguage\":\"es-CO\",\"@id\":\"https:\/\/www.crea.gov.co\/crea-cantarrana\/cada-uno-debe-crear-sus-personajes-tenemos-unos-grandes-y-otros-chiquitosunos-muequitos-y-otros-flaquitos\/#primaryimage\",\"url\":\"https:\/\/www.crea.gov.co\/crea-cantarrana\/wp-content\/uploads\/sites\/17\/2026\/04\/personaje9-1.jpg\",\"contentUrl\":\"https:\/\/www.crea.gov.co\/crea-cantarrana\/wp-content\/uploads\/sites\/17\/2026\/04\/personaje9-1.jpg\",\"width\":1600,\"height\":1200},{\"@type\":\"BreadcrumbList\",\"@id\":\"https:\/\/www.crea.gov.co\/crea-cantarrana\/cada-uno-debe-crear-sus-personajes-tenemos-unos-grandes-y-otros-chiquitosunos-muequitos-y-otros-flaquitos\/#breadcrumb\",\"itemListElement\":[{\"@type\":\"ListItem\",\"position\":1,\"name\":\"Home\",\"item\":\"https:\/\/www.crea.gov.co\/crea-cantarrana\/\"},{\"@type\":\"ListItem\",\"position\":2,\"name\":\"CADA UNO DEBE CREAR SUS PERSONAJES\u2026 TENEMOS UNOS GRANDES Y OTROS CHIQUITOS,UNOS MUEQUITOS Y OTROS FLAQUITOS.\"}]},{\"@type\":\"WebSite\",\"@id\":\"https:\/\/www.crea.gov.co\/crea-cantarrana\/#website\",\"url\":\"https:\/\/www.crea.gov.co\/crea-cantarrana\/\",\"name\":\"Crea Cantarrana\",\"description\":\"En el sur de Bogot\u00e1, el campo y la ciudad dialogan. La tradici\u00f3n campesina y la creatividad urbana se encuentran bajo un domo que invita a ver el arte desde nuevas perspectivas. Es un espacio donde la comunidad transforma su d\u00eda a d\u00eda en historias, m\u00fasica y color, y donde la memoria rural se reinventa a cada paso.\",\"potentialAction\":[{\"@type\":\"SearchAction\",\"target\":{\"@type\":\"EntryPoint\",\"urlTemplate\":\"https:\/\/www.crea.gov.co\/crea-cantarrana\/?s={search_term_string}\"},\"query-input\":{\"@type\":\"PropertyValueSpecification\",\"valueRequired\":true,\"valueName\":\"search_term_string\"}}],\"inLanguage\":\"es-CO\"},{\"@type\":\"Person\",\"@id\":\"https:\/\/www.crea.gov.co\/crea-cantarrana\/#\/schema\/person\/a50641c9b38d7527e7825cff4287675c\",\"name\":\"creacantarana\",\"image\":{\"@type\":\"ImageObject\",\"inLanguage\":\"es-CO\",\"@id\":\"https:\/\/www.crea.gov.co\/crea-cantarrana\/#\/schema\/person\/image\/\",\"url\":\"https:\/\/secure.gravatar.com\/avatar\/e68993f8aa9720f886fee66f6e0798ba?s=96&d=mm&r=g\",\"contentUrl\":\"https:\/\/secure.gravatar.com\/avatar\/e68993f8aa9720f886fee66f6e0798ba?s=96&d=mm&r=g\",\"caption\":\"creacantarana\"},\"url\":\"https:\/\/www.crea.gov.co\/crea-cantarrana\/author\/creacantarana\/\"}]}<\/script>\n<!-- \/ Yoast SEO plugin. -->","yoast_head_json":{"title":"CADA UNO DEBE CREAR SUS PERSONAJES\u2026 TENEMOS UNOS GRANDES Y OTROS CHIQUITOS,UNOS MUEQUITOS Y OTROS FLAQUITOS. - Crea Cantarrana","robots":{"index":"index","follow":"follow","max-snippet":"max-snippet:-1","max-image-preview":"max-image-preview:large","max-video-preview":"max-video-preview:-1"},"canonical":"https:\/\/www.crea.gov.co\/crea-cantarrana\/cada-uno-debe-crear-sus-personajes-tenemos-unos-grandes-y-otros-chiquitosunos-muequitos-y-otros-flaquitos\/","og_locale":"es_ES","og_type":"article","og_title":"CADA UNO DEBE CREAR SUS PERSONAJES\u2026 TENEMOS UNOS GRANDES Y OTROS CHIQUITOS,UNOS MUEQUITOS Y OTROS FLAQUITOS. - Crea Cantarrana","og_description":"En medio del auge del desarrollo tecnol\u00f3gico digital, son cada vez m\u00e1s comunes las im\u00e1genes generadas por inteligencia artificial, las cuales pueden ser un veh\u00edculo que potencie nuestras posibilidades creativas o, por el contrario, las limite. Por ello, es importante generar conciencia sobre el contenido digital que exploramos y, a su vez, reflexionar acerca del [&hellip;]","og_url":"https:\/\/www.crea.gov.co\/crea-cantarrana\/cada-uno-debe-crear-sus-personajes-tenemos-unos-grandes-y-otros-chiquitosunos-muequitos-y-otros-flaquitos\/","og_site_name":"Crea Cantarrana","article_published_time":"2026-04-24T20:54:51+00:00","og_image":[{"width":1600,"height":1200,"url":"https:\/\/www.crea.gov.co\/crea-cantarrana\/wp-content\/uploads\/sites\/17\/2026\/04\/personaje9-1.jpg","type":"image\/jpeg"}],"author":"creacantarana","twitter_card":"summary_large_image","twitter_misc":{"Escrito por":"creacantarana","Tiempo de lectura":"3 minutos"},"schema":{"@context":"https:\/\/schema.org","@graph":[{"@type":"WebPage","@id":"https:\/\/www.crea.gov.co\/crea-cantarrana\/cada-uno-debe-crear-sus-personajes-tenemos-unos-grandes-y-otros-chiquitosunos-muequitos-y-otros-flaquitos\/","url":"https:\/\/www.crea.gov.co\/crea-cantarrana\/cada-uno-debe-crear-sus-personajes-tenemos-unos-grandes-y-otros-chiquitosunos-muequitos-y-otros-flaquitos\/","name":"CADA UNO DEBE CREAR SUS PERSONAJES\u2026 TENEMOS UNOS GRANDES Y OTROS CHIQUITOS,UNOS MUEQUITOS Y OTROS FLAQUITOS. - Crea Cantarrana","isPartOf":{"@id":"https:\/\/www.crea.gov.co\/crea-cantarrana\/#website"},"primaryImageOfPage":{"@id":"https:\/\/www.crea.gov.co\/crea-cantarrana\/cada-uno-debe-crear-sus-personajes-tenemos-unos-grandes-y-otros-chiquitosunos-muequitos-y-otros-flaquitos\/#primaryimage"},"image":{"@id":"https:\/\/www.crea.gov.co\/crea-cantarrana\/cada-uno-debe-crear-sus-personajes-tenemos-unos-grandes-y-otros-chiquitosunos-muequitos-y-otros-flaquitos\/#primaryimage"},"thumbnailUrl":"https:\/\/www.crea.gov.co\/crea-cantarrana\/wp-content\/uploads\/sites\/17\/2026\/04\/personaje9-1.jpg","datePublished":"2026-04-24T20:54:51+00:00","author":{"@id":"https:\/\/www.crea.gov.co\/crea-cantarrana\/#\/schema\/person\/a50641c9b38d7527e7825cff4287675c"},"breadcrumb":{"@id":"https:\/\/www.crea.gov.co\/crea-cantarrana\/cada-uno-debe-crear-sus-personajes-tenemos-unos-grandes-y-otros-chiquitosunos-muequitos-y-otros-flaquitos\/#breadcrumb"},"inLanguage":"es-CO","potentialAction":[{"@type":"ReadAction","target":["https:\/\/www.crea.gov.co\/crea-cantarrana\/cada-uno-debe-crear-sus-personajes-tenemos-unos-grandes-y-otros-chiquitosunos-muequitos-y-otros-flaquitos\/"]}]},{"@type":"ImageObject","inLanguage":"es-CO","@id":"https:\/\/www.crea.gov.co\/crea-cantarrana\/cada-uno-debe-crear-sus-personajes-tenemos-unos-grandes-y-otros-chiquitosunos-muequitos-y-otros-flaquitos\/#primaryimage","url":"https:\/\/www.crea.gov.co\/crea-cantarrana\/wp-content\/uploads\/sites\/17\/2026\/04\/personaje9-1.jpg","contentUrl":"https:\/\/www.crea.gov.co\/crea-cantarrana\/wp-content\/uploads\/sites\/17\/2026\/04\/personaje9-1.jpg","width":1600,"height":1200},{"@type":"BreadcrumbList","@id":"https:\/\/www.crea.gov.co\/crea-cantarrana\/cada-uno-debe-crear-sus-personajes-tenemos-unos-grandes-y-otros-chiquitosunos-muequitos-y-otros-flaquitos\/#breadcrumb","itemListElement":[{"@type":"ListItem","position":1,"name":"Home","item":"https:\/\/www.crea.gov.co\/crea-cantarrana\/"},{"@type":"ListItem","position":2,"name":"CADA UNO DEBE CREAR SUS PERSONAJES\u2026 TENEMOS UNOS GRANDES Y OTROS CHIQUITOS,UNOS MUEQUITOS Y OTROS FLAQUITOS."}]},{"@type":"WebSite","@id":"https:\/\/www.crea.gov.co\/crea-cantarrana\/#website","url":"https:\/\/www.crea.gov.co\/crea-cantarrana\/","name":"Crea Cantarrana","description":"En el sur de Bogot\u00e1, el campo y la ciudad dialogan. La tradici\u00f3n campesina y la creatividad urbana se encuentran bajo un domo que invita a ver el arte desde nuevas perspectivas. Es un espacio donde la comunidad transforma su d\u00eda a d\u00eda en historias, m\u00fasica y color, y donde la memoria rural se reinventa a cada paso.","potentialAction":[{"@type":"SearchAction","target":{"@type":"EntryPoint","urlTemplate":"https:\/\/www.crea.gov.co\/crea-cantarrana\/?s={search_term_string}"},"query-input":{"@type":"PropertyValueSpecification","valueRequired":true,"valueName":"search_term_string"}}],"inLanguage":"es-CO"},{"@type":"Person","@id":"https:\/\/www.crea.gov.co\/crea-cantarrana\/#\/schema\/person\/a50641c9b38d7527e7825cff4287675c","name":"creacantarana","image":{"@type":"ImageObject","inLanguage":"es-CO","@id":"https:\/\/www.crea.gov.co\/crea-cantarrana\/#\/schema\/person\/image\/","url":"https:\/\/secure.gravatar.com\/avatar\/e68993f8aa9720f886fee66f6e0798ba?s=96&d=mm&r=g","contentUrl":"https:\/\/secure.gravatar.com\/avatar\/e68993f8aa9720f886fee66f6e0798ba?s=96&d=mm&r=g","caption":"creacantarana"},"url":"https:\/\/www.crea.gov.co\/crea-cantarrana\/author\/creacantarana\/"}]}},"_links":{"self":[{"href":"https:\/\/www.crea.gov.co\/crea-cantarrana\/wp-json\/wp\/v2\/posts\/1506","targetHints":{"allow":["GET"]}}],"collection":[{"href":"https:\/\/www.crea.gov.co\/crea-cantarrana\/wp-json\/wp\/v2\/posts"}],"about":[{"href":"https:\/\/www.crea.gov.co\/crea-cantarrana\/wp-json\/wp\/v2\/types\/post"}],"author":[{"embeddable":true,"href":"https:\/\/www.crea.gov.co\/crea-cantarrana\/wp-json\/wp\/v2\/users\/99"}],"replies":[{"embeddable":true,"href":"https:\/\/www.crea.gov.co\/crea-cantarrana\/wp-json\/wp\/v2\/comments?post=1506"}],"version-history":[{"count":1,"href":"https:\/\/www.crea.gov.co\/crea-cantarrana\/wp-json\/wp\/v2\/posts\/1506\/revisions"}],"predecessor-version":[{"id":1521,"href":"https:\/\/www.crea.gov.co\/crea-cantarrana\/wp-json\/wp\/v2\/posts\/1506\/revisions\/1521"}],"wp:featuredmedia":[{"embeddable":true,"href":"https:\/\/www.crea.gov.co\/crea-cantarrana\/wp-json\/wp\/v2\/media\/1520"}],"wp:attachment":[{"href":"https:\/\/www.crea.gov.co\/crea-cantarrana\/wp-json\/wp\/v2\/media?parent=1506"}],"wp:term":[{"taxonomy":"category","embeddable":true,"href":"https:\/\/www.crea.gov.co\/crea-cantarrana\/wp-json\/wp\/v2\/categories?post=1506"},{"taxonomy":"post_tag","embeddable":true,"href":"https:\/\/www.crea.gov.co\/crea-cantarrana\/wp-json\/wp\/v2\/tags?post=1506"}],"curies":[{"name":"wp","href":"https:\/\/api.w.org\/{rel}","templated":true}]}}