{"id":1460,"date":"2026-02-03T16:30:34","date_gmt":"2026-02-03T16:30:34","guid":{"rendered":"https:\/\/www.crea.gov.co\/crea-cantarrana\/?p=1460"},"modified":"2026-02-03T16:35:20","modified_gmt":"2026-02-03T16:35:20","slug":"volvimos-ya-estamos-listo-para-iniciar-en-crea-canttarana","status":"publish","type":"post","link":"https:\/\/www.crea.gov.co\/crea-cantarrana\/volvimos-ya-estamos-listo-para-iniciar-en-crea-canttarana\/","title":{"rendered":"VOLVIMOS&#8230; YA ESTAMOS LISTO PARA INICIAR  EN CREA CANTTARANA."},"content":{"rendered":"\n<p>A partir de la primera semana de febrero estaremos iniciando actividades en CREA CANTARRANA.<\/p>\n\n\n\n<p>Recuerda que los documentos para inscribirte son: Fotocopia de documento de identidad, recibo de servicio publico y fotocopia de certificado de EPS.<\/p>\n\n\n\n<p>Ven pronto para tener el gusto ofertar los diferentes talleres art\u00edsticos.<\/p>\n\n\n\n<h1 class=\"wp-block-heading\"><\/h1>\n\n\n\n<figure class=\"wp-block-image size-large\"><img loading=\"lazy\" decoding=\"async\" width=\"1024\" height=\"576\" src=\"https:\/\/www.crea.gov.co\/crea-cantarrana\/wp-content\/uploads\/sites\/17\/2025\/08\/WhatsApp-Image-2025-07-25-at-2.37.31-PM-1024x576.jpeg\" alt=\"\" class=\"wp-image-1326\" srcset=\"https:\/\/www.crea.gov.co\/crea-cantarrana\/wp-content\/uploads\/sites\/17\/2025\/08\/WhatsApp-Image-2025-07-25-at-2.37.31-PM-1024x576.jpeg 1024w, https:\/\/www.crea.gov.co\/crea-cantarrana\/wp-content\/uploads\/sites\/17\/2025\/08\/WhatsApp-Image-2025-07-25-at-2.37.31-PM-300x169.jpeg 300w, https:\/\/www.crea.gov.co\/crea-cantarrana\/wp-content\/uploads\/sites\/17\/2025\/08\/WhatsApp-Image-2025-07-25-at-2.37.31-PM-768x432.jpeg 768w, https:\/\/www.crea.gov.co\/crea-cantarrana\/wp-content\/uploads\/sites\/17\/2025\/08\/WhatsApp-Image-2025-07-25-at-2.37.31-PM-1536x864.jpeg 1536w, https:\/\/www.crea.gov.co\/crea-cantarrana\/wp-content\/uploads\/sites\/17\/2025\/08\/WhatsApp-Image-2025-07-25-at-2.37.31-PM.jpeg 1600w\" sizes=\"auto, (max-width: 1024px) 100vw, 1024px\" \/><\/figure>\n\n\n\n<figure class=\"wp-block-gallery has-nested-images columns-default is-cropped wp-block-gallery-1 is-layout-flex wp-block-gallery-is-layout-flex\">\n<figure class=\"wp-block-image size-large\"><img loading=\"lazy\" decoding=\"async\" width=\"1024\" height=\"576\" data-id=\"1266\" src=\"https:\/\/www.crea.gov.co\/crea-cantarrana\/wp-content\/uploads\/sites\/17\/2025\/05\/WhatsApp-Image-2025-05-13-at-3.44.58-PM-1-1024x576.jpeg\" alt=\"\" class=\"wp-image-1266\" srcset=\"https:\/\/www.crea.gov.co\/crea-cantarrana\/wp-content\/uploads\/sites\/17\/2025\/05\/WhatsApp-Image-2025-05-13-at-3.44.58-PM-1-1024x576.jpeg 1024w, https:\/\/www.crea.gov.co\/crea-cantarrana\/wp-content\/uploads\/sites\/17\/2025\/05\/WhatsApp-Image-2025-05-13-at-3.44.58-PM-1-300x169.jpeg 300w, https:\/\/www.crea.gov.co\/crea-cantarrana\/wp-content\/uploads\/sites\/17\/2025\/05\/WhatsApp-Image-2025-05-13-at-3.44.58-PM-1-768x432.jpeg 768w, https:\/\/www.crea.gov.co\/crea-cantarrana\/wp-content\/uploads\/sites\/17\/2025\/05\/WhatsApp-Image-2025-05-13-at-3.44.58-PM-1-1536x864.jpeg 1536w, https:\/\/www.crea.gov.co\/crea-cantarrana\/wp-content\/uploads\/sites\/17\/2025\/05\/WhatsApp-Image-2025-05-13-at-3.44.58-PM-1.jpeg 1600w\" sizes=\"auto, (max-width: 1024px) 100vw, 1024px\" \/><\/figure>\n\n\n\n<figure class=\"wp-block-image size-large\"><img loading=\"lazy\" decoding=\"async\" width=\"819\" height=\"1024\" data-id=\"1006\" src=\"https:\/\/www.crea.gov.co\/crea-cantarrana\/wp-content\/uploads\/sites\/17\/2024\/10\/LZK_1040-819x1024.jpg\" alt=\"\" class=\"wp-image-1006\" srcset=\"https:\/\/www.crea.gov.co\/crea-cantarrana\/wp-content\/uploads\/sites\/17\/2024\/10\/LZK_1040-819x1024.jpg 819w, https:\/\/www.crea.gov.co\/crea-cantarrana\/wp-content\/uploads\/sites\/17\/2024\/10\/LZK_1040-240x300.jpg 240w, https:\/\/www.crea.gov.co\/crea-cantarrana\/wp-content\/uploads\/sites\/17\/2024\/10\/LZK_1040-768x960.jpg 768w, https:\/\/www.crea.gov.co\/crea-cantarrana\/wp-content\/uploads\/sites\/17\/2024\/10\/LZK_1040-1229x1536.jpg 1229w, https:\/\/www.crea.gov.co\/crea-cantarrana\/wp-content\/uploads\/sites\/17\/2024\/10\/LZK_1040-1638x2048.jpg 1638w, https:\/\/www.crea.gov.co\/crea-cantarrana\/wp-content\/uploads\/sites\/17\/2024\/10\/LZK_1040-scaled.jpg 2048w\" sizes=\"auto, (max-width: 819px) 100vw, 819px\" \/><\/figure>\n\n\n\n<figure class=\"wp-block-image size-large\"><img loading=\"lazy\" decoding=\"async\" width=\"819\" height=\"1024\" data-id=\"1015\" src=\"https:\/\/www.crea.gov.co\/crea-cantarrana\/wp-content\/uploads\/sites\/17\/2024\/10\/LZK_0515-1-819x1024.jpg\" alt=\"\" class=\"wp-image-1015\" srcset=\"https:\/\/www.crea.gov.co\/crea-cantarrana\/wp-content\/uploads\/sites\/17\/2024\/10\/LZK_0515-1-819x1024.jpg 819w, https:\/\/www.crea.gov.co\/crea-cantarrana\/wp-content\/uploads\/sites\/17\/2024\/10\/LZK_0515-1-240x300.jpg 240w, https:\/\/www.crea.gov.co\/crea-cantarrana\/wp-content\/uploads\/sites\/17\/2024\/10\/LZK_0515-1-768x960.jpg 768w, https:\/\/www.crea.gov.co\/crea-cantarrana\/wp-content\/uploads\/sites\/17\/2024\/10\/LZK_0515-1-1229x1536.jpg 1229w, https:\/\/www.crea.gov.co\/crea-cantarrana\/wp-content\/uploads\/sites\/17\/2024\/10\/LZK_0515-1-1638x2048.jpg 1638w, https:\/\/www.crea.gov.co\/crea-cantarrana\/wp-content\/uploads\/sites\/17\/2024\/10\/LZK_0515-1-scaled.jpg 2048w\" sizes=\"auto, (max-width: 819px) 100vw, 819px\" \/><\/figure>\n\n\n\n<figure class=\"wp-block-image size-large\"><img loading=\"lazy\" decoding=\"async\" width=\"1024\" height=\"768\" data-id=\"883\" src=\"https:\/\/www.crea.gov.co\/crea-cantarrana\/wp-content\/uploads\/sites\/17\/2024\/05\/IMG-20240523-WA0038-1024x768.jpg\" alt=\"\" class=\"wp-image-883\" srcset=\"https:\/\/www.crea.gov.co\/crea-cantarrana\/wp-content\/uploads\/sites\/17\/2024\/05\/IMG-20240523-WA0038-1024x768.jpg 1024w, https:\/\/www.crea.gov.co\/crea-cantarrana\/wp-content\/uploads\/sites\/17\/2024\/05\/IMG-20240523-WA0038-300x225.jpg 300w, https:\/\/www.crea.gov.co\/crea-cantarrana\/wp-content\/uploads\/sites\/17\/2024\/05\/IMG-20240523-WA0038-768x576.jpg 768w, https:\/\/www.crea.gov.co\/crea-cantarrana\/wp-content\/uploads\/sites\/17\/2024\/05\/IMG-20240523-WA0038-1536x1152.jpg 1536w, https:\/\/www.crea.gov.co\/crea-cantarrana\/wp-content\/uploads\/sites\/17\/2024\/05\/IMG-20240523-WA0038.jpg 1600w\" sizes=\"auto, (max-width: 1024px) 100vw, 1024px\" \/><\/figure>\n\n\n\n<figure class=\"wp-block-image size-large\"><img loading=\"lazy\" decoding=\"async\" width=\"1024\" height=\"766\" data-id=\"886\" src=\"https:\/\/www.crea.gov.co\/crea-cantarrana\/wp-content\/uploads\/sites\/17\/2024\/05\/IMG_20240523_164634-1024x766.jpg\" alt=\"\" class=\"wp-image-886\" srcset=\"https:\/\/www.crea.gov.co\/crea-cantarrana\/wp-content\/uploads\/sites\/17\/2024\/05\/IMG_20240523_164634-1024x766.jpg 1024w, https:\/\/www.crea.gov.co\/crea-cantarrana\/wp-content\/uploads\/sites\/17\/2024\/05\/IMG_20240523_164634-300x224.jpg 300w, https:\/\/www.crea.gov.co\/crea-cantarrana\/wp-content\/uploads\/sites\/17\/2024\/05\/IMG_20240523_164634-768x574.jpg 768w, https:\/\/www.crea.gov.co\/crea-cantarrana\/wp-content\/uploads\/sites\/17\/2024\/05\/IMG_20240523_164634-1536x1149.jpg 1536w, https:\/\/www.crea.gov.co\/crea-cantarrana\/wp-content\/uploads\/sites\/17\/2024\/05\/IMG_20240523_164634-2048x1532.jpg 2048w\" sizes=\"auto, (max-width: 1024px) 100vw, 1024px\" \/><\/figure>\n<\/figure>\n\n\n\n<figure class=\"wp-block-gallery has-nested-images columns-default is-cropped wp-block-gallery-2 is-layout-flex wp-block-gallery-is-layout-flex\">\n<figure class=\"wp-block-image size-large\"><img loading=\"lazy\" decoding=\"async\" width=\"1024\" height=\"768\" data-id=\"1409\" src=\"https:\/\/www.crea.gov.co\/crea-cantarrana\/wp-content\/uploads\/sites\/17\/2025\/11\/WhatsApp-Image-2025-10-28-at-11.30.53-AM-1024x768.jpeg\" alt=\"\" class=\"wp-image-1409\" srcset=\"https:\/\/www.crea.gov.co\/crea-cantarrana\/wp-content\/uploads\/sites\/17\/2025\/11\/WhatsApp-Image-2025-10-28-at-11.30.53-AM-1024x768.jpeg 1024w, https:\/\/www.crea.gov.co\/crea-cantarrana\/wp-content\/uploads\/sites\/17\/2025\/11\/WhatsApp-Image-2025-10-28-at-11.30.53-AM-300x225.jpeg 300w, https:\/\/www.crea.gov.co\/crea-cantarrana\/wp-content\/uploads\/sites\/17\/2025\/11\/WhatsApp-Image-2025-10-28-at-11.30.53-AM-768x576.jpeg 768w, https:\/\/www.crea.gov.co\/crea-cantarrana\/wp-content\/uploads\/sites\/17\/2025\/11\/WhatsApp-Image-2025-10-28-at-11.30.53-AM-1536x1152.jpeg 1536w, https:\/\/www.crea.gov.co\/crea-cantarrana\/wp-content\/uploads\/sites\/17\/2025\/11\/WhatsApp-Image-2025-10-28-at-11.30.53-AM.jpeg 1600w\" sizes=\"auto, (max-width: 1024px) 100vw, 1024px\" \/><\/figure>\n\n\n\n<figure class=\"wp-block-image size-large\"><img loading=\"lazy\" decoding=\"async\" width=\"1024\" height=\"768\" data-id=\"1373\" src=\"https:\/\/www.crea.gov.co\/crea-cantarrana\/wp-content\/uploads\/sites\/17\/2025\/10\/WhatsApp-Image-2025-10-04-at-12.01.55-PM-1024x768.jpeg\" alt=\"\" class=\"wp-image-1373\" srcset=\"https:\/\/www.crea.gov.co\/crea-cantarrana\/wp-content\/uploads\/sites\/17\/2025\/10\/WhatsApp-Image-2025-10-04-at-12.01.55-PM-1024x768.jpeg 1024w, https:\/\/www.crea.gov.co\/crea-cantarrana\/wp-content\/uploads\/sites\/17\/2025\/10\/WhatsApp-Image-2025-10-04-at-12.01.55-PM-300x225.jpeg 300w, https:\/\/www.crea.gov.co\/crea-cantarrana\/wp-content\/uploads\/sites\/17\/2025\/10\/WhatsApp-Image-2025-10-04-at-12.01.55-PM-768x576.jpeg 768w, https:\/\/www.crea.gov.co\/crea-cantarrana\/wp-content\/uploads\/sites\/17\/2025\/10\/WhatsApp-Image-2025-10-04-at-12.01.55-PM-1536x1152.jpeg 1536w, https:\/\/www.crea.gov.co\/crea-cantarrana\/wp-content\/uploads\/sites\/17\/2025\/10\/WhatsApp-Image-2025-10-04-at-12.01.55-PM.jpeg 1600w\" sizes=\"auto, (max-width: 1024px) 100vw, 1024px\" \/><\/figure>\n\n\n\n<figure class=\"wp-block-image size-large\"><img loading=\"lazy\" decoding=\"async\" width=\"1024\" height=\"768\" data-id=\"1130\" src=\"https:\/\/www.crea.gov.co\/crea-cantarrana\/wp-content\/uploads\/sites\/17\/2024\/12\/WhatsApp-Image-2024-12-13-at-1.21.24-PM-1-1024x768.jpeg\" alt=\"\" class=\"wp-image-1130\" srcset=\"https:\/\/www.crea.gov.co\/crea-cantarrana\/wp-content\/uploads\/sites\/17\/2024\/12\/WhatsApp-Image-2024-12-13-at-1.21.24-PM-1-1024x768.jpeg 1024w, https:\/\/www.crea.gov.co\/crea-cantarrana\/wp-content\/uploads\/sites\/17\/2024\/12\/WhatsApp-Image-2024-12-13-at-1.21.24-PM-1-300x225.jpeg 300w, https:\/\/www.crea.gov.co\/crea-cantarrana\/wp-content\/uploads\/sites\/17\/2024\/12\/WhatsApp-Image-2024-12-13-at-1.21.24-PM-1-768x576.jpeg 768w, https:\/\/www.crea.gov.co\/crea-cantarrana\/wp-content\/uploads\/sites\/17\/2024\/12\/WhatsApp-Image-2024-12-13-at-1.21.24-PM-1-1536x1152.jpeg 1536w, https:\/\/www.crea.gov.co\/crea-cantarrana\/wp-content\/uploads\/sites\/17\/2024\/12\/WhatsApp-Image-2024-12-13-at-1.21.24-PM-1.jpeg 1600w\" sizes=\"auto, (max-width: 1024px) 100vw, 1024px\" \/><\/figure>\n\n\n\n<figure class=\"wp-block-image size-large\"><img loading=\"lazy\" decoding=\"async\" width=\"819\" height=\"1024\" data-id=\"1000\" src=\"https:\/\/www.crea.gov.co\/crea-cantarrana\/wp-content\/uploads\/sites\/17\/2024\/10\/LZK_1693-819x1024.jpg\" alt=\"\" class=\"wp-image-1000\" srcset=\"https:\/\/www.crea.gov.co\/crea-cantarrana\/wp-content\/uploads\/sites\/17\/2024\/10\/LZK_1693-819x1024.jpg 819w, https:\/\/www.crea.gov.co\/crea-cantarrana\/wp-content\/uploads\/sites\/17\/2024\/10\/LZK_1693-240x300.jpg 240w, https:\/\/www.crea.gov.co\/crea-cantarrana\/wp-content\/uploads\/sites\/17\/2024\/10\/LZK_1693-768x960.jpg 768w, https:\/\/www.crea.gov.co\/crea-cantarrana\/wp-content\/uploads\/sites\/17\/2024\/10\/LZK_1693-1229x1536.jpg 1229w, https:\/\/www.crea.gov.co\/crea-cantarrana\/wp-content\/uploads\/sites\/17\/2024\/10\/LZK_1693-1639x2048.jpg 1639w, https:\/\/www.crea.gov.co\/crea-cantarrana\/wp-content\/uploads\/sites\/17\/2024\/10\/LZK_1693-scaled.jpg 2048w\" sizes=\"auto, (max-width: 819px) 100vw, 819px\" \/><\/figure>\n\n\n\n<figure class=\"wp-block-image size-large\"><img loading=\"lazy\" decoding=\"async\" width=\"576\" height=\"1024\" data-id=\"916\" src=\"https:\/\/www.crea.gov.co\/crea-cantarrana\/wp-content\/uploads\/sites\/17\/2024\/07\/WhatsApp-Image-2024-07-05-at-12.31.20-PM-1-576x1024.jpeg\" alt=\"\" class=\"wp-image-916\" srcset=\"https:\/\/www.crea.gov.co\/crea-cantarrana\/wp-content\/uploads\/sites\/17\/2024\/07\/WhatsApp-Image-2024-07-05-at-12.31.20-PM-1-576x1024.jpeg 576w, https:\/\/www.crea.gov.co\/crea-cantarrana\/wp-content\/uploads\/sites\/17\/2024\/07\/WhatsApp-Image-2024-07-05-at-12.31.20-PM-1-169x300.jpeg 169w, https:\/\/www.crea.gov.co\/crea-cantarrana\/wp-content\/uploads\/sites\/17\/2024\/07\/WhatsApp-Image-2024-07-05-at-12.31.20-PM-1.jpeg 720w\" sizes=\"auto, (max-width: 576px) 100vw, 576px\" \/><\/figure>\n<\/figure>\n\n\n\n<figure class=\"wp-block-image size-large\"><img loading=\"lazy\" decoding=\"async\" width=\"1024\" height=\"576\" src=\"https:\/\/www.crea.gov.co\/crea-cantarrana\/wp-content\/uploads\/sites\/17\/2025\/10\/WhatsApp-Image-2025-10-25-at-4.40.53-PM-1024x576.jpeg\" alt=\"\" class=\"wp-image-1395\" srcset=\"https:\/\/www.crea.gov.co\/crea-cantarrana\/wp-content\/uploads\/sites\/17\/2025\/10\/WhatsApp-Image-2025-10-25-at-4.40.53-PM-1024x576.jpeg 1024w, https:\/\/www.crea.gov.co\/crea-cantarrana\/wp-content\/uploads\/sites\/17\/2025\/10\/WhatsApp-Image-2025-10-25-at-4.40.53-PM-300x169.jpeg 300w, https:\/\/www.crea.gov.co\/crea-cantarrana\/wp-content\/uploads\/sites\/17\/2025\/10\/WhatsApp-Image-2025-10-25-at-4.40.53-PM-768x432.jpeg 768w, https:\/\/www.crea.gov.co\/crea-cantarrana\/wp-content\/uploads\/sites\/17\/2025\/10\/WhatsApp-Image-2025-10-25-at-4.40.53-PM.jpeg 1280w\" sizes=\"auto, (max-width: 1024px) 100vw, 1024px\" \/><\/figure>\n","protected":false},"excerpt":{"rendered":"<p>A partir de la primera semana de febrero estaremos iniciando actividades en CREA CANTARRANA. Recuerda que los documentos para inscribirte son: Fotocopia de documento de identidad, recibo de servicio publico y fotocopia de certificado de EPS. Ven pronto para tener el gusto ofertar los diferentes talleres art\u00edsticos.<\/p>\n","protected":false},"author":99,"featured_media":1234,"comment_status":"open","ping_status":"open","sticky":false,"template":"","format":"standard","meta":{"footnotes":""},"categories":[1],"tags":[],"class_list":["post-1460","post","type-post","status-publish","format-standard","has-post-thumbnail","hentry","category-sin-categoria"],"yoast_head":"<!-- This site is optimized with the Yoast SEO plugin v24.5 - https:\/\/yoast.com\/wordpress\/plugins\/seo\/ -->\n<title>VOLVIMOS... YA ESTAMOS LISTO PARA INICIAR EN CREA CANTTARANA. - Crea Cantarrana<\/title>\n<meta name=\"robots\" content=\"index, follow, max-snippet:-1, max-image-preview:large, max-video-preview:-1\" \/>\n<link rel=\"canonical\" href=\"https:\/\/www.crea.gov.co\/crea-cantarrana\/volvimos-ya-estamos-listo-para-iniciar-en-crea-canttarana\/\" \/>\n<meta property=\"og:locale\" content=\"es_ES\" \/>\n<meta property=\"og:type\" content=\"article\" \/>\n<meta property=\"og:title\" content=\"VOLVIMOS... YA ESTAMOS LISTO PARA INICIAR EN CREA CANTTARANA. - Crea Cantarrana\" \/>\n<meta property=\"og:description\" content=\"A partir de la primera semana de febrero estaremos iniciando actividades en CREA CANTARRANA. Recuerda que los documentos para inscribirte son: Fotocopia de documento de identidad, recibo de servicio publico y fotocopia de certificado de EPS. Ven pronto para tener el gusto ofertar los diferentes talleres art\u00edsticos.\" \/>\n<meta property=\"og:url\" content=\"https:\/\/www.crea.gov.co\/crea-cantarrana\/volvimos-ya-estamos-listo-para-iniciar-en-crea-canttarana\/\" \/>\n<meta property=\"og:site_name\" content=\"Crea Cantarrana\" \/>\n<meta property=\"article:published_time\" content=\"2026-02-03T16:30:34+00:00\" \/>\n<meta property=\"article:modified_time\" content=\"2026-02-03T16:35:20+00:00\" \/>\n<meta property=\"og:image\" content=\"https:\/\/www.crea.gov.co\/crea-cantarrana\/wp-content\/uploads\/sites\/17\/2025\/05\/WhatsApp-Image-2025-05-05-at-2.23.42-PM.jpeg\" \/>\n\t<meta property=\"og:image:width\" content=\"1600\" \/>\n\t<meta property=\"og:image:height\" content=\"897\" \/>\n\t<meta property=\"og:image:type\" content=\"image\/jpeg\" \/>\n<meta name=\"author\" content=\"creacantarana\" \/>\n<meta name=\"twitter:card\" content=\"summary_large_image\" \/>\n<meta name=\"twitter:label1\" content=\"Escrito por\" \/>\n\t<meta name=\"twitter:data1\" content=\"creacantarana\" \/>\n\t<meta name=\"twitter:label2\" content=\"Tiempo de lectura\" \/>\n\t<meta name=\"twitter:data2\" content=\"3 minutos\" \/>\n<script type=\"application\/ld+json\" class=\"yoast-schema-graph\">{\"@context\":\"https:\/\/schema.org\",\"@graph\":[{\"@type\":\"WebPage\",\"@id\":\"https:\/\/www.crea.gov.co\/crea-cantarrana\/volvimos-ya-estamos-listo-para-iniciar-en-crea-canttarana\/\",\"url\":\"https:\/\/www.crea.gov.co\/crea-cantarrana\/volvimos-ya-estamos-listo-para-iniciar-en-crea-canttarana\/\",\"name\":\"VOLVIMOS... YA ESTAMOS LISTO PARA INICIAR EN CREA CANTTARANA. - Crea Cantarrana\",\"isPartOf\":{\"@id\":\"https:\/\/www.crea.gov.co\/crea-cantarrana\/#website\"},\"primaryImageOfPage\":{\"@id\":\"https:\/\/www.crea.gov.co\/crea-cantarrana\/volvimos-ya-estamos-listo-para-iniciar-en-crea-canttarana\/#primaryimage\"},\"image\":{\"@id\":\"https:\/\/www.crea.gov.co\/crea-cantarrana\/volvimos-ya-estamos-listo-para-iniciar-en-crea-canttarana\/#primaryimage\"},\"thumbnailUrl\":\"https:\/\/www.crea.gov.co\/crea-cantarrana\/wp-content\/uploads\/sites\/17\/2025\/05\/WhatsApp-Image-2025-05-05-at-2.23.42-PM.jpeg\",\"datePublished\":\"2026-02-03T16:30:34+00:00\",\"dateModified\":\"2026-02-03T16:35:20+00:00\",\"author\":{\"@id\":\"https:\/\/www.crea.gov.co\/crea-cantarrana\/#\/schema\/person\/a50641c9b38d7527e7825cff4287675c\"},\"breadcrumb\":{\"@id\":\"https:\/\/www.crea.gov.co\/crea-cantarrana\/volvimos-ya-estamos-listo-para-iniciar-en-crea-canttarana\/#breadcrumb\"},\"inLanguage\":\"es-CO\",\"potentialAction\":[{\"@type\":\"ReadAction\",\"target\":[\"https:\/\/www.crea.gov.co\/crea-cantarrana\/volvimos-ya-estamos-listo-para-iniciar-en-crea-canttarana\/\"]}]},{\"@type\":\"ImageObject\",\"inLanguage\":\"es-CO\",\"@id\":\"https:\/\/www.crea.gov.co\/crea-cantarrana\/volvimos-ya-estamos-listo-para-iniciar-en-crea-canttarana\/#primaryimage\",\"url\":\"https:\/\/www.crea.gov.co\/crea-cantarrana\/wp-content\/uploads\/sites\/17\/2025\/05\/WhatsApp-Image-2025-05-05-at-2.23.42-PM.jpeg\",\"contentUrl\":\"https:\/\/www.crea.gov.co\/crea-cantarrana\/wp-content\/uploads\/sites\/17\/2025\/05\/WhatsApp-Image-2025-05-05-at-2.23.42-PM.jpeg\",\"width\":1600,\"height\":897},{\"@type\":\"BreadcrumbList\",\"@id\":\"https:\/\/www.crea.gov.co\/crea-cantarrana\/volvimos-ya-estamos-listo-para-iniciar-en-crea-canttarana\/#breadcrumb\",\"itemListElement\":[{\"@type\":\"ListItem\",\"position\":1,\"name\":\"Home\",\"item\":\"https:\/\/www.crea.gov.co\/crea-cantarrana\/\"},{\"@type\":\"ListItem\",\"position\":2,\"name\":\"VOLVIMOS&#8230; YA ESTAMOS LISTO PARA INICIAR EN CREA CANTTARANA.\"}]},{\"@type\":\"WebSite\",\"@id\":\"https:\/\/www.crea.gov.co\/crea-cantarrana\/#website\",\"url\":\"https:\/\/www.crea.gov.co\/crea-cantarrana\/\",\"name\":\"Crea Cantarrana\",\"description\":\"En el sur de Bogot\u00e1, el campo y la ciudad dialogan. La tradici\u00f3n campesina y la creatividad urbana se encuentran bajo un domo que invita a ver el arte desde nuevas perspectivas. Es un espacio donde la comunidad transforma su d\u00eda a d\u00eda en historias, m\u00fasica y color, y donde la memoria rural se reinventa a cada paso.\",\"potentialAction\":[{\"@type\":\"SearchAction\",\"target\":{\"@type\":\"EntryPoint\",\"urlTemplate\":\"https:\/\/www.crea.gov.co\/crea-cantarrana\/?s={search_term_string}\"},\"query-input\":{\"@type\":\"PropertyValueSpecification\",\"valueRequired\":true,\"valueName\":\"search_term_string\"}}],\"inLanguage\":\"es-CO\"},{\"@type\":\"Person\",\"@id\":\"https:\/\/www.crea.gov.co\/crea-cantarrana\/#\/schema\/person\/a50641c9b38d7527e7825cff4287675c\",\"name\":\"creacantarana\",\"image\":{\"@type\":\"ImageObject\",\"inLanguage\":\"es-CO\",\"@id\":\"https:\/\/www.crea.gov.co\/crea-cantarrana\/#\/schema\/person\/image\/\",\"url\":\"https:\/\/secure.gravatar.com\/avatar\/e68993f8aa9720f886fee66f6e0798ba?s=96&d=mm&r=g\",\"contentUrl\":\"https:\/\/secure.gravatar.com\/avatar\/e68993f8aa9720f886fee66f6e0798ba?s=96&d=mm&r=g\",\"caption\":\"creacantarana\"},\"url\":\"https:\/\/www.crea.gov.co\/crea-cantarrana\/author\/creacantarana\/\"}]}<\/script>\n<!-- \/ Yoast SEO plugin. -->","yoast_head_json":{"title":"VOLVIMOS... YA ESTAMOS LISTO PARA INICIAR EN CREA CANTTARANA. - Crea Cantarrana","robots":{"index":"index","follow":"follow","max-snippet":"max-snippet:-1","max-image-preview":"max-image-preview:large","max-video-preview":"max-video-preview:-1"},"canonical":"https:\/\/www.crea.gov.co\/crea-cantarrana\/volvimos-ya-estamos-listo-para-iniciar-en-crea-canttarana\/","og_locale":"es_ES","og_type":"article","og_title":"VOLVIMOS... YA ESTAMOS LISTO PARA INICIAR EN CREA CANTTARANA. - Crea Cantarrana","og_description":"A partir de la primera semana de febrero estaremos iniciando actividades en CREA CANTARRANA. Recuerda que los documentos para inscribirte son: Fotocopia de documento de identidad, recibo de servicio publico y fotocopia de certificado de EPS. Ven pronto para tener el gusto ofertar los diferentes talleres art\u00edsticos.","og_url":"https:\/\/www.crea.gov.co\/crea-cantarrana\/volvimos-ya-estamos-listo-para-iniciar-en-crea-canttarana\/","og_site_name":"Crea Cantarrana","article_published_time":"2026-02-03T16:30:34+00:00","article_modified_time":"2026-02-03T16:35:20+00:00","og_image":[{"width":1600,"height":897,"url":"https:\/\/www.crea.gov.co\/crea-cantarrana\/wp-content\/uploads\/sites\/17\/2025\/05\/WhatsApp-Image-2025-05-05-at-2.23.42-PM.jpeg","type":"image\/jpeg"}],"author":"creacantarana","twitter_card":"summary_large_image","twitter_misc":{"Escrito por":"creacantarana","Tiempo de lectura":"3 minutos"},"schema":{"@context":"https:\/\/schema.org","@graph":[{"@type":"WebPage","@id":"https:\/\/www.crea.gov.co\/crea-cantarrana\/volvimos-ya-estamos-listo-para-iniciar-en-crea-canttarana\/","url":"https:\/\/www.crea.gov.co\/crea-cantarrana\/volvimos-ya-estamos-listo-para-iniciar-en-crea-canttarana\/","name":"VOLVIMOS... YA ESTAMOS LISTO PARA INICIAR EN CREA CANTTARANA. - Crea Cantarrana","isPartOf":{"@id":"https:\/\/www.crea.gov.co\/crea-cantarrana\/#website"},"primaryImageOfPage":{"@id":"https:\/\/www.crea.gov.co\/crea-cantarrana\/volvimos-ya-estamos-listo-para-iniciar-en-crea-canttarana\/#primaryimage"},"image":{"@id":"https:\/\/www.crea.gov.co\/crea-cantarrana\/volvimos-ya-estamos-listo-para-iniciar-en-crea-canttarana\/#primaryimage"},"thumbnailUrl":"https:\/\/www.crea.gov.co\/crea-cantarrana\/wp-content\/uploads\/sites\/17\/2025\/05\/WhatsApp-Image-2025-05-05-at-2.23.42-PM.jpeg","datePublished":"2026-02-03T16:30:34+00:00","dateModified":"2026-02-03T16:35:20+00:00","author":{"@id":"https:\/\/www.crea.gov.co\/crea-cantarrana\/#\/schema\/person\/a50641c9b38d7527e7825cff4287675c"},"breadcrumb":{"@id":"https:\/\/www.crea.gov.co\/crea-cantarrana\/volvimos-ya-estamos-listo-para-iniciar-en-crea-canttarana\/#breadcrumb"},"inLanguage":"es-CO","potentialAction":[{"@type":"ReadAction","target":["https:\/\/www.crea.gov.co\/crea-cantarrana\/volvimos-ya-estamos-listo-para-iniciar-en-crea-canttarana\/"]}]},{"@type":"ImageObject","inLanguage":"es-CO","@id":"https:\/\/www.crea.gov.co\/crea-cantarrana\/volvimos-ya-estamos-listo-para-iniciar-en-crea-canttarana\/#primaryimage","url":"https:\/\/www.crea.gov.co\/crea-cantarrana\/wp-content\/uploads\/sites\/17\/2025\/05\/WhatsApp-Image-2025-05-05-at-2.23.42-PM.jpeg","contentUrl":"https:\/\/www.crea.gov.co\/crea-cantarrana\/wp-content\/uploads\/sites\/17\/2025\/05\/WhatsApp-Image-2025-05-05-at-2.23.42-PM.jpeg","width":1600,"height":897},{"@type":"BreadcrumbList","@id":"https:\/\/www.crea.gov.co\/crea-cantarrana\/volvimos-ya-estamos-listo-para-iniciar-en-crea-canttarana\/#breadcrumb","itemListElement":[{"@type":"ListItem","position":1,"name":"Home","item":"https:\/\/www.crea.gov.co\/crea-cantarrana\/"},{"@type":"ListItem","position":2,"name":"VOLVIMOS&#8230; YA ESTAMOS LISTO PARA INICIAR EN CREA CANTTARANA."}]},{"@type":"WebSite","@id":"https:\/\/www.crea.gov.co\/crea-cantarrana\/#website","url":"https:\/\/www.crea.gov.co\/crea-cantarrana\/","name":"Crea Cantarrana","description":"En el sur de Bogot\u00e1, el campo y la ciudad dialogan. La tradici\u00f3n campesina y la creatividad urbana se encuentran bajo un domo que invita a ver el arte desde nuevas perspectivas. Es un espacio donde la comunidad transforma su d\u00eda a d\u00eda en historias, m\u00fasica y color, y donde la memoria rural se reinventa a cada paso.","potentialAction":[{"@type":"SearchAction","target":{"@type":"EntryPoint","urlTemplate":"https:\/\/www.crea.gov.co\/crea-cantarrana\/?s={search_term_string}"},"query-input":{"@type":"PropertyValueSpecification","valueRequired":true,"valueName":"search_term_string"}}],"inLanguage":"es-CO"},{"@type":"Person","@id":"https:\/\/www.crea.gov.co\/crea-cantarrana\/#\/schema\/person\/a50641c9b38d7527e7825cff4287675c","name":"creacantarana","image":{"@type":"ImageObject","inLanguage":"es-CO","@id":"https:\/\/www.crea.gov.co\/crea-cantarrana\/#\/schema\/person\/image\/","url":"https:\/\/secure.gravatar.com\/avatar\/e68993f8aa9720f886fee66f6e0798ba?s=96&d=mm&r=g","contentUrl":"https:\/\/secure.gravatar.com\/avatar\/e68993f8aa9720f886fee66f6e0798ba?s=96&d=mm&r=g","caption":"creacantarana"},"url":"https:\/\/www.crea.gov.co\/crea-cantarrana\/author\/creacantarana\/"}]}},"_links":{"self":[{"href":"https:\/\/www.crea.gov.co\/crea-cantarrana\/wp-json\/wp\/v2\/posts\/1460","targetHints":{"allow":["GET"]}}],"collection":[{"href":"https:\/\/www.crea.gov.co\/crea-cantarrana\/wp-json\/wp\/v2\/posts"}],"about":[{"href":"https:\/\/www.crea.gov.co\/crea-cantarrana\/wp-json\/wp\/v2\/types\/post"}],"author":[{"embeddable":true,"href":"https:\/\/www.crea.gov.co\/crea-cantarrana\/wp-json\/wp\/v2\/users\/99"}],"replies":[{"embeddable":true,"href":"https:\/\/www.crea.gov.co\/crea-cantarrana\/wp-json\/wp\/v2\/comments?post=1460"}],"version-history":[{"count":3,"href":"https:\/\/www.crea.gov.co\/crea-cantarrana\/wp-json\/wp\/v2\/posts\/1460\/revisions"}],"predecessor-version":[{"id":1464,"href":"https:\/\/www.crea.gov.co\/crea-cantarrana\/wp-json\/wp\/v2\/posts\/1460\/revisions\/1464"}],"wp:featuredmedia":[{"embeddable":true,"href":"https:\/\/www.crea.gov.co\/crea-cantarrana\/wp-json\/wp\/v2\/media\/1234"}],"wp:attachment":[{"href":"https:\/\/www.crea.gov.co\/crea-cantarrana\/wp-json\/wp\/v2\/media?parent=1460"}],"wp:term":[{"taxonomy":"category","embeddable":true,"href":"https:\/\/www.crea.gov.co\/crea-cantarrana\/wp-json\/wp\/v2\/categories?post=1460"},{"taxonomy":"post_tag","embeddable":true,"href":"https:\/\/www.crea.gov.co\/crea-cantarrana\/wp-json\/wp\/v2\/tags?post=1460"}],"curies":[{"name":"wp","href":"https:\/\/api.w.org\/{rel}","templated":true}]}}