{"id":1454,"date":"2025-12-19T00:25:28","date_gmt":"2025-12-19T00:25:28","guid":{"rendered":"https:\/\/www.crea.gov.co\/crea-cantarrana\/?p=1454"},"modified":"2025-12-19T00:25:29","modified_gmt":"2025-12-19T00:25:29","slug":"el-crea-cantarrana-cierra-sus-puertas-nos-venos-el-ano-entrante","status":"publish","type":"post","link":"https:\/\/www.crea.gov.co\/crea-cantarrana\/el-crea-cantarrana-cierra-sus-puertas-nos-venos-el-ano-entrante\/","title":{"rendered":"EL CREA CANTARRANA CIERRA SUS PUERTAS NOS VENOS EL A\u00d1O ENTRANTE."},"content":{"rendered":"\n<p>Durante este a\u00f1o so\u00f1amos, sentimos, creamos y estamos seguros que fue una experiencia especial para cada uno de nosotros. El equipo del CREA CANTARRANA &nbsp;se despide agradeciendo venir a aprender y compartir. Nos vemos en el 2026 para continuar. Estuvimos hasta el d\u00eda 16 de diciembre y nos encontramos en el mes de febrero. <\/p>\n\n\n\n<figure class=\"wp-block-gallery has-nested-images columns-default is-cropped wp-block-gallery-1 is-layout-flex wp-block-gallery-is-layout-flex\">\n<figure class=\"wp-block-image size-large\"><img loading=\"lazy\" decoding=\"async\" width=\"1024\" height=\"763\" data-id=\"1345\" src=\"https:\/\/www.crea.gov.co\/crea-cantarrana\/wp-content\/uploads\/sites\/17\/2025\/08\/Captura-de-pantalla-2025-08-25-144824-1024x763.png\" alt=\"\" class=\"wp-image-1345\" srcset=\"https:\/\/www.crea.gov.co\/crea-cantarrana\/wp-content\/uploads\/sites\/17\/2025\/08\/Captura-de-pantalla-2025-08-25-144824-1024x763.png 1024w, https:\/\/www.crea.gov.co\/crea-cantarrana\/wp-content\/uploads\/sites\/17\/2025\/08\/Captura-de-pantalla-2025-08-25-144824-300x223.png 300w, https:\/\/www.crea.gov.co\/crea-cantarrana\/wp-content\/uploads\/sites\/17\/2025\/08\/Captura-de-pantalla-2025-08-25-144824-768x572.png 768w, https:\/\/www.crea.gov.co\/crea-cantarrana\/wp-content\/uploads\/sites\/17\/2025\/08\/Captura-de-pantalla-2025-08-25-144824.png 1179w\" sizes=\"auto, (max-width: 1024px) 100vw, 1024px\" \/><\/figure>\n\n\n\n<figure class=\"wp-block-image size-large\"><img loading=\"lazy\" decoding=\"async\" width=\"1024\" height=\"771\" data-id=\"1262\" src=\"https:\/\/www.crea.gov.co\/crea-cantarrana\/wp-content\/uploads\/sites\/17\/2025\/05\/WhatsApp-Image-2025-05-13-at-3.46.15-PM-1-1024x771.jpeg\" alt=\"\" class=\"wp-image-1262\" srcset=\"https:\/\/www.crea.gov.co\/crea-cantarrana\/wp-content\/uploads\/sites\/17\/2025\/05\/WhatsApp-Image-2025-05-13-at-3.46.15-PM-1-1024x771.jpeg 1024w, https:\/\/www.crea.gov.co\/crea-cantarrana\/wp-content\/uploads\/sites\/17\/2025\/05\/WhatsApp-Image-2025-05-13-at-3.46.15-PM-1-300x226.jpeg 300w, https:\/\/www.crea.gov.co\/crea-cantarrana\/wp-content\/uploads\/sites\/17\/2025\/05\/WhatsApp-Image-2025-05-13-at-3.46.15-PM-1-768x578.jpeg 768w, https:\/\/www.crea.gov.co\/crea-cantarrana\/wp-content\/uploads\/sites\/17\/2025\/05\/WhatsApp-Image-2025-05-13-at-3.46.15-PM-1-1536x1156.jpeg 1536w, https:\/\/www.crea.gov.co\/crea-cantarrana\/wp-content\/uploads\/sites\/17\/2025\/05\/WhatsApp-Image-2025-05-13-at-3.46.15-PM-1.jpeg 1600w\" sizes=\"auto, (max-width: 1024px) 100vw, 1024px\" \/><\/figure>\n\n\n\n<figure class=\"wp-block-image size-large\"><img loading=\"lazy\" decoding=\"async\" width=\"1024\" height=\"768\" data-id=\"1225\" src=\"https:\/\/www.crea.gov.co\/crea-cantarrana\/wp-content\/uploads\/sites\/17\/2025\/05\/WhatsApp-Image-2025-05-03-at-8.32.05-AM-1024x768.jpeg\" alt=\"\" class=\"wp-image-1225\" srcset=\"https:\/\/www.crea.gov.co\/crea-cantarrana\/wp-content\/uploads\/sites\/17\/2025\/05\/WhatsApp-Image-2025-05-03-at-8.32.05-AM-1024x768.jpeg 1024w, https:\/\/www.crea.gov.co\/crea-cantarrana\/wp-content\/uploads\/sites\/17\/2025\/05\/WhatsApp-Image-2025-05-03-at-8.32.05-AM-300x225.jpeg 300w, https:\/\/www.crea.gov.co\/crea-cantarrana\/wp-content\/uploads\/sites\/17\/2025\/05\/WhatsApp-Image-2025-05-03-at-8.32.05-AM-768x576.jpeg 768w, https:\/\/www.crea.gov.co\/crea-cantarrana\/wp-content\/uploads\/sites\/17\/2025\/05\/WhatsApp-Image-2025-05-03-at-8.32.05-AM-1536x1152.jpeg 1536w, https:\/\/www.crea.gov.co\/crea-cantarrana\/wp-content\/uploads\/sites\/17\/2025\/05\/WhatsApp-Image-2025-05-03-at-8.32.05-AM.jpeg 1600w\" sizes=\"auto, (max-width: 1024px) 100vw, 1024px\" \/><\/figure>\n\n\n\n<figure class=\"wp-block-image size-large\"><img loading=\"lazy\" decoding=\"async\" width=\"768\" height=\"1024\" data-id=\"1192\" src=\"https:\/\/www.crea.gov.co\/crea-cantarrana\/wp-content\/uploads\/sites\/17\/2025\/04\/WhatsApp-Image-2025-04-25-at-11.35.25-AM-1-768x1024.jpeg\" alt=\"\" class=\"wp-image-1192\" srcset=\"https:\/\/www.crea.gov.co\/crea-cantarrana\/wp-content\/uploads\/sites\/17\/2025\/04\/WhatsApp-Image-2025-04-25-at-11.35.25-AM-1-768x1024.jpeg 768w, https:\/\/www.crea.gov.co\/crea-cantarrana\/wp-content\/uploads\/sites\/17\/2025\/04\/WhatsApp-Image-2025-04-25-at-11.35.25-AM-1-225x300.jpeg 225w, https:\/\/www.crea.gov.co\/crea-cantarrana\/wp-content\/uploads\/sites\/17\/2025\/04\/WhatsApp-Image-2025-04-25-at-11.35.25-AM-1.jpeg 960w\" sizes=\"auto, (max-width: 768px) 100vw, 768px\" \/><\/figure>\n\n\n\n<figure class=\"wp-block-image size-large\"><img loading=\"lazy\" decoding=\"async\" width=\"1024\" height=\"771\" data-id=\"1084\" src=\"https:\/\/www.crea.gov.co\/crea-cantarrana\/wp-content\/uploads\/sites\/17\/2024\/11\/WhatsApp-Image-2024-11-06-at-4.22.26-PM-1024x771.jpeg\" alt=\"\" class=\"wp-image-1084\" srcset=\"https:\/\/www.crea.gov.co\/crea-cantarrana\/wp-content\/uploads\/sites\/17\/2024\/11\/WhatsApp-Image-2024-11-06-at-4.22.26-PM-1024x771.jpeg 1024w, https:\/\/www.crea.gov.co\/crea-cantarrana\/wp-content\/uploads\/sites\/17\/2024\/11\/WhatsApp-Image-2024-11-06-at-4.22.26-PM-300x226.jpeg 300w, https:\/\/www.crea.gov.co\/crea-cantarrana\/wp-content\/uploads\/sites\/17\/2024\/11\/WhatsApp-Image-2024-11-06-at-4.22.26-PM-768x578.jpeg 768w, https:\/\/www.crea.gov.co\/crea-cantarrana\/wp-content\/uploads\/sites\/17\/2024\/11\/WhatsApp-Image-2024-11-06-at-4.22.26-PM-1536x1156.jpeg 1536w, https:\/\/www.crea.gov.co\/crea-cantarrana\/wp-content\/uploads\/sites\/17\/2024\/11\/WhatsApp-Image-2024-11-06-at-4.22.26-PM.jpeg 1600w\" sizes=\"auto, (max-width: 1024px) 100vw, 1024px\" \/><\/figure>\n<\/figure>\n\n\n\n<p><\/p>\n","protected":false},"excerpt":{"rendered":"<p>Durante este a\u00f1o so\u00f1amos, sentimos, creamos y estamos seguros que fue una experiencia especial para cada uno de nosotros. El equipo del CREA CANTARRANA &nbsp;se despide agradeciendo venir a aprender y compartir. Nos vemos en el 2026 para continuar. Estuvimos hasta el d\u00eda 16 de diciembre y nos encontramos en el mes de febrero.<\/p>\n","protected":false},"author":99,"featured_media":0,"comment_status":"open","ping_status":"open","sticky":false,"template":"","format":"standard","meta":{"footnotes":""},"categories":[1],"tags":[],"class_list":["post-1454","post","type-post","status-publish","format-standard","hentry","category-sin-categoria"],"yoast_head":"<!-- This site is optimized with the Yoast SEO plugin v24.5 - https:\/\/yoast.com\/wordpress\/plugins\/seo\/ -->\n<title>EL CREA CANTARRANA CIERRA SUS PUERTAS NOS VENOS EL A\u00d1O ENTRANTE. - Crea Cantarrana<\/title>\n<meta name=\"robots\" content=\"index, follow, max-snippet:-1, max-image-preview:large, max-video-preview:-1\" \/>\n<link rel=\"canonical\" href=\"https:\/\/www.crea.gov.co\/crea-cantarrana\/el-crea-cantarrana-cierra-sus-puertas-nos-venos-el-ano-entrante\/\" \/>\n<meta property=\"og:locale\" content=\"es_ES\" \/>\n<meta property=\"og:type\" content=\"article\" \/>\n<meta property=\"og:title\" content=\"EL CREA CANTARRANA CIERRA SUS PUERTAS NOS VENOS EL A\u00d1O ENTRANTE. - Crea Cantarrana\" \/>\n<meta property=\"og:description\" content=\"Durante este a\u00f1o so\u00f1amos, sentimos, creamos y estamos seguros que fue una experiencia especial para cada uno de nosotros. El equipo del CREA CANTARRANA &nbsp;se despide agradeciendo venir a aprender y compartir. Nos vemos en el 2026 para continuar. Estuvimos hasta el d\u00eda 16 de diciembre y nos encontramos en el mes de febrero.\" \/>\n<meta property=\"og:url\" content=\"https:\/\/www.crea.gov.co\/crea-cantarrana\/el-crea-cantarrana-cierra-sus-puertas-nos-venos-el-ano-entrante\/\" \/>\n<meta property=\"og:site_name\" content=\"Crea Cantarrana\" \/>\n<meta property=\"article:published_time\" content=\"2025-12-19T00:25:28+00:00\" \/>\n<meta property=\"article:modified_time\" content=\"2025-12-19T00:25:29+00:00\" \/>\n<meta property=\"og:image\" content=\"https:\/\/www.crea.gov.co\/crea-cantarrana\/wp-content\/uploads\/sites\/17\/2025\/08\/Captura-de-pantalla-2025-08-25-144824.png\" \/>\n\t<meta property=\"og:image:width\" content=\"1179\" \/>\n\t<meta property=\"og:image:height\" content=\"878\" \/>\n\t<meta property=\"og:image:type\" content=\"image\/png\" \/>\n<meta name=\"author\" content=\"creacantarana\" \/>\n<meta name=\"twitter:card\" content=\"summary_large_image\" \/>\n<meta name=\"twitter:label1\" content=\"Escrito por\" \/>\n\t<meta name=\"twitter:data1\" content=\"creacantarana\" \/>\n\t<meta name=\"twitter:label2\" content=\"Tiempo de lectura\" \/>\n\t<meta name=\"twitter:data2\" content=\"2 minutos\" \/>\n<script type=\"application\/ld+json\" class=\"yoast-schema-graph\">{\"@context\":\"https:\/\/schema.org\",\"@graph\":[{\"@type\":\"WebPage\",\"@id\":\"https:\/\/www.crea.gov.co\/crea-cantarrana\/el-crea-cantarrana-cierra-sus-puertas-nos-venos-el-ano-entrante\/\",\"url\":\"https:\/\/www.crea.gov.co\/crea-cantarrana\/el-crea-cantarrana-cierra-sus-puertas-nos-venos-el-ano-entrante\/\",\"name\":\"EL CREA CANTARRANA CIERRA SUS PUERTAS NOS VENOS EL A\u00d1O ENTRANTE. - Crea Cantarrana\",\"isPartOf\":{\"@id\":\"https:\/\/www.crea.gov.co\/crea-cantarrana\/#website\"},\"primaryImageOfPage\":{\"@id\":\"https:\/\/www.crea.gov.co\/crea-cantarrana\/el-crea-cantarrana-cierra-sus-puertas-nos-venos-el-ano-entrante\/#primaryimage\"},\"image\":{\"@id\":\"https:\/\/www.crea.gov.co\/crea-cantarrana\/el-crea-cantarrana-cierra-sus-puertas-nos-venos-el-ano-entrante\/#primaryimage\"},\"thumbnailUrl\":\"https:\/\/www.crea.gov.co\/crea-cantarrana\/wp-content\/uploads\/sites\/17\/2025\/08\/Captura-de-pantalla-2025-08-25-144824-1024x763.png\",\"datePublished\":\"2025-12-19T00:25:28+00:00\",\"dateModified\":\"2025-12-19T00:25:29+00:00\",\"author\":{\"@id\":\"https:\/\/www.crea.gov.co\/crea-cantarrana\/#\/schema\/person\/a50641c9b38d7527e7825cff4287675c\"},\"breadcrumb\":{\"@id\":\"https:\/\/www.crea.gov.co\/crea-cantarrana\/el-crea-cantarrana-cierra-sus-puertas-nos-venos-el-ano-entrante\/#breadcrumb\"},\"inLanguage\":\"es-CO\",\"potentialAction\":[{\"@type\":\"ReadAction\",\"target\":[\"https:\/\/www.crea.gov.co\/crea-cantarrana\/el-crea-cantarrana-cierra-sus-puertas-nos-venos-el-ano-entrante\/\"]}]},{\"@type\":\"ImageObject\",\"inLanguage\":\"es-CO\",\"@id\":\"https:\/\/www.crea.gov.co\/crea-cantarrana\/el-crea-cantarrana-cierra-sus-puertas-nos-venos-el-ano-entrante\/#primaryimage\",\"url\":\"https:\/\/www.crea.gov.co\/crea-cantarrana\/wp-content\/uploads\/sites\/17\/2025\/08\/Captura-de-pantalla-2025-08-25-144824.png\",\"contentUrl\":\"https:\/\/www.crea.gov.co\/crea-cantarrana\/wp-content\/uploads\/sites\/17\/2025\/08\/Captura-de-pantalla-2025-08-25-144824.png\",\"width\":1179,\"height\":878},{\"@type\":\"BreadcrumbList\",\"@id\":\"https:\/\/www.crea.gov.co\/crea-cantarrana\/el-crea-cantarrana-cierra-sus-puertas-nos-venos-el-ano-entrante\/#breadcrumb\",\"itemListElement\":[{\"@type\":\"ListItem\",\"position\":1,\"name\":\"Home\",\"item\":\"https:\/\/www.crea.gov.co\/crea-cantarrana\/\"},{\"@type\":\"ListItem\",\"position\":2,\"name\":\"EL CREA CANTARRANA CIERRA SUS PUERTAS NOS VENOS EL A\u00d1O ENTRANTE.\"}]},{\"@type\":\"WebSite\",\"@id\":\"https:\/\/www.crea.gov.co\/crea-cantarrana\/#website\",\"url\":\"https:\/\/www.crea.gov.co\/crea-cantarrana\/\",\"name\":\"Crea Cantarrana\",\"description\":\"En el sur de Bogot\u00e1, el campo y la ciudad dialogan. La tradici\u00f3n campesina y la creatividad urbana se encuentran bajo un domo que invita a ver el arte desde nuevas perspectivas. Es un espacio donde la comunidad transforma su d\u00eda a d\u00eda en historias, m\u00fasica y color, y donde la memoria rural se reinventa a cada paso.\",\"potentialAction\":[{\"@type\":\"SearchAction\",\"target\":{\"@type\":\"EntryPoint\",\"urlTemplate\":\"https:\/\/www.crea.gov.co\/crea-cantarrana\/?s={search_term_string}\"},\"query-input\":{\"@type\":\"PropertyValueSpecification\",\"valueRequired\":true,\"valueName\":\"search_term_string\"}}],\"inLanguage\":\"es-CO\"},{\"@type\":\"Person\",\"@id\":\"https:\/\/www.crea.gov.co\/crea-cantarrana\/#\/schema\/person\/a50641c9b38d7527e7825cff4287675c\",\"name\":\"creacantarana\",\"image\":{\"@type\":\"ImageObject\",\"inLanguage\":\"es-CO\",\"@id\":\"https:\/\/www.crea.gov.co\/crea-cantarrana\/#\/schema\/person\/image\/\",\"url\":\"https:\/\/secure.gravatar.com\/avatar\/e68993f8aa9720f886fee66f6e0798ba?s=96&d=mm&r=g\",\"contentUrl\":\"https:\/\/secure.gravatar.com\/avatar\/e68993f8aa9720f886fee66f6e0798ba?s=96&d=mm&r=g\",\"caption\":\"creacantarana\"},\"url\":\"https:\/\/www.crea.gov.co\/crea-cantarrana\/author\/creacantarana\/\"}]}<\/script>\n<!-- \/ Yoast SEO plugin. -->","yoast_head_json":{"title":"EL CREA CANTARRANA CIERRA SUS PUERTAS NOS VENOS EL A\u00d1O ENTRANTE. - Crea Cantarrana","robots":{"index":"index","follow":"follow","max-snippet":"max-snippet:-1","max-image-preview":"max-image-preview:large","max-video-preview":"max-video-preview:-1"},"canonical":"https:\/\/www.crea.gov.co\/crea-cantarrana\/el-crea-cantarrana-cierra-sus-puertas-nos-venos-el-ano-entrante\/","og_locale":"es_ES","og_type":"article","og_title":"EL CREA CANTARRANA CIERRA SUS PUERTAS NOS VENOS EL A\u00d1O ENTRANTE. - Crea Cantarrana","og_description":"Durante este a\u00f1o so\u00f1amos, sentimos, creamos y estamos seguros que fue una experiencia especial para cada uno de nosotros. El equipo del CREA CANTARRANA &nbsp;se despide agradeciendo venir a aprender y compartir. Nos vemos en el 2026 para continuar. Estuvimos hasta el d\u00eda 16 de diciembre y nos encontramos en el mes de febrero.","og_url":"https:\/\/www.crea.gov.co\/crea-cantarrana\/el-crea-cantarrana-cierra-sus-puertas-nos-venos-el-ano-entrante\/","og_site_name":"Crea Cantarrana","article_published_time":"2025-12-19T00:25:28+00:00","article_modified_time":"2025-12-19T00:25:29+00:00","og_image":[{"width":1179,"height":878,"url":"https:\/\/www.crea.gov.co\/crea-cantarrana\/wp-content\/uploads\/sites\/17\/2025\/08\/Captura-de-pantalla-2025-08-25-144824.png","type":"image\/png"}],"author":"creacantarana","twitter_card":"summary_large_image","twitter_misc":{"Escrito por":"creacantarana","Tiempo de lectura":"2 minutos"},"schema":{"@context":"https:\/\/schema.org","@graph":[{"@type":"WebPage","@id":"https:\/\/www.crea.gov.co\/crea-cantarrana\/el-crea-cantarrana-cierra-sus-puertas-nos-venos-el-ano-entrante\/","url":"https:\/\/www.crea.gov.co\/crea-cantarrana\/el-crea-cantarrana-cierra-sus-puertas-nos-venos-el-ano-entrante\/","name":"EL CREA CANTARRANA CIERRA SUS PUERTAS NOS VENOS EL A\u00d1O ENTRANTE. - Crea Cantarrana","isPartOf":{"@id":"https:\/\/www.crea.gov.co\/crea-cantarrana\/#website"},"primaryImageOfPage":{"@id":"https:\/\/www.crea.gov.co\/crea-cantarrana\/el-crea-cantarrana-cierra-sus-puertas-nos-venos-el-ano-entrante\/#primaryimage"},"image":{"@id":"https:\/\/www.crea.gov.co\/crea-cantarrana\/el-crea-cantarrana-cierra-sus-puertas-nos-venos-el-ano-entrante\/#primaryimage"},"thumbnailUrl":"https:\/\/www.crea.gov.co\/crea-cantarrana\/wp-content\/uploads\/sites\/17\/2025\/08\/Captura-de-pantalla-2025-08-25-144824-1024x763.png","datePublished":"2025-12-19T00:25:28+00:00","dateModified":"2025-12-19T00:25:29+00:00","author":{"@id":"https:\/\/www.crea.gov.co\/crea-cantarrana\/#\/schema\/person\/a50641c9b38d7527e7825cff4287675c"},"breadcrumb":{"@id":"https:\/\/www.crea.gov.co\/crea-cantarrana\/el-crea-cantarrana-cierra-sus-puertas-nos-venos-el-ano-entrante\/#breadcrumb"},"inLanguage":"es-CO","potentialAction":[{"@type":"ReadAction","target":["https:\/\/www.crea.gov.co\/crea-cantarrana\/el-crea-cantarrana-cierra-sus-puertas-nos-venos-el-ano-entrante\/"]}]},{"@type":"ImageObject","inLanguage":"es-CO","@id":"https:\/\/www.crea.gov.co\/crea-cantarrana\/el-crea-cantarrana-cierra-sus-puertas-nos-venos-el-ano-entrante\/#primaryimage","url":"https:\/\/www.crea.gov.co\/crea-cantarrana\/wp-content\/uploads\/sites\/17\/2025\/08\/Captura-de-pantalla-2025-08-25-144824.png","contentUrl":"https:\/\/www.crea.gov.co\/crea-cantarrana\/wp-content\/uploads\/sites\/17\/2025\/08\/Captura-de-pantalla-2025-08-25-144824.png","width":1179,"height":878},{"@type":"BreadcrumbList","@id":"https:\/\/www.crea.gov.co\/crea-cantarrana\/el-crea-cantarrana-cierra-sus-puertas-nos-venos-el-ano-entrante\/#breadcrumb","itemListElement":[{"@type":"ListItem","position":1,"name":"Home","item":"https:\/\/www.crea.gov.co\/crea-cantarrana\/"},{"@type":"ListItem","position":2,"name":"EL CREA CANTARRANA CIERRA SUS PUERTAS NOS VENOS EL A\u00d1O ENTRANTE."}]},{"@type":"WebSite","@id":"https:\/\/www.crea.gov.co\/crea-cantarrana\/#website","url":"https:\/\/www.crea.gov.co\/crea-cantarrana\/","name":"Crea Cantarrana","description":"En el sur de Bogot\u00e1, el campo y la ciudad dialogan. La tradici\u00f3n campesina y la creatividad urbana se encuentran bajo un domo que invita a ver el arte desde nuevas perspectivas. Es un espacio donde la comunidad transforma su d\u00eda a d\u00eda en historias, m\u00fasica y color, y donde la memoria rural se reinventa a cada paso.","potentialAction":[{"@type":"SearchAction","target":{"@type":"EntryPoint","urlTemplate":"https:\/\/www.crea.gov.co\/crea-cantarrana\/?s={search_term_string}"},"query-input":{"@type":"PropertyValueSpecification","valueRequired":true,"valueName":"search_term_string"}}],"inLanguage":"es-CO"},{"@type":"Person","@id":"https:\/\/www.crea.gov.co\/crea-cantarrana\/#\/schema\/person\/a50641c9b38d7527e7825cff4287675c","name":"creacantarana","image":{"@type":"ImageObject","inLanguage":"es-CO","@id":"https:\/\/www.crea.gov.co\/crea-cantarrana\/#\/schema\/person\/image\/","url":"https:\/\/secure.gravatar.com\/avatar\/e68993f8aa9720f886fee66f6e0798ba?s=96&d=mm&r=g","contentUrl":"https:\/\/secure.gravatar.com\/avatar\/e68993f8aa9720f886fee66f6e0798ba?s=96&d=mm&r=g","caption":"creacantarana"},"url":"https:\/\/www.crea.gov.co\/crea-cantarrana\/author\/creacantarana\/"}]}},"_links":{"self":[{"href":"https:\/\/www.crea.gov.co\/crea-cantarrana\/wp-json\/wp\/v2\/posts\/1454","targetHints":{"allow":["GET"]}}],"collection":[{"href":"https:\/\/www.crea.gov.co\/crea-cantarrana\/wp-json\/wp\/v2\/posts"}],"about":[{"href":"https:\/\/www.crea.gov.co\/crea-cantarrana\/wp-json\/wp\/v2\/types\/post"}],"author":[{"embeddable":true,"href":"https:\/\/www.crea.gov.co\/crea-cantarrana\/wp-json\/wp\/v2\/users\/99"}],"replies":[{"embeddable":true,"href":"https:\/\/www.crea.gov.co\/crea-cantarrana\/wp-json\/wp\/v2\/comments?post=1454"}],"version-history":[{"count":1,"href":"https:\/\/www.crea.gov.co\/crea-cantarrana\/wp-json\/wp\/v2\/posts\/1454\/revisions"}],"predecessor-version":[{"id":1455,"href":"https:\/\/www.crea.gov.co\/crea-cantarrana\/wp-json\/wp\/v2\/posts\/1454\/revisions\/1455"}],"wp:attachment":[{"href":"https:\/\/www.crea.gov.co\/crea-cantarrana\/wp-json\/wp\/v2\/media?parent=1454"}],"wp:term":[{"taxonomy":"category","embeddable":true,"href":"https:\/\/www.crea.gov.co\/crea-cantarrana\/wp-json\/wp\/v2\/categories?post=1454"},{"taxonomy":"post_tag","embeddable":true,"href":"https:\/\/www.crea.gov.co\/crea-cantarrana\/wp-json\/wp\/v2\/tags?post=1454"}],"curies":[{"name":"wp","href":"https:\/\/api.w.org\/{rel}","templated":true}]}}