{"id":1387,"date":"2025-10-30T20:26:31","date_gmt":"2025-10-30T20:26:31","guid":{"rendered":"https:\/\/www.crea.gov.co\/crea-cantarrana\/?p=1387"},"modified":"2025-10-30T20:26:32","modified_gmt":"2025-10-30T20:26:32","slug":"sabias-que-crea-cantarrana-estuvo-en-la-inauguracion-de-ecos-lll-con-dos-grupos","status":"publish","type":"post","link":"https:\/\/www.crea.gov.co\/crea-cantarrana\/sabias-que-crea-cantarrana-estuvo-en-la-inauguracion-de-ecos-lll-con-dos-grupos\/","title":{"rendered":"SABIAS QU\u00c9 CREA CANTARRANA ESTUVO EN LA INAUGURACI\u00d3N DE ECOS LLL CON DOS GRUPOS."},"content":{"rendered":"\n<figure class=\"wp-block-image size-large\"><img loading=\"lazy\" decoding=\"async\" width=\"1024\" height=\"576\" src=\"https:\/\/www.crea.gov.co\/crea-cantarrana\/wp-content\/uploads\/sites\/17\/2025\/10\/WhatsApp-Image-2025-10-25-at-4.40.51-PM-1024x576.jpeg\" alt=\"\" class=\"wp-image-1397\" srcset=\"https:\/\/www.crea.gov.co\/crea-cantarrana\/wp-content\/uploads\/sites\/17\/2025\/10\/WhatsApp-Image-2025-10-25-at-4.40.51-PM-1024x576.jpeg 1024w, https:\/\/www.crea.gov.co\/crea-cantarrana\/wp-content\/uploads\/sites\/17\/2025\/10\/WhatsApp-Image-2025-10-25-at-4.40.51-PM-300x169.jpeg 300w, https:\/\/www.crea.gov.co\/crea-cantarrana\/wp-content\/uploads\/sites\/17\/2025\/10\/WhatsApp-Image-2025-10-25-at-4.40.51-PM-768x432.jpeg 768w, https:\/\/www.crea.gov.co\/crea-cantarrana\/wp-content\/uploads\/sites\/17\/2025\/10\/WhatsApp-Image-2025-10-25-at-4.40.51-PM.jpeg 1280w\" sizes=\"auto, (max-width: 1024px) 100vw, 1024px\" \/><\/figure>\n\n\n\n<p><\/p>\n\n\n\n<p>COMPARSA URBANA&nbsp; GUAYASAMIN: <\/p>\n\n\n\n<p>Este grupo del IED Guayasamin&nbsp; presenta su propuesta esc\u00e9nica COMPARSA URBANA basada en 3 g\u00e9neros urbanos&nbsp; Breaking, reguet\u00f3n y Afro Beat acompa\u00f1ado de tambores y redoblantes, estos g\u00e9neros resaltan una forma de expresi\u00f3n que son reflejados desde el territorio y el contexto donde residen. Con movimientos impactantes nos invita a explorar los distintas sensaciones que encontramos entre ritmos, permitiendo encontrar nuevos roles entre los participantes, donde nos acercamos al compartir desde la danza, buscando como medio de comunicaci\u00f3n la interpretaci\u00f3n del movimiento, generando una celebraci\u00f3n que aporte alegr\u00eda y espect\u00e1culo a la comunidad por medio de esta comparsa.<\/p>\n\n\n\n<figure class=\"wp-block-gallery has-nested-images columns-default is-cropped wp-block-gallery-1 is-layout-flex wp-block-gallery-is-layout-flex\">\n<figure class=\"wp-block-image size-large\"><img loading=\"lazy\" decoding=\"async\" width=\"1024\" height=\"576\" data-id=\"1397\" src=\"https:\/\/www.crea.gov.co\/crea-cantarrana\/wp-content\/uploads\/sites\/17\/2025\/10\/WhatsApp-Image-2025-10-25-at-4.40.51-PM-1024x576.jpeg\" alt=\"\" class=\"wp-image-1397\" srcset=\"https:\/\/www.crea.gov.co\/crea-cantarrana\/wp-content\/uploads\/sites\/17\/2025\/10\/WhatsApp-Image-2025-10-25-at-4.40.51-PM-1024x576.jpeg 1024w, https:\/\/www.crea.gov.co\/crea-cantarrana\/wp-content\/uploads\/sites\/17\/2025\/10\/WhatsApp-Image-2025-10-25-at-4.40.51-PM-300x169.jpeg 300w, https:\/\/www.crea.gov.co\/crea-cantarrana\/wp-content\/uploads\/sites\/17\/2025\/10\/WhatsApp-Image-2025-10-25-at-4.40.51-PM-768x432.jpeg 768w, https:\/\/www.crea.gov.co\/crea-cantarrana\/wp-content\/uploads\/sites\/17\/2025\/10\/WhatsApp-Image-2025-10-25-at-4.40.51-PM.jpeg 1280w\" sizes=\"auto, (max-width: 1024px) 100vw, 1024px\" \/><\/figure>\n\n\n\n<figure class=\"wp-block-image size-large\"><img loading=\"lazy\" decoding=\"async\" width=\"1024\" height=\"577\" data-id=\"1396\" src=\"https:\/\/www.crea.gov.co\/crea-cantarrana\/wp-content\/uploads\/sites\/17\/2025\/10\/WhatsApp-Image-2025-10-25-at-4.40.50-PM-1024x577.jpeg\" alt=\"\" class=\"wp-image-1396\" srcset=\"https:\/\/www.crea.gov.co\/crea-cantarrana\/wp-content\/uploads\/sites\/17\/2025\/10\/WhatsApp-Image-2025-10-25-at-4.40.50-PM-1024x577.jpeg 1024w, https:\/\/www.crea.gov.co\/crea-cantarrana\/wp-content\/uploads\/sites\/17\/2025\/10\/WhatsApp-Image-2025-10-25-at-4.40.50-PM-300x169.jpeg 300w, https:\/\/www.crea.gov.co\/crea-cantarrana\/wp-content\/uploads\/sites\/17\/2025\/10\/WhatsApp-Image-2025-10-25-at-4.40.50-PM-768x433.jpeg 768w, https:\/\/www.crea.gov.co\/crea-cantarrana\/wp-content\/uploads\/sites\/17\/2025\/10\/WhatsApp-Image-2025-10-25-at-4.40.50-PM.jpeg 1280w\" sizes=\"auto, (max-width: 1024px) 100vw, 1024px\" \/><\/figure>\n\n\n\n<figure class=\"wp-block-image size-large\"><img loading=\"lazy\" decoding=\"async\" width=\"1024\" height=\"576\" data-id=\"1395\" src=\"https:\/\/www.crea.gov.co\/crea-cantarrana\/wp-content\/uploads\/sites\/17\/2025\/10\/WhatsApp-Image-2025-10-25-at-4.40.53-PM-1024x576.jpeg\" alt=\"\" class=\"wp-image-1395\" srcset=\"https:\/\/www.crea.gov.co\/crea-cantarrana\/wp-content\/uploads\/sites\/17\/2025\/10\/WhatsApp-Image-2025-10-25-at-4.40.53-PM-1024x576.jpeg 1024w, https:\/\/www.crea.gov.co\/crea-cantarrana\/wp-content\/uploads\/sites\/17\/2025\/10\/WhatsApp-Image-2025-10-25-at-4.40.53-PM-300x169.jpeg 300w, https:\/\/www.crea.gov.co\/crea-cantarrana\/wp-content\/uploads\/sites\/17\/2025\/10\/WhatsApp-Image-2025-10-25-at-4.40.53-PM-768x432.jpeg 768w, https:\/\/www.crea.gov.co\/crea-cantarrana\/wp-content\/uploads\/sites\/17\/2025\/10\/WhatsApp-Image-2025-10-25-at-4.40.53-PM.jpeg 1280w\" sizes=\"auto, (max-width: 1024px) 100vw, 1024px\" \/><\/figure>\n\n\n\n<figure class=\"wp-block-image size-large\"><img loading=\"lazy\" decoding=\"async\" width=\"1024\" height=\"576\" data-id=\"1394\" src=\"https:\/\/www.crea.gov.co\/crea-cantarrana\/wp-content\/uploads\/sites\/17\/2025\/10\/WhatsApp-Image-2025-10-25-at-4.40.53-PM-1-1024x576.jpeg\" alt=\"\" class=\"wp-image-1394\" srcset=\"https:\/\/www.crea.gov.co\/crea-cantarrana\/wp-content\/uploads\/sites\/17\/2025\/10\/WhatsApp-Image-2025-10-25-at-4.40.53-PM-1-1024x576.jpeg 1024w, https:\/\/www.crea.gov.co\/crea-cantarrana\/wp-content\/uploads\/sites\/17\/2025\/10\/WhatsApp-Image-2025-10-25-at-4.40.53-PM-1-300x169.jpeg 300w, https:\/\/www.crea.gov.co\/crea-cantarrana\/wp-content\/uploads\/sites\/17\/2025\/10\/WhatsApp-Image-2025-10-25-at-4.40.53-PM-1-768x432.jpeg 768w, https:\/\/www.crea.gov.co\/crea-cantarrana\/wp-content\/uploads\/sites\/17\/2025\/10\/WhatsApp-Image-2025-10-25-at-4.40.53-PM-1.jpeg 1280w\" sizes=\"auto, (max-width: 1024px) 100vw, 1024px\" \/><\/figure>\n<\/figure>\n\n\n\n<p>GRUPO COMBO TIBARES ASOCUNT:  En el marco del festival Ecos tres del programa Crea, se realiza una articulaci\u00f3n interdisciplinar de las \u00e1reas de teatro, audiovisuales y m\u00fasica, con la obra el \u00e1rbol de T\u00edbar y la princesa Usminia, una puesta creativa de la exploraci\u00f3n del territorio del barrio Usme, desde el lema arte en la ciudad, donde podemos observar como la Granja de T\u00edbares, nos narra una historia que muestra la lucha por mantener el territorio y conservar la madre tierra en el respeto que \u00e9sta nos brinda como alimento, protecci\u00f3n y familiaridad entre los seres humanos. Es sorprendente el talento que se halla aqu\u00ed, pues es un grupo etario donde la creaci\u00f3n esc\u00e9nica los vincula a proponer, hacer y ser. En el territorio rural la magia se hace escena teatral.<\/p>\n\n\n\n<figure class=\"wp-block-gallery has-nested-images columns-default is-cropped wp-block-gallery-2 is-layout-flex wp-block-gallery-is-layout-flex\">\n<figure class=\"wp-block-image size-large\"><img loading=\"lazy\" decoding=\"async\" width=\"1024\" height=\"768\" data-id=\"1391\" src=\"https:\/\/www.crea.gov.co\/crea-cantarrana\/wp-content\/uploads\/sites\/17\/2025\/10\/WhatsApp-Image-2025-10-25-at-3.20.26-PM-1024x768.jpeg\" alt=\"\" class=\"wp-image-1391\" srcset=\"https:\/\/www.crea.gov.co\/crea-cantarrana\/wp-content\/uploads\/sites\/17\/2025\/10\/WhatsApp-Image-2025-10-25-at-3.20.26-PM-1024x768.jpeg 1024w, https:\/\/www.crea.gov.co\/crea-cantarrana\/wp-content\/uploads\/sites\/17\/2025\/10\/WhatsApp-Image-2025-10-25-at-3.20.26-PM-300x225.jpeg 300w, https:\/\/www.crea.gov.co\/crea-cantarrana\/wp-content\/uploads\/sites\/17\/2025\/10\/WhatsApp-Image-2025-10-25-at-3.20.26-PM-768x576.jpeg 768w, https:\/\/www.crea.gov.co\/crea-cantarrana\/wp-content\/uploads\/sites\/17\/2025\/10\/WhatsApp-Image-2025-10-25-at-3.20.26-PM-1536x1152.jpeg 1536w, https:\/\/www.crea.gov.co\/crea-cantarrana\/wp-content\/uploads\/sites\/17\/2025\/10\/WhatsApp-Image-2025-10-25-at-3.20.26-PM.jpeg 1600w\" sizes=\"auto, (max-width: 1024px) 100vw, 1024px\" \/><\/figure>\n\n\n\n<figure class=\"wp-block-image size-large\"><img loading=\"lazy\" decoding=\"async\" width=\"1024\" height=\"768\" data-id=\"1390\" src=\"https:\/\/www.crea.gov.co\/crea-cantarrana\/wp-content\/uploads\/sites\/17\/2025\/10\/WhatsApp-Image-2025-10-25-at-3.27.59-PM-1024x768.jpeg\" alt=\"\" class=\"wp-image-1390\" srcset=\"https:\/\/www.crea.gov.co\/crea-cantarrana\/wp-content\/uploads\/sites\/17\/2025\/10\/WhatsApp-Image-2025-10-25-at-3.27.59-PM-1024x768.jpeg 1024w, https:\/\/www.crea.gov.co\/crea-cantarrana\/wp-content\/uploads\/sites\/17\/2025\/10\/WhatsApp-Image-2025-10-25-at-3.27.59-PM-300x225.jpeg 300w, https:\/\/www.crea.gov.co\/crea-cantarrana\/wp-content\/uploads\/sites\/17\/2025\/10\/WhatsApp-Image-2025-10-25-at-3.27.59-PM-768x576.jpeg 768w, https:\/\/www.crea.gov.co\/crea-cantarrana\/wp-content\/uploads\/sites\/17\/2025\/10\/WhatsApp-Image-2025-10-25-at-3.27.59-PM-1536x1152.jpeg 1536w, https:\/\/www.crea.gov.co\/crea-cantarrana\/wp-content\/uploads\/sites\/17\/2025\/10\/WhatsApp-Image-2025-10-25-at-3.27.59-PM.jpeg 1600w\" sizes=\"auto, (max-width: 1024px) 100vw, 1024px\" \/><\/figure>\n<\/figure>\n","protected":false},"excerpt":{"rendered":"<p>COMPARSA URBANA&nbsp; GUAYASAMIN: Este grupo del IED Guayasamin&nbsp; presenta su propuesta esc\u00e9nica COMPARSA URBANA basada en 3 g\u00e9neros urbanos&nbsp; Breaking, reguet\u00f3n y Afro Beat acompa\u00f1ado de tambores y redoblantes, estos g\u00e9neros resaltan una forma de expresi\u00f3n que son reflejados desde el territorio y el contexto donde residen. Con movimientos impactantes nos invita a explorar los [&hellip;]<\/p>\n","protected":false},"author":99,"featured_media":1397,"comment_status":"open","ping_status":"open","sticky":false,"template":"","format":"standard","meta":{"footnotes":""},"categories":[1],"tags":[],"class_list":["post-1387","post","type-post","status-publish","format-standard","has-post-thumbnail","hentry","category-sin-categoria"],"yoast_head":"<!-- This site is optimized with the Yoast SEO plugin v24.5 - https:\/\/yoast.com\/wordpress\/plugins\/seo\/ -->\n<title>SABIAS QU\u00c9 CREA CANTARRANA ESTUVO EN LA INAUGURACI\u00d3N DE ECOS LLL CON DOS GRUPOS. - Crea Cantarrana<\/title>\n<meta name=\"robots\" content=\"index, follow, max-snippet:-1, max-image-preview:large, max-video-preview:-1\" \/>\n<link rel=\"canonical\" href=\"https:\/\/www.crea.gov.co\/crea-cantarrana\/sabias-que-crea-cantarrana-estuvo-en-la-inauguracion-de-ecos-lll-con-dos-grupos\/\" \/>\n<meta property=\"og:locale\" content=\"es_ES\" \/>\n<meta property=\"og:type\" content=\"article\" \/>\n<meta property=\"og:title\" content=\"SABIAS QU\u00c9 CREA CANTARRANA ESTUVO EN LA INAUGURACI\u00d3N DE ECOS LLL CON DOS GRUPOS. - Crea Cantarrana\" \/>\n<meta property=\"og:description\" content=\"COMPARSA URBANA&nbsp; GUAYASAMIN: Este grupo del IED Guayasamin&nbsp; presenta su propuesta esc\u00e9nica COMPARSA URBANA basada en 3 g\u00e9neros urbanos&nbsp; Breaking, reguet\u00f3n y Afro Beat acompa\u00f1ado de tambores y redoblantes, estos g\u00e9neros resaltan una forma de expresi\u00f3n que son reflejados desde el territorio y el contexto donde residen. Con movimientos impactantes nos invita a explorar los [&hellip;]\" \/>\n<meta property=\"og:url\" content=\"https:\/\/www.crea.gov.co\/crea-cantarrana\/sabias-que-crea-cantarrana-estuvo-en-la-inauguracion-de-ecos-lll-con-dos-grupos\/\" \/>\n<meta property=\"og:site_name\" content=\"Crea Cantarrana\" \/>\n<meta property=\"article:published_time\" content=\"2025-10-30T20:26:31+00:00\" \/>\n<meta property=\"article:modified_time\" content=\"2025-10-30T20:26:32+00:00\" \/>\n<meta property=\"og:image\" content=\"https:\/\/www.crea.gov.co\/crea-cantarrana\/wp-content\/uploads\/sites\/17\/2025\/10\/WhatsApp-Image-2025-10-25-at-4.40.51-PM.jpeg\" \/>\n\t<meta property=\"og:image:width\" content=\"1280\" \/>\n\t<meta property=\"og:image:height\" content=\"720\" \/>\n\t<meta property=\"og:image:type\" content=\"image\/jpeg\" \/>\n<meta name=\"author\" content=\"creacantarana\" \/>\n<meta name=\"twitter:card\" content=\"summary_large_image\" \/>\n<meta name=\"twitter:label1\" content=\"Escrito por\" \/>\n\t<meta name=\"twitter:data1\" content=\"creacantarana\" \/>\n\t<meta name=\"twitter:label2\" content=\"Tiempo de lectura\" \/>\n\t<meta name=\"twitter:data2\" content=\"3 minutos\" \/>\n<script type=\"application\/ld+json\" class=\"yoast-schema-graph\">{\"@context\":\"https:\/\/schema.org\",\"@graph\":[{\"@type\":\"WebPage\",\"@id\":\"https:\/\/www.crea.gov.co\/crea-cantarrana\/sabias-que-crea-cantarrana-estuvo-en-la-inauguracion-de-ecos-lll-con-dos-grupos\/\",\"url\":\"https:\/\/www.crea.gov.co\/crea-cantarrana\/sabias-que-crea-cantarrana-estuvo-en-la-inauguracion-de-ecos-lll-con-dos-grupos\/\",\"name\":\"SABIAS QU\u00c9 CREA CANTARRANA ESTUVO EN LA INAUGURACI\u00d3N DE ECOS LLL CON DOS GRUPOS. - Crea Cantarrana\",\"isPartOf\":{\"@id\":\"https:\/\/www.crea.gov.co\/crea-cantarrana\/#website\"},\"primaryImageOfPage\":{\"@id\":\"https:\/\/www.crea.gov.co\/crea-cantarrana\/sabias-que-crea-cantarrana-estuvo-en-la-inauguracion-de-ecos-lll-con-dos-grupos\/#primaryimage\"},\"image\":{\"@id\":\"https:\/\/www.crea.gov.co\/crea-cantarrana\/sabias-que-crea-cantarrana-estuvo-en-la-inauguracion-de-ecos-lll-con-dos-grupos\/#primaryimage\"},\"thumbnailUrl\":\"https:\/\/www.crea.gov.co\/crea-cantarrana\/wp-content\/uploads\/sites\/17\/2025\/10\/WhatsApp-Image-2025-10-25-at-4.40.51-PM.jpeg\",\"datePublished\":\"2025-10-30T20:26:31+00:00\",\"dateModified\":\"2025-10-30T20:26:32+00:00\",\"author\":{\"@id\":\"https:\/\/www.crea.gov.co\/crea-cantarrana\/#\/schema\/person\/a50641c9b38d7527e7825cff4287675c\"},\"breadcrumb\":{\"@id\":\"https:\/\/www.crea.gov.co\/crea-cantarrana\/sabias-que-crea-cantarrana-estuvo-en-la-inauguracion-de-ecos-lll-con-dos-grupos\/#breadcrumb\"},\"inLanguage\":\"es-CO\",\"potentialAction\":[{\"@type\":\"ReadAction\",\"target\":[\"https:\/\/www.crea.gov.co\/crea-cantarrana\/sabias-que-crea-cantarrana-estuvo-en-la-inauguracion-de-ecos-lll-con-dos-grupos\/\"]}]},{\"@type\":\"ImageObject\",\"inLanguage\":\"es-CO\",\"@id\":\"https:\/\/www.crea.gov.co\/crea-cantarrana\/sabias-que-crea-cantarrana-estuvo-en-la-inauguracion-de-ecos-lll-con-dos-grupos\/#primaryimage\",\"url\":\"https:\/\/www.crea.gov.co\/crea-cantarrana\/wp-content\/uploads\/sites\/17\/2025\/10\/WhatsApp-Image-2025-10-25-at-4.40.51-PM.jpeg\",\"contentUrl\":\"https:\/\/www.crea.gov.co\/crea-cantarrana\/wp-content\/uploads\/sites\/17\/2025\/10\/WhatsApp-Image-2025-10-25-at-4.40.51-PM.jpeg\",\"width\":1280,\"height\":720},{\"@type\":\"BreadcrumbList\",\"@id\":\"https:\/\/www.crea.gov.co\/crea-cantarrana\/sabias-que-crea-cantarrana-estuvo-en-la-inauguracion-de-ecos-lll-con-dos-grupos\/#breadcrumb\",\"itemListElement\":[{\"@type\":\"ListItem\",\"position\":1,\"name\":\"Home\",\"item\":\"https:\/\/www.crea.gov.co\/crea-cantarrana\/\"},{\"@type\":\"ListItem\",\"position\":2,\"name\":\"SABIAS QU\u00c9 CREA CANTARRANA ESTUVO EN LA INAUGURACI\u00d3N DE ECOS LLL CON DOS GRUPOS.\"}]},{\"@type\":\"WebSite\",\"@id\":\"https:\/\/www.crea.gov.co\/crea-cantarrana\/#website\",\"url\":\"https:\/\/www.crea.gov.co\/crea-cantarrana\/\",\"name\":\"Crea Cantarrana\",\"description\":\"En el sur de Bogot\u00e1, el campo y la ciudad dialogan. La tradici\u00f3n campesina y la creatividad urbana se encuentran bajo un domo que invita a ver el arte desde nuevas perspectivas. Es un espacio donde la comunidad transforma su d\u00eda a d\u00eda en historias, m\u00fasica y color, y donde la memoria rural se reinventa a cada paso.\",\"potentialAction\":[{\"@type\":\"SearchAction\",\"target\":{\"@type\":\"EntryPoint\",\"urlTemplate\":\"https:\/\/www.crea.gov.co\/crea-cantarrana\/?s={search_term_string}\"},\"query-input\":{\"@type\":\"PropertyValueSpecification\",\"valueRequired\":true,\"valueName\":\"search_term_string\"}}],\"inLanguage\":\"es-CO\"},{\"@type\":\"Person\",\"@id\":\"https:\/\/www.crea.gov.co\/crea-cantarrana\/#\/schema\/person\/a50641c9b38d7527e7825cff4287675c\",\"name\":\"creacantarana\",\"image\":{\"@type\":\"ImageObject\",\"inLanguage\":\"es-CO\",\"@id\":\"https:\/\/www.crea.gov.co\/crea-cantarrana\/#\/schema\/person\/image\/\",\"url\":\"https:\/\/secure.gravatar.com\/avatar\/e68993f8aa9720f886fee66f6e0798ba?s=96&d=mm&r=g\",\"contentUrl\":\"https:\/\/secure.gravatar.com\/avatar\/e68993f8aa9720f886fee66f6e0798ba?s=96&d=mm&r=g\",\"caption\":\"creacantarana\"},\"url\":\"https:\/\/www.crea.gov.co\/crea-cantarrana\/author\/creacantarana\/\"}]}<\/script>\n<!-- \/ Yoast SEO plugin. -->","yoast_head_json":{"title":"SABIAS QU\u00c9 CREA CANTARRANA ESTUVO EN LA INAUGURACI\u00d3N DE ECOS LLL CON DOS GRUPOS. - Crea Cantarrana","robots":{"index":"index","follow":"follow","max-snippet":"max-snippet:-1","max-image-preview":"max-image-preview:large","max-video-preview":"max-video-preview:-1"},"canonical":"https:\/\/www.crea.gov.co\/crea-cantarrana\/sabias-que-crea-cantarrana-estuvo-en-la-inauguracion-de-ecos-lll-con-dos-grupos\/","og_locale":"es_ES","og_type":"article","og_title":"SABIAS QU\u00c9 CREA CANTARRANA ESTUVO EN LA INAUGURACI\u00d3N DE ECOS LLL CON DOS GRUPOS. - Crea Cantarrana","og_description":"COMPARSA URBANA&nbsp; GUAYASAMIN: Este grupo del IED Guayasamin&nbsp; presenta su propuesta esc\u00e9nica COMPARSA URBANA basada en 3 g\u00e9neros urbanos&nbsp; Breaking, reguet\u00f3n y Afro Beat acompa\u00f1ado de tambores y redoblantes, estos g\u00e9neros resaltan una forma de expresi\u00f3n que son reflejados desde el territorio y el contexto donde residen. Con movimientos impactantes nos invita a explorar los [&hellip;]","og_url":"https:\/\/www.crea.gov.co\/crea-cantarrana\/sabias-que-crea-cantarrana-estuvo-en-la-inauguracion-de-ecos-lll-con-dos-grupos\/","og_site_name":"Crea Cantarrana","article_published_time":"2025-10-30T20:26:31+00:00","article_modified_time":"2025-10-30T20:26:32+00:00","og_image":[{"width":1280,"height":720,"url":"https:\/\/www.crea.gov.co\/crea-cantarrana\/wp-content\/uploads\/sites\/17\/2025\/10\/WhatsApp-Image-2025-10-25-at-4.40.51-PM.jpeg","type":"image\/jpeg"}],"author":"creacantarana","twitter_card":"summary_large_image","twitter_misc":{"Escrito por":"creacantarana","Tiempo de lectura":"3 minutos"},"schema":{"@context":"https:\/\/schema.org","@graph":[{"@type":"WebPage","@id":"https:\/\/www.crea.gov.co\/crea-cantarrana\/sabias-que-crea-cantarrana-estuvo-en-la-inauguracion-de-ecos-lll-con-dos-grupos\/","url":"https:\/\/www.crea.gov.co\/crea-cantarrana\/sabias-que-crea-cantarrana-estuvo-en-la-inauguracion-de-ecos-lll-con-dos-grupos\/","name":"SABIAS QU\u00c9 CREA CANTARRANA ESTUVO EN LA INAUGURACI\u00d3N DE ECOS LLL CON DOS GRUPOS. - Crea Cantarrana","isPartOf":{"@id":"https:\/\/www.crea.gov.co\/crea-cantarrana\/#website"},"primaryImageOfPage":{"@id":"https:\/\/www.crea.gov.co\/crea-cantarrana\/sabias-que-crea-cantarrana-estuvo-en-la-inauguracion-de-ecos-lll-con-dos-grupos\/#primaryimage"},"image":{"@id":"https:\/\/www.crea.gov.co\/crea-cantarrana\/sabias-que-crea-cantarrana-estuvo-en-la-inauguracion-de-ecos-lll-con-dos-grupos\/#primaryimage"},"thumbnailUrl":"https:\/\/www.crea.gov.co\/crea-cantarrana\/wp-content\/uploads\/sites\/17\/2025\/10\/WhatsApp-Image-2025-10-25-at-4.40.51-PM.jpeg","datePublished":"2025-10-30T20:26:31+00:00","dateModified":"2025-10-30T20:26:32+00:00","author":{"@id":"https:\/\/www.crea.gov.co\/crea-cantarrana\/#\/schema\/person\/a50641c9b38d7527e7825cff4287675c"},"breadcrumb":{"@id":"https:\/\/www.crea.gov.co\/crea-cantarrana\/sabias-que-crea-cantarrana-estuvo-en-la-inauguracion-de-ecos-lll-con-dos-grupos\/#breadcrumb"},"inLanguage":"es-CO","potentialAction":[{"@type":"ReadAction","target":["https:\/\/www.crea.gov.co\/crea-cantarrana\/sabias-que-crea-cantarrana-estuvo-en-la-inauguracion-de-ecos-lll-con-dos-grupos\/"]}]},{"@type":"ImageObject","inLanguage":"es-CO","@id":"https:\/\/www.crea.gov.co\/crea-cantarrana\/sabias-que-crea-cantarrana-estuvo-en-la-inauguracion-de-ecos-lll-con-dos-grupos\/#primaryimage","url":"https:\/\/www.crea.gov.co\/crea-cantarrana\/wp-content\/uploads\/sites\/17\/2025\/10\/WhatsApp-Image-2025-10-25-at-4.40.51-PM.jpeg","contentUrl":"https:\/\/www.crea.gov.co\/crea-cantarrana\/wp-content\/uploads\/sites\/17\/2025\/10\/WhatsApp-Image-2025-10-25-at-4.40.51-PM.jpeg","width":1280,"height":720},{"@type":"BreadcrumbList","@id":"https:\/\/www.crea.gov.co\/crea-cantarrana\/sabias-que-crea-cantarrana-estuvo-en-la-inauguracion-de-ecos-lll-con-dos-grupos\/#breadcrumb","itemListElement":[{"@type":"ListItem","position":1,"name":"Home","item":"https:\/\/www.crea.gov.co\/crea-cantarrana\/"},{"@type":"ListItem","position":2,"name":"SABIAS QU\u00c9 CREA CANTARRANA ESTUVO EN LA INAUGURACI\u00d3N DE ECOS LLL CON DOS GRUPOS."}]},{"@type":"WebSite","@id":"https:\/\/www.crea.gov.co\/crea-cantarrana\/#website","url":"https:\/\/www.crea.gov.co\/crea-cantarrana\/","name":"Crea Cantarrana","description":"En el sur de Bogot\u00e1, el campo y la ciudad dialogan. La tradici\u00f3n campesina y la creatividad urbana se encuentran bajo un domo que invita a ver el arte desde nuevas perspectivas. Es un espacio donde la comunidad transforma su d\u00eda a d\u00eda en historias, m\u00fasica y color, y donde la memoria rural se reinventa a cada paso.","potentialAction":[{"@type":"SearchAction","target":{"@type":"EntryPoint","urlTemplate":"https:\/\/www.crea.gov.co\/crea-cantarrana\/?s={search_term_string}"},"query-input":{"@type":"PropertyValueSpecification","valueRequired":true,"valueName":"search_term_string"}}],"inLanguage":"es-CO"},{"@type":"Person","@id":"https:\/\/www.crea.gov.co\/crea-cantarrana\/#\/schema\/person\/a50641c9b38d7527e7825cff4287675c","name":"creacantarana","image":{"@type":"ImageObject","inLanguage":"es-CO","@id":"https:\/\/www.crea.gov.co\/crea-cantarrana\/#\/schema\/person\/image\/","url":"https:\/\/secure.gravatar.com\/avatar\/e68993f8aa9720f886fee66f6e0798ba?s=96&d=mm&r=g","contentUrl":"https:\/\/secure.gravatar.com\/avatar\/e68993f8aa9720f886fee66f6e0798ba?s=96&d=mm&r=g","caption":"creacantarana"},"url":"https:\/\/www.crea.gov.co\/crea-cantarrana\/author\/creacantarana\/"}]}},"_links":{"self":[{"href":"https:\/\/www.crea.gov.co\/crea-cantarrana\/wp-json\/wp\/v2\/posts\/1387","targetHints":{"allow":["GET"]}}],"collection":[{"href":"https:\/\/www.crea.gov.co\/crea-cantarrana\/wp-json\/wp\/v2\/posts"}],"about":[{"href":"https:\/\/www.crea.gov.co\/crea-cantarrana\/wp-json\/wp\/v2\/types\/post"}],"author":[{"embeddable":true,"href":"https:\/\/www.crea.gov.co\/crea-cantarrana\/wp-json\/wp\/v2\/users\/99"}],"replies":[{"embeddable":true,"href":"https:\/\/www.crea.gov.co\/crea-cantarrana\/wp-json\/wp\/v2\/comments?post=1387"}],"version-history":[{"count":3,"href":"https:\/\/www.crea.gov.co\/crea-cantarrana\/wp-json\/wp\/v2\/posts\/1387\/revisions"}],"predecessor-version":[{"id":1398,"href":"https:\/\/www.crea.gov.co\/crea-cantarrana\/wp-json\/wp\/v2\/posts\/1387\/revisions\/1398"}],"wp:featuredmedia":[{"embeddable":true,"href":"https:\/\/www.crea.gov.co\/crea-cantarrana\/wp-json\/wp\/v2\/media\/1397"}],"wp:attachment":[{"href":"https:\/\/www.crea.gov.co\/crea-cantarrana\/wp-json\/wp\/v2\/media?parent=1387"}],"wp:term":[{"taxonomy":"category","embeddable":true,"href":"https:\/\/www.crea.gov.co\/crea-cantarrana\/wp-json\/wp\/v2\/categories?post=1387"},{"taxonomy":"post_tag","embeddable":true,"href":"https:\/\/www.crea.gov.co\/crea-cantarrana\/wp-json\/wp\/v2\/tags?post=1387"}],"curies":[{"name":"wp","href":"https:\/\/api.w.org\/{rel}","templated":true}]}}