{"id":1366,"date":"2025-10-24T18:56:12","date_gmt":"2025-10-24T18:56:12","guid":{"rendered":"https:\/\/www.crea.gov.co\/crea-cantarrana\/?p=1366"},"modified":"2025-10-24T18:56:12","modified_gmt":"2025-10-24T18:56:12","slug":"y-saben-fue-muy-bonito-el-evento-de-comnuidad-es-crea","status":"publish","type":"post","link":"https:\/\/www.crea.gov.co\/crea-cantarrana\/y-saben-fue-muy-bonito-el-evento-de-comnuidad-es-crea\/","title":{"rendered":"\u00a1 Y SABEN , FUE MUY BONITO EL EVENTO DE COMNUIDAD-ES CREA"},"content":{"rendered":"\n<figure class=\"wp-block-gallery has-nested-images columns-default is-cropped wp-block-gallery-1 is-layout-flex wp-block-gallery-is-layout-flex\">\n<figure class=\"wp-block-image size-large\"><img loading=\"lazy\" decoding=\"async\" width=\"1024\" height=\"576\" data-id=\"1372\" src=\"https:\/\/www.crea.gov.co\/crea-cantarrana\/wp-content\/uploads\/sites\/17\/2025\/10\/WhatsApp-Image-2025-10-20-at-12.05.15-PM-1024x576.jpeg\" alt=\"\" class=\"wp-image-1372\" srcset=\"https:\/\/www.crea.gov.co\/crea-cantarrana\/wp-content\/uploads\/sites\/17\/2025\/10\/WhatsApp-Image-2025-10-20-at-12.05.15-PM-1024x576.jpeg 1024w, https:\/\/www.crea.gov.co\/crea-cantarrana\/wp-content\/uploads\/sites\/17\/2025\/10\/WhatsApp-Image-2025-10-20-at-12.05.15-PM-300x169.jpeg 300w, https:\/\/www.crea.gov.co\/crea-cantarrana\/wp-content\/uploads\/sites\/17\/2025\/10\/WhatsApp-Image-2025-10-20-at-12.05.15-PM-768x432.jpeg 768w, https:\/\/www.crea.gov.co\/crea-cantarrana\/wp-content\/uploads\/sites\/17\/2025\/10\/WhatsApp-Image-2025-10-20-at-12.05.15-PM-1536x864.jpeg 1536w, https:\/\/www.crea.gov.co\/crea-cantarrana\/wp-content\/uploads\/sites\/17\/2025\/10\/WhatsApp-Image-2025-10-20-at-12.05.15-PM.jpeg 1600w\" sizes=\"auto, (max-width: 1024px) 100vw, 1024px\" \/><\/figure>\n\n\n\n<figure class=\"wp-block-image size-large\"><img loading=\"lazy\" decoding=\"async\" width=\"1024\" height=\"768\" data-id=\"1371\" src=\"https:\/\/www.crea.gov.co\/crea-cantarrana\/wp-content\/uploads\/sites\/17\/2025\/10\/WhatsApp-Image-2025-10-21-at-3.36.33-PM-1-1024x768.jpeg\" alt=\"\" class=\"wp-image-1371\" srcset=\"https:\/\/www.crea.gov.co\/crea-cantarrana\/wp-content\/uploads\/sites\/17\/2025\/10\/WhatsApp-Image-2025-10-21-at-3.36.33-PM-1-1024x768.jpeg 1024w, https:\/\/www.crea.gov.co\/crea-cantarrana\/wp-content\/uploads\/sites\/17\/2025\/10\/WhatsApp-Image-2025-10-21-at-3.36.33-PM-1-300x225.jpeg 300w, https:\/\/www.crea.gov.co\/crea-cantarrana\/wp-content\/uploads\/sites\/17\/2025\/10\/WhatsApp-Image-2025-10-21-at-3.36.33-PM-1-768x576.jpeg 768w, https:\/\/www.crea.gov.co\/crea-cantarrana\/wp-content\/uploads\/sites\/17\/2025\/10\/WhatsApp-Image-2025-10-21-at-3.36.33-PM-1-1536x1152.jpeg 1536w, https:\/\/www.crea.gov.co\/crea-cantarrana\/wp-content\/uploads\/sites\/17\/2025\/10\/WhatsApp-Image-2025-10-21-at-3.36.33-PM-1.jpeg 1600w\" sizes=\"auto, (max-width: 1024px) 100vw, 1024px\" \/><\/figure>\n\n\n\n<figure class=\"wp-block-image size-large\"><img loading=\"lazy\" decoding=\"async\" width=\"1024\" height=\"768\" data-id=\"1370\" src=\"https:\/\/www.crea.gov.co\/crea-cantarrana\/wp-content\/uploads\/sites\/17\/2025\/10\/WhatsApp-Image-2025-10-21-at-3.36.35-PM-3-1024x768.jpeg\" alt=\"\" class=\"wp-image-1370\" srcset=\"https:\/\/www.crea.gov.co\/crea-cantarrana\/wp-content\/uploads\/sites\/17\/2025\/10\/WhatsApp-Image-2025-10-21-at-3.36.35-PM-3-1024x768.jpeg 1024w, https:\/\/www.crea.gov.co\/crea-cantarrana\/wp-content\/uploads\/sites\/17\/2025\/10\/WhatsApp-Image-2025-10-21-at-3.36.35-PM-3-300x225.jpeg 300w, https:\/\/www.crea.gov.co\/crea-cantarrana\/wp-content\/uploads\/sites\/17\/2025\/10\/WhatsApp-Image-2025-10-21-at-3.36.35-PM-3-768x576.jpeg 768w, https:\/\/www.crea.gov.co\/crea-cantarrana\/wp-content\/uploads\/sites\/17\/2025\/10\/WhatsApp-Image-2025-10-21-at-3.36.35-PM-3-1536x1152.jpeg 1536w, https:\/\/www.crea.gov.co\/crea-cantarrana\/wp-content\/uploads\/sites\/17\/2025\/10\/WhatsApp-Image-2025-10-21-at-3.36.35-PM-3.jpeg 1600w\" sizes=\"auto, (max-width: 1024px) 100vw, 1024px\" \/><\/figure>\n\n\n\n<figure class=\"wp-block-image size-large\"><img loading=\"lazy\" decoding=\"async\" width=\"1024\" height=\"768\" data-id=\"1369\" src=\"https:\/\/www.crea.gov.co\/crea-cantarrana\/wp-content\/uploads\/sites\/17\/2025\/10\/WhatsApp-Image-2025-10-21-at-3.36.35-PM-4-1024x768.jpeg\" alt=\"\" class=\"wp-image-1369\" srcset=\"https:\/\/www.crea.gov.co\/crea-cantarrana\/wp-content\/uploads\/sites\/17\/2025\/10\/WhatsApp-Image-2025-10-21-at-3.36.35-PM-4-1024x768.jpeg 1024w, https:\/\/www.crea.gov.co\/crea-cantarrana\/wp-content\/uploads\/sites\/17\/2025\/10\/WhatsApp-Image-2025-10-21-at-3.36.35-PM-4-300x225.jpeg 300w, https:\/\/www.crea.gov.co\/crea-cantarrana\/wp-content\/uploads\/sites\/17\/2025\/10\/WhatsApp-Image-2025-10-21-at-3.36.35-PM-4-768x576.jpeg 768w, https:\/\/www.crea.gov.co\/crea-cantarrana\/wp-content\/uploads\/sites\/17\/2025\/10\/WhatsApp-Image-2025-10-21-at-3.36.35-PM-4-1536x1152.jpeg 1536w, https:\/\/www.crea.gov.co\/crea-cantarrana\/wp-content\/uploads\/sites\/17\/2025\/10\/WhatsApp-Image-2025-10-21-at-3.36.35-PM-4.jpeg 1600w\" sizes=\"auto, (max-width: 1024px) 100vw, 1024px\" \/><\/figure>\n<\/figure>\n","protected":false},"excerpt":{"rendered":"","protected":false},"author":99,"featured_media":1369,"comment_status":"open","ping_status":"open","sticky":false,"template":"","format":"standard","meta":{"footnotes":""},"categories":[1],"tags":[],"class_list":["post-1366","post","type-post","status-publish","format-standard","has-post-thumbnail","hentry","category-sin-categoria"],"yoast_head":"<!-- This site is optimized with the Yoast SEO plugin v24.5 - https:\/\/yoast.com\/wordpress\/plugins\/seo\/ -->\n<title>\u00a1 Y SABEN , FUE MUY BONITO EL EVENTO DE COMNUIDAD-ES CREA - Crea Cantarrana<\/title>\n<meta name=\"robots\" content=\"index, follow, max-snippet:-1, max-image-preview:large, max-video-preview:-1\" \/>\n<link rel=\"canonical\" href=\"https:\/\/www.crea.gov.co\/crea-cantarrana\/y-saben-fue-muy-bonito-el-evento-de-comnuidad-es-crea\/\" \/>\n<meta property=\"og:locale\" content=\"es_ES\" \/>\n<meta property=\"og:type\" content=\"article\" \/>\n<meta property=\"og:title\" content=\"\u00a1 Y SABEN , FUE MUY BONITO EL EVENTO DE COMNUIDAD-ES CREA - Crea Cantarrana\" \/>\n<meta property=\"og:url\" content=\"https:\/\/www.crea.gov.co\/crea-cantarrana\/y-saben-fue-muy-bonito-el-evento-de-comnuidad-es-crea\/\" \/>\n<meta property=\"og:site_name\" content=\"Crea Cantarrana\" \/>\n<meta property=\"article:published_time\" content=\"2025-10-24T18:56:12+00:00\" \/>\n<meta property=\"og:image\" content=\"https:\/\/www.crea.gov.co\/crea-cantarrana\/wp-content\/uploads\/sites\/17\/2025\/10\/WhatsApp-Image-2025-10-21-at-3.36.35-PM-4.jpeg\" \/>\n\t<meta property=\"og:image:width\" content=\"1600\" \/>\n\t<meta property=\"og:image:height\" content=\"1200\" \/>\n\t<meta property=\"og:image:type\" content=\"image\/jpeg\" \/>\n<meta name=\"author\" content=\"creacantarana\" \/>\n<meta name=\"twitter:card\" content=\"summary_large_image\" \/>\n<meta name=\"twitter:label1\" content=\"Escrito por\" \/>\n\t<meta name=\"twitter:data1\" content=\"creacantarana\" \/>\n\t<meta name=\"twitter:label2\" content=\"Tiempo de lectura\" \/>\n\t<meta name=\"twitter:data2\" content=\"1 minuto\" \/>\n<script type=\"application\/ld+json\" class=\"yoast-schema-graph\">{\"@context\":\"https:\/\/schema.org\",\"@graph\":[{\"@type\":\"WebPage\",\"@id\":\"https:\/\/www.crea.gov.co\/crea-cantarrana\/y-saben-fue-muy-bonito-el-evento-de-comnuidad-es-crea\/\",\"url\":\"https:\/\/www.crea.gov.co\/crea-cantarrana\/y-saben-fue-muy-bonito-el-evento-de-comnuidad-es-crea\/\",\"name\":\"\u00a1 Y SABEN , FUE MUY BONITO EL EVENTO DE COMNUIDAD-ES CREA - Crea Cantarrana\",\"isPartOf\":{\"@id\":\"https:\/\/www.crea.gov.co\/crea-cantarrana\/#website\"},\"primaryImageOfPage\":{\"@id\":\"https:\/\/www.crea.gov.co\/crea-cantarrana\/y-saben-fue-muy-bonito-el-evento-de-comnuidad-es-crea\/#primaryimage\"},\"image\":{\"@id\":\"https:\/\/www.crea.gov.co\/crea-cantarrana\/y-saben-fue-muy-bonito-el-evento-de-comnuidad-es-crea\/#primaryimage\"},\"thumbnailUrl\":\"https:\/\/www.crea.gov.co\/crea-cantarrana\/wp-content\/uploads\/sites\/17\/2025\/10\/WhatsApp-Image-2025-10-21-at-3.36.35-PM-4.jpeg\",\"datePublished\":\"2025-10-24T18:56:12+00:00\",\"author\":{\"@id\":\"https:\/\/www.crea.gov.co\/crea-cantarrana\/#\/schema\/person\/a50641c9b38d7527e7825cff4287675c\"},\"breadcrumb\":{\"@id\":\"https:\/\/www.crea.gov.co\/crea-cantarrana\/y-saben-fue-muy-bonito-el-evento-de-comnuidad-es-crea\/#breadcrumb\"},\"inLanguage\":\"es-CO\",\"potentialAction\":[{\"@type\":\"ReadAction\",\"target\":[\"https:\/\/www.crea.gov.co\/crea-cantarrana\/y-saben-fue-muy-bonito-el-evento-de-comnuidad-es-crea\/\"]}]},{\"@type\":\"ImageObject\",\"inLanguage\":\"es-CO\",\"@id\":\"https:\/\/www.crea.gov.co\/crea-cantarrana\/y-saben-fue-muy-bonito-el-evento-de-comnuidad-es-crea\/#primaryimage\",\"url\":\"https:\/\/www.crea.gov.co\/crea-cantarrana\/wp-content\/uploads\/sites\/17\/2025\/10\/WhatsApp-Image-2025-10-21-at-3.36.35-PM-4.jpeg\",\"contentUrl\":\"https:\/\/www.crea.gov.co\/crea-cantarrana\/wp-content\/uploads\/sites\/17\/2025\/10\/WhatsApp-Image-2025-10-21-at-3.36.35-PM-4.jpeg\",\"width\":1600,\"height\":1200},{\"@type\":\"BreadcrumbList\",\"@id\":\"https:\/\/www.crea.gov.co\/crea-cantarrana\/y-saben-fue-muy-bonito-el-evento-de-comnuidad-es-crea\/#breadcrumb\",\"itemListElement\":[{\"@type\":\"ListItem\",\"position\":1,\"name\":\"Home\",\"item\":\"https:\/\/www.crea.gov.co\/crea-cantarrana\/\"},{\"@type\":\"ListItem\",\"position\":2,\"name\":\"\u00a1 Y SABEN , FUE MUY BONITO EL EVENTO DE COMNUIDAD-ES CREA\"}]},{\"@type\":\"WebSite\",\"@id\":\"https:\/\/www.crea.gov.co\/crea-cantarrana\/#website\",\"url\":\"https:\/\/www.crea.gov.co\/crea-cantarrana\/\",\"name\":\"Crea Cantarrana\",\"description\":\"En el sur de Bogot\u00e1, el campo y la ciudad dialogan. La tradici\u00f3n campesina y la creatividad urbana se encuentran bajo un domo que invita a ver el arte desde nuevas perspectivas. Es un espacio donde la comunidad transforma su d\u00eda a d\u00eda en historias, m\u00fasica y color, y donde la memoria rural se reinventa a cada paso.\",\"potentialAction\":[{\"@type\":\"SearchAction\",\"target\":{\"@type\":\"EntryPoint\",\"urlTemplate\":\"https:\/\/www.crea.gov.co\/crea-cantarrana\/?s={search_term_string}\"},\"query-input\":{\"@type\":\"PropertyValueSpecification\",\"valueRequired\":true,\"valueName\":\"search_term_string\"}}],\"inLanguage\":\"es-CO\"},{\"@type\":\"Person\",\"@id\":\"https:\/\/www.crea.gov.co\/crea-cantarrana\/#\/schema\/person\/a50641c9b38d7527e7825cff4287675c\",\"name\":\"creacantarana\",\"image\":{\"@type\":\"ImageObject\",\"inLanguage\":\"es-CO\",\"@id\":\"https:\/\/www.crea.gov.co\/crea-cantarrana\/#\/schema\/person\/image\/\",\"url\":\"https:\/\/secure.gravatar.com\/avatar\/e68993f8aa9720f886fee66f6e0798ba?s=96&d=mm&r=g\",\"contentUrl\":\"https:\/\/secure.gravatar.com\/avatar\/e68993f8aa9720f886fee66f6e0798ba?s=96&d=mm&r=g\",\"caption\":\"creacantarana\"},\"url\":\"https:\/\/www.crea.gov.co\/crea-cantarrana\/author\/creacantarana\/\"}]}<\/script>\n<!-- \/ Yoast SEO plugin. -->","yoast_head_json":{"title":"\u00a1 Y SABEN , FUE MUY BONITO EL EVENTO DE COMNUIDAD-ES CREA - Crea Cantarrana","robots":{"index":"index","follow":"follow","max-snippet":"max-snippet:-1","max-image-preview":"max-image-preview:large","max-video-preview":"max-video-preview:-1"},"canonical":"https:\/\/www.crea.gov.co\/crea-cantarrana\/y-saben-fue-muy-bonito-el-evento-de-comnuidad-es-crea\/","og_locale":"es_ES","og_type":"article","og_title":"\u00a1 Y SABEN , FUE MUY BONITO EL EVENTO DE COMNUIDAD-ES CREA - Crea Cantarrana","og_url":"https:\/\/www.crea.gov.co\/crea-cantarrana\/y-saben-fue-muy-bonito-el-evento-de-comnuidad-es-crea\/","og_site_name":"Crea Cantarrana","article_published_time":"2025-10-24T18:56:12+00:00","og_image":[{"width":1600,"height":1200,"url":"https:\/\/www.crea.gov.co\/crea-cantarrana\/wp-content\/uploads\/sites\/17\/2025\/10\/WhatsApp-Image-2025-10-21-at-3.36.35-PM-4.jpeg","type":"image\/jpeg"}],"author":"creacantarana","twitter_card":"summary_large_image","twitter_misc":{"Escrito por":"creacantarana","Tiempo de lectura":"1 minuto"},"schema":{"@context":"https:\/\/schema.org","@graph":[{"@type":"WebPage","@id":"https:\/\/www.crea.gov.co\/crea-cantarrana\/y-saben-fue-muy-bonito-el-evento-de-comnuidad-es-crea\/","url":"https:\/\/www.crea.gov.co\/crea-cantarrana\/y-saben-fue-muy-bonito-el-evento-de-comnuidad-es-crea\/","name":"\u00a1 Y SABEN , FUE MUY BONITO EL EVENTO DE COMNUIDAD-ES CREA - Crea Cantarrana","isPartOf":{"@id":"https:\/\/www.crea.gov.co\/crea-cantarrana\/#website"},"primaryImageOfPage":{"@id":"https:\/\/www.crea.gov.co\/crea-cantarrana\/y-saben-fue-muy-bonito-el-evento-de-comnuidad-es-crea\/#primaryimage"},"image":{"@id":"https:\/\/www.crea.gov.co\/crea-cantarrana\/y-saben-fue-muy-bonito-el-evento-de-comnuidad-es-crea\/#primaryimage"},"thumbnailUrl":"https:\/\/www.crea.gov.co\/crea-cantarrana\/wp-content\/uploads\/sites\/17\/2025\/10\/WhatsApp-Image-2025-10-21-at-3.36.35-PM-4.jpeg","datePublished":"2025-10-24T18:56:12+00:00","author":{"@id":"https:\/\/www.crea.gov.co\/crea-cantarrana\/#\/schema\/person\/a50641c9b38d7527e7825cff4287675c"},"breadcrumb":{"@id":"https:\/\/www.crea.gov.co\/crea-cantarrana\/y-saben-fue-muy-bonito-el-evento-de-comnuidad-es-crea\/#breadcrumb"},"inLanguage":"es-CO","potentialAction":[{"@type":"ReadAction","target":["https:\/\/www.crea.gov.co\/crea-cantarrana\/y-saben-fue-muy-bonito-el-evento-de-comnuidad-es-crea\/"]}]},{"@type":"ImageObject","inLanguage":"es-CO","@id":"https:\/\/www.crea.gov.co\/crea-cantarrana\/y-saben-fue-muy-bonito-el-evento-de-comnuidad-es-crea\/#primaryimage","url":"https:\/\/www.crea.gov.co\/crea-cantarrana\/wp-content\/uploads\/sites\/17\/2025\/10\/WhatsApp-Image-2025-10-21-at-3.36.35-PM-4.jpeg","contentUrl":"https:\/\/www.crea.gov.co\/crea-cantarrana\/wp-content\/uploads\/sites\/17\/2025\/10\/WhatsApp-Image-2025-10-21-at-3.36.35-PM-4.jpeg","width":1600,"height":1200},{"@type":"BreadcrumbList","@id":"https:\/\/www.crea.gov.co\/crea-cantarrana\/y-saben-fue-muy-bonito-el-evento-de-comnuidad-es-crea\/#breadcrumb","itemListElement":[{"@type":"ListItem","position":1,"name":"Home","item":"https:\/\/www.crea.gov.co\/crea-cantarrana\/"},{"@type":"ListItem","position":2,"name":"\u00a1 Y SABEN , FUE MUY BONITO EL EVENTO DE COMNUIDAD-ES CREA"}]},{"@type":"WebSite","@id":"https:\/\/www.crea.gov.co\/crea-cantarrana\/#website","url":"https:\/\/www.crea.gov.co\/crea-cantarrana\/","name":"Crea Cantarrana","description":"En el sur de Bogot\u00e1, el campo y la ciudad dialogan. La tradici\u00f3n campesina y la creatividad urbana se encuentran bajo un domo que invita a ver el arte desde nuevas perspectivas. Es un espacio donde la comunidad transforma su d\u00eda a d\u00eda en historias, m\u00fasica y color, y donde la memoria rural se reinventa a cada paso.","potentialAction":[{"@type":"SearchAction","target":{"@type":"EntryPoint","urlTemplate":"https:\/\/www.crea.gov.co\/crea-cantarrana\/?s={search_term_string}"},"query-input":{"@type":"PropertyValueSpecification","valueRequired":true,"valueName":"search_term_string"}}],"inLanguage":"es-CO"},{"@type":"Person","@id":"https:\/\/www.crea.gov.co\/crea-cantarrana\/#\/schema\/person\/a50641c9b38d7527e7825cff4287675c","name":"creacantarana","image":{"@type":"ImageObject","inLanguage":"es-CO","@id":"https:\/\/www.crea.gov.co\/crea-cantarrana\/#\/schema\/person\/image\/","url":"https:\/\/secure.gravatar.com\/avatar\/e68993f8aa9720f886fee66f6e0798ba?s=96&d=mm&r=g","contentUrl":"https:\/\/secure.gravatar.com\/avatar\/e68993f8aa9720f886fee66f6e0798ba?s=96&d=mm&r=g","caption":"creacantarana"},"url":"https:\/\/www.crea.gov.co\/crea-cantarrana\/author\/creacantarana\/"}]}},"_links":{"self":[{"href":"https:\/\/www.crea.gov.co\/crea-cantarrana\/wp-json\/wp\/v2\/posts\/1366","targetHints":{"allow":["GET"]}}],"collection":[{"href":"https:\/\/www.crea.gov.co\/crea-cantarrana\/wp-json\/wp\/v2\/posts"}],"about":[{"href":"https:\/\/www.crea.gov.co\/crea-cantarrana\/wp-json\/wp\/v2\/types\/post"}],"author":[{"embeddable":true,"href":"https:\/\/www.crea.gov.co\/crea-cantarrana\/wp-json\/wp\/v2\/users\/99"}],"replies":[{"embeddable":true,"href":"https:\/\/www.crea.gov.co\/crea-cantarrana\/wp-json\/wp\/v2\/comments?post=1366"}],"version-history":[{"count":1,"href":"https:\/\/www.crea.gov.co\/crea-cantarrana\/wp-json\/wp\/v2\/posts\/1366\/revisions"}],"predecessor-version":[{"id":1374,"href":"https:\/\/www.crea.gov.co\/crea-cantarrana\/wp-json\/wp\/v2\/posts\/1366\/revisions\/1374"}],"wp:featuredmedia":[{"embeddable":true,"href":"https:\/\/www.crea.gov.co\/crea-cantarrana\/wp-json\/wp\/v2\/media\/1369"}],"wp:attachment":[{"href":"https:\/\/www.crea.gov.co\/crea-cantarrana\/wp-json\/wp\/v2\/media?parent=1366"}],"wp:term":[{"taxonomy":"category","embeddable":true,"href":"https:\/\/www.crea.gov.co\/crea-cantarrana\/wp-json\/wp\/v2\/categories?post=1366"},{"taxonomy":"post_tag","embeddable":true,"href":"https:\/\/www.crea.gov.co\/crea-cantarrana\/wp-json\/wp\/v2\/tags?post=1366"}],"curies":[{"name":"wp","href":"https:\/\/api.w.org\/{rel}","templated":true}]}}