{"id":1341,"date":"2025-08-25T19:57:56","date_gmt":"2025-08-25T19:57:56","guid":{"rendered":"https:\/\/www.crea.gov.co\/crea-cantarrana\/?p=1341"},"modified":"2025-08-25T19:57:57","modified_gmt":"2025-08-25T19:57:57","slug":"crea-en-movimiento-la-pasamos-de-lo-mejor","status":"publish","type":"post","link":"https:\/\/www.crea.gov.co\/crea-cantarrana\/crea-en-movimiento-la-pasamos-de-lo-mejor\/","title":{"rendered":"CREA EN MOVIMIENTO.  LA PASAMOS DE LO MEJOR."},"content":{"rendered":"\n<p>El pasado 16 de agosto realizamos nuestro crea en movimiento, estuvo super lindo, muchos grupos en tarima, muchos talleres, estuvieron los grandes, los chiquitos, los padres, las y los vecinos.<\/p>\n\n\n\n<figure class=\"wp-block-gallery has-nested-images columns-default is-cropped wp-block-gallery-1 is-layout-flex wp-block-gallery-is-layout-flex\">\n<figure class=\"wp-block-image size-large\"><img loading=\"lazy\" decoding=\"async\" width=\"691\" height=\"797\" data-id=\"1348\" src=\"https:\/\/www.crea.gov.co\/crea-cantarrana\/wp-content\/uploads\/sites\/17\/2025\/08\/Captura-de-pantalla-2025-08-25-145228.png\" alt=\"\" class=\"wp-image-1348\" srcset=\"https:\/\/www.crea.gov.co\/crea-cantarrana\/wp-content\/uploads\/sites\/17\/2025\/08\/Captura-de-pantalla-2025-08-25-145228.png 691w, https:\/\/www.crea.gov.co\/crea-cantarrana\/wp-content\/uploads\/sites\/17\/2025\/08\/Captura-de-pantalla-2025-08-25-145228-260x300.png 260w\" sizes=\"auto, (max-width: 691px) 100vw, 691px\" \/><\/figure>\n\n\n\n<figure class=\"wp-block-image size-large\"><img loading=\"lazy\" decoding=\"async\" width=\"653\" height=\"680\" data-id=\"1347\" src=\"https:\/\/www.crea.gov.co\/crea-cantarrana\/wp-content\/uploads\/sites\/17\/2025\/08\/Captura-de-pantalla-2025-08-25-144949.png\" alt=\"\" class=\"wp-image-1347\" srcset=\"https:\/\/www.crea.gov.co\/crea-cantarrana\/wp-content\/uploads\/sites\/17\/2025\/08\/Captura-de-pantalla-2025-08-25-144949.png 653w, https:\/\/www.crea.gov.co\/crea-cantarrana\/wp-content\/uploads\/sites\/17\/2025\/08\/Captura-de-pantalla-2025-08-25-144949-288x300.png 288w\" sizes=\"auto, (max-width: 653px) 100vw, 653px\" \/><\/figure>\n\n\n\n<figure class=\"wp-block-image size-large\"><img loading=\"lazy\" decoding=\"async\" width=\"869\" height=\"894\" data-id=\"1346\" src=\"https:\/\/www.crea.gov.co\/crea-cantarrana\/wp-content\/uploads\/sites\/17\/2025\/08\/Captura-de-pantalla-2025-08-25-144902.png\" alt=\"\" class=\"wp-image-1346\" srcset=\"https:\/\/www.crea.gov.co\/crea-cantarrana\/wp-content\/uploads\/sites\/17\/2025\/08\/Captura-de-pantalla-2025-08-25-144902.png 869w, https:\/\/www.crea.gov.co\/crea-cantarrana\/wp-content\/uploads\/sites\/17\/2025\/08\/Captura-de-pantalla-2025-08-25-144902-292x300.png 292w, https:\/\/www.crea.gov.co\/crea-cantarrana\/wp-content\/uploads\/sites\/17\/2025\/08\/Captura-de-pantalla-2025-08-25-144902-768x790.png 768w\" sizes=\"auto, (max-width: 869px) 100vw, 869px\" \/><\/figure>\n\n\n\n<figure class=\"wp-block-image size-large\"><img loading=\"lazy\" decoding=\"async\" width=\"1024\" height=\"763\" data-id=\"1345\" src=\"https:\/\/www.crea.gov.co\/crea-cantarrana\/wp-content\/uploads\/sites\/17\/2025\/08\/Captura-de-pantalla-2025-08-25-144824-1024x763.png\" alt=\"\" class=\"wp-image-1345\" srcset=\"https:\/\/www.crea.gov.co\/crea-cantarrana\/wp-content\/uploads\/sites\/17\/2025\/08\/Captura-de-pantalla-2025-08-25-144824-1024x763.png 1024w, https:\/\/www.crea.gov.co\/crea-cantarrana\/wp-content\/uploads\/sites\/17\/2025\/08\/Captura-de-pantalla-2025-08-25-144824-300x223.png 300w, https:\/\/www.crea.gov.co\/crea-cantarrana\/wp-content\/uploads\/sites\/17\/2025\/08\/Captura-de-pantalla-2025-08-25-144824-768x572.png 768w, https:\/\/www.crea.gov.co\/crea-cantarrana\/wp-content\/uploads\/sites\/17\/2025\/08\/Captura-de-pantalla-2025-08-25-144824.png 1179w\" sizes=\"auto, (max-width: 1024px) 100vw, 1024px\" \/><\/figure>\n\n\n\n<figure class=\"wp-block-image size-large\"><img loading=\"lazy\" decoding=\"async\" width=\"1024\" height=\"725\" data-id=\"1344\" src=\"https:\/\/www.crea.gov.co\/crea-cantarrana\/wp-content\/uploads\/sites\/17\/2025\/08\/Captura-de-pantalla-2025-08-25-144753-1024x725.png\" alt=\"\" class=\"wp-image-1344\" srcset=\"https:\/\/www.crea.gov.co\/crea-cantarrana\/wp-content\/uploads\/sites\/17\/2025\/08\/Captura-de-pantalla-2025-08-25-144753-1024x725.png 1024w, https:\/\/www.crea.gov.co\/crea-cantarrana\/wp-content\/uploads\/sites\/17\/2025\/08\/Captura-de-pantalla-2025-08-25-144753-300x212.png 300w, https:\/\/www.crea.gov.co\/crea-cantarrana\/wp-content\/uploads\/sites\/17\/2025\/08\/Captura-de-pantalla-2025-08-25-144753-768x544.png 768w, https:\/\/www.crea.gov.co\/crea-cantarrana\/wp-content\/uploads\/sites\/17\/2025\/08\/Captura-de-pantalla-2025-08-25-144753.png 1175w\" sizes=\"auto, (max-width: 1024px) 100vw, 1024px\" \/><\/figure>\n\n\n\n<figure class=\"wp-block-image size-large\"><img loading=\"lazy\" decoding=\"async\" width=\"704\" height=\"935\" data-id=\"1343\" src=\"https:\/\/www.crea.gov.co\/crea-cantarrana\/wp-content\/uploads\/sites\/17\/2025\/08\/Captura-de-pantalla-2025-08-25-144711.png\" alt=\"\" class=\"wp-image-1343\" srcset=\"https:\/\/www.crea.gov.co\/crea-cantarrana\/wp-content\/uploads\/sites\/17\/2025\/08\/Captura-de-pantalla-2025-08-25-144711.png 704w, https:\/\/www.crea.gov.co\/crea-cantarrana\/wp-content\/uploads\/sites\/17\/2025\/08\/Captura-de-pantalla-2025-08-25-144711-226x300.png 226w\" sizes=\"auto, (max-width: 704px) 100vw, 704px\" \/><\/figure>\n<\/figure>\n\n\n\n<figure class=\"wp-block-gallery has-nested-images columns-default is-cropped wp-block-gallery-2 is-layout-flex wp-block-gallery-is-layout-flex\"><\/figure>\n","protected":false},"excerpt":{"rendered":"<p>El pasado 16 de agosto realizamos nuestro crea en movimiento, estuvo super lindo, muchos grupos en tarima, muchos talleres, estuvieron los grandes, los chiquitos, los padres, las y los vecinos.<\/p>\n","protected":false},"author":99,"featured_media":1350,"comment_status":"open","ping_status":"open","sticky":false,"template":"","format":"standard","meta":{"footnotes":""},"categories":[1],"tags":[],"class_list":["post-1341","post","type-post","status-publish","format-standard","has-post-thumbnail","hentry","category-sin-categoria"],"yoast_head":"<!-- This site is optimized with the Yoast SEO plugin v24.5 - https:\/\/yoast.com\/wordpress\/plugins\/seo\/ -->\n<title>CREA EN MOVIMIENTO. LA PASAMOS DE LO MEJOR. - Crea Cantarrana<\/title>\n<meta name=\"robots\" content=\"index, follow, max-snippet:-1, max-image-preview:large, max-video-preview:-1\" \/>\n<link rel=\"canonical\" href=\"https:\/\/www.crea.gov.co\/crea-cantarrana\/crea-en-movimiento-la-pasamos-de-lo-mejor\/\" \/>\n<meta property=\"og:locale\" content=\"es_ES\" \/>\n<meta property=\"og:type\" content=\"article\" \/>\n<meta property=\"og:title\" content=\"CREA EN MOVIMIENTO. LA PASAMOS DE LO MEJOR. - Crea Cantarrana\" \/>\n<meta property=\"og:description\" content=\"El pasado 16 de agosto realizamos nuestro crea en movimiento, estuvo super lindo, muchos grupos en tarima, muchos talleres, estuvieron los grandes, los chiquitos, los padres, las y los vecinos.\" \/>\n<meta property=\"og:url\" content=\"https:\/\/www.crea.gov.co\/crea-cantarrana\/crea-en-movimiento-la-pasamos-de-lo-mejor\/\" \/>\n<meta property=\"og:site_name\" content=\"Crea Cantarrana\" \/>\n<meta property=\"article:published_time\" content=\"2025-08-25T19:57:56+00:00\" \/>\n<meta property=\"article:modified_time\" content=\"2025-08-25T19:57:57+00:00\" \/>\n<meta property=\"og:image\" content=\"https:\/\/www.crea.gov.co\/crea-cantarrana\/wp-content\/uploads\/sites\/17\/2025\/08\/WhatsApp-Image-2025-08-25-at-2.28.52-PM.jpeg\" \/>\n\t<meta property=\"og:image:width\" content=\"1280\" \/>\n\t<meta property=\"og:image:height\" content=\"960\" \/>\n\t<meta property=\"og:image:type\" content=\"image\/jpeg\" \/>\n<meta name=\"author\" content=\"creacantarana\" \/>\n<meta name=\"twitter:card\" content=\"summary_large_image\" \/>\n<meta name=\"twitter:label1\" content=\"Escrito por\" \/>\n\t<meta name=\"twitter:data1\" content=\"creacantarana\" \/>\n\t<meta name=\"twitter:label2\" content=\"Tiempo de lectura\" \/>\n\t<meta name=\"twitter:data2\" content=\"2 minutos\" \/>\n<script type=\"application\/ld+json\" class=\"yoast-schema-graph\">{\"@context\":\"https:\/\/schema.org\",\"@graph\":[{\"@type\":\"WebPage\",\"@id\":\"https:\/\/www.crea.gov.co\/crea-cantarrana\/crea-en-movimiento-la-pasamos-de-lo-mejor\/\",\"url\":\"https:\/\/www.crea.gov.co\/crea-cantarrana\/crea-en-movimiento-la-pasamos-de-lo-mejor\/\",\"name\":\"CREA EN MOVIMIENTO. LA PASAMOS DE LO MEJOR. - Crea Cantarrana\",\"isPartOf\":{\"@id\":\"https:\/\/www.crea.gov.co\/crea-cantarrana\/#website\"},\"primaryImageOfPage\":{\"@id\":\"https:\/\/www.crea.gov.co\/crea-cantarrana\/crea-en-movimiento-la-pasamos-de-lo-mejor\/#primaryimage\"},\"image\":{\"@id\":\"https:\/\/www.crea.gov.co\/crea-cantarrana\/crea-en-movimiento-la-pasamos-de-lo-mejor\/#primaryimage\"},\"thumbnailUrl\":\"https:\/\/www.crea.gov.co\/crea-cantarrana\/wp-content\/uploads\/sites\/17\/2025\/08\/WhatsApp-Image-2025-08-25-at-2.28.52-PM.jpeg\",\"datePublished\":\"2025-08-25T19:57:56+00:00\",\"dateModified\":\"2025-08-25T19:57:57+00:00\",\"author\":{\"@id\":\"https:\/\/www.crea.gov.co\/crea-cantarrana\/#\/schema\/person\/a50641c9b38d7527e7825cff4287675c\"},\"breadcrumb\":{\"@id\":\"https:\/\/www.crea.gov.co\/crea-cantarrana\/crea-en-movimiento-la-pasamos-de-lo-mejor\/#breadcrumb\"},\"inLanguage\":\"es-CO\",\"potentialAction\":[{\"@type\":\"ReadAction\",\"target\":[\"https:\/\/www.crea.gov.co\/crea-cantarrana\/crea-en-movimiento-la-pasamos-de-lo-mejor\/\"]}]},{\"@type\":\"ImageObject\",\"inLanguage\":\"es-CO\",\"@id\":\"https:\/\/www.crea.gov.co\/crea-cantarrana\/crea-en-movimiento-la-pasamos-de-lo-mejor\/#primaryimage\",\"url\":\"https:\/\/www.crea.gov.co\/crea-cantarrana\/wp-content\/uploads\/sites\/17\/2025\/08\/WhatsApp-Image-2025-08-25-at-2.28.52-PM.jpeg\",\"contentUrl\":\"https:\/\/www.crea.gov.co\/crea-cantarrana\/wp-content\/uploads\/sites\/17\/2025\/08\/WhatsApp-Image-2025-08-25-at-2.28.52-PM.jpeg\",\"width\":1280,\"height\":960},{\"@type\":\"BreadcrumbList\",\"@id\":\"https:\/\/www.crea.gov.co\/crea-cantarrana\/crea-en-movimiento-la-pasamos-de-lo-mejor\/#breadcrumb\",\"itemListElement\":[{\"@type\":\"ListItem\",\"position\":1,\"name\":\"Home\",\"item\":\"https:\/\/www.crea.gov.co\/crea-cantarrana\/\"},{\"@type\":\"ListItem\",\"position\":2,\"name\":\"CREA EN MOVIMIENTO. LA PASAMOS DE LO MEJOR.\"}]},{\"@type\":\"WebSite\",\"@id\":\"https:\/\/www.crea.gov.co\/crea-cantarrana\/#website\",\"url\":\"https:\/\/www.crea.gov.co\/crea-cantarrana\/\",\"name\":\"Crea Cantarrana\",\"description\":\"En el sur de Bogot\u00e1, el campo y la ciudad dialogan. La tradici\u00f3n campesina y la creatividad urbana se encuentran bajo un domo que invita a ver el arte desde nuevas perspectivas. Es un espacio donde la comunidad transforma su d\u00eda a d\u00eda en historias, m\u00fasica y color, y donde la memoria rural se reinventa a cada paso.\",\"potentialAction\":[{\"@type\":\"SearchAction\",\"target\":{\"@type\":\"EntryPoint\",\"urlTemplate\":\"https:\/\/www.crea.gov.co\/crea-cantarrana\/?s={search_term_string}\"},\"query-input\":{\"@type\":\"PropertyValueSpecification\",\"valueRequired\":true,\"valueName\":\"search_term_string\"}}],\"inLanguage\":\"es-CO\"},{\"@type\":\"Person\",\"@id\":\"https:\/\/www.crea.gov.co\/crea-cantarrana\/#\/schema\/person\/a50641c9b38d7527e7825cff4287675c\",\"name\":\"creacantarana\",\"image\":{\"@type\":\"ImageObject\",\"inLanguage\":\"es-CO\",\"@id\":\"https:\/\/www.crea.gov.co\/crea-cantarrana\/#\/schema\/person\/image\/\",\"url\":\"https:\/\/secure.gravatar.com\/avatar\/e68993f8aa9720f886fee66f6e0798ba?s=96&d=mm&r=g\",\"contentUrl\":\"https:\/\/secure.gravatar.com\/avatar\/e68993f8aa9720f886fee66f6e0798ba?s=96&d=mm&r=g\",\"caption\":\"creacantarana\"},\"url\":\"https:\/\/www.crea.gov.co\/crea-cantarrana\/author\/creacantarana\/\"}]}<\/script>\n<!-- \/ Yoast SEO plugin. -->","yoast_head_json":{"title":"CREA EN MOVIMIENTO. LA PASAMOS DE LO MEJOR. - Crea Cantarrana","robots":{"index":"index","follow":"follow","max-snippet":"max-snippet:-1","max-image-preview":"max-image-preview:large","max-video-preview":"max-video-preview:-1"},"canonical":"https:\/\/www.crea.gov.co\/crea-cantarrana\/crea-en-movimiento-la-pasamos-de-lo-mejor\/","og_locale":"es_ES","og_type":"article","og_title":"CREA EN MOVIMIENTO. LA PASAMOS DE LO MEJOR. - Crea Cantarrana","og_description":"El pasado 16 de agosto realizamos nuestro crea en movimiento, estuvo super lindo, muchos grupos en tarima, muchos talleres, estuvieron los grandes, los chiquitos, los padres, las y los vecinos.","og_url":"https:\/\/www.crea.gov.co\/crea-cantarrana\/crea-en-movimiento-la-pasamos-de-lo-mejor\/","og_site_name":"Crea Cantarrana","article_published_time":"2025-08-25T19:57:56+00:00","article_modified_time":"2025-08-25T19:57:57+00:00","og_image":[{"width":1280,"height":960,"url":"https:\/\/www.crea.gov.co\/crea-cantarrana\/wp-content\/uploads\/sites\/17\/2025\/08\/WhatsApp-Image-2025-08-25-at-2.28.52-PM.jpeg","type":"image\/jpeg"}],"author":"creacantarana","twitter_card":"summary_large_image","twitter_misc":{"Escrito por":"creacantarana","Tiempo de lectura":"2 minutos"},"schema":{"@context":"https:\/\/schema.org","@graph":[{"@type":"WebPage","@id":"https:\/\/www.crea.gov.co\/crea-cantarrana\/crea-en-movimiento-la-pasamos-de-lo-mejor\/","url":"https:\/\/www.crea.gov.co\/crea-cantarrana\/crea-en-movimiento-la-pasamos-de-lo-mejor\/","name":"CREA EN MOVIMIENTO. LA PASAMOS DE LO MEJOR. - Crea Cantarrana","isPartOf":{"@id":"https:\/\/www.crea.gov.co\/crea-cantarrana\/#website"},"primaryImageOfPage":{"@id":"https:\/\/www.crea.gov.co\/crea-cantarrana\/crea-en-movimiento-la-pasamos-de-lo-mejor\/#primaryimage"},"image":{"@id":"https:\/\/www.crea.gov.co\/crea-cantarrana\/crea-en-movimiento-la-pasamos-de-lo-mejor\/#primaryimage"},"thumbnailUrl":"https:\/\/www.crea.gov.co\/crea-cantarrana\/wp-content\/uploads\/sites\/17\/2025\/08\/WhatsApp-Image-2025-08-25-at-2.28.52-PM.jpeg","datePublished":"2025-08-25T19:57:56+00:00","dateModified":"2025-08-25T19:57:57+00:00","author":{"@id":"https:\/\/www.crea.gov.co\/crea-cantarrana\/#\/schema\/person\/a50641c9b38d7527e7825cff4287675c"},"breadcrumb":{"@id":"https:\/\/www.crea.gov.co\/crea-cantarrana\/crea-en-movimiento-la-pasamos-de-lo-mejor\/#breadcrumb"},"inLanguage":"es-CO","potentialAction":[{"@type":"ReadAction","target":["https:\/\/www.crea.gov.co\/crea-cantarrana\/crea-en-movimiento-la-pasamos-de-lo-mejor\/"]}]},{"@type":"ImageObject","inLanguage":"es-CO","@id":"https:\/\/www.crea.gov.co\/crea-cantarrana\/crea-en-movimiento-la-pasamos-de-lo-mejor\/#primaryimage","url":"https:\/\/www.crea.gov.co\/crea-cantarrana\/wp-content\/uploads\/sites\/17\/2025\/08\/WhatsApp-Image-2025-08-25-at-2.28.52-PM.jpeg","contentUrl":"https:\/\/www.crea.gov.co\/crea-cantarrana\/wp-content\/uploads\/sites\/17\/2025\/08\/WhatsApp-Image-2025-08-25-at-2.28.52-PM.jpeg","width":1280,"height":960},{"@type":"BreadcrumbList","@id":"https:\/\/www.crea.gov.co\/crea-cantarrana\/crea-en-movimiento-la-pasamos-de-lo-mejor\/#breadcrumb","itemListElement":[{"@type":"ListItem","position":1,"name":"Home","item":"https:\/\/www.crea.gov.co\/crea-cantarrana\/"},{"@type":"ListItem","position":2,"name":"CREA EN MOVIMIENTO. LA PASAMOS DE LO MEJOR."}]},{"@type":"WebSite","@id":"https:\/\/www.crea.gov.co\/crea-cantarrana\/#website","url":"https:\/\/www.crea.gov.co\/crea-cantarrana\/","name":"Crea Cantarrana","description":"En el sur de Bogot\u00e1, el campo y la ciudad dialogan. La tradici\u00f3n campesina y la creatividad urbana se encuentran bajo un domo que invita a ver el arte desde nuevas perspectivas. Es un espacio donde la comunidad transforma su d\u00eda a d\u00eda en historias, m\u00fasica y color, y donde la memoria rural se reinventa a cada paso.","potentialAction":[{"@type":"SearchAction","target":{"@type":"EntryPoint","urlTemplate":"https:\/\/www.crea.gov.co\/crea-cantarrana\/?s={search_term_string}"},"query-input":{"@type":"PropertyValueSpecification","valueRequired":true,"valueName":"search_term_string"}}],"inLanguage":"es-CO"},{"@type":"Person","@id":"https:\/\/www.crea.gov.co\/crea-cantarrana\/#\/schema\/person\/a50641c9b38d7527e7825cff4287675c","name":"creacantarana","image":{"@type":"ImageObject","inLanguage":"es-CO","@id":"https:\/\/www.crea.gov.co\/crea-cantarrana\/#\/schema\/person\/image\/","url":"https:\/\/secure.gravatar.com\/avatar\/e68993f8aa9720f886fee66f6e0798ba?s=96&d=mm&r=g","contentUrl":"https:\/\/secure.gravatar.com\/avatar\/e68993f8aa9720f886fee66f6e0798ba?s=96&d=mm&r=g","caption":"creacantarana"},"url":"https:\/\/www.crea.gov.co\/crea-cantarrana\/author\/creacantarana\/"}]}},"_links":{"self":[{"href":"https:\/\/www.crea.gov.co\/crea-cantarrana\/wp-json\/wp\/v2\/posts\/1341","targetHints":{"allow":["GET"]}}],"collection":[{"href":"https:\/\/www.crea.gov.co\/crea-cantarrana\/wp-json\/wp\/v2\/posts"}],"about":[{"href":"https:\/\/www.crea.gov.co\/crea-cantarrana\/wp-json\/wp\/v2\/types\/post"}],"author":[{"embeddable":true,"href":"https:\/\/www.crea.gov.co\/crea-cantarrana\/wp-json\/wp\/v2\/users\/99"}],"replies":[{"embeddable":true,"href":"https:\/\/www.crea.gov.co\/crea-cantarrana\/wp-json\/wp\/v2\/comments?post=1341"}],"version-history":[{"count":3,"href":"https:\/\/www.crea.gov.co\/crea-cantarrana\/wp-json\/wp\/v2\/posts\/1341\/revisions"}],"predecessor-version":[{"id":1353,"href":"https:\/\/www.crea.gov.co\/crea-cantarrana\/wp-json\/wp\/v2\/posts\/1341\/revisions\/1353"}],"wp:featuredmedia":[{"embeddable":true,"href":"https:\/\/www.crea.gov.co\/crea-cantarrana\/wp-json\/wp\/v2\/media\/1350"}],"wp:attachment":[{"href":"https:\/\/www.crea.gov.co\/crea-cantarrana\/wp-json\/wp\/v2\/media?parent=1341"}],"wp:term":[{"taxonomy":"category","embeddable":true,"href":"https:\/\/www.crea.gov.co\/crea-cantarrana\/wp-json\/wp\/v2\/categories?post=1341"},{"taxonomy":"post_tag","embeddable":true,"href":"https:\/\/www.crea.gov.co\/crea-cantarrana\/wp-json\/wp\/v2\/tags?post=1341"}],"curies":[{"name":"wp","href":"https:\/\/api.w.org\/{rel}","templated":true}]}}