{"id":134,"date":"2022-03-15T01:30:38","date_gmt":"2022-03-15T01:30:38","guid":{"rendered":"https:\/\/www.crea.gov.co\/crea-cantarrana\/?post_type=news&#038;p=134"},"modified":"2022-03-15T15:26:46","modified_gmt":"2022-03-15T15:26:46","slug":"te-gustan-las-artes-escenicas","status":"publish","type":"post","link":"https:\/\/www.crea.gov.co\/crea-cantarrana\/te-gustan-las-artes-escenicas\/","title":{"rendered":"\u00bfTe gustan las artes esc\u00e9nicas?"},"content":{"rendered":"\n<p>Taller de teatro hecho para ti&#8230;<\/p>\n\n\n\n<figure class=\"wp-block-image size-large is-resized\"><img loading=\"lazy\" decoding=\"async\" src=\"https:\/\/www.crea.gov.co\/crea-cantarrana\/wp-content\/uploads\/sites\/17\/2022\/03\/Captura-2.png\" alt=\"\" class=\"wp-image-141\" width=\"838\" height=\"1182\" srcset=\"https:\/\/www.crea.gov.co\/crea-cantarrana\/wp-content\/uploads\/sites\/17\/2022\/03\/Captura-2.png 487w, https:\/\/www.crea.gov.co\/crea-cantarrana\/wp-content\/uploads\/sites\/17\/2022\/03\/Captura-2-213x300.png 213w\" sizes=\"auto, (max-width: 838px) 100vw, 838px\" \/><\/figure>\n\n\n\n<p>&#8220;HYDRA&#8221; Es un espacio de creaci\u00f3n, est\u00e1 conformado por J\u00f3venes apasionados por las Artes Esc\u00e9nicas que llevan trabajando varios a\u00f1os en el Crea Cantarrana de la mano de excelentes artistas formadores, lo que ha permitido su participaci\u00f3n y reconocimiento en varios festivales de Teatro. Para este a\u00f1o regresamos nuevamente a la presencialidad con propuestas esc\u00e9nicas que intenten renovar los lenguajes tradicionales y nos permita desde la interdisciplinariedad encontrar elementos est\u00e9ticos para enrriquecer la puesta en escena. Invitamos a la comunidad de Usme con conocimientos b\u00e1sicos en Teatro, Danza, Artes Pl\u00e1sticas y M\u00fasica para que se vinculen a esta experiencia art\u00edstica y podamos potenciar sus habilidades creativas, expresivas, corporales, est\u00e9ticas y r\u00edtmicas. Durante esta experiencia crearemos una puesta en escena que se presentar\u00e1 al final del proceso.<\/p>\n\n\n\n<p>Para mayor informaci\u00f3n<\/p>\n\n\n\n<p>\ud83d\udc49 Puedes dirigirte al \ud83d\udccd<a href=\"https:\/\/goo.gl\/maps\/stMPDFxwGMGRKkfT8\" data-type=\"URL\" data-id=\"https:\/\/goo.gl\/maps\/stMPDFxwGMGRKkfT8\">Crea Cantarrana<\/a>\ud83d\udccd de lunes a viernes de 7:00 Am a 5:00 Pm y los s\u00e1bados de 8:Am a 12:00 Pm <\/p>\n\n\n\n<p> \ud83d\udc49 Consultar nuestra <a href=\"https:\/\/sif.idartes.gov.co\/sif\/framework\/crea\/territorial\/oferta\/oferta-disponible\" data-type=\"URL\" data-id=\"https:\/\/sif.idartes.gov.co\/sif\/framework\/crea\/territorial\/oferta\/oferta-disponible\">oferta disponible <\/a><\/p>\n\n\n\n<p>\ud83d\udc49Contactarnos a 3795750 Ext: 5287 y 5288 <\/p>\n\n\n\n<p>\ud83d\udc49Escribirnos al <a href=\"https:\/\/api.whatsapp.com\/send?phone=573134084696&amp;text=&amp;source=&amp;data=&amp;app_absent=\" data-type=\"URL\" data-id=\"https:\/\/api.whatsapp.com\/send?phone=573134084696&amp;text=&amp;source=&amp;data=&amp;app_absent=\">Whats App 3134084696<\/a><\/p>\n\n\n\n<p>\ud83d\udc49 crea.cantarana@idartes.gov.co<\/p>\n","protected":false},"excerpt":{"rendered":"<p>Taller de teatro hecho para ti&#8230; &#8220;HYDRA&#8221; Es un espacio de creaci\u00f3n, est\u00e1 conformado por J\u00f3venes apasionados por las Artes Esc\u00e9nicas que llevan trabajando varios a\u00f1os en el Crea Cantarrana de la mano de excelentes artistas formadores, lo que ha permitido su participaci\u00f3n y reconocimiento en varios festivales de Teatro. Para este a\u00f1o regresamos nuevamente [&hellip;]<\/p>\n","protected":false},"author":52,"featured_media":135,"comment_status":"open","ping_status":"closed","sticky":false,"template":"","format":"standard","meta":{"footnotes":""},"categories":[],"tags":[],"class_list":["post-134","post","type-post","status-publish","format-standard","has-post-thumbnail","hentry"],"yoast_head":"<!-- This site is optimized with the Yoast SEO plugin v24.5 - https:\/\/yoast.com\/wordpress\/plugins\/seo\/ -->\n<title>\u00bfTe gustan las artes esc\u00e9nicas? - Crea Cantarrana<\/title>\n<meta name=\"robots\" content=\"index, follow, max-snippet:-1, max-image-preview:large, max-video-preview:-1\" \/>\n<link rel=\"canonical\" href=\"https:\/\/www.crea.gov.co\/crea-cantarrana\/te-gustan-las-artes-escenicas\/\" \/>\n<meta property=\"og:locale\" content=\"es_ES\" \/>\n<meta property=\"og:type\" content=\"article\" \/>\n<meta property=\"og:title\" content=\"\u00bfTe gustan las artes esc\u00e9nicas? - Crea Cantarrana\" \/>\n<meta property=\"og:description\" content=\"Taller de teatro hecho para ti&#8230; &#8220;HYDRA&#8221; Es un espacio de creaci\u00f3n, est\u00e1 conformado por J\u00f3venes apasionados por las Artes Esc\u00e9nicas que llevan trabajando varios a\u00f1os en el Crea Cantarrana de la mano de excelentes artistas formadores, lo que ha permitido su participaci\u00f3n y reconocimiento en varios festivales de Teatro. Para este a\u00f1o regresamos nuevamente [&hellip;]\" \/>\n<meta property=\"og:url\" content=\"https:\/\/www.crea.gov.co\/crea-cantarrana\/te-gustan-las-artes-escenicas\/\" \/>\n<meta property=\"og:site_name\" content=\"Crea Cantarrana\" \/>\n<meta property=\"article:published_time\" content=\"2022-03-15T01:30:38+00:00\" \/>\n<meta property=\"article:modified_time\" content=\"2022-03-15T15:26:46+00:00\" \/>\n<meta property=\"og:image\" content=\"https:\/\/www.crea.gov.co\/crea-cantarrana\/wp-content\/uploads\/sites\/17\/2022\/03\/WhatsApp-Image-2022-03-14-at-7.45.35-PM.jpeg\" \/>\n\t<meta property=\"og:image:width\" content=\"1122\" \/>\n\t<meta property=\"og:image:height\" content=\"793\" \/>\n\t<meta property=\"og:image:type\" content=\"image\/jpeg\" \/>\n<meta name=\"author\" content=\"andreabuitrago\" \/>\n<meta name=\"twitter:card\" content=\"summary_large_image\" \/>\n<meta name=\"twitter:label1\" content=\"Escrito por\" \/>\n\t<meta name=\"twitter:data1\" content=\"andreabuitrago\" \/>\n\t<meta name=\"twitter:label2\" content=\"Tiempo de lectura\" \/>\n\t<meta name=\"twitter:data2\" content=\"1 minuto\" \/>\n<script type=\"application\/ld+json\" class=\"yoast-schema-graph\">{\"@context\":\"https:\/\/schema.org\",\"@graph\":[{\"@type\":\"WebPage\",\"@id\":\"https:\/\/www.crea.gov.co\/crea-cantarrana\/te-gustan-las-artes-escenicas\/\",\"url\":\"https:\/\/www.crea.gov.co\/crea-cantarrana\/te-gustan-las-artes-escenicas\/\",\"name\":\"\u00bfTe gustan las artes esc\u00e9nicas? - Crea Cantarrana\",\"isPartOf\":{\"@id\":\"https:\/\/www.crea.gov.co\/crea-cantarrana\/#website\"},\"primaryImageOfPage\":{\"@id\":\"https:\/\/www.crea.gov.co\/crea-cantarrana\/te-gustan-las-artes-escenicas\/#primaryimage\"},\"image\":{\"@id\":\"https:\/\/www.crea.gov.co\/crea-cantarrana\/te-gustan-las-artes-escenicas\/#primaryimage\"},\"thumbnailUrl\":\"https:\/\/www.crea.gov.co\/crea-cantarrana\/wp-content\/uploads\/sites\/17\/2022\/03\/WhatsApp-Image-2022-03-14-at-7.45.35-PM.jpeg\",\"datePublished\":\"2022-03-15T01:30:38+00:00\",\"dateModified\":\"2022-03-15T15:26:46+00:00\",\"author\":{\"@id\":\"https:\/\/www.crea.gov.co\/crea-cantarrana\/#\/schema\/person\/cd88a2bb5a059a97b34a2c9b19a9ec08\"},\"breadcrumb\":{\"@id\":\"https:\/\/www.crea.gov.co\/crea-cantarrana\/te-gustan-las-artes-escenicas\/#breadcrumb\"},\"inLanguage\":\"es-CO\",\"potentialAction\":[{\"@type\":\"ReadAction\",\"target\":[\"https:\/\/www.crea.gov.co\/crea-cantarrana\/te-gustan-las-artes-escenicas\/\"]}]},{\"@type\":\"ImageObject\",\"inLanguage\":\"es-CO\",\"@id\":\"https:\/\/www.crea.gov.co\/crea-cantarrana\/te-gustan-las-artes-escenicas\/#primaryimage\",\"url\":\"https:\/\/www.crea.gov.co\/crea-cantarrana\/wp-content\/uploads\/sites\/17\/2022\/03\/WhatsApp-Image-2022-03-14-at-7.45.35-PM.jpeg\",\"contentUrl\":\"https:\/\/www.crea.gov.co\/crea-cantarrana\/wp-content\/uploads\/sites\/17\/2022\/03\/WhatsApp-Image-2022-03-14-at-7.45.35-PM.jpeg\",\"width\":1122,\"height\":793},{\"@type\":\"BreadcrumbList\",\"@id\":\"https:\/\/www.crea.gov.co\/crea-cantarrana\/te-gustan-las-artes-escenicas\/#breadcrumb\",\"itemListElement\":[{\"@type\":\"ListItem\",\"position\":1,\"name\":\"Home\",\"item\":\"https:\/\/www.crea.gov.co\/crea-cantarrana\/\"},{\"@type\":\"ListItem\",\"position\":2,\"name\":\"\u00bfTe gustan las artes esc\u00e9nicas?\"}]},{\"@type\":\"WebSite\",\"@id\":\"https:\/\/www.crea.gov.co\/crea-cantarrana\/#website\",\"url\":\"https:\/\/www.crea.gov.co\/crea-cantarrana\/\",\"name\":\"Crea Cantarrana\",\"description\":\"En el sur de Bogot\u00e1, el campo y la ciudad dialogan. La tradici\u00f3n campesina y la creatividad urbana se encuentran bajo un domo que invita a ver el arte desde nuevas perspectivas. Es un espacio donde la comunidad transforma su d\u00eda a d\u00eda en historias, m\u00fasica y color, y donde la memoria rural se reinventa a cada paso.\",\"potentialAction\":[{\"@type\":\"SearchAction\",\"target\":{\"@type\":\"EntryPoint\",\"urlTemplate\":\"https:\/\/www.crea.gov.co\/crea-cantarrana\/?s={search_term_string}\"},\"query-input\":{\"@type\":\"PropertyValueSpecification\",\"valueRequired\":true,\"valueName\":\"search_term_string\"}}],\"inLanguage\":\"es-CO\"},{\"@type\":\"Person\",\"@id\":\"https:\/\/www.crea.gov.co\/crea-cantarrana\/#\/schema\/person\/cd88a2bb5a059a97b34a2c9b19a9ec08\",\"name\":\"andreabuitrago\",\"image\":{\"@type\":\"ImageObject\",\"inLanguage\":\"es-CO\",\"@id\":\"https:\/\/www.crea.gov.co\/crea-cantarrana\/#\/schema\/person\/image\/\",\"url\":\"https:\/\/secure.gravatar.com\/avatar\/e6b54eb2c91227e6015338d3251762db?s=96&d=mm&r=g\",\"contentUrl\":\"https:\/\/secure.gravatar.com\/avatar\/e6b54eb2c91227e6015338d3251762db?s=96&d=mm&r=g\",\"caption\":\"andreabuitrago\"},\"url\":\"https:\/\/www.crea.gov.co\/crea-cantarrana\/author\/andreabuitrago\/\"}]}<\/script>\n<!-- \/ Yoast SEO plugin. -->","yoast_head_json":{"title":"\u00bfTe gustan las artes esc\u00e9nicas? - Crea Cantarrana","robots":{"index":"index","follow":"follow","max-snippet":"max-snippet:-1","max-image-preview":"max-image-preview:large","max-video-preview":"max-video-preview:-1"},"canonical":"https:\/\/www.crea.gov.co\/crea-cantarrana\/te-gustan-las-artes-escenicas\/","og_locale":"es_ES","og_type":"article","og_title":"\u00bfTe gustan las artes esc\u00e9nicas? - Crea Cantarrana","og_description":"Taller de teatro hecho para ti&#8230; &#8220;HYDRA&#8221; Es un espacio de creaci\u00f3n, est\u00e1 conformado por J\u00f3venes apasionados por las Artes Esc\u00e9nicas que llevan trabajando varios a\u00f1os en el Crea Cantarrana de la mano de excelentes artistas formadores, lo que ha permitido su participaci\u00f3n y reconocimiento en varios festivales de Teatro. Para este a\u00f1o regresamos nuevamente [&hellip;]","og_url":"https:\/\/www.crea.gov.co\/crea-cantarrana\/te-gustan-las-artes-escenicas\/","og_site_name":"Crea Cantarrana","article_published_time":"2022-03-15T01:30:38+00:00","article_modified_time":"2022-03-15T15:26:46+00:00","og_image":[{"width":1122,"height":793,"url":"https:\/\/www.crea.gov.co\/crea-cantarrana\/wp-content\/uploads\/sites\/17\/2022\/03\/WhatsApp-Image-2022-03-14-at-7.45.35-PM.jpeg","type":"image\/jpeg"}],"author":"andreabuitrago","twitter_card":"summary_large_image","twitter_misc":{"Escrito por":"andreabuitrago","Tiempo de lectura":"1 minuto"},"schema":{"@context":"https:\/\/schema.org","@graph":[{"@type":"WebPage","@id":"https:\/\/www.crea.gov.co\/crea-cantarrana\/te-gustan-las-artes-escenicas\/","url":"https:\/\/www.crea.gov.co\/crea-cantarrana\/te-gustan-las-artes-escenicas\/","name":"\u00bfTe gustan las artes esc\u00e9nicas? - Crea Cantarrana","isPartOf":{"@id":"https:\/\/www.crea.gov.co\/crea-cantarrana\/#website"},"primaryImageOfPage":{"@id":"https:\/\/www.crea.gov.co\/crea-cantarrana\/te-gustan-las-artes-escenicas\/#primaryimage"},"image":{"@id":"https:\/\/www.crea.gov.co\/crea-cantarrana\/te-gustan-las-artes-escenicas\/#primaryimage"},"thumbnailUrl":"https:\/\/www.crea.gov.co\/crea-cantarrana\/wp-content\/uploads\/sites\/17\/2022\/03\/WhatsApp-Image-2022-03-14-at-7.45.35-PM.jpeg","datePublished":"2022-03-15T01:30:38+00:00","dateModified":"2022-03-15T15:26:46+00:00","author":{"@id":"https:\/\/www.crea.gov.co\/crea-cantarrana\/#\/schema\/person\/cd88a2bb5a059a97b34a2c9b19a9ec08"},"breadcrumb":{"@id":"https:\/\/www.crea.gov.co\/crea-cantarrana\/te-gustan-las-artes-escenicas\/#breadcrumb"},"inLanguage":"es-CO","potentialAction":[{"@type":"ReadAction","target":["https:\/\/www.crea.gov.co\/crea-cantarrana\/te-gustan-las-artes-escenicas\/"]}]},{"@type":"ImageObject","inLanguage":"es-CO","@id":"https:\/\/www.crea.gov.co\/crea-cantarrana\/te-gustan-las-artes-escenicas\/#primaryimage","url":"https:\/\/www.crea.gov.co\/crea-cantarrana\/wp-content\/uploads\/sites\/17\/2022\/03\/WhatsApp-Image-2022-03-14-at-7.45.35-PM.jpeg","contentUrl":"https:\/\/www.crea.gov.co\/crea-cantarrana\/wp-content\/uploads\/sites\/17\/2022\/03\/WhatsApp-Image-2022-03-14-at-7.45.35-PM.jpeg","width":1122,"height":793},{"@type":"BreadcrumbList","@id":"https:\/\/www.crea.gov.co\/crea-cantarrana\/te-gustan-las-artes-escenicas\/#breadcrumb","itemListElement":[{"@type":"ListItem","position":1,"name":"Home","item":"https:\/\/www.crea.gov.co\/crea-cantarrana\/"},{"@type":"ListItem","position":2,"name":"\u00bfTe gustan las artes esc\u00e9nicas?"}]},{"@type":"WebSite","@id":"https:\/\/www.crea.gov.co\/crea-cantarrana\/#website","url":"https:\/\/www.crea.gov.co\/crea-cantarrana\/","name":"Crea Cantarrana","description":"En el sur de Bogot\u00e1, el campo y la ciudad dialogan. La tradici\u00f3n campesina y la creatividad urbana se encuentran bajo un domo que invita a ver el arte desde nuevas perspectivas. Es un espacio donde la comunidad transforma su d\u00eda a d\u00eda en historias, m\u00fasica y color, y donde la memoria rural se reinventa a cada paso.","potentialAction":[{"@type":"SearchAction","target":{"@type":"EntryPoint","urlTemplate":"https:\/\/www.crea.gov.co\/crea-cantarrana\/?s={search_term_string}"},"query-input":{"@type":"PropertyValueSpecification","valueRequired":true,"valueName":"search_term_string"}}],"inLanguage":"es-CO"},{"@type":"Person","@id":"https:\/\/www.crea.gov.co\/crea-cantarrana\/#\/schema\/person\/cd88a2bb5a059a97b34a2c9b19a9ec08","name":"andreabuitrago","image":{"@type":"ImageObject","inLanguage":"es-CO","@id":"https:\/\/www.crea.gov.co\/crea-cantarrana\/#\/schema\/person\/image\/","url":"https:\/\/secure.gravatar.com\/avatar\/e6b54eb2c91227e6015338d3251762db?s=96&d=mm&r=g","contentUrl":"https:\/\/secure.gravatar.com\/avatar\/e6b54eb2c91227e6015338d3251762db?s=96&d=mm&r=g","caption":"andreabuitrago"},"url":"https:\/\/www.crea.gov.co\/crea-cantarrana\/author\/andreabuitrago\/"}]}},"_links":{"self":[{"href":"https:\/\/www.crea.gov.co\/crea-cantarrana\/wp-json\/wp\/v2\/posts\/134","targetHints":{"allow":["GET"]}}],"collection":[{"href":"https:\/\/www.crea.gov.co\/crea-cantarrana\/wp-json\/wp\/v2\/posts"}],"about":[{"href":"https:\/\/www.crea.gov.co\/crea-cantarrana\/wp-json\/wp\/v2\/types\/post"}],"author":[{"embeddable":true,"href":"https:\/\/www.crea.gov.co\/crea-cantarrana\/wp-json\/wp\/v2\/users\/52"}],"replies":[{"embeddable":true,"href":"https:\/\/www.crea.gov.co\/crea-cantarrana\/wp-json\/wp\/v2\/comments?post=134"}],"version-history":[{"count":0,"href":"https:\/\/www.crea.gov.co\/crea-cantarrana\/wp-json\/wp\/v2\/posts\/134\/revisions"}],"wp:featuredmedia":[{"embeddable":true,"href":"https:\/\/www.crea.gov.co\/crea-cantarrana\/wp-json\/wp\/v2\/media\/135"}],"wp:attachment":[{"href":"https:\/\/www.crea.gov.co\/crea-cantarrana\/wp-json\/wp\/v2\/media?parent=134"}],"wp:term":[{"taxonomy":"category","embeddable":true,"href":"https:\/\/www.crea.gov.co\/crea-cantarrana\/wp-json\/wp\/v2\/categories?post=134"},{"taxonomy":"post_tag","embeddable":true,"href":"https:\/\/www.crea.gov.co\/crea-cantarrana\/wp-json\/wp\/v2\/tags?post=134"}],"curies":[{"name":"wp","href":"https:\/\/api.w.org\/{rel}","templated":true}]}}