{"id":120,"date":"2022-03-10T23:01:49","date_gmt":"2022-03-10T23:01:49","guid":{"rendered":"https:\/\/www.crea.gov.co\/crea-cantarrana\/?post_type=news&#038;p=120"},"modified":"2022-03-10T23:03:25","modified_gmt":"2022-03-10T23:03:25","slug":"estamos-preparados-para-el-reencuentro","status":"publish","type":"post","link":"https:\/\/www.crea.gov.co\/crea-cantarrana\/estamos-preparados-para-el-reencuentro\/","title":{"rendered":"Estamos preparados para el reencuentro"},"content":{"rendered":"\n<p><strong>Crea Cantarrana es tu hogar <\/strong><\/p>\n\n\n\n<figure class=\"wp-block-image size-large\"><img loading=\"lazy\" decoding=\"async\" width=\"723\" height=\"1024\" src=\"https:\/\/www.crea.gov.co\/crea-cantarrana\/wp-content\/uploads\/sites\/17\/2022\/03\/WhatsApp-Image-2022-03-10-at-4.29.59-PM-1-723x1024.jpeg\" alt=\"\" class=\"wp-image-121\" srcset=\"https:\/\/www.crea.gov.co\/crea-cantarrana\/wp-content\/uploads\/sites\/17\/2022\/03\/WhatsApp-Image-2022-03-10-at-4.29.59-PM-1-723x1024.jpeg 723w, https:\/\/www.crea.gov.co\/crea-cantarrana\/wp-content\/uploads\/sites\/17\/2022\/03\/WhatsApp-Image-2022-03-10-at-4.29.59-PM-1-212x300.jpeg 212w, https:\/\/www.crea.gov.co\/crea-cantarrana\/wp-content\/uploads\/sites\/17\/2022\/03\/WhatsApp-Image-2022-03-10-at-4.29.59-PM-1-768x1087.jpeg 768w, https:\/\/www.crea.gov.co\/crea-cantarrana\/wp-content\/uploads\/sites\/17\/2022\/03\/WhatsApp-Image-2022-03-10-at-4.29.59-PM-1.jpeg 904w\" sizes=\"auto, (max-width: 723px) 100vw, 723px\" \/><\/figure>\n\n\n\n<p>luego de dos a\u00f1os de grandes retos y de aprendizajes que trajo con sigo las nuevas din\u00e1micas sociales,&nbsp;Crea sigue presente el las localidades ofertando una amplia oferta cultural para la ciudadan\u00eda. En esta ocasi\u00f3n, bajo las medidas sanitarias necesarias para garantizar una atenci\u00f3n segura, es la oportunidad de volver a encontrarnos. Si eres persona adulta y quieres hacer parte de nuestro colectivo de danza, no dudes en participar. <\/p>\n\n\n\n<p>\u00a1Recuerda que nuestros talleres son totalmente gratuitos!<\/p>\n\n\n\n<p>\ud83d\udc49 Puedes dirigirte al \ud83d\udccd<a href=\"https:\/\/goo.gl\/maps\/stMPDFxwGMGRKkfT8\" data-type=\"URL\" data-id=\"https:\/\/goo.gl\/maps\/stMPDFxwGMGRKkfT8\">Crea Cantarrana<\/a>\ud83d\udccd de lunes a viernes de 7:00 Am a 5:00 Pm y los s\u00e1bados de 8:Am a 12:00 Pm <\/p>\n\n\n\n<p> \ud83d\udc49 Consultar nuestra <a href=\"https:\/\/sif.idartes.gov.co\/sif\/framework\/crea\/territorial\/oferta\/oferta-disponible\" data-type=\"URL\" data-id=\"https:\/\/sif.idartes.gov.co\/sif\/framework\/crea\/territorial\/oferta\/oferta-disponible\">oferta disponible <\/a><\/p>\n\n\n\n<p>\ud83d\udc49Contactarnos a 3795750 Ext: 5287 y 5288 <\/p>\n\n\n\n<p>\ud83d\udc49Escribirnos al <a href=\"https:\/\/api.whatsapp.com\/send?phone=573134084696&amp;text=&amp;source=&amp;data=&amp;app_absent=\" data-type=\"URL\" data-id=\"https:\/\/api.whatsapp.com\/send?phone=573134084696&amp;text=&amp;source=&amp;data=&amp;app_absent=\">Whats App 3134084696<\/a><\/p>\n\n\n\n<p>\ud83d\udc49 crea.cantarana@idartes.gov.co<\/p>\n","protected":false},"excerpt":{"rendered":"<p>Crea Cantarrana es tu hogar luego de dos a\u00f1os de grandes retos y de aprendizajes que trajo con sigo las nuevas din\u00e1micas sociales,&nbsp;Crea sigue presente el las localidades ofertando una amplia oferta cultural para la ciudadan\u00eda. En esta ocasi\u00f3n, bajo las medidas sanitarias necesarias para garantizar una atenci\u00f3n segura, es la oportunidad de volver a [&hellip;]<\/p>\n","protected":false},"author":52,"featured_media":121,"comment_status":"open","ping_status":"closed","sticky":false,"template":"","format":"standard","meta":{"footnotes":""},"categories":[],"tags":[],"class_list":["post-120","post","type-post","status-publish","format-standard","has-post-thumbnail","hentry"],"yoast_head":"<!-- This site is optimized with the Yoast SEO plugin v24.5 - https:\/\/yoast.com\/wordpress\/plugins\/seo\/ -->\n<title>Estamos preparados para el reencuentro - Crea Cantarrana<\/title>\n<meta name=\"robots\" content=\"index, follow, max-snippet:-1, max-image-preview:large, max-video-preview:-1\" \/>\n<link rel=\"canonical\" href=\"https:\/\/www.crea.gov.co\/crea-cantarrana\/estamos-preparados-para-el-reencuentro\/\" \/>\n<meta property=\"og:locale\" content=\"es_ES\" \/>\n<meta property=\"og:type\" content=\"article\" \/>\n<meta property=\"og:title\" content=\"Estamos preparados para el reencuentro - Crea Cantarrana\" \/>\n<meta property=\"og:description\" content=\"Crea Cantarrana es tu hogar luego de dos a\u00f1os de grandes retos y de aprendizajes que trajo con sigo las nuevas din\u00e1micas sociales,&nbsp;Crea sigue presente el las localidades ofertando una amplia oferta cultural para la ciudadan\u00eda. En esta ocasi\u00f3n, bajo las medidas sanitarias necesarias para garantizar una atenci\u00f3n segura, es la oportunidad de volver a [&hellip;]\" \/>\n<meta property=\"og:url\" content=\"https:\/\/www.crea.gov.co\/crea-cantarrana\/estamos-preparados-para-el-reencuentro\/\" \/>\n<meta property=\"og:site_name\" content=\"Crea Cantarrana\" \/>\n<meta property=\"article:published_time\" content=\"2022-03-10T23:01:49+00:00\" \/>\n<meta property=\"article:modified_time\" content=\"2022-03-10T23:03:25+00:00\" \/>\n<meta property=\"og:image\" content=\"https:\/\/www.crea.gov.co\/crea-cantarrana\/wp-content\/uploads\/sites\/17\/2022\/03\/WhatsApp-Image-2022-03-10-at-4.29.59-PM-1.jpeg\" \/>\n\t<meta property=\"og:image:width\" content=\"904\" \/>\n\t<meta property=\"og:image:height\" content=\"1280\" \/>\n\t<meta property=\"og:image:type\" content=\"image\/jpeg\" \/>\n<meta name=\"author\" content=\"andreabuitrago\" \/>\n<meta name=\"twitter:card\" content=\"summary_large_image\" \/>\n<meta name=\"twitter:label1\" content=\"Escrito por\" \/>\n\t<meta name=\"twitter:data1\" content=\"andreabuitrago\" \/>\n\t<meta name=\"twitter:label2\" content=\"Tiempo de lectura\" \/>\n\t<meta name=\"twitter:data2\" content=\"1 minuto\" \/>\n<script type=\"application\/ld+json\" class=\"yoast-schema-graph\">{\"@context\":\"https:\/\/schema.org\",\"@graph\":[{\"@type\":\"WebPage\",\"@id\":\"https:\/\/www.crea.gov.co\/crea-cantarrana\/estamos-preparados-para-el-reencuentro\/\",\"url\":\"https:\/\/www.crea.gov.co\/crea-cantarrana\/estamos-preparados-para-el-reencuentro\/\",\"name\":\"Estamos preparados para el reencuentro - Crea Cantarrana\",\"isPartOf\":{\"@id\":\"https:\/\/www.crea.gov.co\/crea-cantarrana\/#website\"},\"primaryImageOfPage\":{\"@id\":\"https:\/\/www.crea.gov.co\/crea-cantarrana\/estamos-preparados-para-el-reencuentro\/#primaryimage\"},\"image\":{\"@id\":\"https:\/\/www.crea.gov.co\/crea-cantarrana\/estamos-preparados-para-el-reencuentro\/#primaryimage\"},\"thumbnailUrl\":\"https:\/\/www.crea.gov.co\/crea-cantarrana\/wp-content\/uploads\/sites\/17\/2022\/03\/WhatsApp-Image-2022-03-10-at-4.29.59-PM-1.jpeg\",\"datePublished\":\"2022-03-10T23:01:49+00:00\",\"dateModified\":\"2022-03-10T23:03:25+00:00\",\"author\":{\"@id\":\"https:\/\/www.crea.gov.co\/crea-cantarrana\/#\/schema\/person\/cd88a2bb5a059a97b34a2c9b19a9ec08\"},\"breadcrumb\":{\"@id\":\"https:\/\/www.crea.gov.co\/crea-cantarrana\/estamos-preparados-para-el-reencuentro\/#breadcrumb\"},\"inLanguage\":\"es-CO\",\"potentialAction\":[{\"@type\":\"ReadAction\",\"target\":[\"https:\/\/www.crea.gov.co\/crea-cantarrana\/estamos-preparados-para-el-reencuentro\/\"]}]},{\"@type\":\"ImageObject\",\"inLanguage\":\"es-CO\",\"@id\":\"https:\/\/www.crea.gov.co\/crea-cantarrana\/estamos-preparados-para-el-reencuentro\/#primaryimage\",\"url\":\"https:\/\/www.crea.gov.co\/crea-cantarrana\/wp-content\/uploads\/sites\/17\/2022\/03\/WhatsApp-Image-2022-03-10-at-4.29.59-PM-1.jpeg\",\"contentUrl\":\"https:\/\/www.crea.gov.co\/crea-cantarrana\/wp-content\/uploads\/sites\/17\/2022\/03\/WhatsApp-Image-2022-03-10-at-4.29.59-PM-1.jpeg\",\"width\":904,\"height\":1280},{\"@type\":\"BreadcrumbList\",\"@id\":\"https:\/\/www.crea.gov.co\/crea-cantarrana\/estamos-preparados-para-el-reencuentro\/#breadcrumb\",\"itemListElement\":[{\"@type\":\"ListItem\",\"position\":1,\"name\":\"Home\",\"item\":\"https:\/\/www.crea.gov.co\/crea-cantarrana\/\"},{\"@type\":\"ListItem\",\"position\":2,\"name\":\"Estamos preparados para el reencuentro\"}]},{\"@type\":\"WebSite\",\"@id\":\"https:\/\/www.crea.gov.co\/crea-cantarrana\/#website\",\"url\":\"https:\/\/www.crea.gov.co\/crea-cantarrana\/\",\"name\":\"Crea Cantarrana\",\"description\":\"En el sur de Bogot\u00e1, el campo y la ciudad dialogan. La tradici\u00f3n campesina y la creatividad urbana se encuentran bajo un domo que invita a ver el arte desde nuevas perspectivas. Es un espacio donde la comunidad transforma su d\u00eda a d\u00eda en historias, m\u00fasica y color, y donde la memoria rural se reinventa a cada paso.\",\"potentialAction\":[{\"@type\":\"SearchAction\",\"target\":{\"@type\":\"EntryPoint\",\"urlTemplate\":\"https:\/\/www.crea.gov.co\/crea-cantarrana\/?s={search_term_string}\"},\"query-input\":{\"@type\":\"PropertyValueSpecification\",\"valueRequired\":true,\"valueName\":\"search_term_string\"}}],\"inLanguage\":\"es-CO\"},{\"@type\":\"Person\",\"@id\":\"https:\/\/www.crea.gov.co\/crea-cantarrana\/#\/schema\/person\/cd88a2bb5a059a97b34a2c9b19a9ec08\",\"name\":\"andreabuitrago\",\"image\":{\"@type\":\"ImageObject\",\"inLanguage\":\"es-CO\",\"@id\":\"https:\/\/www.crea.gov.co\/crea-cantarrana\/#\/schema\/person\/image\/\",\"url\":\"https:\/\/secure.gravatar.com\/avatar\/e6b54eb2c91227e6015338d3251762db?s=96&d=mm&r=g\",\"contentUrl\":\"https:\/\/secure.gravatar.com\/avatar\/e6b54eb2c91227e6015338d3251762db?s=96&d=mm&r=g\",\"caption\":\"andreabuitrago\"},\"url\":\"https:\/\/www.crea.gov.co\/crea-cantarrana\/author\/andreabuitrago\/\"}]}<\/script>\n<!-- \/ Yoast SEO plugin. -->","yoast_head_json":{"title":"Estamos preparados para el reencuentro - Crea Cantarrana","robots":{"index":"index","follow":"follow","max-snippet":"max-snippet:-1","max-image-preview":"max-image-preview:large","max-video-preview":"max-video-preview:-1"},"canonical":"https:\/\/www.crea.gov.co\/crea-cantarrana\/estamos-preparados-para-el-reencuentro\/","og_locale":"es_ES","og_type":"article","og_title":"Estamos preparados para el reencuentro - Crea Cantarrana","og_description":"Crea Cantarrana es tu hogar luego de dos a\u00f1os de grandes retos y de aprendizajes que trajo con sigo las nuevas din\u00e1micas sociales,&nbsp;Crea sigue presente el las localidades ofertando una amplia oferta cultural para la ciudadan\u00eda. En esta ocasi\u00f3n, bajo las medidas sanitarias necesarias para garantizar una atenci\u00f3n segura, es la oportunidad de volver a [&hellip;]","og_url":"https:\/\/www.crea.gov.co\/crea-cantarrana\/estamos-preparados-para-el-reencuentro\/","og_site_name":"Crea Cantarrana","article_published_time":"2022-03-10T23:01:49+00:00","article_modified_time":"2022-03-10T23:03:25+00:00","og_image":[{"width":904,"height":1280,"url":"https:\/\/www.crea.gov.co\/crea-cantarrana\/wp-content\/uploads\/sites\/17\/2022\/03\/WhatsApp-Image-2022-03-10-at-4.29.59-PM-1.jpeg","type":"image\/jpeg"}],"author":"andreabuitrago","twitter_card":"summary_large_image","twitter_misc":{"Escrito por":"andreabuitrago","Tiempo de lectura":"1 minuto"},"schema":{"@context":"https:\/\/schema.org","@graph":[{"@type":"WebPage","@id":"https:\/\/www.crea.gov.co\/crea-cantarrana\/estamos-preparados-para-el-reencuentro\/","url":"https:\/\/www.crea.gov.co\/crea-cantarrana\/estamos-preparados-para-el-reencuentro\/","name":"Estamos preparados para el reencuentro - Crea Cantarrana","isPartOf":{"@id":"https:\/\/www.crea.gov.co\/crea-cantarrana\/#website"},"primaryImageOfPage":{"@id":"https:\/\/www.crea.gov.co\/crea-cantarrana\/estamos-preparados-para-el-reencuentro\/#primaryimage"},"image":{"@id":"https:\/\/www.crea.gov.co\/crea-cantarrana\/estamos-preparados-para-el-reencuentro\/#primaryimage"},"thumbnailUrl":"https:\/\/www.crea.gov.co\/crea-cantarrana\/wp-content\/uploads\/sites\/17\/2022\/03\/WhatsApp-Image-2022-03-10-at-4.29.59-PM-1.jpeg","datePublished":"2022-03-10T23:01:49+00:00","dateModified":"2022-03-10T23:03:25+00:00","author":{"@id":"https:\/\/www.crea.gov.co\/crea-cantarrana\/#\/schema\/person\/cd88a2bb5a059a97b34a2c9b19a9ec08"},"breadcrumb":{"@id":"https:\/\/www.crea.gov.co\/crea-cantarrana\/estamos-preparados-para-el-reencuentro\/#breadcrumb"},"inLanguage":"es-CO","potentialAction":[{"@type":"ReadAction","target":["https:\/\/www.crea.gov.co\/crea-cantarrana\/estamos-preparados-para-el-reencuentro\/"]}]},{"@type":"ImageObject","inLanguage":"es-CO","@id":"https:\/\/www.crea.gov.co\/crea-cantarrana\/estamos-preparados-para-el-reencuentro\/#primaryimage","url":"https:\/\/www.crea.gov.co\/crea-cantarrana\/wp-content\/uploads\/sites\/17\/2022\/03\/WhatsApp-Image-2022-03-10-at-4.29.59-PM-1.jpeg","contentUrl":"https:\/\/www.crea.gov.co\/crea-cantarrana\/wp-content\/uploads\/sites\/17\/2022\/03\/WhatsApp-Image-2022-03-10-at-4.29.59-PM-1.jpeg","width":904,"height":1280},{"@type":"BreadcrumbList","@id":"https:\/\/www.crea.gov.co\/crea-cantarrana\/estamos-preparados-para-el-reencuentro\/#breadcrumb","itemListElement":[{"@type":"ListItem","position":1,"name":"Home","item":"https:\/\/www.crea.gov.co\/crea-cantarrana\/"},{"@type":"ListItem","position":2,"name":"Estamos preparados para el reencuentro"}]},{"@type":"WebSite","@id":"https:\/\/www.crea.gov.co\/crea-cantarrana\/#website","url":"https:\/\/www.crea.gov.co\/crea-cantarrana\/","name":"Crea Cantarrana","description":"En el sur de Bogot\u00e1, el campo y la ciudad dialogan. La tradici\u00f3n campesina y la creatividad urbana se encuentran bajo un domo que invita a ver el arte desde nuevas perspectivas. Es un espacio donde la comunidad transforma su d\u00eda a d\u00eda en historias, m\u00fasica y color, y donde la memoria rural se reinventa a cada paso.","potentialAction":[{"@type":"SearchAction","target":{"@type":"EntryPoint","urlTemplate":"https:\/\/www.crea.gov.co\/crea-cantarrana\/?s={search_term_string}"},"query-input":{"@type":"PropertyValueSpecification","valueRequired":true,"valueName":"search_term_string"}}],"inLanguage":"es-CO"},{"@type":"Person","@id":"https:\/\/www.crea.gov.co\/crea-cantarrana\/#\/schema\/person\/cd88a2bb5a059a97b34a2c9b19a9ec08","name":"andreabuitrago","image":{"@type":"ImageObject","inLanguage":"es-CO","@id":"https:\/\/www.crea.gov.co\/crea-cantarrana\/#\/schema\/person\/image\/","url":"https:\/\/secure.gravatar.com\/avatar\/e6b54eb2c91227e6015338d3251762db?s=96&d=mm&r=g","contentUrl":"https:\/\/secure.gravatar.com\/avatar\/e6b54eb2c91227e6015338d3251762db?s=96&d=mm&r=g","caption":"andreabuitrago"},"url":"https:\/\/www.crea.gov.co\/crea-cantarrana\/author\/andreabuitrago\/"}]}},"_links":{"self":[{"href":"https:\/\/www.crea.gov.co\/crea-cantarrana\/wp-json\/wp\/v2\/posts\/120","targetHints":{"allow":["GET"]}}],"collection":[{"href":"https:\/\/www.crea.gov.co\/crea-cantarrana\/wp-json\/wp\/v2\/posts"}],"about":[{"href":"https:\/\/www.crea.gov.co\/crea-cantarrana\/wp-json\/wp\/v2\/types\/post"}],"author":[{"embeddable":true,"href":"https:\/\/www.crea.gov.co\/crea-cantarrana\/wp-json\/wp\/v2\/users\/52"}],"replies":[{"embeddable":true,"href":"https:\/\/www.crea.gov.co\/crea-cantarrana\/wp-json\/wp\/v2\/comments?post=120"}],"version-history":[{"count":0,"href":"https:\/\/www.crea.gov.co\/crea-cantarrana\/wp-json\/wp\/v2\/posts\/120\/revisions"}],"wp:featuredmedia":[{"embeddable":true,"href":"https:\/\/www.crea.gov.co\/crea-cantarrana\/wp-json\/wp\/v2\/media\/121"}],"wp:attachment":[{"href":"https:\/\/www.crea.gov.co\/crea-cantarrana\/wp-json\/wp\/v2\/media?parent=120"}],"wp:term":[{"taxonomy":"category","embeddable":true,"href":"https:\/\/www.crea.gov.co\/crea-cantarrana\/wp-json\/wp\/v2\/categories?post=120"},{"taxonomy":"post_tag","embeddable":true,"href":"https:\/\/www.crea.gov.co\/crea-cantarrana\/wp-json\/wp\/v2\/tags?post=120"}],"curies":[{"name":"wp","href":"https:\/\/api.w.org\/{rel}","templated":true}]}}