{"id":1181,"date":"2025-04-28T14:22:47","date_gmt":"2025-04-28T14:22:47","guid":{"rendered":"https:\/\/www.crea.gov.co\/crea-cantarrana\/?p=1181"},"modified":"2025-04-28T14:22:47","modified_gmt":"2025-04-28T14:22:47","slug":"celebramos-el-dia-d-la-ninez-y-la-pasamois-muy-chevere","status":"publish","type":"post","link":"https:\/\/www.crea.gov.co\/crea-cantarrana\/celebramos-el-dia-d-la-ninez-y-la-pasamois-muy-chevere\/","title":{"rendered":"CELEBRAMOS EL DIA D LA NI\u00d1EZ Y LA PASAMOIS MUY CHEVERE."},"content":{"rendered":"\n<p>El pasado viernes 25 de abril celebramos el d\u00eda de la ni\u00f1ez en los 20 Creas del distrito y Cantarrana no fue excepci\u00f3n. &nbsp;Recordamos que hac\u00edamos cu\u00e1ndo est\u00e1bamos chicos o un poco mas chicos, \u00a1A que jug\u00e1bamos?, \u00bfComo era la calle?, \u00bfQu\u00e9 tipo transporte hab\u00eda? Y por \u00faltimo jugamos triqui, memorias de colores, caucho, rana e hicimos batalla de freestayle con palabras de que hablaban del barrio o ciudad.<\/p>\n\n\n\n<figure class=\"wp-block-gallery has-nested-images columns-default is-cropped wp-block-gallery-1 is-layout-flex wp-block-gallery-is-layout-flex\">\n<figure class=\"wp-block-image size-large\"><img loading=\"lazy\" decoding=\"async\" width=\"1024\" height=\"768\" data-id=\"1187\" src=\"https:\/\/www.crea.gov.co\/crea-cantarrana\/wp-content\/uploads\/sites\/17\/2025\/04\/WhatsApp-Image-2025-04-25-at-2.31.30-PM-1-1024x768.jpeg\" alt=\"\" class=\"wp-image-1187\" srcset=\"https:\/\/www.crea.gov.co\/crea-cantarrana\/wp-content\/uploads\/sites\/17\/2025\/04\/WhatsApp-Image-2025-04-25-at-2.31.30-PM-1-1024x768.jpeg 1024w, https:\/\/www.crea.gov.co\/crea-cantarrana\/wp-content\/uploads\/sites\/17\/2025\/04\/WhatsApp-Image-2025-04-25-at-2.31.30-PM-1-300x225.jpeg 300w, https:\/\/www.crea.gov.co\/crea-cantarrana\/wp-content\/uploads\/sites\/17\/2025\/04\/WhatsApp-Image-2025-04-25-at-2.31.30-PM-1-768x576.jpeg 768w, https:\/\/www.crea.gov.co\/crea-cantarrana\/wp-content\/uploads\/sites\/17\/2025\/04\/WhatsApp-Image-2025-04-25-at-2.31.30-PM-1.jpeg 1280w\" sizes=\"auto, (max-width: 1024px) 100vw, 1024px\" \/><\/figure>\n\n\n\n<figure class=\"wp-block-image size-large\"><img loading=\"lazy\" decoding=\"async\" width=\"1024\" height=\"768\" data-id=\"1185\" src=\"https:\/\/www.crea.gov.co\/crea-cantarrana\/wp-content\/uploads\/sites\/17\/2025\/04\/WhatsApp-Image-2025-04-25-at-2.31.31-PM-3-1024x768.jpeg\" alt=\"\" class=\"wp-image-1185\" srcset=\"https:\/\/www.crea.gov.co\/crea-cantarrana\/wp-content\/uploads\/sites\/17\/2025\/04\/WhatsApp-Image-2025-04-25-at-2.31.31-PM-3-1024x768.jpeg 1024w, https:\/\/www.crea.gov.co\/crea-cantarrana\/wp-content\/uploads\/sites\/17\/2025\/04\/WhatsApp-Image-2025-04-25-at-2.31.31-PM-3-300x225.jpeg 300w, https:\/\/www.crea.gov.co\/crea-cantarrana\/wp-content\/uploads\/sites\/17\/2025\/04\/WhatsApp-Image-2025-04-25-at-2.31.31-PM-3-768x576.jpeg 768w, https:\/\/www.crea.gov.co\/crea-cantarrana\/wp-content\/uploads\/sites\/17\/2025\/04\/WhatsApp-Image-2025-04-25-at-2.31.31-PM-3.jpeg 1280w\" sizes=\"auto, (max-width: 1024px) 100vw, 1024px\" \/><\/figure>\n\n\n\n<figure class=\"wp-block-image size-large\"><img loading=\"lazy\" decoding=\"async\" width=\"1024\" height=\"768\" data-id=\"1183\" src=\"https:\/\/www.crea.gov.co\/crea-cantarrana\/wp-content\/uploads\/sites\/17\/2025\/04\/WhatsApp-Image-2025-04-25-at-2.31.31-PM-4-1024x768.jpeg\" alt=\"\" class=\"wp-image-1183\" srcset=\"https:\/\/www.crea.gov.co\/crea-cantarrana\/wp-content\/uploads\/sites\/17\/2025\/04\/WhatsApp-Image-2025-04-25-at-2.31.31-PM-4-1024x768.jpeg 1024w, https:\/\/www.crea.gov.co\/crea-cantarrana\/wp-content\/uploads\/sites\/17\/2025\/04\/WhatsApp-Image-2025-04-25-at-2.31.31-PM-4-300x225.jpeg 300w, https:\/\/www.crea.gov.co\/crea-cantarrana\/wp-content\/uploads\/sites\/17\/2025\/04\/WhatsApp-Image-2025-04-25-at-2.31.31-PM-4-768x576.jpeg 768w, https:\/\/www.crea.gov.co\/crea-cantarrana\/wp-content\/uploads\/sites\/17\/2025\/04\/WhatsApp-Image-2025-04-25-at-2.31.31-PM-4.jpeg 1280w\" sizes=\"auto, (max-width: 1024px) 100vw, 1024px\" \/><\/figure>\n<\/figure>\n\n\n\n<figure class=\"wp-block-gallery has-nested-images columns-default is-cropped wp-block-gallery-2 is-layout-flex wp-block-gallery-is-layout-flex\">\n<figure class=\"wp-block-image size-large\"><img loading=\"lazy\" decoding=\"async\" width=\"768\" height=\"1024\" data-id=\"1193\" src=\"https:\/\/www.crea.gov.co\/crea-cantarrana\/wp-content\/uploads\/sites\/17\/2025\/04\/WhatsApp-Image-2025-04-25-at-11.35.24-AM-1-768x1024.jpeg\" alt=\"\" class=\"wp-image-1193\" srcset=\"https:\/\/www.crea.gov.co\/crea-cantarrana\/wp-content\/uploads\/sites\/17\/2025\/04\/WhatsApp-Image-2025-04-25-at-11.35.24-AM-1-768x1024.jpeg 768w, https:\/\/www.crea.gov.co\/crea-cantarrana\/wp-content\/uploads\/sites\/17\/2025\/04\/WhatsApp-Image-2025-04-25-at-11.35.24-AM-1-225x300.jpeg 225w, https:\/\/www.crea.gov.co\/crea-cantarrana\/wp-content\/uploads\/sites\/17\/2025\/04\/WhatsApp-Image-2025-04-25-at-11.35.24-AM-1.jpeg 960w\" sizes=\"auto, (max-width: 768px) 100vw, 768px\" \/><\/figure>\n\n\n\n<figure class=\"wp-block-image size-large\"><img loading=\"lazy\" decoding=\"async\" width=\"768\" height=\"1024\" data-id=\"1192\" src=\"https:\/\/www.crea.gov.co\/crea-cantarrana\/wp-content\/uploads\/sites\/17\/2025\/04\/WhatsApp-Image-2025-04-25-at-11.35.25-AM-1-768x1024.jpeg\" alt=\"\" class=\"wp-image-1192\" srcset=\"https:\/\/www.crea.gov.co\/crea-cantarrana\/wp-content\/uploads\/sites\/17\/2025\/04\/WhatsApp-Image-2025-04-25-at-11.35.25-AM-1-768x1024.jpeg 768w, https:\/\/www.crea.gov.co\/crea-cantarrana\/wp-content\/uploads\/sites\/17\/2025\/04\/WhatsApp-Image-2025-04-25-at-11.35.25-AM-1-225x300.jpeg 225w, https:\/\/www.crea.gov.co\/crea-cantarrana\/wp-content\/uploads\/sites\/17\/2025\/04\/WhatsApp-Image-2025-04-25-at-11.35.25-AM-1.jpeg 960w\" sizes=\"auto, (max-width: 768px) 100vw, 768px\" \/><\/figure>\n<\/figure>\n","protected":false},"excerpt":{"rendered":"<p>El pasado viernes 25 de abril celebramos el d\u00eda de la ni\u00f1ez en los 20 Creas del distrito y Cantarrana no fue excepci\u00f3n. &nbsp;Recordamos que hac\u00edamos cu\u00e1ndo est\u00e1bamos chicos o un poco mas chicos, \u00a1A que jug\u00e1bamos?, \u00bfComo era la calle?, \u00bfQu\u00e9 tipo transporte hab\u00eda? Y por \u00faltimo jugamos triqui, memorias de colores, caucho, rana [&hellip;]<\/p>\n","protected":false},"author":99,"featured_media":1185,"comment_status":"open","ping_status":"open","sticky":false,"template":"","format":"standard","meta":{"footnotes":""},"categories":[1],"tags":[],"class_list":["post-1181","post","type-post","status-publish","format-standard","has-post-thumbnail","hentry","category-sin-categoria"],"yoast_head":"<!-- This site is optimized with the Yoast SEO plugin v24.5 - https:\/\/yoast.com\/wordpress\/plugins\/seo\/ -->\n<title>CELEBRAMOS EL DIA D LA NI\u00d1EZ Y LA PASAMOIS MUY CHEVERE. - Crea Cantarrana<\/title>\n<meta name=\"robots\" content=\"index, follow, max-snippet:-1, max-image-preview:large, max-video-preview:-1\" \/>\n<link rel=\"canonical\" href=\"https:\/\/www.crea.gov.co\/crea-cantarrana\/celebramos-el-dia-d-la-ninez-y-la-pasamois-muy-chevere\/\" \/>\n<meta property=\"og:locale\" content=\"es_ES\" \/>\n<meta property=\"og:type\" content=\"article\" \/>\n<meta property=\"og:title\" content=\"CELEBRAMOS EL DIA D LA NI\u00d1EZ Y LA PASAMOIS MUY CHEVERE. - Crea Cantarrana\" \/>\n<meta property=\"og:description\" content=\"El pasado viernes 25 de abril celebramos el d\u00eda de la ni\u00f1ez en los 20 Creas del distrito y Cantarrana no fue excepci\u00f3n. &nbsp;Recordamos que hac\u00edamos cu\u00e1ndo est\u00e1bamos chicos o un poco mas chicos, \u00a1A que jug\u00e1bamos?, \u00bfComo era la calle?, \u00bfQu\u00e9 tipo transporte hab\u00eda? Y por \u00faltimo jugamos triqui, memorias de colores, caucho, rana [&hellip;]\" \/>\n<meta property=\"og:url\" content=\"https:\/\/www.crea.gov.co\/crea-cantarrana\/celebramos-el-dia-d-la-ninez-y-la-pasamois-muy-chevere\/\" \/>\n<meta property=\"og:site_name\" content=\"Crea Cantarrana\" \/>\n<meta property=\"article:published_time\" content=\"2025-04-28T14:22:47+00:00\" \/>\n<meta property=\"og:image\" content=\"https:\/\/www.crea.gov.co\/crea-cantarrana\/wp-content\/uploads\/sites\/17\/2025\/04\/WhatsApp-Image-2025-04-25-at-2.31.31-PM-3.jpeg\" \/>\n\t<meta property=\"og:image:width\" content=\"1280\" \/>\n\t<meta property=\"og:image:height\" content=\"960\" \/>\n\t<meta property=\"og:image:type\" content=\"image\/jpeg\" \/>\n<meta name=\"author\" content=\"creacantarana\" \/>\n<meta name=\"twitter:card\" content=\"summary_large_image\" \/>\n<meta name=\"twitter:label1\" content=\"Escrito por\" \/>\n\t<meta name=\"twitter:data1\" content=\"creacantarana\" \/>\n\t<meta name=\"twitter:label2\" content=\"Tiempo de lectura\" \/>\n\t<meta name=\"twitter:data2\" content=\"2 minutos\" \/>\n<script type=\"application\/ld+json\" class=\"yoast-schema-graph\">{\"@context\":\"https:\/\/schema.org\",\"@graph\":[{\"@type\":\"WebPage\",\"@id\":\"https:\/\/www.crea.gov.co\/crea-cantarrana\/celebramos-el-dia-d-la-ninez-y-la-pasamois-muy-chevere\/\",\"url\":\"https:\/\/www.crea.gov.co\/crea-cantarrana\/celebramos-el-dia-d-la-ninez-y-la-pasamois-muy-chevere\/\",\"name\":\"CELEBRAMOS EL DIA D LA NI\u00d1EZ Y LA PASAMOIS MUY CHEVERE. - Crea Cantarrana\",\"isPartOf\":{\"@id\":\"https:\/\/www.crea.gov.co\/crea-cantarrana\/#website\"},\"primaryImageOfPage\":{\"@id\":\"https:\/\/www.crea.gov.co\/crea-cantarrana\/celebramos-el-dia-d-la-ninez-y-la-pasamois-muy-chevere\/#primaryimage\"},\"image\":{\"@id\":\"https:\/\/www.crea.gov.co\/crea-cantarrana\/celebramos-el-dia-d-la-ninez-y-la-pasamois-muy-chevere\/#primaryimage\"},\"thumbnailUrl\":\"https:\/\/www.crea.gov.co\/crea-cantarrana\/wp-content\/uploads\/sites\/17\/2025\/04\/WhatsApp-Image-2025-04-25-at-2.31.31-PM-3.jpeg\",\"datePublished\":\"2025-04-28T14:22:47+00:00\",\"author\":{\"@id\":\"https:\/\/www.crea.gov.co\/crea-cantarrana\/#\/schema\/person\/a50641c9b38d7527e7825cff4287675c\"},\"breadcrumb\":{\"@id\":\"https:\/\/www.crea.gov.co\/crea-cantarrana\/celebramos-el-dia-d-la-ninez-y-la-pasamois-muy-chevere\/#breadcrumb\"},\"inLanguage\":\"es-CO\",\"potentialAction\":[{\"@type\":\"ReadAction\",\"target\":[\"https:\/\/www.crea.gov.co\/crea-cantarrana\/celebramos-el-dia-d-la-ninez-y-la-pasamois-muy-chevere\/\"]}]},{\"@type\":\"ImageObject\",\"inLanguage\":\"es-CO\",\"@id\":\"https:\/\/www.crea.gov.co\/crea-cantarrana\/celebramos-el-dia-d-la-ninez-y-la-pasamois-muy-chevere\/#primaryimage\",\"url\":\"https:\/\/www.crea.gov.co\/crea-cantarrana\/wp-content\/uploads\/sites\/17\/2025\/04\/WhatsApp-Image-2025-04-25-at-2.31.31-PM-3.jpeg\",\"contentUrl\":\"https:\/\/www.crea.gov.co\/crea-cantarrana\/wp-content\/uploads\/sites\/17\/2025\/04\/WhatsApp-Image-2025-04-25-at-2.31.31-PM-3.jpeg\",\"width\":1280,\"height\":960},{\"@type\":\"BreadcrumbList\",\"@id\":\"https:\/\/www.crea.gov.co\/crea-cantarrana\/celebramos-el-dia-d-la-ninez-y-la-pasamois-muy-chevere\/#breadcrumb\",\"itemListElement\":[{\"@type\":\"ListItem\",\"position\":1,\"name\":\"Home\",\"item\":\"https:\/\/www.crea.gov.co\/crea-cantarrana\/\"},{\"@type\":\"ListItem\",\"position\":2,\"name\":\"CELEBRAMOS EL DIA D LA NI\u00d1EZ Y LA PASAMOIS MUY CHEVERE.\"}]},{\"@type\":\"WebSite\",\"@id\":\"https:\/\/www.crea.gov.co\/crea-cantarrana\/#website\",\"url\":\"https:\/\/www.crea.gov.co\/crea-cantarrana\/\",\"name\":\"Crea Cantarrana\",\"description\":\"En el sur de Bogot\u00e1, el campo y la ciudad dialogan. La tradici\u00f3n campesina y la creatividad urbana se encuentran bajo un domo que invita a ver el arte desde nuevas perspectivas. Es un espacio donde la comunidad transforma su d\u00eda a d\u00eda en historias, m\u00fasica y color, y donde la memoria rural se reinventa a cada paso.\",\"potentialAction\":[{\"@type\":\"SearchAction\",\"target\":{\"@type\":\"EntryPoint\",\"urlTemplate\":\"https:\/\/www.crea.gov.co\/crea-cantarrana\/?s={search_term_string}\"},\"query-input\":{\"@type\":\"PropertyValueSpecification\",\"valueRequired\":true,\"valueName\":\"search_term_string\"}}],\"inLanguage\":\"es-CO\"},{\"@type\":\"Person\",\"@id\":\"https:\/\/www.crea.gov.co\/crea-cantarrana\/#\/schema\/person\/a50641c9b38d7527e7825cff4287675c\",\"name\":\"creacantarana\",\"image\":{\"@type\":\"ImageObject\",\"inLanguage\":\"es-CO\",\"@id\":\"https:\/\/www.crea.gov.co\/crea-cantarrana\/#\/schema\/person\/image\/\",\"url\":\"https:\/\/secure.gravatar.com\/avatar\/e68993f8aa9720f886fee66f6e0798ba?s=96&d=mm&r=g\",\"contentUrl\":\"https:\/\/secure.gravatar.com\/avatar\/e68993f8aa9720f886fee66f6e0798ba?s=96&d=mm&r=g\",\"caption\":\"creacantarana\"},\"url\":\"https:\/\/www.crea.gov.co\/crea-cantarrana\/author\/creacantarana\/\"}]}<\/script>\n<!-- \/ Yoast SEO plugin. -->","yoast_head_json":{"title":"CELEBRAMOS EL DIA D LA NI\u00d1EZ Y LA PASAMOIS MUY CHEVERE. - Crea Cantarrana","robots":{"index":"index","follow":"follow","max-snippet":"max-snippet:-1","max-image-preview":"max-image-preview:large","max-video-preview":"max-video-preview:-1"},"canonical":"https:\/\/www.crea.gov.co\/crea-cantarrana\/celebramos-el-dia-d-la-ninez-y-la-pasamois-muy-chevere\/","og_locale":"es_ES","og_type":"article","og_title":"CELEBRAMOS EL DIA D LA NI\u00d1EZ Y LA PASAMOIS MUY CHEVERE. - Crea Cantarrana","og_description":"El pasado viernes 25 de abril celebramos el d\u00eda de la ni\u00f1ez en los 20 Creas del distrito y Cantarrana no fue excepci\u00f3n. &nbsp;Recordamos que hac\u00edamos cu\u00e1ndo est\u00e1bamos chicos o un poco mas chicos, \u00a1A que jug\u00e1bamos?, \u00bfComo era la calle?, \u00bfQu\u00e9 tipo transporte hab\u00eda? Y por \u00faltimo jugamos triqui, memorias de colores, caucho, rana [&hellip;]","og_url":"https:\/\/www.crea.gov.co\/crea-cantarrana\/celebramos-el-dia-d-la-ninez-y-la-pasamois-muy-chevere\/","og_site_name":"Crea Cantarrana","article_published_time":"2025-04-28T14:22:47+00:00","og_image":[{"width":1280,"height":960,"url":"https:\/\/www.crea.gov.co\/crea-cantarrana\/wp-content\/uploads\/sites\/17\/2025\/04\/WhatsApp-Image-2025-04-25-at-2.31.31-PM-3.jpeg","type":"image\/jpeg"}],"author":"creacantarana","twitter_card":"summary_large_image","twitter_misc":{"Escrito por":"creacantarana","Tiempo de lectura":"2 minutos"},"schema":{"@context":"https:\/\/schema.org","@graph":[{"@type":"WebPage","@id":"https:\/\/www.crea.gov.co\/crea-cantarrana\/celebramos-el-dia-d-la-ninez-y-la-pasamois-muy-chevere\/","url":"https:\/\/www.crea.gov.co\/crea-cantarrana\/celebramos-el-dia-d-la-ninez-y-la-pasamois-muy-chevere\/","name":"CELEBRAMOS EL DIA D LA NI\u00d1EZ Y LA PASAMOIS MUY CHEVERE. - Crea Cantarrana","isPartOf":{"@id":"https:\/\/www.crea.gov.co\/crea-cantarrana\/#website"},"primaryImageOfPage":{"@id":"https:\/\/www.crea.gov.co\/crea-cantarrana\/celebramos-el-dia-d-la-ninez-y-la-pasamois-muy-chevere\/#primaryimage"},"image":{"@id":"https:\/\/www.crea.gov.co\/crea-cantarrana\/celebramos-el-dia-d-la-ninez-y-la-pasamois-muy-chevere\/#primaryimage"},"thumbnailUrl":"https:\/\/www.crea.gov.co\/crea-cantarrana\/wp-content\/uploads\/sites\/17\/2025\/04\/WhatsApp-Image-2025-04-25-at-2.31.31-PM-3.jpeg","datePublished":"2025-04-28T14:22:47+00:00","author":{"@id":"https:\/\/www.crea.gov.co\/crea-cantarrana\/#\/schema\/person\/a50641c9b38d7527e7825cff4287675c"},"breadcrumb":{"@id":"https:\/\/www.crea.gov.co\/crea-cantarrana\/celebramos-el-dia-d-la-ninez-y-la-pasamois-muy-chevere\/#breadcrumb"},"inLanguage":"es-CO","potentialAction":[{"@type":"ReadAction","target":["https:\/\/www.crea.gov.co\/crea-cantarrana\/celebramos-el-dia-d-la-ninez-y-la-pasamois-muy-chevere\/"]}]},{"@type":"ImageObject","inLanguage":"es-CO","@id":"https:\/\/www.crea.gov.co\/crea-cantarrana\/celebramos-el-dia-d-la-ninez-y-la-pasamois-muy-chevere\/#primaryimage","url":"https:\/\/www.crea.gov.co\/crea-cantarrana\/wp-content\/uploads\/sites\/17\/2025\/04\/WhatsApp-Image-2025-04-25-at-2.31.31-PM-3.jpeg","contentUrl":"https:\/\/www.crea.gov.co\/crea-cantarrana\/wp-content\/uploads\/sites\/17\/2025\/04\/WhatsApp-Image-2025-04-25-at-2.31.31-PM-3.jpeg","width":1280,"height":960},{"@type":"BreadcrumbList","@id":"https:\/\/www.crea.gov.co\/crea-cantarrana\/celebramos-el-dia-d-la-ninez-y-la-pasamois-muy-chevere\/#breadcrumb","itemListElement":[{"@type":"ListItem","position":1,"name":"Home","item":"https:\/\/www.crea.gov.co\/crea-cantarrana\/"},{"@type":"ListItem","position":2,"name":"CELEBRAMOS EL DIA D LA NI\u00d1EZ Y LA PASAMOIS MUY CHEVERE."}]},{"@type":"WebSite","@id":"https:\/\/www.crea.gov.co\/crea-cantarrana\/#website","url":"https:\/\/www.crea.gov.co\/crea-cantarrana\/","name":"Crea Cantarrana","description":"En el sur de Bogot\u00e1, el campo y la ciudad dialogan. La tradici\u00f3n campesina y la creatividad urbana se encuentran bajo un domo que invita a ver el arte desde nuevas perspectivas. Es un espacio donde la comunidad transforma su d\u00eda a d\u00eda en historias, m\u00fasica y color, y donde la memoria rural se reinventa a cada paso.","potentialAction":[{"@type":"SearchAction","target":{"@type":"EntryPoint","urlTemplate":"https:\/\/www.crea.gov.co\/crea-cantarrana\/?s={search_term_string}"},"query-input":{"@type":"PropertyValueSpecification","valueRequired":true,"valueName":"search_term_string"}}],"inLanguage":"es-CO"},{"@type":"Person","@id":"https:\/\/www.crea.gov.co\/crea-cantarrana\/#\/schema\/person\/a50641c9b38d7527e7825cff4287675c","name":"creacantarana","image":{"@type":"ImageObject","inLanguage":"es-CO","@id":"https:\/\/www.crea.gov.co\/crea-cantarrana\/#\/schema\/person\/image\/","url":"https:\/\/secure.gravatar.com\/avatar\/e68993f8aa9720f886fee66f6e0798ba?s=96&d=mm&r=g","contentUrl":"https:\/\/secure.gravatar.com\/avatar\/e68993f8aa9720f886fee66f6e0798ba?s=96&d=mm&r=g","caption":"creacantarana"},"url":"https:\/\/www.crea.gov.co\/crea-cantarrana\/author\/creacantarana\/"}]}},"_links":{"self":[{"href":"https:\/\/www.crea.gov.co\/crea-cantarrana\/wp-json\/wp\/v2\/posts\/1181","targetHints":{"allow":["GET"]}}],"collection":[{"href":"https:\/\/www.crea.gov.co\/crea-cantarrana\/wp-json\/wp\/v2\/posts"}],"about":[{"href":"https:\/\/www.crea.gov.co\/crea-cantarrana\/wp-json\/wp\/v2\/types\/post"}],"author":[{"embeddable":true,"href":"https:\/\/www.crea.gov.co\/crea-cantarrana\/wp-json\/wp\/v2\/users\/99"}],"replies":[{"embeddable":true,"href":"https:\/\/www.crea.gov.co\/crea-cantarrana\/wp-json\/wp\/v2\/comments?post=1181"}],"version-history":[{"count":3,"href":"https:\/\/www.crea.gov.co\/crea-cantarrana\/wp-json\/wp\/v2\/posts\/1181\/revisions"}],"predecessor-version":[{"id":1194,"href":"https:\/\/www.crea.gov.co\/crea-cantarrana\/wp-json\/wp\/v2\/posts\/1181\/revisions\/1194"}],"wp:featuredmedia":[{"embeddable":true,"href":"https:\/\/www.crea.gov.co\/crea-cantarrana\/wp-json\/wp\/v2\/media\/1185"}],"wp:attachment":[{"href":"https:\/\/www.crea.gov.co\/crea-cantarrana\/wp-json\/wp\/v2\/media?parent=1181"}],"wp:term":[{"taxonomy":"category","embeddable":true,"href":"https:\/\/www.crea.gov.co\/crea-cantarrana\/wp-json\/wp\/v2\/categories?post=1181"},{"taxonomy":"post_tag","embeddable":true,"href":"https:\/\/www.crea.gov.co\/crea-cantarrana\/wp-json\/wp\/v2\/tags?post=1181"}],"curies":[{"name":"wp","href":"https:\/\/api.w.org\/{rel}","templated":true}]}}