{"id":1083,"date":"2024-11-06T21:30:26","date_gmt":"2024-11-06T21:30:26","guid":{"rendered":"https:\/\/www.crea.gov.co\/crea-cantarrana\/?p=1083"},"modified":"2024-11-06T21:35:28","modified_gmt":"2024-11-06T21:35:28","slug":"este-proximo-viernes-8-de-nov-en-el-teatro-el-parque","status":"publish","type":"post","link":"https:\/\/www.crea.gov.co\/crea-cantarrana\/este-proximo-viernes-8-de-nov-en-el-teatro-el-parque\/","title":{"rendered":"ESTE PR\u00d3XIMO VIERNES 8 DE NOV- EN EL TEATRO EL PARQUE."},"content":{"rendered":"\n<p><strong>SE PRESENTA GRUPO DE MUSICA DEL IED COMUNEROS OSWALDO GUAYASAMIN-CREA CANTARRANA. <\/strong><\/p>\n\n\n\n<p>En el marco de la programaci\u00f3n del ecosistema crea \u00a0<strong>\u201cEN MI FIN EST\u00c1 MI COMIENZO MUNDOS QUE SE TRANSFORMAN\u201d<\/strong> Tendremos el gusto de presenciar el trabajo desarrollado en la linea arte en la escuela en el \u00e1rea de m\u00fasica, este trabajo es liderado por el artista formador <strong>Cesar David Puentes<\/strong>. <\/p>\n\n\n\n<div class=\"wp-block-group\"><div class=\"wp-block-group__inner-container is-layout-constrained wp-block-group-is-layout-constrained\">\n<figure class=\"wp-block-gallery has-nested-images columns-default is-cropped wp-block-gallery-1 is-layout-flex wp-block-gallery-is-layout-flex\">\n<figure class=\"wp-block-image size-large\"><img loading=\"lazy\" decoding=\"async\" width=\"1024\" height=\"771\" src=\"https:\/\/www.crea.gov.co\/crea-cantarrana\/wp-content\/uploads\/sites\/17\/2024\/11\/WhatsApp-Image-2024-11-06-at-4.22.26-PM-1024x771.jpeg\" alt=\"\" class=\"wp-image-1084\" srcset=\"https:\/\/www.crea.gov.co\/crea-cantarrana\/wp-content\/uploads\/sites\/17\/2024\/11\/WhatsApp-Image-2024-11-06-at-4.22.26-PM-1024x771.jpeg 1024w, https:\/\/www.crea.gov.co\/crea-cantarrana\/wp-content\/uploads\/sites\/17\/2024\/11\/WhatsApp-Image-2024-11-06-at-4.22.26-PM-300x226.jpeg 300w, https:\/\/www.crea.gov.co\/crea-cantarrana\/wp-content\/uploads\/sites\/17\/2024\/11\/WhatsApp-Image-2024-11-06-at-4.22.26-PM-768x578.jpeg 768w, https:\/\/www.crea.gov.co\/crea-cantarrana\/wp-content\/uploads\/sites\/17\/2024\/11\/WhatsApp-Image-2024-11-06-at-4.22.26-PM-1536x1156.jpeg 1536w, https:\/\/www.crea.gov.co\/crea-cantarrana\/wp-content\/uploads\/sites\/17\/2024\/11\/WhatsApp-Image-2024-11-06-at-4.22.26-PM.jpeg 1600w\" sizes=\"auto, (max-width: 1024px) 100vw, 1024px\" \/><\/figure>\n<\/figure>\n<\/div><\/div>\n\n\n\n<p>Observaremos y viviremos un viaje sonoro que conecta las m\u00fasicas tradicionales de las costas Caribe y Pac\u00edfica de Colombia. <\/p>\n\n\n\n<p>Los participantes recrean historias, ritmos y melod\u00edas que han sido transmitidas de generaci\u00f3n en generaci\u00f3n, tejiendo una narrativa que celebra la vida y la resistencia de nuestras comunidades.<\/p>\n\n\n\n<figure class=\"wp-block-gallery has-nested-images columns-default is-cropped wp-block-gallery-2 is-layout-flex wp-block-gallery-is-layout-flex\">\n<figure class=\"wp-block-image size-large\"><img loading=\"lazy\" decoding=\"async\" width=\"1024\" height=\"771\" data-id=\"1085\" src=\"https:\/\/www.crea.gov.co\/crea-cantarrana\/wp-content\/uploads\/sites\/17\/2024\/11\/WhatsApp-Image-2024-11-06-at-4.22.50-PM-1024x771.jpeg\" alt=\"\" class=\"wp-image-1085\" srcset=\"https:\/\/www.crea.gov.co\/crea-cantarrana\/wp-content\/uploads\/sites\/17\/2024\/11\/WhatsApp-Image-2024-11-06-at-4.22.50-PM-1024x771.jpeg 1024w, https:\/\/www.crea.gov.co\/crea-cantarrana\/wp-content\/uploads\/sites\/17\/2024\/11\/WhatsApp-Image-2024-11-06-at-4.22.50-PM-300x226.jpeg 300w, https:\/\/www.crea.gov.co\/crea-cantarrana\/wp-content\/uploads\/sites\/17\/2024\/11\/WhatsApp-Image-2024-11-06-at-4.22.50-PM-768x578.jpeg 768w, https:\/\/www.crea.gov.co\/crea-cantarrana\/wp-content\/uploads\/sites\/17\/2024\/11\/WhatsApp-Image-2024-11-06-at-4.22.50-PM-1536x1156.jpeg 1536w, https:\/\/www.crea.gov.co\/crea-cantarrana\/wp-content\/uploads\/sites\/17\/2024\/11\/WhatsApp-Image-2024-11-06-at-4.22.50-PM.jpeg 1600w\" sizes=\"auto, (max-width: 1024px) 100vw, 1024px\" \/><\/figure>\n<\/figure>\n\n\n\n<p>La naturalidad del proceso est\u00e1 abrazado con lo org\u00e1nico de nuestro sonido\u00a0 y nuestros instrumentos, evocando latidos del coraz\u00f3n, cantos de aves y sabidur\u00eda de los abuelos; somos de diferentes lugares del planeta con diferentes arraigos y ra\u00edces,\u00a0 llegamos a habitar este lugar en com\u00fan llamado Usme que hoy se convierte en nuestro nido, como nuestros ancestros lo llamaban por su calor acogedor guardando la vida.<\/p>\n","protected":false},"excerpt":{"rendered":"<p>SE PRESENTA GRUPO DE MUSICA DEL IED COMUNEROS OSWALDO GUAYASAMIN-CREA CANTARRANA. En el marco de la programaci\u00f3n del ecosistema crea \u00a0\u201cEN MI FIN EST\u00c1 MI COMIENZO MUNDOS QUE SE TRANSFORMAN\u201d Tendremos el gusto de presenciar el trabajo desarrollado en la linea arte en la escuela en el \u00e1rea de m\u00fasica, este trabajo es liderado por [&hellip;]<\/p>\n","protected":false},"author":52,"featured_media":1084,"comment_status":"open","ping_status":"open","sticky":false,"template":"","format":"standard","meta":{"footnotes":""},"categories":[1],"tags":[],"class_list":["post-1083","post","type-post","status-publish","format-standard","has-post-thumbnail","hentry","category-sin-categoria"],"yoast_head":"<!-- This site is optimized with the Yoast SEO plugin v24.5 - https:\/\/yoast.com\/wordpress\/plugins\/seo\/ -->\n<title>ESTE PR\u00d3XIMO VIERNES 8 DE NOV- EN EL TEATRO EL PARQUE. - Crea Cantarrana<\/title>\n<meta name=\"robots\" content=\"index, follow, max-snippet:-1, max-image-preview:large, max-video-preview:-1\" \/>\n<link rel=\"canonical\" href=\"https:\/\/www.crea.gov.co\/crea-cantarrana\/este-proximo-viernes-8-de-nov-en-el-teatro-el-parque\/\" \/>\n<meta property=\"og:locale\" content=\"es_ES\" \/>\n<meta property=\"og:type\" content=\"article\" \/>\n<meta property=\"og:title\" content=\"ESTE PR\u00d3XIMO VIERNES 8 DE NOV- EN EL TEATRO EL PARQUE. - Crea Cantarrana\" \/>\n<meta property=\"og:description\" content=\"SE PRESENTA GRUPO DE MUSICA DEL IED COMUNEROS OSWALDO GUAYASAMIN-CREA CANTARRANA. En el marco de la programaci\u00f3n del ecosistema crea \u00a0\u201cEN MI FIN EST\u00c1 MI COMIENZO MUNDOS QUE SE TRANSFORMAN\u201d Tendremos el gusto de presenciar el trabajo desarrollado en la linea arte en la escuela en el \u00e1rea de m\u00fasica, este trabajo es liderado por [&hellip;]\" \/>\n<meta property=\"og:url\" content=\"https:\/\/www.crea.gov.co\/crea-cantarrana\/este-proximo-viernes-8-de-nov-en-el-teatro-el-parque\/\" \/>\n<meta property=\"og:site_name\" content=\"Crea Cantarrana\" \/>\n<meta property=\"article:published_time\" content=\"2024-11-06T21:30:26+00:00\" \/>\n<meta property=\"article:modified_time\" content=\"2024-11-06T21:35:28+00:00\" \/>\n<meta property=\"og:image\" content=\"https:\/\/www.crea.gov.co\/crea-cantarrana\/wp-content\/uploads\/sites\/17\/2024\/11\/WhatsApp-Image-2024-11-06-at-4.22.26-PM.jpeg\" \/>\n\t<meta property=\"og:image:width\" content=\"1600\" \/>\n\t<meta property=\"og:image:height\" content=\"1204\" \/>\n\t<meta property=\"og:image:type\" content=\"image\/jpeg\" \/>\n<meta name=\"author\" content=\"andreabuitrago\" \/>\n<meta name=\"twitter:card\" content=\"summary_large_image\" \/>\n<meta name=\"twitter:label1\" content=\"Escrito por\" \/>\n\t<meta name=\"twitter:data1\" content=\"andreabuitrago\" \/>\n\t<meta name=\"twitter:label2\" content=\"Tiempo de lectura\" \/>\n\t<meta name=\"twitter:data2\" content=\"2 minutos\" \/>\n<script type=\"application\/ld+json\" class=\"yoast-schema-graph\">{\"@context\":\"https:\/\/schema.org\",\"@graph\":[{\"@type\":\"WebPage\",\"@id\":\"https:\/\/www.crea.gov.co\/crea-cantarrana\/este-proximo-viernes-8-de-nov-en-el-teatro-el-parque\/\",\"url\":\"https:\/\/www.crea.gov.co\/crea-cantarrana\/este-proximo-viernes-8-de-nov-en-el-teatro-el-parque\/\",\"name\":\"ESTE PR\u00d3XIMO VIERNES 8 DE NOV- EN EL TEATRO EL PARQUE. - Crea Cantarrana\",\"isPartOf\":{\"@id\":\"https:\/\/www.crea.gov.co\/crea-cantarrana\/#website\"},\"primaryImageOfPage\":{\"@id\":\"https:\/\/www.crea.gov.co\/crea-cantarrana\/este-proximo-viernes-8-de-nov-en-el-teatro-el-parque\/#primaryimage\"},\"image\":{\"@id\":\"https:\/\/www.crea.gov.co\/crea-cantarrana\/este-proximo-viernes-8-de-nov-en-el-teatro-el-parque\/#primaryimage\"},\"thumbnailUrl\":\"https:\/\/www.crea.gov.co\/crea-cantarrana\/wp-content\/uploads\/sites\/17\/2024\/11\/WhatsApp-Image-2024-11-06-at-4.22.26-PM.jpeg\",\"datePublished\":\"2024-11-06T21:30:26+00:00\",\"dateModified\":\"2024-11-06T21:35:28+00:00\",\"author\":{\"@id\":\"https:\/\/www.crea.gov.co\/crea-cantarrana\/#\/schema\/person\/cd88a2bb5a059a97b34a2c9b19a9ec08\"},\"breadcrumb\":{\"@id\":\"https:\/\/www.crea.gov.co\/crea-cantarrana\/este-proximo-viernes-8-de-nov-en-el-teatro-el-parque\/#breadcrumb\"},\"inLanguage\":\"es-CO\",\"potentialAction\":[{\"@type\":\"ReadAction\",\"target\":[\"https:\/\/www.crea.gov.co\/crea-cantarrana\/este-proximo-viernes-8-de-nov-en-el-teatro-el-parque\/\"]}]},{\"@type\":\"ImageObject\",\"inLanguage\":\"es-CO\",\"@id\":\"https:\/\/www.crea.gov.co\/crea-cantarrana\/este-proximo-viernes-8-de-nov-en-el-teatro-el-parque\/#primaryimage\",\"url\":\"https:\/\/www.crea.gov.co\/crea-cantarrana\/wp-content\/uploads\/sites\/17\/2024\/11\/WhatsApp-Image-2024-11-06-at-4.22.26-PM.jpeg\",\"contentUrl\":\"https:\/\/www.crea.gov.co\/crea-cantarrana\/wp-content\/uploads\/sites\/17\/2024\/11\/WhatsApp-Image-2024-11-06-at-4.22.26-PM.jpeg\",\"width\":1600,\"height\":1204},{\"@type\":\"BreadcrumbList\",\"@id\":\"https:\/\/www.crea.gov.co\/crea-cantarrana\/este-proximo-viernes-8-de-nov-en-el-teatro-el-parque\/#breadcrumb\",\"itemListElement\":[{\"@type\":\"ListItem\",\"position\":1,\"name\":\"Home\",\"item\":\"https:\/\/www.crea.gov.co\/crea-cantarrana\/\"},{\"@type\":\"ListItem\",\"position\":2,\"name\":\"ESTE PR\u00d3XIMO VIERNES 8 DE NOV- EN EL TEATRO EL PARQUE.\"}]},{\"@type\":\"WebSite\",\"@id\":\"https:\/\/www.crea.gov.co\/crea-cantarrana\/#website\",\"url\":\"https:\/\/www.crea.gov.co\/crea-cantarrana\/\",\"name\":\"Crea Cantarrana\",\"description\":\"En el sur de Bogot\u00e1, el campo y la ciudad dialogan. La tradici\u00f3n campesina y la creatividad urbana se encuentran bajo un domo que invita a ver el arte desde nuevas perspectivas. Es un espacio donde la comunidad transforma su d\u00eda a d\u00eda en historias, m\u00fasica y color, y donde la memoria rural se reinventa a cada paso.\",\"potentialAction\":[{\"@type\":\"SearchAction\",\"target\":{\"@type\":\"EntryPoint\",\"urlTemplate\":\"https:\/\/www.crea.gov.co\/crea-cantarrana\/?s={search_term_string}\"},\"query-input\":{\"@type\":\"PropertyValueSpecification\",\"valueRequired\":true,\"valueName\":\"search_term_string\"}}],\"inLanguage\":\"es-CO\"},{\"@type\":\"Person\",\"@id\":\"https:\/\/www.crea.gov.co\/crea-cantarrana\/#\/schema\/person\/cd88a2bb5a059a97b34a2c9b19a9ec08\",\"name\":\"andreabuitrago\",\"image\":{\"@type\":\"ImageObject\",\"inLanguage\":\"es-CO\",\"@id\":\"https:\/\/www.crea.gov.co\/crea-cantarrana\/#\/schema\/person\/image\/\",\"url\":\"https:\/\/secure.gravatar.com\/avatar\/e6b54eb2c91227e6015338d3251762db?s=96&d=mm&r=g\",\"contentUrl\":\"https:\/\/secure.gravatar.com\/avatar\/e6b54eb2c91227e6015338d3251762db?s=96&d=mm&r=g\",\"caption\":\"andreabuitrago\"},\"url\":\"https:\/\/www.crea.gov.co\/crea-cantarrana\/author\/andreabuitrago\/\"}]}<\/script>\n<!-- \/ Yoast SEO plugin. -->","yoast_head_json":{"title":"ESTE PR\u00d3XIMO VIERNES 8 DE NOV- EN EL TEATRO EL PARQUE. - Crea Cantarrana","robots":{"index":"index","follow":"follow","max-snippet":"max-snippet:-1","max-image-preview":"max-image-preview:large","max-video-preview":"max-video-preview:-1"},"canonical":"https:\/\/www.crea.gov.co\/crea-cantarrana\/este-proximo-viernes-8-de-nov-en-el-teatro-el-parque\/","og_locale":"es_ES","og_type":"article","og_title":"ESTE PR\u00d3XIMO VIERNES 8 DE NOV- EN EL TEATRO EL PARQUE. - Crea Cantarrana","og_description":"SE PRESENTA GRUPO DE MUSICA DEL IED COMUNEROS OSWALDO GUAYASAMIN-CREA CANTARRANA. En el marco de la programaci\u00f3n del ecosistema crea \u00a0\u201cEN MI FIN EST\u00c1 MI COMIENZO MUNDOS QUE SE TRANSFORMAN\u201d Tendremos el gusto de presenciar el trabajo desarrollado en la linea arte en la escuela en el \u00e1rea de m\u00fasica, este trabajo es liderado por [&hellip;]","og_url":"https:\/\/www.crea.gov.co\/crea-cantarrana\/este-proximo-viernes-8-de-nov-en-el-teatro-el-parque\/","og_site_name":"Crea Cantarrana","article_published_time":"2024-11-06T21:30:26+00:00","article_modified_time":"2024-11-06T21:35:28+00:00","og_image":[{"width":1600,"height":1204,"url":"https:\/\/www.crea.gov.co\/crea-cantarrana\/wp-content\/uploads\/sites\/17\/2024\/11\/WhatsApp-Image-2024-11-06-at-4.22.26-PM.jpeg","type":"image\/jpeg"}],"author":"andreabuitrago","twitter_card":"summary_large_image","twitter_misc":{"Escrito por":"andreabuitrago","Tiempo de lectura":"2 minutos"},"schema":{"@context":"https:\/\/schema.org","@graph":[{"@type":"WebPage","@id":"https:\/\/www.crea.gov.co\/crea-cantarrana\/este-proximo-viernes-8-de-nov-en-el-teatro-el-parque\/","url":"https:\/\/www.crea.gov.co\/crea-cantarrana\/este-proximo-viernes-8-de-nov-en-el-teatro-el-parque\/","name":"ESTE PR\u00d3XIMO VIERNES 8 DE NOV- EN EL TEATRO EL PARQUE. - Crea Cantarrana","isPartOf":{"@id":"https:\/\/www.crea.gov.co\/crea-cantarrana\/#website"},"primaryImageOfPage":{"@id":"https:\/\/www.crea.gov.co\/crea-cantarrana\/este-proximo-viernes-8-de-nov-en-el-teatro-el-parque\/#primaryimage"},"image":{"@id":"https:\/\/www.crea.gov.co\/crea-cantarrana\/este-proximo-viernes-8-de-nov-en-el-teatro-el-parque\/#primaryimage"},"thumbnailUrl":"https:\/\/www.crea.gov.co\/crea-cantarrana\/wp-content\/uploads\/sites\/17\/2024\/11\/WhatsApp-Image-2024-11-06-at-4.22.26-PM.jpeg","datePublished":"2024-11-06T21:30:26+00:00","dateModified":"2024-11-06T21:35:28+00:00","author":{"@id":"https:\/\/www.crea.gov.co\/crea-cantarrana\/#\/schema\/person\/cd88a2bb5a059a97b34a2c9b19a9ec08"},"breadcrumb":{"@id":"https:\/\/www.crea.gov.co\/crea-cantarrana\/este-proximo-viernes-8-de-nov-en-el-teatro-el-parque\/#breadcrumb"},"inLanguage":"es-CO","potentialAction":[{"@type":"ReadAction","target":["https:\/\/www.crea.gov.co\/crea-cantarrana\/este-proximo-viernes-8-de-nov-en-el-teatro-el-parque\/"]}]},{"@type":"ImageObject","inLanguage":"es-CO","@id":"https:\/\/www.crea.gov.co\/crea-cantarrana\/este-proximo-viernes-8-de-nov-en-el-teatro-el-parque\/#primaryimage","url":"https:\/\/www.crea.gov.co\/crea-cantarrana\/wp-content\/uploads\/sites\/17\/2024\/11\/WhatsApp-Image-2024-11-06-at-4.22.26-PM.jpeg","contentUrl":"https:\/\/www.crea.gov.co\/crea-cantarrana\/wp-content\/uploads\/sites\/17\/2024\/11\/WhatsApp-Image-2024-11-06-at-4.22.26-PM.jpeg","width":1600,"height":1204},{"@type":"BreadcrumbList","@id":"https:\/\/www.crea.gov.co\/crea-cantarrana\/este-proximo-viernes-8-de-nov-en-el-teatro-el-parque\/#breadcrumb","itemListElement":[{"@type":"ListItem","position":1,"name":"Home","item":"https:\/\/www.crea.gov.co\/crea-cantarrana\/"},{"@type":"ListItem","position":2,"name":"ESTE PR\u00d3XIMO VIERNES 8 DE NOV- EN EL TEATRO EL PARQUE."}]},{"@type":"WebSite","@id":"https:\/\/www.crea.gov.co\/crea-cantarrana\/#website","url":"https:\/\/www.crea.gov.co\/crea-cantarrana\/","name":"Crea Cantarrana","description":"En el sur de Bogot\u00e1, el campo y la ciudad dialogan. La tradici\u00f3n campesina y la creatividad urbana se encuentran bajo un domo que invita a ver el arte desde nuevas perspectivas. Es un espacio donde la comunidad transforma su d\u00eda a d\u00eda en historias, m\u00fasica y color, y donde la memoria rural se reinventa a cada paso.","potentialAction":[{"@type":"SearchAction","target":{"@type":"EntryPoint","urlTemplate":"https:\/\/www.crea.gov.co\/crea-cantarrana\/?s={search_term_string}"},"query-input":{"@type":"PropertyValueSpecification","valueRequired":true,"valueName":"search_term_string"}}],"inLanguage":"es-CO"},{"@type":"Person","@id":"https:\/\/www.crea.gov.co\/crea-cantarrana\/#\/schema\/person\/cd88a2bb5a059a97b34a2c9b19a9ec08","name":"andreabuitrago","image":{"@type":"ImageObject","inLanguage":"es-CO","@id":"https:\/\/www.crea.gov.co\/crea-cantarrana\/#\/schema\/person\/image\/","url":"https:\/\/secure.gravatar.com\/avatar\/e6b54eb2c91227e6015338d3251762db?s=96&d=mm&r=g","contentUrl":"https:\/\/secure.gravatar.com\/avatar\/e6b54eb2c91227e6015338d3251762db?s=96&d=mm&r=g","caption":"andreabuitrago"},"url":"https:\/\/www.crea.gov.co\/crea-cantarrana\/author\/andreabuitrago\/"}]}},"_links":{"self":[{"href":"https:\/\/www.crea.gov.co\/crea-cantarrana\/wp-json\/wp\/v2\/posts\/1083","targetHints":{"allow":["GET"]}}],"collection":[{"href":"https:\/\/www.crea.gov.co\/crea-cantarrana\/wp-json\/wp\/v2\/posts"}],"about":[{"href":"https:\/\/www.crea.gov.co\/crea-cantarrana\/wp-json\/wp\/v2\/types\/post"}],"author":[{"embeddable":true,"href":"https:\/\/www.crea.gov.co\/crea-cantarrana\/wp-json\/wp\/v2\/users\/52"}],"replies":[{"embeddable":true,"href":"https:\/\/www.crea.gov.co\/crea-cantarrana\/wp-json\/wp\/v2\/comments?post=1083"}],"version-history":[{"count":2,"href":"https:\/\/www.crea.gov.co\/crea-cantarrana\/wp-json\/wp\/v2\/posts\/1083\/revisions"}],"predecessor-version":[{"id":1088,"href":"https:\/\/www.crea.gov.co\/crea-cantarrana\/wp-json\/wp\/v2\/posts\/1083\/revisions\/1088"}],"wp:featuredmedia":[{"embeddable":true,"href":"https:\/\/www.crea.gov.co\/crea-cantarrana\/wp-json\/wp\/v2\/media\/1084"}],"wp:attachment":[{"href":"https:\/\/www.crea.gov.co\/crea-cantarrana\/wp-json\/wp\/v2\/media?parent=1083"}],"wp:term":[{"taxonomy":"category","embeddable":true,"href":"https:\/\/www.crea.gov.co\/crea-cantarrana\/wp-json\/wp\/v2\/categories?post=1083"},{"taxonomy":"post_tag","embeddable":true,"href":"https:\/\/www.crea.gov.co\/crea-cantarrana\/wp-json\/wp\/v2\/tags?post=1083"}],"curies":[{"name":"wp","href":"https:\/\/api.w.org\/{rel}","templated":true}]}}