{"id":1065,"date":"2024-11-06T21:19:24","date_gmt":"2024-11-06T21:19:24","guid":{"rendered":"https:\/\/www.crea.gov.co\/crea-cantarrana\/?p=1065"},"modified":"2024-11-06T21:20:11","modified_gmt":"2024-11-06T21:20:11","slug":"el-crea-cantarrana-hace-presencia-en-el-ecosistema-crea","status":"publish","type":"post","link":"https:\/\/www.crea.gov.co\/crea-cantarrana\/el-crea-cantarrana-hace-presencia-en-el-ecosistema-crea\/","title":{"rendered":"EL CREA CANTARRANA HACE PRESENCIA EN EL ECOSISTEMA CREA."},"content":{"rendered":"\n<figure class=\"wp-block-gallery has-nested-images columns-default is-cropped wp-block-gallery-1 is-layout-flex wp-block-gallery-is-layout-flex\">\n<figure class=\"wp-block-image size-large\"><img loading=\"lazy\" decoding=\"async\" width=\"800\" height=\"1000\" data-id=\"1066\" src=\"https:\/\/www.crea.gov.co\/crea-cantarrana\/wp-content\/uploads\/sites\/17\/2024\/11\/WhatsApp-Image-2024-11-06-at-3.47.43-PM.jpeg\" alt=\"\" class=\"wp-image-1066\" srcset=\"https:\/\/www.crea.gov.co\/crea-cantarrana\/wp-content\/uploads\/sites\/17\/2024\/11\/WhatsApp-Image-2024-11-06-at-3.47.43-PM.jpeg 800w, https:\/\/www.crea.gov.co\/crea-cantarrana\/wp-content\/uploads\/sites\/17\/2024\/11\/WhatsApp-Image-2024-11-06-at-3.47.43-PM-240x300.jpeg 240w, https:\/\/www.crea.gov.co\/crea-cantarrana\/wp-content\/uploads\/sites\/17\/2024\/11\/WhatsApp-Image-2024-11-06-at-3.47.43-PM-768x960.jpeg 768w\" sizes=\"auto, (max-width: 800px) 100vw, 800px\" \/><\/figure>\n<\/figure>\n\n\n\n<p>Este domingo 3 de Noviembre en la media torta se presentaron los colectivos art\u00edsticos del crea cantarrana de Danza y M\u00fasica, de las lineas de atenci\u00f3n impulso colectivo y arte y salud,  se visibiliz\u00f3 el proceso de formaci\u00f3n art\u00edstica que se desarrolla en los talleres de formaci\u00f3n, los beneficiarios y la ciudadan\u00eda tuvieron el privilegio de asistir a este gran evento en el marco del ecosistema crea, en el Encuentro\u00a0<em><strong>\u201cEN MI FIN EST\u00c1 MI COMIENZO MUNDOS QUE SE TRANSFORMAN\u201d<\/strong>  <\/em><\/p>\n\n\n\n<p><strong>GRUPO SALSABOR ACADEMY-DANZA &#8211; ARTISTA FORMADOR -ERICK ESTRADA<\/strong><\/p>\n\n\n\n<figure class=\"wp-block-video\"><video controls src=\"https:\/\/www.crea.gov.co\/crea-cantarrana\/wp-content\/uploads\/sites\/17\/2024\/11\/WhatsApp-Video-2024-11-03-at-2.57.33-PM.mp4\"><\/video><\/figure>\n\n\n\n<p><strong>GRUPO BRILLANTINA -DANZA -ARTISTA FORMADOR FRANCISCO VELANDIA <\/strong><\/p>\n\n\n\n<figure class=\"wp-block-video\"><video controls src=\"https:\/\/www.crea.gov.co\/crea-cantarrana\/wp-content\/uploads\/sites\/17\/2024\/11\/WhatsApp-Video-2024-11-03-at-3.24.11-PM.mp4\"><\/video><\/figure>\n\n\n\n<p><strong>GRUPO MUJERES EMPODERADAS -DANZA -ARTISTA FORMADORA JULIETH BARON <\/strong><\/p>\n\n\n\n<figure class=\"wp-block-video\"><video controls src=\"https:\/\/www.crea.gov.co\/crea-cantarrana\/wp-content\/uploads\/sites\/17\/2024\/11\/WhatsApp-Video-2024-11-03-at-3.24.46-PM.mp4\"><\/video><\/figure>\n\n\n\n<p><strong>GRUPO SON DE ORIENTE &#8211; MUSICA -ARTISTA FORMADOR JEFFERSON GONZALEZ <\/strong><\/p>\n\n\n\n<figure class=\"wp-block-video\"><video controls src=\"https:\/\/www.crea.gov.co\/crea-cantarrana\/wp-content\/uploads\/sites\/17\/2024\/11\/WhatsApp-Video-2024-11-03-at-2.59.08-PM.mp4\"><\/video><\/figure>\n\n\n\n<div class=\"wp-block-group\"><div class=\"wp-block-group__inner-container is-layout-constrained wp-block-group-is-layout-constrained\">\n<figure class=\"wp-block-gallery has-nested-images columns-default is-cropped wp-block-gallery-2 is-layout-flex wp-block-gallery-is-layout-flex\">\n<figure class=\"wp-block-image size-large\"><img loading=\"lazy\" decoding=\"async\" width=\"1024\" height=\"768\" src=\"https:\/\/www.crea.gov.co\/crea-cantarrana\/wp-content\/uploads\/sites\/17\/2024\/11\/WhatsApp-Image-2024-11-05-at-9.13.23-AM-1024x768.jpeg\" alt=\"\" class=\"wp-image-1075\" srcset=\"https:\/\/www.crea.gov.co\/crea-cantarrana\/wp-content\/uploads\/sites\/17\/2024\/11\/WhatsApp-Image-2024-11-05-at-9.13.23-AM-1024x768.jpeg 1024w, https:\/\/www.crea.gov.co\/crea-cantarrana\/wp-content\/uploads\/sites\/17\/2024\/11\/WhatsApp-Image-2024-11-05-at-9.13.23-AM-300x225.jpeg 300w, https:\/\/www.crea.gov.co\/crea-cantarrana\/wp-content\/uploads\/sites\/17\/2024\/11\/WhatsApp-Image-2024-11-05-at-9.13.23-AM-768x576.jpeg 768w, https:\/\/www.crea.gov.co\/crea-cantarrana\/wp-content\/uploads\/sites\/17\/2024\/11\/WhatsApp-Image-2024-11-05-at-9.13.23-AM-1536x1152.jpeg 1536w, https:\/\/www.crea.gov.co\/crea-cantarrana\/wp-content\/uploads\/sites\/17\/2024\/11\/WhatsApp-Image-2024-11-05-at-9.13.23-AM.jpeg 1600w\" sizes=\"auto, (max-width: 1024px) 100vw, 1024px\" \/><\/figure>\n\n\n\n<figure class=\"wp-block-image size-large\"><img loading=\"lazy\" decoding=\"async\" width=\"1024\" height=\"768\" src=\"https:\/\/www.crea.gov.co\/crea-cantarrana\/wp-content\/uploads\/sites\/17\/2024\/11\/WhatsApp-Image-2024-11-03-at-10.49.10-AM-1024x768.jpeg\" alt=\"\" class=\"wp-image-1077\" srcset=\"https:\/\/www.crea.gov.co\/crea-cantarrana\/wp-content\/uploads\/sites\/17\/2024\/11\/WhatsApp-Image-2024-11-03-at-10.49.10-AM-1024x768.jpeg 1024w, https:\/\/www.crea.gov.co\/crea-cantarrana\/wp-content\/uploads\/sites\/17\/2024\/11\/WhatsApp-Image-2024-11-03-at-10.49.10-AM-300x225.jpeg 300w, https:\/\/www.crea.gov.co\/crea-cantarrana\/wp-content\/uploads\/sites\/17\/2024\/11\/WhatsApp-Image-2024-11-03-at-10.49.10-AM-768x576.jpeg 768w, https:\/\/www.crea.gov.co\/crea-cantarrana\/wp-content\/uploads\/sites\/17\/2024\/11\/WhatsApp-Image-2024-11-03-at-10.49.10-AM-1536x1152.jpeg 1536w, https:\/\/www.crea.gov.co\/crea-cantarrana\/wp-content\/uploads\/sites\/17\/2024\/11\/WhatsApp-Image-2024-11-03-at-10.49.10-AM.jpeg 1600w\" sizes=\"auto, (max-width: 1024px) 100vw, 1024px\" \/><\/figure>\n\n\n\n<figure class=\"wp-block-image size-large\"><img loading=\"lazy\" decoding=\"async\" width=\"1024\" height=\"576\" src=\"https:\/\/www.crea.gov.co\/crea-cantarrana\/wp-content\/uploads\/sites\/17\/2024\/11\/WhatsApp-Image-2024-11-03-at-2.17.48-PM-1-1024x576.jpeg\" alt=\"\" class=\"wp-image-1078\" srcset=\"https:\/\/www.crea.gov.co\/crea-cantarrana\/wp-content\/uploads\/sites\/17\/2024\/11\/WhatsApp-Image-2024-11-03-at-2.17.48-PM-1-1024x576.jpeg 1024w, https:\/\/www.crea.gov.co\/crea-cantarrana\/wp-content\/uploads\/sites\/17\/2024\/11\/WhatsApp-Image-2024-11-03-at-2.17.48-PM-1-300x169.jpeg 300w, https:\/\/www.crea.gov.co\/crea-cantarrana\/wp-content\/uploads\/sites\/17\/2024\/11\/WhatsApp-Image-2024-11-03-at-2.17.48-PM-1-768x432.jpeg 768w, https:\/\/www.crea.gov.co\/crea-cantarrana\/wp-content\/uploads\/sites\/17\/2024\/11\/WhatsApp-Image-2024-11-03-at-2.17.48-PM-1-1536x864.jpeg 1536w, https:\/\/www.crea.gov.co\/crea-cantarrana\/wp-content\/uploads\/sites\/17\/2024\/11\/WhatsApp-Image-2024-11-03-at-2.17.48-PM-1.jpeg 1600w\" sizes=\"auto, (max-width: 1024px) 100vw, 1024px\" \/><\/figure>\n<\/figure>\n<\/div><\/div>\n\n\n\n<div class=\"wp-block-columns is-layout-flex wp-container-core-columns-is-layout-1 wp-block-columns-is-layout-flex\">\n<div class=\"wp-block-column is-layout-flow wp-block-column-is-layout-flow\" style=\"flex-basis:100%\">\n<figure class=\"wp-block-gallery has-nested-images columns-default is-cropped wp-block-gallery-3 is-layout-flex wp-block-gallery-is-layout-flex\">\n<figure class=\"wp-block-image size-large\"><img loading=\"lazy\" decoding=\"async\" width=\"1024\" height=\"576\" src=\"https:\/\/www.crea.gov.co\/crea-cantarrana\/wp-content\/uploads\/sites\/17\/2024\/11\/WhatsApp-Image-2024-11-06-at-4.15.02-PM-1024x576.jpeg\" alt=\"\" class=\"wp-image-1080\" srcset=\"https:\/\/www.crea.gov.co\/crea-cantarrana\/wp-content\/uploads\/sites\/17\/2024\/11\/WhatsApp-Image-2024-11-06-at-4.15.02-PM-1024x576.jpeg 1024w, https:\/\/www.crea.gov.co\/crea-cantarrana\/wp-content\/uploads\/sites\/17\/2024\/11\/WhatsApp-Image-2024-11-06-at-4.15.02-PM-300x169.jpeg 300w, https:\/\/www.crea.gov.co\/crea-cantarrana\/wp-content\/uploads\/sites\/17\/2024\/11\/WhatsApp-Image-2024-11-06-at-4.15.02-PM-768x432.jpeg 768w, https:\/\/www.crea.gov.co\/crea-cantarrana\/wp-content\/uploads\/sites\/17\/2024\/11\/WhatsApp-Image-2024-11-06-at-4.15.02-PM-1536x864.jpeg 1536w, https:\/\/www.crea.gov.co\/crea-cantarrana\/wp-content\/uploads\/sites\/17\/2024\/11\/WhatsApp-Image-2024-11-06-at-4.15.02-PM.jpeg 1600w\" sizes=\"auto, (max-width: 1024px) 100vw, 1024px\" \/><\/figure>\n\n\n\n<figure class=\"wp-block-image size-large\"><img loading=\"lazy\" decoding=\"async\" width=\"1024\" height=\"576\" src=\"https:\/\/www.crea.gov.co\/crea-cantarrana\/wp-content\/uploads\/sites\/17\/2024\/11\/WhatsApp-Image-2024-11-06-at-4.04.50-PM-1-1024x576.jpeg\" alt=\"\" class=\"wp-image-1081\" srcset=\"https:\/\/www.crea.gov.co\/crea-cantarrana\/wp-content\/uploads\/sites\/17\/2024\/11\/WhatsApp-Image-2024-11-06-at-4.04.50-PM-1-1024x576.jpeg 1024w, https:\/\/www.crea.gov.co\/crea-cantarrana\/wp-content\/uploads\/sites\/17\/2024\/11\/WhatsApp-Image-2024-11-06-at-4.04.50-PM-1-300x169.jpeg 300w, https:\/\/www.crea.gov.co\/crea-cantarrana\/wp-content\/uploads\/sites\/17\/2024\/11\/WhatsApp-Image-2024-11-06-at-4.04.50-PM-1-768x432.jpeg 768w, https:\/\/www.crea.gov.co\/crea-cantarrana\/wp-content\/uploads\/sites\/17\/2024\/11\/WhatsApp-Image-2024-11-06-at-4.04.50-PM-1.jpeg 1280w\" sizes=\"auto, (max-width: 1024px) 100vw, 1024px\" \/><\/figure>\n<\/figure>\n<\/div>\n<\/div>\n","protected":false},"excerpt":{"rendered":"<p>Este domingo 3 de Noviembre en la media torta se presentaron los colectivos art\u00edsticos del crea cantarrana de Danza y M\u00fasica, de las lineas de atenci\u00f3n impulso colectivo y arte y salud, se visibiliz\u00f3 el proceso de formaci\u00f3n art\u00edstica que se desarrolla en los talleres de formaci\u00f3n, los beneficiarios y la ciudadan\u00eda tuvieron el privilegio [&hellip;]<\/p>\n","protected":false},"author":52,"featured_media":1081,"comment_status":"open","ping_status":"open","sticky":false,"template":"","format":"standard","meta":{"footnotes":""},"categories":[1],"tags":[],"class_list":["post-1065","post","type-post","status-publish","format-standard","has-post-thumbnail","hentry","category-sin-categoria"],"yoast_head":"<!-- This site is optimized with the Yoast SEO plugin v24.5 - https:\/\/yoast.com\/wordpress\/plugins\/seo\/ -->\n<title>EL CREA CANTARRANA HACE PRESENCIA EN EL ECOSISTEMA CREA. - Crea Cantarrana<\/title>\n<meta name=\"robots\" content=\"index, follow, max-snippet:-1, max-image-preview:large, max-video-preview:-1\" \/>\n<link rel=\"canonical\" href=\"https:\/\/www.crea.gov.co\/crea-cantarrana\/el-crea-cantarrana-hace-presencia-en-el-ecosistema-crea\/\" \/>\n<meta property=\"og:locale\" content=\"es_ES\" \/>\n<meta property=\"og:type\" content=\"article\" \/>\n<meta property=\"og:title\" content=\"EL CREA CANTARRANA HACE PRESENCIA EN EL ECOSISTEMA CREA. - Crea Cantarrana\" \/>\n<meta property=\"og:description\" content=\"Este domingo 3 de Noviembre en la media torta se presentaron los colectivos art\u00edsticos del crea cantarrana de Danza y M\u00fasica, de las lineas de atenci\u00f3n impulso colectivo y arte y salud, se visibiliz\u00f3 el proceso de formaci\u00f3n art\u00edstica que se desarrolla en los talleres de formaci\u00f3n, los beneficiarios y la ciudadan\u00eda tuvieron el privilegio [&hellip;]\" \/>\n<meta property=\"og:url\" content=\"https:\/\/www.crea.gov.co\/crea-cantarrana\/el-crea-cantarrana-hace-presencia-en-el-ecosistema-crea\/\" \/>\n<meta property=\"og:site_name\" content=\"Crea Cantarrana\" \/>\n<meta property=\"article:published_time\" content=\"2024-11-06T21:19:24+00:00\" \/>\n<meta property=\"article:modified_time\" content=\"2024-11-06T21:20:11+00:00\" \/>\n<meta property=\"og:image\" content=\"https:\/\/www.crea.gov.co\/crea-cantarrana\/wp-content\/uploads\/sites\/17\/2024\/11\/WhatsApp-Image-2024-11-06-at-4.04.50-PM-1.jpeg\" \/>\n\t<meta property=\"og:image:width\" content=\"1280\" \/>\n\t<meta property=\"og:image:height\" content=\"720\" \/>\n\t<meta property=\"og:image:type\" content=\"image\/jpeg\" \/>\n<meta name=\"author\" content=\"andreabuitrago\" \/>\n<meta name=\"twitter:card\" content=\"summary_large_image\" \/>\n<meta name=\"twitter:label1\" content=\"Escrito por\" \/>\n\t<meta name=\"twitter:data1\" content=\"andreabuitrago\" \/>\n\t<meta name=\"twitter:label2\" content=\"Tiempo de lectura\" \/>\n\t<meta name=\"twitter:data2\" content=\"2 minutos\" \/>\n<script type=\"application\/ld+json\" class=\"yoast-schema-graph\">{\"@context\":\"https:\/\/schema.org\",\"@graph\":[{\"@type\":\"WebPage\",\"@id\":\"https:\/\/www.crea.gov.co\/crea-cantarrana\/el-crea-cantarrana-hace-presencia-en-el-ecosistema-crea\/\",\"url\":\"https:\/\/www.crea.gov.co\/crea-cantarrana\/el-crea-cantarrana-hace-presencia-en-el-ecosistema-crea\/\",\"name\":\"EL CREA CANTARRANA HACE PRESENCIA EN EL ECOSISTEMA CREA. - Crea Cantarrana\",\"isPartOf\":{\"@id\":\"https:\/\/www.crea.gov.co\/crea-cantarrana\/#website\"},\"primaryImageOfPage\":{\"@id\":\"https:\/\/www.crea.gov.co\/crea-cantarrana\/el-crea-cantarrana-hace-presencia-en-el-ecosistema-crea\/#primaryimage\"},\"image\":{\"@id\":\"https:\/\/www.crea.gov.co\/crea-cantarrana\/el-crea-cantarrana-hace-presencia-en-el-ecosistema-crea\/#primaryimage\"},\"thumbnailUrl\":\"https:\/\/www.crea.gov.co\/crea-cantarrana\/wp-content\/uploads\/sites\/17\/2024\/11\/WhatsApp-Image-2024-11-06-at-4.04.50-PM-1.jpeg\",\"datePublished\":\"2024-11-06T21:19:24+00:00\",\"dateModified\":\"2024-11-06T21:20:11+00:00\",\"author\":{\"@id\":\"https:\/\/www.crea.gov.co\/crea-cantarrana\/#\/schema\/person\/cd88a2bb5a059a97b34a2c9b19a9ec08\"},\"breadcrumb\":{\"@id\":\"https:\/\/www.crea.gov.co\/crea-cantarrana\/el-crea-cantarrana-hace-presencia-en-el-ecosistema-crea\/#breadcrumb\"},\"inLanguage\":\"es-CO\",\"potentialAction\":[{\"@type\":\"ReadAction\",\"target\":[\"https:\/\/www.crea.gov.co\/crea-cantarrana\/el-crea-cantarrana-hace-presencia-en-el-ecosistema-crea\/\"]}]},{\"@type\":\"ImageObject\",\"inLanguage\":\"es-CO\",\"@id\":\"https:\/\/www.crea.gov.co\/crea-cantarrana\/el-crea-cantarrana-hace-presencia-en-el-ecosistema-crea\/#primaryimage\",\"url\":\"https:\/\/www.crea.gov.co\/crea-cantarrana\/wp-content\/uploads\/sites\/17\/2024\/11\/WhatsApp-Image-2024-11-06-at-4.04.50-PM-1.jpeg\",\"contentUrl\":\"https:\/\/www.crea.gov.co\/crea-cantarrana\/wp-content\/uploads\/sites\/17\/2024\/11\/WhatsApp-Image-2024-11-06-at-4.04.50-PM-1.jpeg\",\"width\":1280,\"height\":720},{\"@type\":\"BreadcrumbList\",\"@id\":\"https:\/\/www.crea.gov.co\/crea-cantarrana\/el-crea-cantarrana-hace-presencia-en-el-ecosistema-crea\/#breadcrumb\",\"itemListElement\":[{\"@type\":\"ListItem\",\"position\":1,\"name\":\"Home\",\"item\":\"https:\/\/www.crea.gov.co\/crea-cantarrana\/\"},{\"@type\":\"ListItem\",\"position\":2,\"name\":\"EL CREA CANTARRANA HACE PRESENCIA EN EL ECOSISTEMA CREA.\"}]},{\"@type\":\"WebSite\",\"@id\":\"https:\/\/www.crea.gov.co\/crea-cantarrana\/#website\",\"url\":\"https:\/\/www.crea.gov.co\/crea-cantarrana\/\",\"name\":\"Crea Cantarrana\",\"description\":\"En el sur de Bogot\u00e1, el campo y la ciudad dialogan. La tradici\u00f3n campesina y la creatividad urbana se encuentran bajo un domo que invita a ver el arte desde nuevas perspectivas. Es un espacio donde la comunidad transforma su d\u00eda a d\u00eda en historias, m\u00fasica y color, y donde la memoria rural se reinventa a cada paso.\",\"potentialAction\":[{\"@type\":\"SearchAction\",\"target\":{\"@type\":\"EntryPoint\",\"urlTemplate\":\"https:\/\/www.crea.gov.co\/crea-cantarrana\/?s={search_term_string}\"},\"query-input\":{\"@type\":\"PropertyValueSpecification\",\"valueRequired\":true,\"valueName\":\"search_term_string\"}}],\"inLanguage\":\"es-CO\"},{\"@type\":\"Person\",\"@id\":\"https:\/\/www.crea.gov.co\/crea-cantarrana\/#\/schema\/person\/cd88a2bb5a059a97b34a2c9b19a9ec08\",\"name\":\"andreabuitrago\",\"image\":{\"@type\":\"ImageObject\",\"inLanguage\":\"es-CO\",\"@id\":\"https:\/\/www.crea.gov.co\/crea-cantarrana\/#\/schema\/person\/image\/\",\"url\":\"https:\/\/secure.gravatar.com\/avatar\/e6b54eb2c91227e6015338d3251762db?s=96&d=mm&r=g\",\"contentUrl\":\"https:\/\/secure.gravatar.com\/avatar\/e6b54eb2c91227e6015338d3251762db?s=96&d=mm&r=g\",\"caption\":\"andreabuitrago\"},\"url\":\"https:\/\/www.crea.gov.co\/crea-cantarrana\/author\/andreabuitrago\/\"}]}<\/script>\n<!-- \/ Yoast SEO plugin. -->","yoast_head_json":{"title":"EL CREA CANTARRANA HACE PRESENCIA EN EL ECOSISTEMA CREA. - Crea Cantarrana","robots":{"index":"index","follow":"follow","max-snippet":"max-snippet:-1","max-image-preview":"max-image-preview:large","max-video-preview":"max-video-preview:-1"},"canonical":"https:\/\/www.crea.gov.co\/crea-cantarrana\/el-crea-cantarrana-hace-presencia-en-el-ecosistema-crea\/","og_locale":"es_ES","og_type":"article","og_title":"EL CREA CANTARRANA HACE PRESENCIA EN EL ECOSISTEMA CREA. - Crea Cantarrana","og_description":"Este domingo 3 de Noviembre en la media torta se presentaron los colectivos art\u00edsticos del crea cantarrana de Danza y M\u00fasica, de las lineas de atenci\u00f3n impulso colectivo y arte y salud, se visibiliz\u00f3 el proceso de formaci\u00f3n art\u00edstica que se desarrolla en los talleres de formaci\u00f3n, los beneficiarios y la ciudadan\u00eda tuvieron el privilegio [&hellip;]","og_url":"https:\/\/www.crea.gov.co\/crea-cantarrana\/el-crea-cantarrana-hace-presencia-en-el-ecosistema-crea\/","og_site_name":"Crea Cantarrana","article_published_time":"2024-11-06T21:19:24+00:00","article_modified_time":"2024-11-06T21:20:11+00:00","og_image":[{"width":1280,"height":720,"url":"https:\/\/www.crea.gov.co\/crea-cantarrana\/wp-content\/uploads\/sites\/17\/2024\/11\/WhatsApp-Image-2024-11-06-at-4.04.50-PM-1.jpeg","type":"image\/jpeg"}],"author":"andreabuitrago","twitter_card":"summary_large_image","twitter_misc":{"Escrito por":"andreabuitrago","Tiempo de lectura":"2 minutos"},"schema":{"@context":"https:\/\/schema.org","@graph":[{"@type":"WebPage","@id":"https:\/\/www.crea.gov.co\/crea-cantarrana\/el-crea-cantarrana-hace-presencia-en-el-ecosistema-crea\/","url":"https:\/\/www.crea.gov.co\/crea-cantarrana\/el-crea-cantarrana-hace-presencia-en-el-ecosistema-crea\/","name":"EL CREA CANTARRANA HACE PRESENCIA EN EL ECOSISTEMA CREA. - Crea Cantarrana","isPartOf":{"@id":"https:\/\/www.crea.gov.co\/crea-cantarrana\/#website"},"primaryImageOfPage":{"@id":"https:\/\/www.crea.gov.co\/crea-cantarrana\/el-crea-cantarrana-hace-presencia-en-el-ecosistema-crea\/#primaryimage"},"image":{"@id":"https:\/\/www.crea.gov.co\/crea-cantarrana\/el-crea-cantarrana-hace-presencia-en-el-ecosistema-crea\/#primaryimage"},"thumbnailUrl":"https:\/\/www.crea.gov.co\/crea-cantarrana\/wp-content\/uploads\/sites\/17\/2024\/11\/WhatsApp-Image-2024-11-06-at-4.04.50-PM-1.jpeg","datePublished":"2024-11-06T21:19:24+00:00","dateModified":"2024-11-06T21:20:11+00:00","author":{"@id":"https:\/\/www.crea.gov.co\/crea-cantarrana\/#\/schema\/person\/cd88a2bb5a059a97b34a2c9b19a9ec08"},"breadcrumb":{"@id":"https:\/\/www.crea.gov.co\/crea-cantarrana\/el-crea-cantarrana-hace-presencia-en-el-ecosistema-crea\/#breadcrumb"},"inLanguage":"es-CO","potentialAction":[{"@type":"ReadAction","target":["https:\/\/www.crea.gov.co\/crea-cantarrana\/el-crea-cantarrana-hace-presencia-en-el-ecosistema-crea\/"]}]},{"@type":"ImageObject","inLanguage":"es-CO","@id":"https:\/\/www.crea.gov.co\/crea-cantarrana\/el-crea-cantarrana-hace-presencia-en-el-ecosistema-crea\/#primaryimage","url":"https:\/\/www.crea.gov.co\/crea-cantarrana\/wp-content\/uploads\/sites\/17\/2024\/11\/WhatsApp-Image-2024-11-06-at-4.04.50-PM-1.jpeg","contentUrl":"https:\/\/www.crea.gov.co\/crea-cantarrana\/wp-content\/uploads\/sites\/17\/2024\/11\/WhatsApp-Image-2024-11-06-at-4.04.50-PM-1.jpeg","width":1280,"height":720},{"@type":"BreadcrumbList","@id":"https:\/\/www.crea.gov.co\/crea-cantarrana\/el-crea-cantarrana-hace-presencia-en-el-ecosistema-crea\/#breadcrumb","itemListElement":[{"@type":"ListItem","position":1,"name":"Home","item":"https:\/\/www.crea.gov.co\/crea-cantarrana\/"},{"@type":"ListItem","position":2,"name":"EL CREA CANTARRANA HACE PRESENCIA EN EL ECOSISTEMA CREA."}]},{"@type":"WebSite","@id":"https:\/\/www.crea.gov.co\/crea-cantarrana\/#website","url":"https:\/\/www.crea.gov.co\/crea-cantarrana\/","name":"Crea Cantarrana","description":"En el sur de Bogot\u00e1, el campo y la ciudad dialogan. La tradici\u00f3n campesina y la creatividad urbana se encuentran bajo un domo que invita a ver el arte desde nuevas perspectivas. Es un espacio donde la comunidad transforma su d\u00eda a d\u00eda en historias, m\u00fasica y color, y donde la memoria rural se reinventa a cada paso.","potentialAction":[{"@type":"SearchAction","target":{"@type":"EntryPoint","urlTemplate":"https:\/\/www.crea.gov.co\/crea-cantarrana\/?s={search_term_string}"},"query-input":{"@type":"PropertyValueSpecification","valueRequired":true,"valueName":"search_term_string"}}],"inLanguage":"es-CO"},{"@type":"Person","@id":"https:\/\/www.crea.gov.co\/crea-cantarrana\/#\/schema\/person\/cd88a2bb5a059a97b34a2c9b19a9ec08","name":"andreabuitrago","image":{"@type":"ImageObject","inLanguage":"es-CO","@id":"https:\/\/www.crea.gov.co\/crea-cantarrana\/#\/schema\/person\/image\/","url":"https:\/\/secure.gravatar.com\/avatar\/e6b54eb2c91227e6015338d3251762db?s=96&d=mm&r=g","contentUrl":"https:\/\/secure.gravatar.com\/avatar\/e6b54eb2c91227e6015338d3251762db?s=96&d=mm&r=g","caption":"andreabuitrago"},"url":"https:\/\/www.crea.gov.co\/crea-cantarrana\/author\/andreabuitrago\/"}]}},"_links":{"self":[{"href":"https:\/\/www.crea.gov.co\/crea-cantarrana\/wp-json\/wp\/v2\/posts\/1065","targetHints":{"allow":["GET"]}}],"collection":[{"href":"https:\/\/www.crea.gov.co\/crea-cantarrana\/wp-json\/wp\/v2\/posts"}],"about":[{"href":"https:\/\/www.crea.gov.co\/crea-cantarrana\/wp-json\/wp\/v2\/types\/post"}],"author":[{"embeddable":true,"href":"https:\/\/www.crea.gov.co\/crea-cantarrana\/wp-json\/wp\/v2\/users\/52"}],"replies":[{"embeddable":true,"href":"https:\/\/www.crea.gov.co\/crea-cantarrana\/wp-json\/wp\/v2\/comments?post=1065"}],"version-history":[{"count":1,"href":"https:\/\/www.crea.gov.co\/crea-cantarrana\/wp-json\/wp\/v2\/posts\/1065\/revisions"}],"predecessor-version":[{"id":1082,"href":"https:\/\/www.crea.gov.co\/crea-cantarrana\/wp-json\/wp\/v2\/posts\/1065\/revisions\/1082"}],"wp:featuredmedia":[{"embeddable":true,"href":"https:\/\/www.crea.gov.co\/crea-cantarrana\/wp-json\/wp\/v2\/media\/1081"}],"wp:attachment":[{"href":"https:\/\/www.crea.gov.co\/crea-cantarrana\/wp-json\/wp\/v2\/media?parent=1065"}],"wp:term":[{"taxonomy":"category","embeddable":true,"href":"https:\/\/www.crea.gov.co\/crea-cantarrana\/wp-json\/wp\/v2\/categories?post=1065"},{"taxonomy":"post_tag","embeddable":true,"href":"https:\/\/www.crea.gov.co\/crea-cantarrana\/wp-json\/wp\/v2\/tags?post=1065"}],"curies":[{"name":"wp","href":"https:\/\/api.w.org\/{rel}","templated":true}]}}